{"id":24272,"date":"2026-03-11T11:14:00","date_gmt":"2026-03-11T14:14:00","guid":{"rendered":"https:\/\/www.correiobraziliense.com.br\/aqui\/?p=24272"},"modified":"2026-03-11T10:01:34","modified_gmt":"2026-03-11T13:01:34","slug":"sal-no-cafe-saiba-o-segredo-de-profissionais-para-o-cafe-perfeito","status":"publish","type":"post","link":"https:\/\/www.correiobraziliense.com.br\/aqui\/2026\/03\/11\/sal-no-cafe-saiba-o-segredo-de-profissionais-para-o-cafe-perfeito\/","title":{"rendered":"Sal no caf\u00e9? Saiba o segredo de profissionais para o caf\u00e9 perfeito"},"content":{"rendered":"\n<p>Adicionar sal ao <a href=\"https:\/\/www.correiobraziliense.com.br\/aqui\/2026\/03\/04\/cafe-saiba-como-bebida-ajuda-a-combater-a-gordura-no-figado\/\">caf\u00e9 <\/a>parece, \u00e0 primeira vista, uma pr\u00e1tica estranha, mas tem ganhado espa\u00e7o entre baristas e apreciadores da bebida. A t\u00e9cnica consiste em usar uma quantidade m\u00ednima de sal para suavizar o amargor e destacar outros aromas presentes na x\u00edcara. Em vez de ado\u00e7ar com a\u00e7\u00facar ou ado\u00e7ante, a proposta \u00e9 ajustar o equil\u00edbrio de sabores a partir de uma simples rea\u00e7\u00e3o da l\u00edngua aos diferentes est\u00edmulos do gosto.<\/p>\n\n\n\n<h2 class=\"wp-block-heading\">Como a sal no caf\u00e9 atua no paladar?<\/h2>\n\n\n\n<p>Estudos em fisiologia do gosto indicam que o s\u00f3dio pode atenuar a percep\u00e7\u00e3o de sabores amargos em diversos alimentos e bebidas. Isso acontece porque os \u00edons de s\u00f3dio interferem nos receptores gustativos, reduzindo a resposta a certos compostos respons\u00e1veis pela sensa\u00e7\u00e3o amarga.<\/p>\n\n\n\n<p>No caf\u00e9, essa a\u00e7\u00e3o pode ser especialmente percept\u00edvel em bebidas filtradas ou espresso com extra\u00e7\u00e3o prolongada, nas quais o amargor tende a se destacar. Ao reduzir essa nota, a l\u00edngua passa a identificar com mais clareza caracter\u00edsticas como do\u00e7ura natural, corpo e aromas sutis. Assim, o sal funciona como um modulador de sabor, sem mascarar completamente o perfil da bebida. Em caf\u00e9s especiais, o uso \u00e9 menos comum, mas pode ser explorado em doses cuidadosamente controladas.<\/p>\n\n\n\n<p>Do ponto de vista sensorial, o sal tamb\u00e9m pode influenciar a percep\u00e7\u00e3o de acidez e corpo, fazendo com que o caf\u00e9 pare\u00e7a mais \u201credondo\u201d na boca. Em algumas degusta\u00e7\u00f5es t\u00e9cnicas, pequenas quantidades de sal s\u00e3o usadas em testes comparativos para demonstrar como o paladar reage a diferentes n\u00edveis de amargor e para treinar a sensibilidade a nuances de sabor.<\/p>\n\n\n\n<h2 class=\"wp-block-heading\">Quando vale a pena usar sal no caf\u00e9?<\/h2>\n\n\n\n<ul class=\"wp-block-list\">\n<li><strong>Caf\u00e9 muito amargo:<\/strong> lotes torrados demais ou extra\u00eddos por tempo excessivo tendem a gerar uma bebida \u00e1spera.<\/li>\n\n\n\n<li><strong>Gr\u00e3os de baixa qualidade:<\/strong> caf\u00e9s comerciais, com torra escura e mistura de diferentes origens, geralmente apresentam amargor mais agressivo.<\/li>\n\n\n\n<li><strong>\u00c1gua com alta mineraliza\u00e7\u00e3o:<\/strong> dependendo da regi\u00e3o, a composi\u00e7\u00e3o da \u00e1gua pode intensificar sabores indesejados.<\/li>\n\n\n\n<li><strong>Preparo em grande quantidade:<\/strong> em cafeteiras tradicionais, a padroniza\u00e7\u00e3o do sabor nem sempre \u00e9 precisa, o que favorece o excesso de amargor.<\/li>\n<\/ul>\n\n\n\n<p>Nesses casos, uma quantidade m\u00ednima de sal pode trazer maior equil\u00edbrio. A t\u00e9cnica n\u00e3o substitui uma boa escolha de gr\u00e3o, moagem adequada ou controle de temperatura, mas funciona como um recurso corretivo simples para melhorar o resultado final.<\/p>\n\n\n\n<p>Para quem est\u00e1 come\u00e7ando no universo do caf\u00e9, o sal pode ser um \u201cquebra-galho\u201d em ambientes onde n\u00e3o \u00e9 poss\u00edvel controlar todos os fatores de preparo, como escrit\u00f3rios, viagens e hot\u00e9is. J\u00e1 para entusiastas mais avan\u00e7ados, pode servir como ferramenta de experimenta\u00e7\u00e3o: testar a mesma bebida com e sem sal ajuda a entender melhor o impacto da torra, da extra\u00e7\u00e3o e da qualidade da \u00e1gua no sabor final.<\/p>\n\n\n\n<h2 class=\"wp-block-heading\">Como colocar sal no caf\u00e9 sem errar na m\u00e3o?<\/h2>\n\n\n\n<ol class=\"wp-block-list\">\n<li><strong>Escolher o momento:<\/strong> o sal pode ser adicionado diretamente ao p\u00f3, antes da extra\u00e7\u00e3o, ou na x\u00edcara, depois de servido.<\/li>\n\n\n\n<li><strong>Come\u00e7ar com pouco:<\/strong> \u00e9 recomendado iniciar com poucos gr\u00e3os de sal fino, mexendo bem a bebida.<\/li>\n\n\n\n<li><strong>Avaliar o resultado:<\/strong> ap\u00f3s misturar, verifica-se se o amargor diminuiu e se os outros sabores ficaram mais percept\u00edveis.<\/li>\n\n\n\n<li><strong>Ajustar, se necess\u00e1rio:<\/strong> caso n\u00e3o haja mudan\u00e7a relevante, acrescenta-se uma quantidade m\u00ednima extra, sempre com cautela.<\/li>\n<\/ol>\n\n\n\n<p>Alguns profissionais preferem adicionar o sal ao caf\u00e9 mo\u00eddo, afirmando que isso gera um efeito mais uniforme na extra\u00e7\u00e3o. Outros optam por coloc\u00e1-lo j\u00e1 na x\u00edcara, o que permite testar diferentes intensidades sem alterar todo o lote preparado. Em ambos os casos, a recomenda\u00e7\u00e3o \u00e9 evitar qualquer exagero.<\/p>\n\n\n\n<p>Tamb\u00e9m \u00e9 importante considerar o tipo de sal utilizado. Sais muito grossos podem n\u00e3o se dissolver completamente em preparos r\u00e1pidos, enquanto vers\u00f5es iodadas ou com aditivos podem interferir levemente no aroma. Em geral, o sal refinado comum ou uma vers\u00e3o marinha fina s\u00e3o suficientes para testar a t\u00e9cnica sem alterar demais o perfil sensorial do caf\u00e9.<\/p>\n\n\n\n<h2 class=\"wp-block-heading\">FAQ \u2013 Perguntas frequentes sobre sal no caf\u00e9<\/h2>\n\n\n\n<p><strong>\u00c9 seguro usar sal no caf\u00e9 todos os dias?<\/strong><br>Para pessoas saud\u00e1veis, uma pitada de sal no caf\u00e9 n\u00e3o costuma representar problema, pois a quantidade \u00e9 muito pequena. Por\u00e9m, quem tem hipertens\u00e3o, reten\u00e7\u00e3o de l\u00edquidos ou orienta\u00e7\u00f5es m\u00e9dicas para restringir s\u00f3dio deve considerar essa adi\u00e7\u00e3o dentro do total di\u00e1rio recomendado e, se necess\u00e1rio, conversar com um profissional de sa\u00fade.<\/p>\n\n\n\n<p><strong>Sal substitui o a\u00e7\u00facar no caf\u00e9?<\/strong><br>O sal n\u00e3o ado\u00e7a a bebida; ele apenas reduz a percep\u00e7\u00e3o de amargor, o que pode fazer o caf\u00e9 parecer mais equilibrado. Para quem busca reduzir a\u00e7\u00facar, o sal pode ajudar a tornar o caf\u00e9 mais palat\u00e1vel sem ado\u00e7antes, mas n\u00e3o entrega o mesmo sabor doce que o a\u00e7\u00facar proporciona.<\/p>\n\n\n\n<p><strong>Qual tipo de sal \u00e9 melhor para usar no caf\u00e9?<\/strong><br>O mais pr\u00e1tico \u00e9 usar sal refinado ou sal marinho fino, que se dissolvem facilmente. Sais muito grossos podem ficar no fundo da x\u00edcara, e vers\u00f5es com aromas ou temperos (como sais defumados ou com ervas) tendem a alterar demais o perfil do caf\u00e9.<\/p>\n\n\n\n<p><strong>Colocar sal no caf\u00e9 estraga a experi\u00eancia em caf\u00e9s especiais?<\/strong><br>Em caf\u00e9s especiais bem preparados, a t\u00e9cnica costuma ser desnecess\u00e1ria, j\u00e1 que o amargor \u00e9 mais controlado. Muitos profissionais recomendam provar primeiro o caf\u00e9 puro e, s\u00f3 em caso de desconforto com o amargor, testar quantidades m\u00ednimas de sal para comparar o resultado.<\/p>\n\n\n\n<p><strong>Adicionar sal ao p\u00f3 de caf\u00e9 interfere na conserva\u00e7\u00e3o?<\/strong><br>As quantidades empregadas para ajustar o sabor s\u00e3o t\u00e3o pequenas que n\u00e3o alteram de forma relevante a conserva\u00e7\u00e3o do caf\u00e9 mo\u00eddo. O fator mais importante continua sendo armazenar o p\u00f3 em recipiente bem fechado, ao abrigo de luz, calor e umidade.<\/p>\n","protected":false},"excerpt":{"rendered":"<p>Caf\u00e9 com sal: descubra o truque de baristas para reduzir o amargor do caf\u00e9, real\u00e7ar o sabor e equilibrar notas doces de forma simples.<\/p>\n","protected":false},"author":10,"featured_media":24273,"comment_status":"open","ping_status":"open","sticky":false,"template":"","format":"standard","meta":{"jnews-multi-image_gallery":[],"jnews_single_post":{"format":"standard"},"jnews_primary_category":[],"jnews_social_meta":[],"jnews_override_counter":[],"footnotes":""},"categories":[120],"tags":[952,1125,578],"class_list":["post-24272","post","type-post","status-publish","format-standard","has-post-thumbnail","hentry","category-curiosidades","tag-cafe","tag-curiosidades","tag-sal"],"yoast_head":"<!-- This site is optimized with the Yoast SEO plugin v25.1 - https:\/\/yoast.com\/wordpress\/plugins\/seo\/ -->\n<title>Sal no caf\u00e9? Saiba o segredo de profissionais para o caf\u00e9 perfeito - Correio Braziliense - Aqui<\/title>\n<meta name=\"description\" content=\"Caf\u00e9 com sal: descubra o truque de baristas para reduzir o amargor do caf\u00e9, real\u00e7ar o sabor e equilibrar notas doces de forma simples.\" \/>\n<meta name=\"robots\" content=\"index, follow, max-snippet:-1, max-image-preview:large, max-video-preview:-1\" \/>\n<link rel=\"canonical\" href=\"https:\/\/www.correiobraziliense.com.br\/aqui\/2026\/03\/11\/sal-no-cafe-saiba-o-segredo-de-profissionais-para-o-cafe-perfeito\/\" \/>\n<meta property=\"og:locale\" content=\"pt_BR\" \/>\n<meta property=\"og:type\" content=\"article\" \/>\n<meta property=\"og:title\" content=\"Sal no caf\u00e9? Saiba o segredo de profissionais para o caf\u00e9 perfeito - Correio Braziliense - Aqui\" \/>\n<meta property=\"og:description\" content=\"Caf\u00e9 com sal: descubra o truque de baristas para reduzir o amargor do caf\u00e9, real\u00e7ar o sabor e equilibrar notas doces de forma simples.\" \/>\n<meta property=\"og:url\" content=\"https:\/\/www.correiobraziliense.com.br\/aqui\/2026\/03\/11\/sal-no-cafe-saiba-o-segredo-de-profissionais-para-o-cafe-perfeito\/\" \/>\n<meta property=\"og:site_name\" content=\"Correio Braziliense - Aqui\" \/>\n<meta property=\"article:published_time\" content=\"2026-03-11T14:14:00+00:00\" \/>\n<meta property=\"og:image\" content=\"https:\/\/www.correiobraziliense.com.br\/aqui\/wp-content\/uploads\/2026\/03\/httpsneuralmyth.comstaticcache0fbdb81e-db11-4761-a198-8b21602fc8ac.jpeg\" \/>\n\t<meta property=\"og:image:width\" content=\"1280\" \/>\n\t<meta property=\"og:image:height\" content=\"720\" \/>\n\t<meta property=\"og:image:type\" content=\"image\/jpeg\" \/>\n<meta name=\"author\" content=\"Larissa\" \/>\n<meta name=\"twitter:card\" content=\"summary_large_image\" \/>\n<meta name=\"twitter:label1\" content=\"Escrito por\" \/>\n\t<meta name=\"twitter:data1\" content=\"Larissa\" \/>\n\t<meta name=\"twitter:label2\" content=\"Est. tempo de leitura\" \/>\n\t<meta name=\"twitter:data2\" content=\"6 minutos\" \/>\n<!-- \/ Yoast SEO plugin. -->","yoast_head_json":{"title":"Sal no caf\u00e9? Saiba o segredo de profissionais para o caf\u00e9 perfeito - Correio Braziliense - Aqui","description":"Caf\u00e9 com sal: descubra o truque de baristas para reduzir o amargor do caf\u00e9, real\u00e7ar o sabor e equilibrar notas doces de forma simples.","robots":{"index":"index","follow":"follow","max-snippet":"max-snippet:-1","max-image-preview":"max-image-preview:large","max-video-preview":"max-video-preview:-1"},"canonical":"https:\/\/www.correiobraziliense.com.br\/aqui\/2026\/03\/11\/sal-no-cafe-saiba-o-segredo-de-profissionais-para-o-cafe-perfeito\/","og_locale":"pt_BR","og_type":"article","og_title":"Sal no caf\u00e9? Saiba o segredo de profissionais para o caf\u00e9 perfeito - Correio Braziliense - Aqui","og_description":"Caf\u00e9 com sal: descubra o truque de baristas para reduzir o amargor do caf\u00e9, real\u00e7ar o sabor e equilibrar notas doces de forma simples.","og_url":"https:\/\/www.correiobraziliense.com.br\/aqui\/2026\/03\/11\/sal-no-cafe-saiba-o-segredo-de-profissionais-para-o-cafe-perfeito\/","og_site_name":"Correio Braziliense - Aqui","article_published_time":"2026-03-11T14:14:00+00:00","og_image":[{"width":1280,"height":720,"url":"https:\/\/www.correiobraziliense.com.br\/aqui\/wp-content\/uploads\/2026\/03\/httpsneuralmyth.comstaticcache0fbdb81e-db11-4761-a198-8b21602fc8ac.jpeg","type":"image\/jpeg"}],"author":"Larissa","twitter_card":"summary_large_image","twitter_misc":{"Escrito por":"Larissa","Est. tempo de leitura":"6 minutos"},"schema":{"@context":"https:\/\/schema.org","@graph":[{"@type":"WebPage","@id":"https:\/\/www.correiobraziliense.com.br\/aqui\/2026\/03\/11\/sal-no-cafe-saiba-o-segredo-de-profissionais-para-o-cafe-perfeito\/","url":"https:\/\/www.correiobraziliense.com.br\/aqui\/2026\/03\/11\/sal-no-cafe-saiba-o-segredo-de-profissionais-para-o-cafe-perfeito\/","name":"Sal no caf\u00e9? Saiba o segredo de profissionais para o caf\u00e9 perfeito - Correio Braziliense - Aqui","isPartOf":{"@id":"https:\/\/www.correiobraziliense.com.br\/aqui\/#website"},"primaryImageOfPage":{"@id":"https:\/\/www.correiobraziliense.com.br\/aqui\/2026\/03\/11\/sal-no-cafe-saiba-o-segredo-de-profissionais-para-o-cafe-perfeito\/#primaryimage"},"image":{"@id":"https:\/\/www.correiobraziliense.com.br\/aqui\/2026\/03\/11\/sal-no-cafe-saiba-o-segredo-de-profissionais-para-o-cafe-perfeito\/#primaryimage"},"thumbnailUrl":"https:\/\/www.correiobraziliense.com.br\/aqui\/wp-content\/uploads\/2026\/03\/httpsneuralmyth.comstaticcache0fbdb81e-db11-4761-a198-8b21602fc8ac.jpeg","datePublished":"2026-03-11T14:14:00+00:00","author":{"@id":"https:\/\/www.correiobraziliense.com.br\/aqui\/#\/schema\/person\/775f50a8c1ac31704d56816e99b29041"},"description":"Caf\u00e9 com sal: descubra o truque de baristas para reduzir o amargor do caf\u00e9, real\u00e7ar o sabor e equilibrar notas doces de forma simples.","breadcrumb":{"@id":"https:\/\/www.correiobraziliense.com.br\/aqui\/2026\/03\/11\/sal-no-cafe-saiba-o-segredo-de-profissionais-para-o-cafe-perfeito\/#breadcrumb"},"inLanguage":"pt-BR","potentialAction":[{"@type":"ReadAction","target":["https:\/\/www.correiobraziliense.com.br\/aqui\/2026\/03\/11\/sal-no-cafe-saiba-o-segredo-de-profissionais-para-o-cafe-perfeito\/"]}]},{"@type":"ImageObject","inLanguage":"pt-BR","@id":"https:\/\/www.correiobraziliense.com.br\/aqui\/2026\/03\/11\/sal-no-cafe-saiba-o-segredo-de-profissionais-para-o-cafe-perfeito\/#primaryimage","url":"https:\/\/www.correiobraziliense.com.br\/aqui\/wp-content\/uploads\/2026\/03\/httpsneuralmyth.comstaticcache0fbdb81e-db11-4761-a198-8b21602fc8ac.jpeg","contentUrl":"https:\/\/www.correiobraziliense.com.br\/aqui\/wp-content\/uploads\/2026\/03\/httpsneuralmyth.comstaticcache0fbdb81e-db11-4761-a198-8b21602fc8ac.jpeg","width":1280,"height":720,"caption":"Cr\u00e9ditos: depositphotos.com \/ HayDmitriy"},{"@type":"BreadcrumbList","@id":"https:\/\/www.correiobraziliense.com.br\/aqui\/2026\/03\/11\/sal-no-cafe-saiba-o-segredo-de-profissionais-para-o-cafe-perfeito\/#breadcrumb","itemListElement":[{"@type":"ListItem","position":1,"name":"In\u00edcio","item":"https:\/\/www.correiobraziliense.com.br\/aqui\/"},{"@type":"ListItem","position":2,"name":"Sal no caf\u00e9? Saiba o segredo de profissionais para o caf\u00e9 perfeito"}]},{"@type":"WebSite","@id":"https:\/\/www.correiobraziliense.com.br\/aqui\/#website","url":"https:\/\/www.correiobraziliense.com.br\/aqui\/","name":"Correio Braziliense - Aqui","description":"O Correio Braziliense (CB) \u00e9 o mais importante canal de not\u00edcias de Bras\u00edlia. Aqui voc\u00ea encontra as \u00faltimas not\u00edcias do DF, do Brasil e do mundo.","potentialAction":[{"@type":"SearchAction","target":{"@type":"EntryPoint","urlTemplate":"https:\/\/www.correiobraziliense.com.br\/aqui\/?s={search_term_string}"},"query-input":{"@type":"PropertyValueSpecification","valueRequired":true,"valueName":"search_term_string"}}],"inLanguage":"pt-BR"},{"@type":"Person","@id":"https:\/\/www.correiobraziliense.com.br\/aqui\/#\/schema\/person\/775f50a8c1ac31704d56816e99b29041","name":"Larissa","image":{"@type":"ImageObject","inLanguage":"pt-BR","@id":"https:\/\/www.correiobraziliense.com.br\/aqui\/#\/schema\/person\/image\/","url":"https:\/\/secure.gravatar.com\/avatar\/62f5b2e99de671d075ab98e19f03c3c38c80a93f5d06f51075cf4431a4e76458?s=96&d=mm&r=g","contentUrl":"https:\/\/secure.gravatar.com\/avatar\/62f5b2e99de671d075ab98e19f03c3c38c80a93f5d06f51075cf4431a4e76458?s=96&d=mm&r=g","caption":"Larissa"},"url":"https:\/\/www.correiobraziliense.com.br\/aqui\/author\/larissaaqui\/"}]}},"_links":{"self":[{"href":"https:\/\/www.correiobraziliense.com.br\/aqui\/wp-json\/wp\/v2\/posts\/24272","targetHints":{"allow":["GET"]}}],"collection":[{"href":"https:\/\/www.correiobraziliense.com.br\/aqui\/wp-json\/wp\/v2\/posts"}],"about":[{"href":"https:\/\/www.correiobraziliense.com.br\/aqui\/wp-json\/wp\/v2\/types\/post"}],"author":[{"embeddable":true,"href":"https:\/\/www.correiobraziliense.com.br\/aqui\/wp-json\/wp\/v2\/users\/10"}],"replies":[{"embeddable":true,"href":"https:\/\/www.correiobraziliense.com.br\/aqui\/wp-json\/wp\/v2\/comments?post=24272"}],"version-history":[{"count":6,"href":"https:\/\/www.correiobraziliense.com.br\/aqui\/wp-json\/wp\/v2\/posts\/24272\/revisions"}],"predecessor-version":[{"id":24279,"href":"https:\/\/www.correiobraziliense.com.br\/aqui\/wp-json\/wp\/v2\/posts\/24272\/revisions\/24279"}],"wp:featuredmedia":[{"embeddable":true,"href":"https:\/\/www.correiobraziliense.com.br\/aqui\/wp-json\/wp\/v2\/media\/24273"}],"wp:attachment":[{"href":"https:\/\/www.correiobraziliense.com.br\/aqui\/wp-json\/wp\/v2\/media?parent=24272"}],"wp:term":[{"taxonomy":"category","embeddable":true,"href":"https:\/\/www.correiobraziliense.com.br\/aqui\/wp-json\/wp\/v2\/categories?post=24272"},{"taxonomy":"post_tag","embeddable":true,"href":"https:\/\/www.correiobraziliense.com.br\/aqui\/wp-json\/wp\/v2\/tags?post=24272"}],"curies":[{"name":"wp","href":"https:\/\/api.w.org\/{rel}","templated":true}]}}