{"id":24332,"date":"2026-03-11T19:53:00","date_gmt":"2026-03-11T22:53:00","guid":{"rendered":"https:\/\/www.correiobraziliense.com.br\/aqui\/?p=24332"},"modified":"2026-03-11T17:22:49","modified_gmt":"2026-03-11T20:22:49","slug":"cafeina-ou-pre-treino-qual-ajuda-mais-no-desempenho-fisico","status":"publish","type":"post","link":"https:\/\/www.correiobraziliense.com.br\/aqui\/2026\/03\/11\/cafeina-ou-pre-treino-qual-ajuda-mais-no-desempenho-fisico\/","title":{"rendered":"Cafe\u00edna ou pr\u00e9-treino: qual ajuda mais no desempenho f\u00edsico"},"content":{"rendered":"\n<p>Quem treina com frequ\u00eancia costuma se preocupar tanto com o tipo de exerc\u00edcio quanto com o que consumir antes de come\u00e7ar. Entre as op\u00e7\u00f5es mais comentadas est\u00e3o o pr\u00e9-treino em suplemento e a cafe\u00edna, seja em c\u00e1psulas ou no caf\u00e9 do dia a dia. A d\u00favida \u00e9 comum: qual estrat\u00e9gia oferece melhor suporte para desempenho, foco e resist\u00eancia durante a atividade f\u00edsica?<\/p>\n\n\n\n<p>O interesse pelo uso de estimulantes antes do treino aumentou nos \u00faltimos anos, acompanhando o crescimento das academias e dos esportes amadores. Ao mesmo tempo, cresce a necessidade de entender como cada recurso funciona, quais diferen\u00e7as existem entre eles e em que situa\u00e7\u00f5es o pr\u00e9-treino ou a cafe\u00edna isolada podem ser mais adequados, sempre considerando seguran\u00e7a e individualidade.<\/p>\n\n\n\n<h2 class=\"wp-block-heading\">Pr\u00e9-treino ou cafe\u00edna: qual \u00e9 a diferen\u00e7a na pr\u00e1tica?<\/h2>\n\n\n\n<p>A cafe\u00edna pr\u00e9-treino, quando consumida sozinha, atua principalmente no sistema nervoso central. Ela ajuda a reduzir a percep\u00e7\u00e3o de cansa\u00e7o, aumenta o estado de alerta e pode favorecer a concentra\u00e7\u00e3o durante sess\u00f5es de treino de for\u00e7a, corrida, ciclismo ou outras modalidades. Esse efeito costuma ser sentido entre 30 e 60 minutos ap\u00f3s o consumo, dependendo da forma e da sensibilidade individual.<\/p>\n\n\n\n<p>J\u00e1 os suplementos pr\u00e9-treino costumam reunir a cafe\u00edna com outros compostos ergog\u00eanicos. \u00c9 comum encontrar f\u00f3rmulas que incluem beta-alanina, creatina, L-citrulina, arginina e vitaminas do complexo B, entre outros. A proposta \u00e9 somar diferentes mecanismos de a\u00e7\u00e3o: melhora do fluxo sangu\u00edneo, aumento de for\u00e7a, suporte \u00e0 recupera\u00e7\u00e3o e atraso da fadiga muscular. Assim, enquanto a cafe\u00edna isolada oferece um est\u00edmulo mais direto, o pr\u00e9-treino busca um efeito mais amplo sobre o desempenho f\u00edsico.<\/p>\n\n\n\n<p>Na rotina de treino, essa diferen\u00e7a aparece da seguinte forma: <strong><a href=\"https:\/\/www.correiobraziliense.com.br\/aqui\/2026\/03\/10\/mais-energia-que-o-cafe-conheca-os-efeitos-do-guarana-no-corpo\/\" target=\"_blank\" rel=\"noreferrer noopener\">quem recorre apenas \u00e0 cafe\u00edna para treinar tende a perceber principalmente melhora de foco e disposi\u00e7\u00e3o<\/a><\/strong>; quem utiliza um suplemento pr\u00e9-treino pode notar, al\u00e9m do est\u00edmulo, maior sensa\u00e7\u00e3o de \u201cresist\u00eancia\u201d em s\u00e9ries mais longas, intervalos menores entre exerc\u00edcios ou treinos de alta intensidade, dependendo da formula\u00e7\u00e3o utilizada.<\/p>\n\n\n\n<h2 class=\"wp-block-heading\">Cafe\u00edna em c\u00e1psulas, no caf\u00e9 ou no pr\u00e9-treino: funciona do mesmo jeito?<\/h2>\n\n\n\n<p>Em termos de subst\u00e2ncia ativa, a cafe\u00edna em c\u00e1psulas, em p\u00f3, no caf\u00e9 coado ou presente no suplemento pr\u00e9-treino \u00e9 a mesma mol\u00e9cula. A diferen\u00e7a est\u00e1 na dose, na combina\u00e7\u00e3o com outros ingredientes e na velocidade de absor\u00e7\u00e3o. C\u00e1psulas e produtos padronizados permitem um controle mais preciso da quantidade ingerida por por\u00e7\u00e3o, enquanto o caf\u00e9 pode ter varia\u00e7\u00f5es de concentra\u00e7\u00e3o conforme o tipo de gr\u00e3o, m\u00e9todo de preparo e quantidade utilizada.<\/p>\n\n\n\n<p>Al\u00e9m da cafe\u00edna, o caf\u00e9 tradicional cont\u00e9m outros compostos, como antioxidantes, que podem influenciar levemente a digest\u00e3o e a metaboliza\u00e7\u00e3o. J\u00e1 o suplemento pr\u00e9-treino junta a cafe\u00edna com subst\u00e2ncias que t\u00eam alvos diferentes no organismo, como o sistema muscular e a circula\u00e7\u00e3o sangu\u00ednea. Em geral, por\u00e9m, quando se compara apenas o efeito estimulante, a resposta do corpo \u00e9 bastante semelhante entre c\u00e1psulas e caf\u00e9, desde que a dose de cafe\u00edna seja equivalente.<\/p>\n\n\n\n<ul class=\"wp-block-list\">\n<li><strong>C\u00e1psula de cafe\u00edna:<\/strong> dose mais precisa, f\u00f3rmula simples, sem outros compostos do caf\u00e9.<\/li>\n\n\n\n<li><strong>Caf\u00e9:<\/strong> consumo mais habitual, presen\u00e7a de outras subst\u00e2ncias bioativas.<\/li>\n\n\n\n<li><strong>Pr\u00e9-treino completo:<\/strong> combina\u00e7\u00e3o de cafe\u00edna com amino\u00e1cidos, creatina e outros ingredientes voltados ao desempenho.<\/li>\n<\/ul>\n\n\n\n<h2 class=\"wp-block-heading\">Qual a quantidade ideal de cafe\u00edna pr\u00e9-treino?<\/h2>\n\n\n\n<p>Pesquisas em nutri\u00e7\u00e3o esportiva indicam que a dose de cafe\u00edna para treino costuma variar entre 3 e 6 mg por quilo de peso corporal, ingerida cerca de 30 a 60 minutos antes da atividade. Para uma pessoa com 70 kg, por exemplo, isso representaria algo em torno de 210 a 420 mg de cafe\u00edna, dependendo da estrat\u00e9gia adotada e do tipo de exerc\u00edcio praticado.<\/p>\n\n\n\n<ol class=\"wp-block-list\">\n<li><strong>Avaliar o peso corporal:<\/strong> calcular a faixa de 3 a 6 mg\/kg apenas como refer\u00eancia geral.<\/li>\n\n\n\n<li><strong>Observar a toler\u00e2ncia:<\/strong> iniciar com doses menores e monitorar poss\u00edveis efeitos como ins\u00f4nia, tremores, taquicardia ou ansiedade.<\/li>\n\n\n\n<li><strong>Verificar o r\u00f3tulo:<\/strong> em suplementos pr\u00e9-treino, checar n\u00e3o s\u00f3 a quantidade de cafe\u00edna, mas tamb\u00e9m a presen\u00e7a de outros estimulantes.<\/li>\n\n\n\n<li><strong>Considerar o hor\u00e1rio do treino:<\/strong> consumir grandes doses de cafe\u00edna \u00e0 noite pode interferir na qualidade do sono.<\/li>\n<\/ol>\n\n\n\n<p>No caso dos suplementos pr\u00e9-treino, a quantidade ideal n\u00e3o se limita apenas \u00e0 cafe\u00edna. A presen\u00e7a de beta-alanina, creatina e outros compostos torna necess\u00e1rio observar a dose total de cada ingrediente e seguir as recomenda\u00e7\u00f5es do fabricante ou de um profissional de sa\u00fade. Pessoas com maior sensibilidade \u00e0 cafe\u00edna, que metabolizam a subst\u00e2ncia mais lentamente, podem apresentar respostas mais intensas mesmo com doses menores, o que justifica aten\u00e7\u00e3o redobrada.<\/p>\n\n\n\n<h2 class=\"wp-block-heading\">Quando o pr\u00e9-treino ou a cafe\u00edna podem n\u00e3o ser indicados?<\/h2>\n\n\n\n<p>Apesar de largamente utilizados, cafe\u00edna pr\u00e9-treino e suplementos estimulantes n\u00e3o s\u00e3o adequados para todas as pessoas. Indiv\u00edduos com diagn\u00f3stico de determinadas cardiopatias, hist\u00f3rico de arritmia, dist\u00farbios de ansiedade, problemas de sono ou sensibilidade marcada \u00e0 cafe\u00edna podem ter maior risco de desconfortos com o uso de doses elevadas.<\/p>\n\n\n\n<p>Tamb\u00e9m \u00e9 importante destacar que o uso frequente em quantidades altas pode levar \u00e0 toler\u00e2ncia, diminuindo parte da resposta percebida ao longo do tempo. Por isso, orienta-se que a defini\u00e7\u00e3o da estrat\u00e9gia de cafe\u00edna para treinar leve em conta: hist\u00f3rico de sa\u00fade, tipo de atividade f\u00edsica, hor\u00e1rio do treino e outros estimulantes consumidos ao longo do dia, como energ\u00e9ticos e refrigerantes com cafe\u00edna.<\/p>\n\n\n\n<p>De forma geral, a escolha entre caf\u00e9, c\u00e1psulas de cafe\u00edna ou suplemento pr\u00e9-treino depende do objetivo, da rotina e da orienta\u00e7\u00e3o recebida. Independentemente do formato, o uso respons\u00e1vel e informado tende a ser o ponto central para quem busca desempenho, sem abrir m\u00e3o de seguran\u00e7a e bem-estar ao longo do processo de treino.<\/p>\n\n\n\n<h2 class=\"wp-block-heading\">FAQ sobre alimenta\u00e7\u00e3o saud\u00e1vel<\/h2>\n\n\n\n<p><strong>1. O que \u00e9, em suma, uma alimenta\u00e7\u00e3o saud\u00e1vel?<\/strong><br>Uma alimenta\u00e7\u00e3o saud\u00e1vel \u00e9 aquela que prioriza alimentos in natura ou minimamente processados (frutas, verduras, legumes, gr\u00e3os integrais, leguminosas, oleaginosas, carnes magras, ovos e latic\u00ednios em quantidades adequadas), com pouca presen\u00e7a de produtos ultraprocessados. Entretanto, n\u00e3o se trata de perfei\u00e7\u00e3o, e sim de equil\u00edbrio: a base da rotina deve ser nutritiva, permitindo espa\u00e7o eventual para alimentos menos saud\u00e1veis. Portanto, o foco \u00e9 na const\u00e2ncia das boas escolhas ao longo do tempo, e n\u00e3o em dietas extremas de curto prazo.<\/p>\n\n\n\n<p><strong>2. Preciso cortar totalmente o a\u00e7\u00facar para ter uma alimenta\u00e7\u00e3o saud\u00e1vel?<\/strong><br>N\u00e3o \u00e9 obrigat\u00f3rio cortar o a\u00e7\u00facar por completo para ter uma alimenta\u00e7\u00e3o saud\u00e1vel; o ponto central \u00e9 a frequ\u00eancia e a quantidade. O consumo elevado e di\u00e1rio de a\u00e7\u00facar adicionado est\u00e1 associado a maior risco de obesidade, diabetes tipo 2 e problemas cardiovasculares. Entretanto, pequenas por\u00e7\u00f5es ocasionais, dentro de um contexto de dieta equilibrada e pr\u00e1tica regular de atividade f\u00edsica, costumam ser bem toleradas para a maioria das pessoas. Portanto, o mais importante \u00e9 reduzir doces no dia a dia e evitar bebidas a\u00e7ucaradas, ent\u00e3o reservando os excessos para situa\u00e7\u00f5es pontuais.<\/p>\n\n\n\n<p><strong>3. Comer de tr\u00eas em tr\u00eas horas \u00e9 realmente necess\u00e1rio?<\/strong><br>A regra de comer estritamente de tr\u00eas em tr\u00eas horas n\u00e3o \u00e9 obrigat\u00f3ria para todos. O que importa \u00e9 conseguir cobrir suas necessidades de energia e nutrientes ao longo do dia e manter n\u00edveis adequados de saciedade. Entretanto, para algumas pessoas (como quem sente muita fome, tem tend\u00eancia a beliscar exageradamente ou possui certas condi\u00e7\u00f5es metab\u00f3licas), intervalos mais regulares podem ajudar no controle da ingest\u00e3o e na disposi\u00e7\u00e3o. Portanto, o ideal \u00e9 ajustar a frequ\u00eancia das refei\u00e7\u00f5es ao seu apetite, rotina de treinos e hor\u00e1rios de sono, ent\u00e3o sempre observando como seu corpo responde.<\/p>\n\n\n\n<p><strong>4. Quais lanches r\u00e1pidos podem ser considerados saud\u00e1veis no dia a dia?<\/strong><br>Lanches saud\u00e1veis combinam alguma fonte de prote\u00edna, fibra e, se poss\u00edvel, gordura boa. Exemplos incluem frutas com oleaginosas (castanhas, nozes, am\u00eandoas), iogurte natural com aveia, sandu\u00edche de p\u00e3o integral com queijo branco e vegetais, ou homus com palitos de legumes. Entretanto, \u00e9 importante adaptar \u00e0s suas prefer\u00eancias e restri\u00e7\u00f5es individuais. Portanto, priorize op\u00e7\u00f5es pouco processadas, com baixo teor de a\u00e7\u00facar e s\u00f3dio, ent\u00e3o evitando lanches industrializados ricos em gorduras trans e aditivos.<\/p>\n\n\n\n<p><strong>5. Qual \u00e9 o papel da hidrata\u00e7\u00e3o em uma alimenta\u00e7\u00e3o saud\u00e1vel?<\/strong><br>A hidrata\u00e7\u00e3o adequada \u00e9 fundamental para o funcionamento de todo o organismo: auxilia na digest\u00e3o, na circula\u00e7\u00e3o, na regula\u00e7\u00e3o da temperatura corporal e at\u00e9 no desempenho f\u00edsico. Entretanto, muitas pessoas confundem sede com fome, o que pode levar a comer mais do que o necess\u00e1rio quando, na verdade, precisavam apenas de \u00e1gua. Portanto, manter o h\u00e1bito de beber \u00e1gua ao longo do dia (ajustando a quantidade conforme clima, treino e condi\u00e7\u00f5es de sa\u00fade) \u00e9 parte essencial de um estilo de vida saud\u00e1vel, ent\u00e3o devendo ser considerada t\u00e3o importante quanto a escolha dos alimentos.<\/p>\n\n\n\n<p><strong>6. \u00c9 poss\u00edvel seguir uma alimenta\u00e7\u00e3o saud\u00e1vel com um or\u00e7amento limitado?<\/strong><br>Sim, \u00e9 poss\u00edvel manter uma alimenta\u00e7\u00e3o saud\u00e1vel mesmo com or\u00e7amento limitado. Focar em alimentos b\u00e1sicos como arroz, feij\u00e3o, ovos, frango, frutas da esta\u00e7\u00e3o, hortali\u00e7as simples e gr\u00e3os integrais costuma ser mais econ\u00f4mico do que depender de ultraprocessados e refei\u00e7\u00f5es prontas. Entretanto, \u00e9 necess\u00e1rio algum planejamento: montar card\u00e1pios semanais, aproveitar promo\u00e7\u00f5es e preparar refei\u00e7\u00f5es em casa ajudam a reduzir custos. Portanto, a organiza\u00e7\u00e3o \u00e9 uma aliada importante, ent\u00e3o permitindo escolher op\u00e7\u00f5es nutritivas e acess\u00edveis sem comprometer a sa\u00fade.<\/p>\n\n\n\n<p><strong>7. Como equilibrar alimenta\u00e7\u00e3o saud\u00e1vel e refei\u00e7\u00f5es fora de casa?<\/strong><br>Refei\u00e7\u00f5es fora de casa fazem parte da vida social e da rotina de muitas pessoas. \u00c9 poss\u00edvel manter um padr\u00e3o saud\u00e1vel escolhendo prepara\u00e7\u00f5es assadas, grelhadas ou cozidas, incluindo saladas e legumes, e controlando por\u00e7\u00f5es de frituras, molhos e sobremesas. Entretanto, comer fora diariamente pode aumentar a ingest\u00e3o de calorias, sal e gorduras saturadas. Portanto, tente equilibrar: fa\u00e7a o poss\u00edvel para que a maioria das refei\u00e7\u00f5es seja preparada em casa e, quando comer fora, ent\u00e3o priorize escolhas mais leves e aten\u00e7\u00e3o ao tamanho das por\u00e7\u00f5es.<\/p>\n\n\n\n<p><strong>8. Suplementos vitam\u00ednicos substituem uma alimenta\u00e7\u00e3o equilibrada?<\/strong><br>Suplementos vitam\u00ednicos n\u00e3o substituem uma alimenta\u00e7\u00e3o equilibrada. Eles podem ser \u00fateis em situa\u00e7\u00f5es espec\u00edficas, como defici\u00eancias diagnosticadas, fases da vida com maior demanda (gesta\u00e7\u00e3o, lacta\u00e7\u00e3o) ou restri\u00e7\u00f5es alimentares importantes. Entretanto, a maior parte dos nutrientes de que o corpo precisa deve vir dos alimentos, que oferecem um conjunto complexo de vitaminas, minerais, fibras e compostos bioativos que n\u00e3o s\u00e3o totalmente replicados em c\u00e1psulas. Portanto, suplementos s\u00f3 devem complementar a dieta, e n\u00e3o ser a base dela, ent\u00e3o devendo ser usados com orienta\u00e7\u00e3o profissional.<\/p>\n","protected":false},"excerpt":{"rendered":"<p>Pr\u00e9-treino ou cafe\u00edna antes do treino? Descubra qual melhora mais o desempenho, como usar com seguran\u00e7a e a dose ideal para potencializar seus resultados.<\/p>\n","protected":false},"author":8,"featured_media":24333,"comment_status":"open","ping_status":"open","sticky":false,"template":"","format":"standard","meta":{"jnews-multi-image_gallery":[],"jnews_single_post":{"format":"standard"},"jnews_primary_category":[],"jnews_social_meta":[],"jnews_override_counter":[],"footnotes":""},"categories":[199],"tags":[140,3576,7409,7408,1654,1172],"class_list":["post-24332","post","type-post","status-publish","format-standard","has-post-thumbnail","hentry","category-bem-estar","tag-bem-estar","tag-cafeina","tag-cafeina-em-capsulas","tag-pre-treino-3","tag-suplementos","tag-treino"],"yoast_head":"<!-- This site is optimized with the Yoast SEO plugin v25.1 - https:\/\/yoast.com\/wordpress\/plugins\/seo\/ -->\n<title>Cafe\u00edna ou pr\u00e9-treino: qual ajuda mais no desempenho f\u00edsico - Correio Braziliense - Aqui<\/title>\n<meta name=\"description\" content=\"Pr\u00e9-treino ou cafe\u00edna antes do treino? Descubra qual melhora mais o desempenho, como usar com seguran\u00e7a e a dose ideal\" \/>\n<meta name=\"robots\" content=\"index, follow, max-snippet:-1, max-image-preview:large, max-video-preview:-1\" \/>\n<link rel=\"canonical\" href=\"https:\/\/www.correiobraziliense.com.br\/aqui\/2026\/03\/11\/cafeina-ou-pre-treino-qual-ajuda-mais-no-desempenho-fisico\/\" \/>\n<meta property=\"og:locale\" content=\"pt_BR\" \/>\n<meta property=\"og:type\" content=\"article\" \/>\n<meta property=\"og:title\" content=\"Cafe\u00edna ou pr\u00e9-treino: qual ajuda mais no desempenho f\u00edsico - Correio Braziliense - Aqui\" \/>\n<meta property=\"og:description\" content=\"Pr\u00e9-treino ou cafe\u00edna antes do treino? Descubra qual melhora mais o desempenho, como usar com seguran\u00e7a e a dose ideal\" \/>\n<meta property=\"og:url\" content=\"https:\/\/www.correiobraziliense.com.br\/aqui\/2026\/03\/11\/cafeina-ou-pre-treino-qual-ajuda-mais-no-desempenho-fisico\/\" \/>\n<meta property=\"og:site_name\" content=\"Correio Braziliense - Aqui\" \/>\n<meta property=\"article:published_time\" content=\"2026-03-11T22:53:00+00:00\" \/>\n<meta property=\"og:image\" content=\"https:\/\/www.correiobraziliense.com.br\/aqui\/wp-content\/uploads\/2026\/03\/httpsneuralmyth.comstaticcache2347a9b9-9464-4b8a-94bb-b9e87a2070e7.jpeg\" \/>\n\t<meta property=\"og:image:width\" content=\"1280\" \/>\n\t<meta property=\"og:image:height\" content=\"720\" \/>\n\t<meta property=\"og:image:type\" content=\"image\/jpeg\" \/>\n<meta name=\"author\" content=\"Lara\" \/>\n<meta name=\"twitter:card\" content=\"summary_large_image\" \/>\n<meta name=\"twitter:label1\" content=\"Escrito por\" \/>\n\t<meta name=\"twitter:data1\" content=\"Lara\" \/>\n\t<meta name=\"twitter:label2\" content=\"Est. tempo de leitura\" \/>\n\t<meta name=\"twitter:data2\" content=\"10 minutos\" \/>\n<!-- \/ Yoast SEO plugin. -->","yoast_head_json":{"title":"Cafe\u00edna ou pr\u00e9-treino: qual ajuda mais no desempenho f\u00edsico - Correio Braziliense - Aqui","description":"Pr\u00e9-treino ou cafe\u00edna antes do treino? Descubra qual melhora mais o desempenho, como usar com seguran\u00e7a e a dose ideal","robots":{"index":"index","follow":"follow","max-snippet":"max-snippet:-1","max-image-preview":"max-image-preview:large","max-video-preview":"max-video-preview:-1"},"canonical":"https:\/\/www.correiobraziliense.com.br\/aqui\/2026\/03\/11\/cafeina-ou-pre-treino-qual-ajuda-mais-no-desempenho-fisico\/","og_locale":"pt_BR","og_type":"article","og_title":"Cafe\u00edna ou pr\u00e9-treino: qual ajuda mais no desempenho f\u00edsico - Correio Braziliense - Aqui","og_description":"Pr\u00e9-treino ou cafe\u00edna antes do treino? Descubra qual melhora mais o desempenho, como usar com seguran\u00e7a e a dose ideal","og_url":"https:\/\/www.correiobraziliense.com.br\/aqui\/2026\/03\/11\/cafeina-ou-pre-treino-qual-ajuda-mais-no-desempenho-fisico\/","og_site_name":"Correio Braziliense - Aqui","article_published_time":"2026-03-11T22:53:00+00:00","og_image":[{"width":1280,"height":720,"url":"https:\/\/www.correiobraziliense.com.br\/aqui\/wp-content\/uploads\/2026\/03\/httpsneuralmyth.comstaticcache2347a9b9-9464-4b8a-94bb-b9e87a2070e7.jpeg","type":"image\/jpeg"}],"author":"Lara","twitter_card":"summary_large_image","twitter_misc":{"Escrito por":"Lara","Est. tempo de leitura":"10 minutos"},"schema":{"@context":"https:\/\/schema.org","@graph":[{"@type":"WebPage","@id":"https:\/\/www.correiobraziliense.com.br\/aqui\/2026\/03\/11\/cafeina-ou-pre-treino-qual-ajuda-mais-no-desempenho-fisico\/","url":"https:\/\/www.correiobraziliense.com.br\/aqui\/2026\/03\/11\/cafeina-ou-pre-treino-qual-ajuda-mais-no-desempenho-fisico\/","name":"Cafe\u00edna ou pr\u00e9-treino: qual ajuda mais no desempenho f\u00edsico - Correio Braziliense - Aqui","isPartOf":{"@id":"https:\/\/www.correiobraziliense.com.br\/aqui\/#website"},"primaryImageOfPage":{"@id":"https:\/\/www.correiobraziliense.com.br\/aqui\/2026\/03\/11\/cafeina-ou-pre-treino-qual-ajuda-mais-no-desempenho-fisico\/#primaryimage"},"image":{"@id":"https:\/\/www.correiobraziliense.com.br\/aqui\/2026\/03\/11\/cafeina-ou-pre-treino-qual-ajuda-mais-no-desempenho-fisico\/#primaryimage"},"thumbnailUrl":"https:\/\/www.correiobraziliense.com.br\/aqui\/wp-content\/uploads\/2026\/03\/httpsneuralmyth.comstaticcache2347a9b9-9464-4b8a-94bb-b9e87a2070e7.jpeg","datePublished":"2026-03-11T22:53:00+00:00","author":{"@id":"https:\/\/www.correiobraziliense.com.br\/aqui\/#\/schema\/person\/5d6e4d99fecc86ab1a7ed1a0369afb65"},"description":"Pr\u00e9-treino ou cafe\u00edna antes do treino? Descubra qual melhora mais o desempenho, como usar com seguran\u00e7a e a dose ideal","breadcrumb":{"@id":"https:\/\/www.correiobraziliense.com.br\/aqui\/2026\/03\/11\/cafeina-ou-pre-treino-qual-ajuda-mais-no-desempenho-fisico\/#breadcrumb"},"inLanguage":"pt-BR","potentialAction":[{"@type":"ReadAction","target":["https:\/\/www.correiobraziliense.com.br\/aqui\/2026\/03\/11\/cafeina-ou-pre-treino-qual-ajuda-mais-no-desempenho-fisico\/"]}]},{"@type":"ImageObject","inLanguage":"pt-BR","@id":"https:\/\/www.correiobraziliense.com.br\/aqui\/2026\/03\/11\/cafeina-ou-pre-treino-qual-ajuda-mais-no-desempenho-fisico\/#primaryimage","url":"https:\/\/www.correiobraziliense.com.br\/aqui\/wp-content\/uploads\/2026\/03\/httpsneuralmyth.comstaticcache2347a9b9-9464-4b8a-94bb-b9e87a2070e7.jpeg","contentUrl":"https:\/\/www.correiobraziliense.com.br\/aqui\/wp-content\/uploads\/2026\/03\/httpsneuralmyth.comstaticcache2347a9b9-9464-4b8a-94bb-b9e87a2070e7.jpeg","width":1280,"height":720,"caption":"Cr\u00e9ditos: depositphotos.com \/ MikeEdwards"},{"@type":"BreadcrumbList","@id":"https:\/\/www.correiobraziliense.com.br\/aqui\/2026\/03\/11\/cafeina-ou-pre-treino-qual-ajuda-mais-no-desempenho-fisico\/#breadcrumb","itemListElement":[{"@type":"ListItem","position":1,"name":"In\u00edcio","item":"https:\/\/www.correiobraziliense.com.br\/aqui\/"},{"@type":"ListItem","position":2,"name":"Cafe\u00edna ou pr\u00e9-treino: qual ajuda mais no desempenho f\u00edsico"}]},{"@type":"WebSite","@id":"https:\/\/www.correiobraziliense.com.br\/aqui\/#website","url":"https:\/\/www.correiobraziliense.com.br\/aqui\/","name":"Correio Braziliense - Aqui","description":"O Correio Braziliense (CB) \u00e9 o mais importante canal de not\u00edcias de Bras\u00edlia. Aqui voc\u00ea encontra as \u00faltimas not\u00edcias do DF, do Brasil e do mundo.","potentialAction":[{"@type":"SearchAction","target":{"@type":"EntryPoint","urlTemplate":"https:\/\/www.correiobraziliense.com.br\/aqui\/?s={search_term_string}"},"query-input":{"@type":"PropertyValueSpecification","valueRequired":true,"valueName":"search_term_string"}}],"inLanguage":"pt-BR"},{"@type":"Person","@id":"https:\/\/www.correiobraziliense.com.br\/aqui\/#\/schema\/person\/5d6e4d99fecc86ab1a7ed1a0369afb65","name":"Lara","image":{"@type":"ImageObject","inLanguage":"pt-BR","@id":"https:\/\/www.correiobraziliense.com.br\/aqui\/#\/schema\/person\/image\/","url":"https:\/\/secure.gravatar.com\/avatar\/57056c5c343a6d8a6669688d3d2c04916d9d280b352b6e50e66a8d39b2517e00?s=96&d=mm&r=g","contentUrl":"https:\/\/secure.gravatar.com\/avatar\/57056c5c343a6d8a6669688d3d2c04916d9d280b352b6e50e66a8d39b2517e00?s=96&d=mm&r=g","caption":"Lara"},"url":"https:\/\/www.correiobraziliense.com.br\/aqui\/author\/laraaqui\/"}]}},"_links":{"self":[{"href":"https:\/\/www.correiobraziliense.com.br\/aqui\/wp-json\/wp\/v2\/posts\/24332","targetHints":{"allow":["GET"]}}],"collection":[{"href":"https:\/\/www.correiobraziliense.com.br\/aqui\/wp-json\/wp\/v2\/posts"}],"about":[{"href":"https:\/\/www.correiobraziliense.com.br\/aqui\/wp-json\/wp\/v2\/types\/post"}],"author":[{"embeddable":true,"href":"https:\/\/www.correiobraziliense.com.br\/aqui\/wp-json\/wp\/v2\/users\/8"}],"replies":[{"embeddable":true,"href":"https:\/\/www.correiobraziliense.com.br\/aqui\/wp-json\/wp\/v2\/comments?post=24332"}],"version-history":[{"count":1,"href":"https:\/\/www.correiobraziliense.com.br\/aqui\/wp-json\/wp\/v2\/posts\/24332\/revisions"}],"predecessor-version":[{"id":24335,"href":"https:\/\/www.correiobraziliense.com.br\/aqui\/wp-json\/wp\/v2\/posts\/24332\/revisions\/24335"}],"wp:featuredmedia":[{"embeddable":true,"href":"https:\/\/www.correiobraziliense.com.br\/aqui\/wp-json\/wp\/v2\/media\/24333"}],"wp:attachment":[{"href":"https:\/\/www.correiobraziliense.com.br\/aqui\/wp-json\/wp\/v2\/media?parent=24332"}],"wp:term":[{"taxonomy":"category","embeddable":true,"href":"https:\/\/www.correiobraziliense.com.br\/aqui\/wp-json\/wp\/v2\/categories?post=24332"},{"taxonomy":"post_tag","embeddable":true,"href":"https:\/\/www.correiobraziliense.com.br\/aqui\/wp-json\/wp\/v2\/tags?post=24332"}],"curies":[{"name":"wp","href":"https:\/\/api.w.org\/{rel}","templated":true}]}}