{"id":24336,"date":"2026-03-15T17:00:00","date_gmt":"2026-03-15T20:00:00","guid":{"rendered":"https:\/\/www.correiobraziliense.com.br\/aqui\/?p=24336"},"modified":"2026-03-11T17:35:42","modified_gmt":"2026-03-11T20:35:42","slug":"armazenamento-de-medicamentos-em-casa-exige-cuidados-veja-quais","status":"publish","type":"post","link":"https:\/\/www.correiobraziliense.com.br\/aqui\/2026\/03\/15\/armazenamento-de-medicamentos-em-casa-exige-cuidados-veja-quais\/","title":{"rendered":"Armazenamento de medicamentos em casa exige cuidados; veja quais"},"content":{"rendered":"\n<p>O armazenamento de medicamentos dentro de casa \u00e9 uma medida b\u00e1sica de seguran\u00e7a e de cuidado com a sa\u00fade. A forma como os rem\u00e9dios s\u00e3o guardados influencia diretamente a efic\u00e1cia das subst\u00e2ncias e pode evitar situa\u00e7\u00f5es de risco, especialmente em lares com crian\u00e7as, idosos ou animais de estima\u00e7\u00e3o. Uma rotina simples de organiza\u00e7\u00e3o, aliada a alguns cuidados com o ambiente, j\u00e1 faz diferen\u00e7a na prote\u00e7\u00e3o do lar.<\/p>\n\n\n\n<p>Al\u00e9m do local em que ficam guardados, detalhes como a exposi\u00e7\u00e3o ao calor, \u00e0 luz e \u00e0 umidade interferem na qualidade de comprimidos, xaropes e outros produtos de sa\u00fade. Muitos incidentes dom\u00e9sticos est\u00e3o relacionados a rem\u00e9dios esquecidos em locais inadequados, embalagens abertas ou datas de validade vencidas. Por isso, criar um sistema de armazenamento de medicamentos seguro torna-se uma etapa importante do cuidado di\u00e1rio com a fam\u00edlia.<\/p>\n\n\n\n<h2 class=\"wp-block-heading\">Como escolher o melhor lugar para armazenamento de medicamentos?<\/h2>\n\n\n\n<p>O armazenamento de medicamentos <strong><a href=\"https:\/\/www.correiobraziliense.com.br\/aqui\/2025\/11\/13\/remedios-caseiros-para-voce-colocar-um-fim-na-herpes\/\" target=\"_blank\" rel=\"noreferrer noopener\">deve priorizar ambientes secos, arejados e protegidos da luz solar direta<\/a><\/strong>. A maioria dos rem\u00e9dios \u00e9 formulada para se manter est\u00e1vel em temperatura ambiente, desde que n\u00e3o haja grandes varia\u00e7\u00f5es. Por esse motivo, m\u00f3veis fechados em quartos, corredores ou escrit\u00f3rios costumam ser mais adequados do que locais sujeitos a vapor e calor.<\/p>\n\n\n\n<p>Banheiros e cozinhas, apesar de muito usados para guardar itens de higiene e mantimentos, n\u00e3o s\u00e3o indicados para a guarda de rem\u00e9dios. O vapor do banho, o calor do fog\u00e3o e a proximidade com fontes de \u00e1gua podem alterar a temperatura e a umidade, acelerando a degrada\u00e7\u00e3o dos princ\u00edpios ativos. Um arm\u00e1rio alto em um quarto, uma gaveta trancada na sala ou um pequeno m\u00f3dulo exclusivo para farm\u00e1cia caseira tendem a oferecer condi\u00e7\u00f5es mais est\u00e1veis.<\/p>\n\n\n\n<p>Tamb\u00e9m \u00e9 importante evitar exposi\u00e7\u00e3o direta a janelas, aquecedores, micro-ondas e eletrodom\u00e9sticos que gerem calor. Para medicamentos que exigem refrigera\u00e7\u00e3o, a orienta\u00e7\u00e3o do fabricante ou do profissional de sa\u00fade deve ser seguida com rigor, mantendo-os em prateleiras internas da geladeira, nunca na porta, onde a temperatura varia mais.<\/p>\n\n\n\n<h2 class=\"wp-block-heading\">Armazenamento de medicamentos em casa: por onde come\u00e7ar?<\/h2>\n\n\n\n<p>Uma boa organiza\u00e7\u00e3o de rem\u00e9dios em casa reduz esquecimentos, minimiza erros de dosagem e facilita o acesso em momentos de necessidade. Um primeiro passo \u00e9 separar os produtos por tipo de uso, criando grupos como: medicamentos de uso cont\u00ednuo, rem\u00e9dios para situa\u00e7\u00f5es pontuais (dor, febre, alergia), itens de primeiros socorros e medicamentos infantis.<\/p>\n\n\n\n<ul class=\"wp-block-list\">\n<li>Uso cont\u00ednuo: comprimidos e c\u00e1psulas tomados diariamente por orienta\u00e7\u00e3o m\u00e9dica.<\/li>\n\n\n\n<li>Primeiros socorros: curativos, antiss\u00e9pticos, analg\u00e9sicos b\u00e1sicos, term\u00f4metro.<\/li>\n\n\n\n<li>Infantis: produtos espec\u00edficos para crian\u00e7as, separados dos demais.<\/li>\n\n\n\n<li>Prescri\u00e7\u00f5es recentes: antibi\u00f3ticos e tratamentos de curto prazo.<\/li>\n<\/ul>\n\n\n\n<p>Caixas organizadoras, cestos etiquetados ou divis\u00f3rias internas em gavetas ajudam a manter tudo em ordem. Para quem lida com v\u00e1rias medica\u00e7\u00f5es por dia, como idosos ou pessoas com doen\u00e7as cr\u00f4nicas, organizadores di\u00e1rios ou semanais s\u00e3o ferramentas \u00fateis para o controle de hor\u00e1rios e doses. O uso de etiquetas com nome do rem\u00e9dio, dosagem, hor\u00e1rio e data de validade facilita a identifica\u00e7\u00e3o r\u00e1pida e reduz a chance de troca entre embalagens parecidas.<\/p>\n\n\n\n<h2 class=\"wp-block-heading\">Quais cuidados aumentam a seguran\u00e7a no uso e descarte de rem\u00e9dios?<\/h2>\n\n\n\n<p>A seguran\u00e7a no armazenamento de medicamentos come\u00e7a pela escolha de um local fora do alcance de crian\u00e7as e animais de estima\u00e7\u00e3o. Arm\u00e1rios altos, gavetas com travas ou caixas com fecho s\u00e3o alternativas frequentes. Essa barreira f\u00edsica ajuda a evitar ingest\u00f5es acidentais, uma das principais causas de atendimentos de emerg\u00eancia relacionados a produtos farmac\u00eauticos em resid\u00eancias.<\/p>\n\n\n\n<p>Outro ponto essencial \u00e9 manter os medicamentos sempre em suas embalagens originais, com r\u00f3tulo e bula. Essas informa\u00e7\u00f5es trazem dados sobre posologia, contraindica\u00e7\u00f5es, composi\u00e7\u00e3o e modo de uso. Ao transferir comprimidos para frascos sem identifica\u00e7\u00e3o, aumenta-se o risco de confus\u00f5es, uso inadequado e dificuldade em consultar orienta\u00e7\u00f5es importantes em situa\u00e7\u00f5es de d\u00favida.<\/p>\n\n\n\n<p>A verifica\u00e7\u00e3o frequente da data de validade faz parte de um bom controle da \u201cfarmacinha\u201d dom\u00e9stica. Um procedimento pr\u00e1tico \u00e9 reservar um dia fixo no m\u00eas para conferir frascos, cartelas e pomadas. Medicamentos vencidos ou que n\u00e3o s\u00e3o mais utilizados n\u00e3o devem permanecer guardados, pois podem ser usados de forma inadequada ou perder efic\u00e1cia. Nessas vistorias, \u00e9 poss\u00edvel tamb\u00e9m avaliar frascos abertos h\u00e1 muito tempo, xaropes alterados em cor, odor ou consist\u00eancia e embalagens danificadas.<\/p>\n\n\n\n<ol class=\"wp-block-list\">\n<li>Separar todos os medicamentos em uma superf\u00edcie limpa.<\/li>\n\n\n\n<li>Checar validade e integridade de cada embalagem.<\/li>\n\n\n\n<li>Separar os itens vencidos ou sem uso para descarte adequado.<\/li>\n\n\n\n<li>Reorganizar os rem\u00e9dios restantes por categoria e frequ\u00eancia de uso.<\/li>\n<\/ol>\n\n\n\n<p>O descarte correto \u00e9 outra etapa importante. Jogar rem\u00e9dios no lixo comum ou no vaso sanit\u00e1rio pode contribuir para a contamina\u00e7\u00e3o de \u00e1gua e solo. A orienta\u00e7\u00e3o mais segura \u00e9 entregar comprimidos, xaropes, pomadas e demais produtos vencidos ou inutilizados em pontos de coleta de medicamentos, normalmente dispon\u00edveis em farm\u00e1cias, drogarias e unidades de sa\u00fade. Esses locais encaminham os res\u00edduos para tratamento especializado, de acordo com normas ambientais em vigor no Brasil.<\/p>\n\n\n\n<p>Com alguns ajustes na rotina, o armazenamento de medicamentos em casa pode se tornar mais organizado, seguro e alinhado \u00e0s orienta\u00e7\u00f5es de sa\u00fade e de preserva\u00e7\u00e3o ambiental. Um espa\u00e7o definido, confer\u00eancias peri\u00f3dicas e aten\u00e7\u00e3o \u00e0s instru\u00e7\u00f5es das embalagens formam uma combina\u00e7\u00e3o simples que favorece o uso correto dos rem\u00e9dios e a prote\u00e7\u00e3o de todos os moradores.<\/p>\n\n\n\n<h2 class=\"wp-block-heading\">FAQ sobre armazenamento de comida em casa<\/h2>\n\n\n\n<p><strong>1. Qual \u00e9 o melhor tipo de recipiente para armazenar alimentos secos, como arroz, feij\u00e3o e farinha?<\/strong><\/p>\n\n\n\n<p>Alimentos secos devem ser guardados em recipientes herm\u00e9ticos, preferencialmente de vidro ou pl\u00e1stico livre de BPA, bem fechados e identificados. Isso evita a entrada de umidade, insetos e odores indesejados. Entretanto, se a embalagem original for resistente e tiver boa veda\u00e7\u00e3o, ela pode ser mantida dentro de um pote maior para prote\u00e7\u00e3o extra. Portanto, opte sempre por embalagens que permitam fechar bem ap\u00f3s cada uso.<\/p>\n\n\n\n<p><strong>2. Como organizar a geladeira para conservar melhor os alimentos?<\/strong><\/p>\n\n\n\n<p>Na geladeira, \u00e9 recomend\u00e1vel separar os alimentos por categoria: prateleiras superiores para prontos para consumo, intermedi\u00e1rias para latic\u00ednios e inferiores para carnes cruas bem embaladas. Isso reduz o risco de contamina\u00e7\u00e3o cruzada. As gavetas devem ser usadas para frutas e legumes, preferencialmente em sacos pr\u00f3prios ou recipientes ventilados. Entretanto, n\u00e3o se deve sobrecarregar as prateleiras, pois o ar frio precisa circular. Portanto, mantenha espa\u00e7o entre os itens e limpe a geladeira regularmente.<\/p>\n\n\n\n<p><strong>3. Posso voltar a congelar um alimento que j\u00e1 foi descongelado?<\/strong><\/p>\n\n\n\n<p>Descongelar e recongelar alimentos aumenta o risco de prolifera\u00e7\u00e3o de micro-organismos e perda de qualidade. O ideal \u00e9 descongelar somente a quantidade que ser\u00e1 consumida. Entretanto, se o alimento foi descongelado na geladeira e permaneceu em temperatura segura (at\u00e9 4 \u00b0C) por pouco tempo, algumas ag\u00eancias de seguran\u00e7a alimentar admitem o recongelamento, embora com perda de textura e sabor. Portanto, planeje as por\u00e7\u00f5es antes de congelar para evitar esse tipo de situa\u00e7\u00e3o.<\/p>\n\n\n\n<p><strong>4. Quanto tempo os alimentos podem ficar em temperatura ambiente com seguran\u00e7a?<\/strong><\/p>\n\n\n\n<p>A chamada \u201czona de perigo\u201d para crescimento de bact\u00e9rias fica entre 5 \u00b0C e 60 \u00b0C. Alimentos prontos, carnes, latic\u00ednios e prepara\u00e7\u00f5es com ovos n\u00e3o devem ficar expostos fora da geladeira por mais de 2 horas. Em ambientes muito quentes, esse tempo pode cair para cerca de 1 hora. Entretanto, alimentos secos e industrializados fechados toleram mais tempo fora da refrigera\u00e7\u00e3o. Portanto, refei\u00e7\u00f5es prontas devem ser refrigeradas ou congeladas o quanto antes.<\/p>\n\n\n\n<p><strong>5. Como armazenar frutas e legumes para durarem mais?<\/strong><\/p>\n\n\n\n<p>Frutas e legumes t\u00eam necessidades diferentes. Itens como ma\u00e7\u00e3, pera e uva costumam ir bem na geladeira, enquanto banana, tomate e batata preferem locais frescos e arejados fora dela. Entretanto, frutas que liberam etileno, como ma\u00e7\u00e3s e bananas, podem acelerar o amadurecimento de outros alimentos se guardadas juntas. Portanto, separe-as de verduras mais sens\u00edveis e utilize sacos pr\u00f3prios ou potes ventilados para reduzir umidade em excesso.<\/p>\n\n\n\n<p><strong>6. \u00c9 seguro consumir alimentos em lata depois de abertos?<\/strong><\/p>\n\n\n\n<p>Depois de aberta, a lata n\u00e3o \u00e9 o melhor recipiente para armazenamento na geladeira. O ideal \u00e9 transferir o conte\u00fado para um pote limpo, bem fechado, com data de abertura anotada. Entretanto, o consumo deve ser feito em poucos dias, variando conforme o tipo de alimento. Portanto, sempre verifique cheiro, cor e textura antes de ingerir e descarte qualquer produto com aspecto ou odor alterados.<\/p>\n\n\n\n<p><strong>7. O que significa \u201cvalidade\u201d e \u201cconsumir de prefer\u00eancia antes de\u201d nos r\u00f3tulos?<\/strong><\/p>\n\n\n\n<p>\u201cValidade\u201d indica o prazo m\u00e1ximo em que o alimento \u00e9 seguro para consumo, se armazenado corretamente. Ap\u00f3s essa data, o produto pode oferecer riscos \u00e0 sa\u00fade. J\u00e1 \u201cconsumir de prefer\u00eancia antes de\u201d est\u00e1 mais relacionado \u00e0 qualidade (sabor, textura, aroma). Entretanto, alguns alimentos ainda podem estar pr\u00f3prios para consumo pouco tempo depois dessa data, desde que n\u00e3o apresentem sinais de deteriora\u00e7\u00e3o. Portanto, al\u00e9m de olhar o r\u00f3tulo, avalie sempre apar\u00eancia, cheiro e consist\u00eancia.<\/p>\n\n\n\n<p><strong>8. Como evitar desperd\u00edcio de comida ao armazenar em casa?<\/strong><\/p>\n\n\n\n<p>Para reduzir o desperd\u00edcio, \u00e9 importante planejar compras e organizar alimentos de forma estrat\u00e9gica. Usar o sistema \u201cprimeiro que entra, primeiro que sai\u201d (PEPS) ajuda: coloque os itens mais antigos \u00e0 frente e os novos atr\u00e1s. Entretanto, isso s\u00f3 funciona bem se voc\u00ea verificar datas de validade com frequ\u00eancia. Portanto, fa\u00e7a revis\u00f5es regulares na despensa e na geladeira, congele sobras em por\u00e7\u00f5es menores e reutilize alimentos em novas receitas, sempre mantendo a seguran\u00e7a alimentar em mente.<\/p>\n\n\n\n<p><\/p>\n","protected":false},"excerpt":{"rendered":"<p>Armazene medicamentos corretamente para garantir seguran\u00e7a da fam\u00edlia, organiza\u00e7\u00e3o de rem\u00e9dios em casa e descarte consciente, sem riscos.<\/p>\n","protected":false},"author":8,"featured_media":24337,"comment_status":"open","ping_status":"open","sticky":false,"template":"","format":"standard","meta":{"jnews-multi-image_gallery":[],"jnews_single_post":{"format":"standard"},"jnews_primary_category":[],"jnews_social_meta":[],"jnews_override_counter":[],"footnotes":""},"categories":[123],"tags":[7410,7413,7412,7411,141],"class_list":["post-24336","post","type-post","status-publish","format-standard","has-post-thumbnail","hentry","category-saude","tag-armazenamento-de-medicamentos","tag-como-guardar","tag-guia","tag-remedios","tag-saude"],"yoast_head":"<!-- This site is optimized with the Yoast SEO plugin v25.1 - https:\/\/yoast.com\/wordpress\/plugins\/seo\/ -->\n<title>Armazenamento de medicamentos em casa exige cuidados; veja quais - Correio Braziliense - Aqui<\/title>\n<meta name=\"description\" content=\"O armazenamento de medicamentos adequado ajuda a garantir a seguran\u00e7a, manter os rem\u00e9dios organizados e evitar riscos no uso e no descarte\" \/>\n<meta name=\"robots\" content=\"index, follow, max-snippet:-1, max-image-preview:large, max-video-preview:-1\" \/>\n<link rel=\"canonical\" href=\"https:\/\/www.correiobraziliense.com.br\/aqui\/2026\/03\/15\/armazenamento-de-medicamentos-em-casa-exige-cuidados-veja-quais\/\" \/>\n<meta property=\"og:locale\" content=\"pt_BR\" \/>\n<meta property=\"og:type\" content=\"article\" \/>\n<meta property=\"og:title\" content=\"Armazenamento de medicamentos em casa exige cuidados; veja quais - Correio Braziliense - Aqui\" \/>\n<meta property=\"og:description\" content=\"O armazenamento de medicamentos adequado ajuda a garantir a seguran\u00e7a, manter os rem\u00e9dios organizados e evitar riscos no uso e no descarte\" \/>\n<meta property=\"og:url\" content=\"https:\/\/www.correiobraziliense.com.br\/aqui\/2026\/03\/15\/armazenamento-de-medicamentos-em-casa-exige-cuidados-veja-quais\/\" \/>\n<meta property=\"og:site_name\" content=\"Correio Braziliense - Aqui\" \/>\n<meta property=\"article:published_time\" content=\"2026-03-15T20:00:00+00:00\" \/>\n<meta property=\"og:image\" content=\"https:\/\/www.correiobraziliense.com.br\/aqui\/wp-content\/uploads\/2026\/03\/httpsneuralmyth.comstaticcache0c73a566-e995-4bc1-bb3b-a31049fc83b0.jpeg\" \/>\n\t<meta property=\"og:image:width\" content=\"1280\" \/>\n\t<meta property=\"og:image:height\" content=\"720\" \/>\n\t<meta property=\"og:image:type\" content=\"image\/jpeg\" \/>\n<meta name=\"author\" content=\"Lara\" \/>\n<meta name=\"twitter:card\" content=\"summary_large_image\" \/>\n<meta name=\"twitter:label1\" content=\"Escrito por\" \/>\n\t<meta name=\"twitter:data1\" content=\"Lara\" \/>\n\t<meta name=\"twitter:label2\" content=\"Est. tempo de leitura\" \/>\n\t<meta name=\"twitter:data2\" content=\"9 minutos\" \/>\n<!-- \/ Yoast SEO plugin. -->","yoast_head_json":{"title":"Armazenamento de medicamentos em casa exige cuidados; veja quais - Correio Braziliense - Aqui","description":"O armazenamento de medicamentos adequado ajuda a garantir a seguran\u00e7a, manter os rem\u00e9dios organizados e evitar riscos no uso e no descarte","robots":{"index":"index","follow":"follow","max-snippet":"max-snippet:-1","max-image-preview":"max-image-preview:large","max-video-preview":"max-video-preview:-1"},"canonical":"https:\/\/www.correiobraziliense.com.br\/aqui\/2026\/03\/15\/armazenamento-de-medicamentos-em-casa-exige-cuidados-veja-quais\/","og_locale":"pt_BR","og_type":"article","og_title":"Armazenamento de medicamentos em casa exige cuidados; veja quais - Correio Braziliense - Aqui","og_description":"O armazenamento de medicamentos adequado ajuda a garantir a seguran\u00e7a, manter os rem\u00e9dios organizados e evitar riscos no uso e no descarte","og_url":"https:\/\/www.correiobraziliense.com.br\/aqui\/2026\/03\/15\/armazenamento-de-medicamentos-em-casa-exige-cuidados-veja-quais\/","og_site_name":"Correio Braziliense - Aqui","article_published_time":"2026-03-15T20:00:00+00:00","og_image":[{"width":1280,"height":720,"url":"https:\/\/www.correiobraziliense.com.br\/aqui\/wp-content\/uploads\/2026\/03\/httpsneuralmyth.comstaticcache0c73a566-e995-4bc1-bb3b-a31049fc83b0.jpeg","type":"image\/jpeg"}],"author":"Lara","twitter_card":"summary_large_image","twitter_misc":{"Escrito por":"Lara","Est. tempo de leitura":"9 minutos"},"schema":{"@context":"https:\/\/schema.org","@graph":[{"@type":"WebPage","@id":"https:\/\/www.correiobraziliense.com.br\/aqui\/2026\/03\/15\/armazenamento-de-medicamentos-em-casa-exige-cuidados-veja-quais\/","url":"https:\/\/www.correiobraziliense.com.br\/aqui\/2026\/03\/15\/armazenamento-de-medicamentos-em-casa-exige-cuidados-veja-quais\/","name":"Armazenamento de medicamentos em casa exige cuidados; veja quais - Correio Braziliense - Aqui","isPartOf":{"@id":"https:\/\/www.correiobraziliense.com.br\/aqui\/#website"},"primaryImageOfPage":{"@id":"https:\/\/www.correiobraziliense.com.br\/aqui\/2026\/03\/15\/armazenamento-de-medicamentos-em-casa-exige-cuidados-veja-quais\/#primaryimage"},"image":{"@id":"https:\/\/www.correiobraziliense.com.br\/aqui\/2026\/03\/15\/armazenamento-de-medicamentos-em-casa-exige-cuidados-veja-quais\/#primaryimage"},"thumbnailUrl":"https:\/\/www.correiobraziliense.com.br\/aqui\/wp-content\/uploads\/2026\/03\/httpsneuralmyth.comstaticcache0c73a566-e995-4bc1-bb3b-a31049fc83b0.jpeg","datePublished":"2026-03-15T20:00:00+00:00","author":{"@id":"https:\/\/www.correiobraziliense.com.br\/aqui\/#\/schema\/person\/5d6e4d99fecc86ab1a7ed1a0369afb65"},"description":"O armazenamento de medicamentos adequado ajuda a garantir a seguran\u00e7a, manter os rem\u00e9dios organizados e evitar riscos no uso e no descarte","breadcrumb":{"@id":"https:\/\/www.correiobraziliense.com.br\/aqui\/2026\/03\/15\/armazenamento-de-medicamentos-em-casa-exige-cuidados-veja-quais\/#breadcrumb"},"inLanguage":"pt-BR","potentialAction":[{"@type":"ReadAction","target":["https:\/\/www.correiobraziliense.com.br\/aqui\/2026\/03\/15\/armazenamento-de-medicamentos-em-casa-exige-cuidados-veja-quais\/"]}]},{"@type":"ImageObject","inLanguage":"pt-BR","@id":"https:\/\/www.correiobraziliense.com.br\/aqui\/2026\/03\/15\/armazenamento-de-medicamentos-em-casa-exige-cuidados-veja-quais\/#primaryimage","url":"https:\/\/www.correiobraziliense.com.br\/aqui\/wp-content\/uploads\/2026\/03\/httpsneuralmyth.comstaticcache0c73a566-e995-4bc1-bb3b-a31049fc83b0.jpeg","contentUrl":"https:\/\/www.correiobraziliense.com.br\/aqui\/wp-content\/uploads\/2026\/03\/httpsneuralmyth.comstaticcache0c73a566-e995-4bc1-bb3b-a31049fc83b0.jpeg","width":1280,"height":720,"caption":"Cr\u00e9ditos: depositphotos.com \/ FotoMirta"},{"@type":"BreadcrumbList","@id":"https:\/\/www.correiobraziliense.com.br\/aqui\/2026\/03\/15\/armazenamento-de-medicamentos-em-casa-exige-cuidados-veja-quais\/#breadcrumb","itemListElement":[{"@type":"ListItem","position":1,"name":"In\u00edcio","item":"https:\/\/www.correiobraziliense.com.br\/aqui\/"},{"@type":"ListItem","position":2,"name":"Armazenamento de medicamentos em casa exige cuidados; veja quais"}]},{"@type":"WebSite","@id":"https:\/\/www.correiobraziliense.com.br\/aqui\/#website","url":"https:\/\/www.correiobraziliense.com.br\/aqui\/","name":"Correio Braziliense - Aqui","description":"O Correio Braziliense (CB) \u00e9 o mais importante canal de not\u00edcias de Bras\u00edlia. Aqui voc\u00ea encontra as \u00faltimas not\u00edcias do DF, do Brasil e do mundo.","potentialAction":[{"@type":"SearchAction","target":{"@type":"EntryPoint","urlTemplate":"https:\/\/www.correiobraziliense.com.br\/aqui\/?s={search_term_string}"},"query-input":{"@type":"PropertyValueSpecification","valueRequired":true,"valueName":"search_term_string"}}],"inLanguage":"pt-BR"},{"@type":"Person","@id":"https:\/\/www.correiobraziliense.com.br\/aqui\/#\/schema\/person\/5d6e4d99fecc86ab1a7ed1a0369afb65","name":"Lara","image":{"@type":"ImageObject","inLanguage":"pt-BR","@id":"https:\/\/www.correiobraziliense.com.br\/aqui\/#\/schema\/person\/image\/","url":"https:\/\/secure.gravatar.com\/avatar\/57056c5c343a6d8a6669688d3d2c04916d9d280b352b6e50e66a8d39b2517e00?s=96&d=mm&r=g","contentUrl":"https:\/\/secure.gravatar.com\/avatar\/57056c5c343a6d8a6669688d3d2c04916d9d280b352b6e50e66a8d39b2517e00?s=96&d=mm&r=g","caption":"Lara"},"url":"https:\/\/www.correiobraziliense.com.br\/aqui\/author\/laraaqui\/"}]}},"_links":{"self":[{"href":"https:\/\/www.correiobraziliense.com.br\/aqui\/wp-json\/wp\/v2\/posts\/24336","targetHints":{"allow":["GET"]}}],"collection":[{"href":"https:\/\/www.correiobraziliense.com.br\/aqui\/wp-json\/wp\/v2\/posts"}],"about":[{"href":"https:\/\/www.correiobraziliense.com.br\/aqui\/wp-json\/wp\/v2\/types\/post"}],"author":[{"embeddable":true,"href":"https:\/\/www.correiobraziliense.com.br\/aqui\/wp-json\/wp\/v2\/users\/8"}],"replies":[{"embeddable":true,"href":"https:\/\/www.correiobraziliense.com.br\/aqui\/wp-json\/wp\/v2\/comments?post=24336"}],"version-history":[{"count":2,"href":"https:\/\/www.correiobraziliense.com.br\/aqui\/wp-json\/wp\/v2\/posts\/24336\/revisions"}],"predecessor-version":[{"id":24340,"href":"https:\/\/www.correiobraziliense.com.br\/aqui\/wp-json\/wp\/v2\/posts\/24336\/revisions\/24340"}],"wp:featuredmedia":[{"embeddable":true,"href":"https:\/\/www.correiobraziliense.com.br\/aqui\/wp-json\/wp\/v2\/media\/24337"}],"wp:attachment":[{"href":"https:\/\/www.correiobraziliense.com.br\/aqui\/wp-json\/wp\/v2\/media?parent=24336"}],"wp:term":[{"taxonomy":"category","embeddable":true,"href":"https:\/\/www.correiobraziliense.com.br\/aqui\/wp-json\/wp\/v2\/categories?post=24336"},{"taxonomy":"post_tag","embeddable":true,"href":"https:\/\/www.correiobraziliense.com.br\/aqui\/wp-json\/wp\/v2\/tags?post=24336"}],"curies":[{"name":"wp","href":"https:\/\/api.w.org\/{rel}","templated":true}]}}