{"id":24414,"date":"2026-03-12T16:55:00","date_gmt":"2026-03-12T19:55:00","guid":{"rendered":"https:\/\/www.correiobraziliense.com.br\/aqui\/?p=24414"},"modified":"2026-03-12T16:26:10","modified_gmt":"2026-03-12T19:26:10","slug":"metodo-simples-ensina-a-limpar-ventilador-empoeirado-sem-desmontar","status":"publish","type":"post","link":"https:\/\/www.correiobraziliense.com.br\/aqui\/2026\/03\/12\/metodo-simples-ensina-a-limpar-ventilador-empoeirado-sem-desmontar\/","title":{"rendered":"M\u00e9todo simples ensina a limpar ventilador empoeirado sem desmontar"},"content":{"rendered":"\n<p>Limpar o ventilador regularmente \u00e9 uma das formas mais simples de melhorar a circula\u00e7\u00e3o de ar em casa e reduzir a quantidade de poeira em suspens\u00e3o, principalmente em dias de calor intenso em cidades litor\u00e2neas. Quando o aparelho est\u00e1 sujo, <strong><a href=\"https:\/\/www.correiobraziliense.com.br\/aqui\/2026\/02\/23\/qual-prejudica-menos-a-saude-ventilador-ou-ar-condicionado\/\" target=\"_blank\" rel=\"noreferrer noopener\">o vento perde for\u00e7a e a sujeira acumulada nas h\u00e9lices passa a ser espalhada pelo ambiente<\/a><\/strong>. Al\u00e9m do desconforto, isso pode contribuir para crises al\u00e9rgicas em pessoas mais sens\u00edveis.<\/p>\n\n\n\n<p>Na rotina dom\u00e9stica, o ventilador costuma ficar ligado por horas, muitas vezes todos os dias durante o ver\u00e3o. Mesmo assim, a limpeza acaba sendo adiada, seja por falta de tempo, seja pelo receio de ter que desmontar o aparelho. No entanto, existem formas pr\u00e1ticas de higienizar o ventilador em poucos minutos, mantendo o bom desempenho e evitando que o p\u00f3 se acumule ao longo das semanas.<\/p>\n\n\n\n<h2 class=\"wp-block-heading\">Por que o ventilador acumula tanta poeira?<\/h2>\n\n\n\n<p>O funcionamento do aparelho explica por que ele acumula tanta sujeira: o motor puxa o ar do ambiente de forma cont\u00ednua e, junto com o fluxo de vento, v\u00eam diversas part\u00edculas presentes no dia a dia. Aos poucos, tudo isso se deposita nas p\u00e1s e na grade, formando aquela camada acinzentada vis\u00edvel a olho nu.<\/p>\n\n\n\n<p>Entre os principais res\u00edduos que se acumulam est\u00e3o:<\/p>\n\n\n\n<ul class=\"wp-block-list\">\n<li>poeira fina que entra pelas janelas;<\/li>\n\n\n\n<li>pelos de animais de estima\u00e7\u00e3o;<\/li>\n\n\n\n<li>fibras de tecidos de roupas, cortinas e estofados;<\/li>\n\n\n\n<li>res\u00edduos de polui\u00e7\u00e3o urbana e fuma\u00e7a de rua.<\/li>\n<\/ul>\n\n\n\n<p>Esse ac\u00famulo provoca alguns efeitos pr\u00e1ticos: o vento perde for\u00e7a, o motor trabalha com mais esfor\u00e7o e o ventilador passa a atuar como um \u201cespalhador\u201d de p\u00f3. Em ambientes pequenos, como quitinetes e escrit\u00f3rios caseiros, esse efeito pode ser ainda mais percept\u00edvel.<\/p>\n\n\n\n<h2 class=\"wp-block-heading\">Como limpar o ventilador em poucos minutos?<\/h2>\n\n\n\n<p>Uma das formas mais comentadas atualmente para limpar o ventilador empoeirado \u00e9 utilizar um saco pl\u00e1stico grande para reter a sujeira solta. Essa t\u00e9cnica \u00e9 buscada por quem precisa de uma solu\u00e7\u00e3o r\u00e1pida, sem desmontar o aparelho inteiro e sem levantar poeira pela casa. Ela pode ser aplicada em ventiladores de mesa, pedestal e, com adapta\u00e7\u00f5es, at\u00e9 em alguns modelos de parede.<\/p>\n\n\n\n<p>Para colocar o m\u00e9todo em pr\u00e1tica, s\u00e3o necess\u00e1rios poucos itens:<\/p>\n\n\n\n<ul class=\"wp-block-list\">\n<li>1 saco de lixo grande ou saco pl\u00e1stico resistente;<\/li>\n\n\n\n<li>1 pano macio ou esponja n\u00e3o abrasiva;<\/li>\n\n\n\n<li>detergente neutro dilu\u00eddo em \u00e1gua;<\/li>\n\n\n\n<li>um pano seco para acabamento.<\/li>\n<\/ul>\n\n\n\n<p>O procedimento costuma seguir uma sequ\u00eancia simples, que pode ser organizada em etapas:<\/p>\n\n\n\n<ol class=\"wp-block-list\">\n<li><strong>Desligar e retirar da tomada<\/strong>: antes de qualquer contato com o aparelho, \u00e9 fundamental garantir que n\u00e3o haja risco el\u00e9trico.<\/li>\n\n\n\n<li><strong>Limpar a parte externa<\/strong>: com um pano \u00famido e um pouco de detergente, remover a sujeira vis\u00edvel na frente e nas laterais da grade.<\/li>\n\n\n\n<li><strong>Envolver o ventilador com o saco pl\u00e1stico<\/strong>: o saco deve cobrir completamente a grade e as h\u00e9lices, criando uma esp\u00e9cie de \u201cc\u00e2mara\u201d para a poeira.<\/li>\n\n\n\n<li><strong>Ligar por poucos segundos<\/strong>: com o pl\u00e1stico bem seguro, o ventilador \u00e9 ligado rapidamente; o vento desprende o p\u00f3, que fica retido dentro do saco.<\/li>\n\n\n\n<li><strong>Finalizar com pano \u00famido<\/strong>: depois de desligar e retirar o saco, um novo pano \u00famido \u00e9 passado para remover eventuais res\u00edduos restantes.<\/li>\n<\/ol>\n\n\n\n<p>Essa t\u00e9cnica n\u00e3o substitui uma limpeza mais profunda, com desmontagem, mas ajuda a manter o aparelho em melhores condi\u00e7\u00f5es entre uma higieniza\u00e7\u00e3o completa e outra.<\/p>\n\n\n\n<h2 class=\"wp-block-heading\">Quais os benef\u00edcios de limpar o ventilador com frequ\u00eancia?<\/h2>\n\n\n\n<p>Manter a <strong>limpeza do ventilador<\/strong> em dia traz ganhos que v\u00e3o al\u00e9m da apar\u00eancia. Quando as p\u00e1s est\u00e3o livres de sujeira, o fluxo de ar se torna mais eficiente e o motor precisa fazer menos esfor\u00e7o para girar. Em locais de clima quente, isso pode significar um ambiente mais arejado durante todo o dia, sem depender exclusivamente de ar-condicionado.<\/p>\n\n\n\n<p>Entre os principais benef\u00edcios apontados por especialistas em limpeza residencial est\u00e3o:<\/p>\n\n\n\n<ul class=\"wp-block-list\">\n<li><strong>Melhor circula\u00e7\u00e3o de ar<\/strong>: p\u00e1s limpas movimentam o ar com maior intensidade e regularidade;<\/li>\n\n\n\n<li><strong>Menos poeira suspensa<\/strong>: o aparelho deixa de atuar como agente de dispers\u00e3o de p\u00f3 pelo c\u00f4modo;<\/li>\n\n\n\n<li><strong>Apoio a quem tem alergias<\/strong>: a redu\u00e7\u00e3o de poeira e \u00e1caros ajuda pessoas com rinite e outras sensibilidades respirat\u00f3rias;<\/li>\n\n\n\n<li><strong>Maior vida \u00fatil do motor<\/strong>: com menos resist\u00eancia e menos sujeira interna, o desgaste das pe\u00e7as tende a ser menor.<\/li>\n<\/ul>\n\n\n\n<p>Al\u00e9m disso, um ventilador bem cuidado costuma fazer menos ru\u00eddo, o que favorece o uso durante a noite. Embora esse efeito varie de modelo para modelo, a limpeza regular costuma contribuir para um funcionamento mais est\u00e1vel.<\/p>\n\n\n\n<h2 class=\"wp-block-heading\">Com que frequ\u00eancia \u00e9 ideal limpar o ventilador?<\/h2>\n\n\n\n<p>A periodicidade indicada para <strong>limpar o ventilador<\/strong> muda de acordo com o uso e com as caracter\u00edsticas do ambiente. Em per\u00edodos de calor forte, quando o aparelho permanece ligado quase o dia todo, a tend\u00eancia \u00e9 que a sujeira se acumule de forma mais acelerada, principalmente em regi\u00f5es com muita umidade e maresia, como a maior parte do litoral brasileiro.<\/p>\n\n\n\n<p>De forma geral, recomenda-se observar alguns intervalos aproximados:<\/p>\n\n\n\n<ul class=\"wp-block-list\">\n<li><strong>A cada 15 dias<\/strong> em \u00e9pocas de uso intenso, como ondas de calor;<\/li>\n\n\n\n<li><strong>Uma vez por m\u00eas<\/strong> quando o aparelho \u00e9 usado com menor frequ\u00eancia;<\/li>\n\n\n\n<li><strong>Intervalos menores<\/strong> em casas com animais de estima\u00e7\u00e3o, muita circula\u00e7\u00e3o de pessoas ou grande entrada de poeira da rua.<\/li>\n<\/ul>\n\n\n\n<p>Tamb\u00e9m pode ser \u00fatil reservar, pelo menos algumas vezes ao ano, um momento para uma limpeza mais detalhada, incluindo desmontagem da grade e higieniza\u00e7\u00e3o completa das p\u00e1s, sempre seguindo as orienta\u00e7\u00f5es do fabricante. Dessa forma, o ventilador continua cumprindo seu papel de ajudar no conforto t\u00e9rmico sem comprometer a qualidade do ar dentro de casa.<\/p>\n\n\n\n<h2 class=\"wp-block-heading\">FAQ sobre limpeza de eletrodom\u00e9sticos<\/h2>\n\n\n\n<p><strong>1. Posso usar produtos multiuso com cheiro forte para limpar eletrodom\u00e9sticos?<\/strong><br>Sim, mas com cautela. O ideal \u00e9 optar por produtos neutros, especialmente em geladeiras, micro-ondas e aparelhos de cozinha, para evitar que odores qu\u00edmicos passem para os alimentos. Entretanto, em superf\u00edcies externas como laterais de m\u00e1quinas de lavar ou geladeiras, o multiuso pode ser usado em pequena quantidade. Portanto, sempre teste antes em uma \u00e1rea discreta e limpe com pano \u00famido depois para retirar o excesso.<\/p>\n\n\n\n<p><strong>2. Como evitar ferrugem em partes met\u00e1licas dos eletrodom\u00e9sticos?<\/strong><br>A ferrugem costuma surgir em ambientes \u00famidos e com ac\u00famulo de res\u00edduos. Manter as superf\u00edcies sempre secas ap\u00f3s a limpeza \u00e9 a medida mais importante. Entretanto, em \u00e1reas pr\u00f3ximas ao fog\u00e3o ou tanques, tamb\u00e9m \u00e9 \u00fatil aplicar uma fina camada de \u00f3leo mineral ou spray espec\u00edfico anticorros\u00e3o em partes expostas. Portanto, se notar pontos de ferrugem iniciando, lixe levemente a regi\u00e3o, limpe bem e proteja logo em seguida.<\/p>\n\n\n\n<p><strong>3. Qual a melhor forma de limpar a parte interna da geladeira sem contaminar alimentos?<\/strong><br>A forma mais segura \u00e9 usar uma solu\u00e7\u00e3o de \u00e1gua com detergente neutro ou \u00e1gua com bicarbonato de s\u00f3dio. Desligue o aparelho, esvazie as prateleiras e limpe com pano macio, enxaguando com outro pano \u00famido e limpo. Entretanto, evite cloro e desinfetantes perfumados diretamente na parte interna, pois o cheiro pode impregnar nos alimentos. Portanto, espere tudo secar bem antes de ligar novamente e reorganizar o conte\u00fado.<\/p>\n\n\n\n<p><strong>4. Existe risco em usar muita \u00e1gua para limpar m\u00e1quinas de lavar e micro-ondas?<\/strong><br>Sim. Excesso de \u00e1gua pode atingir partes el\u00e9tricas e eletr\u00f4nicas, causando curto-circuito ou mau funcionamento. Para m\u00e1quinas de lavar, limpe o painel e parte externa com pano apenas levemente umedecido. Entretanto, o interior pode ser higienizado com ciclos de limpeza espec\u00edficos, sem jogar \u00e1gua diretamente no motor ou na parte de tr\u00e1s. No micro-ondas, use sempre pano \u00famido e nunca despeje \u00e1gua dentro do aparelho. Portanto, priorize m\u00e9todos com vapor (como aquecer um recipiente com \u00e1gua) e panos bem torcidos.<\/p>\n\n\n\n<p><strong>5. Posso usar vinagre e bicarbonato em qualquer eletrodom\u00e9stico?<\/strong><br>Vinagre e bicarbonato s\u00e3o aliados comuns na limpeza, mas n\u00e3o servem para tudo. O vinagre \u00e9 \u00fatil para remover gordura leve e odores em geladeiras, micro-ondas e m\u00e1quinas de lavar. Entretanto, n\u00e3o \u00e9 recomendado em superf\u00edcies de alum\u00ednio sem prote\u00e7\u00e3o, em algumas pedras naturais e em partes internas de aparelhos que o fabricante pro\u00edba. O bicarbonato pode ser levemente abrasivo, ent\u00e3o use com cuidado em superf\u00edcies delicadas. Portanto, consulte sempre o manual do produto antes de aplicar essas misturas.<\/p>\n\n\n\n<p><strong>6. Como limpar o filtro de ar-condicionado sem danificar o aparelho?<\/strong><br>A maioria dos filtros remov\u00edveis pode ser lavada apenas com \u00e1gua corrente. Retire o filtro conforme indica o manual, enx\u00e1gue pelo lado oposto ao fluxo de ar para expulsar a sujeira e deixe secar completamente \u00e0 sombra. Entretanto, n\u00e3o use detergentes fortes, escovas muito duras ou \u00e1gua quente, pois podem deformar o material. Portanto, s\u00f3 recoloque o filtro depois de seco, para n\u00e3o levar umidade para o interior do equipamento.<\/p>\n\n\n\n<p><strong>7. De quanto em quanto tempo devo limpar os eletrodom\u00e9sticos de cozinha al\u00e9m do ventilador?<\/strong><br>A frequ\u00eancia varia conforme o uso. Micro-ondas e fog\u00e3o usados diariamente pedem limpeza leve ap\u00f3s cada uso e uma higieniza\u00e7\u00e3o mais completa semanal. A geladeira, em geral, pode ser limpa por dentro a cada 1 ou 2 meses. Entretanto, em casas com crian\u00e7as, muitos respingos ou vazamentos de alimentos, a rotina precisa ser encurtada. Portanto, observe odores, manchas e ac\u00famulo de gordura como sinais de que a limpeza mais profunda n\u00e3o deve ser adiada.<\/p>\n\n\n\n<p><strong>8. \u00c9 realmente necess\u00e1rio desligar da tomada para limpar qualquer eletrodom\u00e9stico?<\/strong><br>Sim, por seguran\u00e7a. Sempre que for fazer uma limpeza mais cuidadosa, principalmente pr\u00f3xima a bot\u00f5es, pain\u00e9is, aberturas de ventila\u00e7\u00e3o ou partes internas, o ideal \u00e9 desligar e retirar da tomada. Entretanto, em uma passada muito r\u00e1pida com pano seco em uma superf\u00edcie externa, algumas pessoas mant\u00eam o aparelho ligado na tomada, o que aumenta o risco em caso de distra\u00e7\u00e3o. Portanto, para evitar choques e danos, adote o h\u00e1bito de desconectar, assim como \u00e9 recomendado para o ventilador.<\/p>\n\n\n\n<p><strong>9. Como reduzir o ac\u00famulo de poeira em eletrodom\u00e9sticos que n\u00e3o uso com frequ\u00eancia?<\/strong><br>Guardar os aparelhos em arm\u00e1rios fechados ou cobri-los com capas ou sacos limpos ajuda bastante. Manter janelas fechadas nos per\u00edodos de maior poeira e realizar limpezas gerais mais frequentes no ambiente tamb\u00e9m reduz o problema. Entretanto, mesmo os aparelhos pouco usados devem ser ligados e inspecionados de tempos em tempos para evitar ressecamento de pe\u00e7as e surpresas ao usar. Portanto, antes de recolocar em uso um eletrodom\u00e9stico parado, fa\u00e7a uma limpeza leve e verifique o funcionamento.<\/p>\n\n\n\n<p><strong>10. H\u00e1 diferen\u00e7a entre limpar e desinfetar eletrodom\u00e9sticos?<\/strong><br>Sim. Limpar significa remover sujeira vis\u00edvel, gordura e poeira; j\u00e1 desinfetar envolve reduzir a carga de micro-organismos na superf\u00edcie. Na cozinha, por exemplo, a limpeza di\u00e1ria \u00e9 suficiente na maior parte do tempo. Entretanto, em situa\u00e7\u00f5es de contamina\u00e7\u00e3o por alimentos estragados, vazamentos ou mau cheiro persistente, pode ser necess\u00e1rio desinfetar com produtos adequados e, de prefer\u00eancia, neutros e seguros para contato eventual com alimentos. Portanto, use desinfetantes com modera\u00e7\u00e3o, sempre seguindo as instru\u00e7\u00f5es do r\u00f3tulo e enxaguando quando indicado.<\/p>\n","protected":false},"excerpt":{"rendered":"<p>Limpar ventilador empoeirado: t\u00e9cnica r\u00e1pida com saco pl\u00e1stico para tirar poeira, melhorar o vento, reduzir alergias e aumentar a vida \u00fatil.<\/p>\n","protected":false},"author":8,"featured_media":24415,"comment_status":"open","ping_status":"open","sticky":false,"template":"","format":"standard","meta":{"jnews-multi-image_gallery":[],"jnews_single_post":{"format":"standard"},"jnews_primary_category":[],"jnews_social_meta":[],"jnews_override_counter":[],"footnotes":""},"categories":[120],"tags":[1125,5222,7423,5127,7424],"class_list":["post-24414","post","type-post","status-publish","format-standard","has-post-thumbnail","hentry","category-curiosidades","tag-curiosidades","tag-dica","tag-limpar-ventilador","tag-truque","tag-ventilador-empoeirado"],"yoast_head":"<!-- This site is optimized with the Yoast SEO plugin v25.1 - https:\/\/yoast.com\/wordpress\/plugins\/seo\/ -->\n<title>M\u00e9todo simples ensina a limpar ventilador empoeirado sem desmontar - Correio Braziliense - Aqui<\/title>\n<meta name=\"description\" content=\"Limpar ventilador empoeirado: t\u00e9cnica r\u00e1pida com saco pl\u00e1stico para tirar poeira, melhorar o vento, reduzir alergias e aumentar a vida \u00fatil.\" \/>\n<meta name=\"robots\" content=\"index, follow, max-snippet:-1, max-image-preview:large, max-video-preview:-1\" \/>\n<link rel=\"canonical\" href=\"https:\/\/www.correiobraziliense.com.br\/aqui\/2026\/03\/12\/metodo-simples-ensina-a-limpar-ventilador-empoeirado-sem-desmontar\/\" \/>\n<meta property=\"og:locale\" content=\"pt_BR\" \/>\n<meta property=\"og:type\" content=\"article\" \/>\n<meta property=\"og:title\" content=\"M\u00e9todo simples ensina a limpar ventilador empoeirado sem desmontar - Correio Braziliense - Aqui\" \/>\n<meta property=\"og:description\" content=\"Limpar ventilador empoeirado: t\u00e9cnica r\u00e1pida com saco pl\u00e1stico para tirar poeira, melhorar o vento, reduzir alergias e aumentar a vida \u00fatil.\" \/>\n<meta property=\"og:url\" content=\"https:\/\/www.correiobraziliense.com.br\/aqui\/2026\/03\/12\/metodo-simples-ensina-a-limpar-ventilador-empoeirado-sem-desmontar\/\" \/>\n<meta property=\"og:site_name\" content=\"Correio Braziliense - Aqui\" \/>\n<meta property=\"article:published_time\" content=\"2026-03-12T19:55:00+00:00\" \/>\n<meta property=\"og:image\" content=\"https:\/\/www.correiobraziliense.com.br\/aqui\/wp-content\/uploads\/2026\/03\/httpsneuralmyth.comstaticcache1225912d-52bb-46fd-975b-5181dd27c91f.jpeg\" \/>\n\t<meta property=\"og:image:width\" content=\"1280\" \/>\n\t<meta property=\"og:image:height\" content=\"720\" \/>\n\t<meta property=\"og:image:type\" content=\"image\/jpeg\" \/>\n<meta name=\"author\" content=\"Lara\" \/>\n<meta name=\"twitter:card\" content=\"summary_large_image\" \/>\n<meta name=\"twitter:label1\" content=\"Escrito por\" \/>\n\t<meta name=\"twitter:data1\" content=\"Lara\" \/>\n\t<meta name=\"twitter:label2\" content=\"Est. tempo de leitura\" \/>\n\t<meta name=\"twitter:data2\" content=\"10 minutos\" \/>\n<!-- \/ Yoast SEO plugin. -->","yoast_head_json":{"title":"M\u00e9todo simples ensina a limpar ventilador empoeirado sem desmontar - Correio Braziliense - Aqui","description":"Limpar ventilador empoeirado: t\u00e9cnica r\u00e1pida com saco pl\u00e1stico para tirar poeira, melhorar o vento, reduzir alergias e aumentar a vida \u00fatil.","robots":{"index":"index","follow":"follow","max-snippet":"max-snippet:-1","max-image-preview":"max-image-preview:large","max-video-preview":"max-video-preview:-1"},"canonical":"https:\/\/www.correiobraziliense.com.br\/aqui\/2026\/03\/12\/metodo-simples-ensina-a-limpar-ventilador-empoeirado-sem-desmontar\/","og_locale":"pt_BR","og_type":"article","og_title":"M\u00e9todo simples ensina a limpar ventilador empoeirado sem desmontar - Correio Braziliense - Aqui","og_description":"Limpar ventilador empoeirado: t\u00e9cnica r\u00e1pida com saco pl\u00e1stico para tirar poeira, melhorar o vento, reduzir alergias e aumentar a vida \u00fatil.","og_url":"https:\/\/www.correiobraziliense.com.br\/aqui\/2026\/03\/12\/metodo-simples-ensina-a-limpar-ventilador-empoeirado-sem-desmontar\/","og_site_name":"Correio Braziliense - Aqui","article_published_time":"2026-03-12T19:55:00+00:00","og_image":[{"width":1280,"height":720,"url":"https:\/\/www.correiobraziliense.com.br\/aqui\/wp-content\/uploads\/2026\/03\/httpsneuralmyth.comstaticcache1225912d-52bb-46fd-975b-5181dd27c91f.jpeg","type":"image\/jpeg"}],"author":"Lara","twitter_card":"summary_large_image","twitter_misc":{"Escrito por":"Lara","Est. tempo de leitura":"10 minutos"},"schema":{"@context":"https:\/\/schema.org","@graph":[{"@type":"WebPage","@id":"https:\/\/www.correiobraziliense.com.br\/aqui\/2026\/03\/12\/metodo-simples-ensina-a-limpar-ventilador-empoeirado-sem-desmontar\/","url":"https:\/\/www.correiobraziliense.com.br\/aqui\/2026\/03\/12\/metodo-simples-ensina-a-limpar-ventilador-empoeirado-sem-desmontar\/","name":"M\u00e9todo simples ensina a limpar ventilador empoeirado sem desmontar - Correio Braziliense - Aqui","isPartOf":{"@id":"https:\/\/www.correiobraziliense.com.br\/aqui\/#website"},"primaryImageOfPage":{"@id":"https:\/\/www.correiobraziliense.com.br\/aqui\/2026\/03\/12\/metodo-simples-ensina-a-limpar-ventilador-empoeirado-sem-desmontar\/#primaryimage"},"image":{"@id":"https:\/\/www.correiobraziliense.com.br\/aqui\/2026\/03\/12\/metodo-simples-ensina-a-limpar-ventilador-empoeirado-sem-desmontar\/#primaryimage"},"thumbnailUrl":"https:\/\/www.correiobraziliense.com.br\/aqui\/wp-content\/uploads\/2026\/03\/httpsneuralmyth.comstaticcache1225912d-52bb-46fd-975b-5181dd27c91f.jpeg","datePublished":"2026-03-12T19:55:00+00:00","author":{"@id":"https:\/\/www.correiobraziliense.com.br\/aqui\/#\/schema\/person\/5d6e4d99fecc86ab1a7ed1a0369afb65"},"description":"Limpar ventilador empoeirado: t\u00e9cnica r\u00e1pida com saco pl\u00e1stico para tirar poeira, melhorar o vento, reduzir alergias e aumentar a vida \u00fatil.","breadcrumb":{"@id":"https:\/\/www.correiobraziliense.com.br\/aqui\/2026\/03\/12\/metodo-simples-ensina-a-limpar-ventilador-empoeirado-sem-desmontar\/#breadcrumb"},"inLanguage":"pt-BR","potentialAction":[{"@type":"ReadAction","target":["https:\/\/www.correiobraziliense.com.br\/aqui\/2026\/03\/12\/metodo-simples-ensina-a-limpar-ventilador-empoeirado-sem-desmontar\/"]}]},{"@type":"ImageObject","inLanguage":"pt-BR","@id":"https:\/\/www.correiobraziliense.com.br\/aqui\/2026\/03\/12\/metodo-simples-ensina-a-limpar-ventilador-empoeirado-sem-desmontar\/#primaryimage","url":"https:\/\/www.correiobraziliense.com.br\/aqui\/wp-content\/uploads\/2026\/03\/httpsneuralmyth.comstaticcache1225912d-52bb-46fd-975b-5181dd27c91f.jpeg","contentUrl":"https:\/\/www.correiobraziliense.com.br\/aqui\/wp-content\/uploads\/2026\/03\/httpsneuralmyth.comstaticcache1225912d-52bb-46fd-975b-5181dd27c91f.jpeg","width":1280,"height":720,"caption":"Cr\u00e9ditos: depositphotos.com \/ mikeshots"},{"@type":"BreadcrumbList","@id":"https:\/\/www.correiobraziliense.com.br\/aqui\/2026\/03\/12\/metodo-simples-ensina-a-limpar-ventilador-empoeirado-sem-desmontar\/#breadcrumb","itemListElement":[{"@type":"ListItem","position":1,"name":"In\u00edcio","item":"https:\/\/www.correiobraziliense.com.br\/aqui\/"},{"@type":"ListItem","position":2,"name":"M\u00e9todo simples ensina a limpar ventilador empoeirado sem desmontar"}]},{"@type":"WebSite","@id":"https:\/\/www.correiobraziliense.com.br\/aqui\/#website","url":"https:\/\/www.correiobraziliense.com.br\/aqui\/","name":"Correio Braziliense - Aqui","description":"O Correio Braziliense (CB) \u00e9 o mais importante canal de not\u00edcias de Bras\u00edlia. Aqui voc\u00ea encontra as \u00faltimas not\u00edcias do DF, do Brasil e do mundo.","potentialAction":[{"@type":"SearchAction","target":{"@type":"EntryPoint","urlTemplate":"https:\/\/www.correiobraziliense.com.br\/aqui\/?s={search_term_string}"},"query-input":{"@type":"PropertyValueSpecification","valueRequired":true,"valueName":"search_term_string"}}],"inLanguage":"pt-BR"},{"@type":"Person","@id":"https:\/\/www.correiobraziliense.com.br\/aqui\/#\/schema\/person\/5d6e4d99fecc86ab1a7ed1a0369afb65","name":"Lara","image":{"@type":"ImageObject","inLanguage":"pt-BR","@id":"https:\/\/www.correiobraziliense.com.br\/aqui\/#\/schema\/person\/image\/","url":"https:\/\/secure.gravatar.com\/avatar\/57056c5c343a6d8a6669688d3d2c04916d9d280b352b6e50e66a8d39b2517e00?s=96&d=mm&r=g","contentUrl":"https:\/\/secure.gravatar.com\/avatar\/57056c5c343a6d8a6669688d3d2c04916d9d280b352b6e50e66a8d39b2517e00?s=96&d=mm&r=g","caption":"Lara"},"url":"https:\/\/www.correiobraziliense.com.br\/aqui\/author\/laraaqui\/"}]}},"_links":{"self":[{"href":"https:\/\/www.correiobraziliense.com.br\/aqui\/wp-json\/wp\/v2\/posts\/24414","targetHints":{"allow":["GET"]}}],"collection":[{"href":"https:\/\/www.correiobraziliense.com.br\/aqui\/wp-json\/wp\/v2\/posts"}],"about":[{"href":"https:\/\/www.correiobraziliense.com.br\/aqui\/wp-json\/wp\/v2\/types\/post"}],"author":[{"embeddable":true,"href":"https:\/\/www.correiobraziliense.com.br\/aqui\/wp-json\/wp\/v2\/users\/8"}],"replies":[{"embeddable":true,"href":"https:\/\/www.correiobraziliense.com.br\/aqui\/wp-json\/wp\/v2\/comments?post=24414"}],"version-history":[{"count":2,"href":"https:\/\/www.correiobraziliense.com.br\/aqui\/wp-json\/wp\/v2\/posts\/24414\/revisions"}],"predecessor-version":[{"id":24418,"href":"https:\/\/www.correiobraziliense.com.br\/aqui\/wp-json\/wp\/v2\/posts\/24414\/revisions\/24418"}],"wp:featuredmedia":[{"embeddable":true,"href":"https:\/\/www.correiobraziliense.com.br\/aqui\/wp-json\/wp\/v2\/media\/24415"}],"wp:attachment":[{"href":"https:\/\/www.correiobraziliense.com.br\/aqui\/wp-json\/wp\/v2\/media?parent=24414"}],"wp:term":[{"taxonomy":"category","embeddable":true,"href":"https:\/\/www.correiobraziliense.com.br\/aqui\/wp-json\/wp\/v2\/categories?post=24414"},{"taxonomy":"post_tag","embeddable":true,"href":"https:\/\/www.correiobraziliense.com.br\/aqui\/wp-json\/wp\/v2\/tags?post=24414"}],"curies":[{"name":"wp","href":"https:\/\/api.w.org\/{rel}","templated":true}]}}