{"id":24495,"date":"2026-03-13T11:39:00","date_gmt":"2026-03-13T14:39:00","guid":{"rendered":"https:\/\/www.correiobraziliense.com.br\/aqui\/?p=24495"},"modified":"2026-03-13T11:04:50","modified_gmt":"2026-03-13T14:04:50","slug":"lidar-com-pessoas-dificeis-causa-envelhecimento-acelerado-diz-especialistas","status":"publish","type":"post","link":"https:\/\/www.correiobraziliense.com.br\/aqui\/2026\/03\/13\/lidar-com-pessoas-dificeis-causa-envelhecimento-acelerado-diz-especialistas\/","title":{"rendered":"Lidar com pessoas dif\u00edceis causa envelhecimento acelerado; diz especialistas"},"content":{"rendered":"\n<p>O <a href=\"https:\/\/www.correiobraziliense.com.br\/aqui\/2026\/02\/12\/relacionamento-sinais-de-que-esta-na-hora-de-terminar\/\">impacto das rela\u00e7\u00f5es interpessoais na sa\u00fade<\/a> deixou de ser um tema restrito \u00e0 psicologia e passou a ocupar espa\u00e7o central na pesquisa biom\u00e9dica. Estudos recentes indicam que o conv\u00edvio cont\u00ednuo com pessoas consideradas \u201cdif\u00edceis\u201d pode estar associado ao envelhecimento precoce do organismo. Em vez de se limitar \u00e0 sensa\u00e7\u00e3o subjetiva de desgaste emocional, a ci\u00eancia tem mostrado que conflitos constantes e ambientes sociais hostis provocam altera\u00e7\u00f5es mensur\u00e1veis em horm\u00f4nios, inflama\u00e7\u00e3o e estrutura celular.<\/p>\n\n\n\n<h2 class=\"wp-block-heading\">Rela\u00e7\u00f5es t\u00f3xicas e envelhecimento precoce: o que a ci\u00eancia mostra?<\/h2>\n\n\n\n<p>Investiga\u00e7\u00f5es em diferentes pa\u00edses v\u00eam associando o estresse psicossocial intenso, gerado por rela\u00e7\u00f5es conflituosas, ao encurtamento dos tel\u00f4meros, estruturas que protegem as extremidades dos cromossomos. Tel\u00f4meros mais curtos costumam aparecer em pessoas expostas a altos n\u00edveis de estresse cr\u00f4nico, o que inclui ambiente familiar hostil, bullying, ass\u00e9dio no trabalho e conviv\u00eancia com indiv\u00edduos manipuladores ou agressivos.<\/p>\n\n\n\n<p>Nesse contexto, o termo \u201cpessoas dif\u00edceis\u201d abrange figuras que, de forma persistente, geram tens\u00e3o, cr\u00edticas destrutivas, humilha\u00e7\u00f5es veladas ou imprevisibilidade emocional. A exposi\u00e7\u00e3o continuada a esse tipo de intera\u00e7\u00e3o ativa repetidamente a resposta de \u201cluta ou fuga\u201d, elevando a libera\u00e7\u00e3o de cortisol e adrenalina. A literatura cient\u00edfica mais recente indica que, quando esse estado de alerta se torna rotina, h\u00e1 maior probabilidade de surgirem doen\u00e7as cardiovasculares, dist\u00farbios metab\u00f3licos e comprometimento do sistema imunol\u00f3gico.<\/p>\n\n\n\n<p>Atualmente, alguns estudos tamb\u00e9m investigam como fatores psicossociais positivos \u2013 como rela\u00e7\u00f5es seguras, ambientes de trabalho colaborativos e pr\u00e1ticas de comunica\u00e7\u00e3o n\u00e3o violenta \u2013 parecem associar\u2011se a tel\u00f4meros mais longos e melhor resposta ao estresse. Isso sugere que n\u00e3o \u00e9 apenas a aus\u00eancia de rela\u00e7\u00f5es t\u00f3xicas que importa, mas tamb\u00e9m a presen\u00e7a ativa de v\u00ednculos saud\u00e1veis, que funcionam como uma esp\u00e9cie de \u201cfertilizante\u201d biol\u00f3gico, ajudando na manuten\u00e7\u00e3o da sa\u00fade celular.<\/p>\n\n\n\n<h2 class=\"wp-block-heading\">Como o estresse das rela\u00e7\u00f5es deteriora o corpo por dentro?<\/h2>\n\n\n\n<p>Do ponto de vista biol\u00f3gico, o estresse interpessoal atua em v\u00e1rias frentes ao mesmo tempo. Em situa\u00e7\u00f5es de conflito, o organismo libera horm\u00f4nios do estresse, como o <strong>cortisol<\/strong>, que, em curto prazo, ajudam a lidar com amea\u00e7as. No entanto, quando o corpo permanece sob essa influ\u00eancia por semanas, meses ou anos, ocorre um processo de inflama\u00e7\u00e3o cr\u00f4nica de baixa intensidade. Esse tipo de inflama\u00e7\u00e3o tem sido associado ao avan\u00e7o de doen\u00e7as degenerativas, como diabetes tipo 2, hipertens\u00e3o e alguns tipos de dem\u00eancia.<\/p>\n\n\n\n<p>A liga\u00e7\u00e3o entre rela\u00e7\u00f5es t\u00f3xicas e envelhecimento celular \u00e9 frequentemente observada por meio dos tel\u00f4meros. Essas \u201cpontas protetoras\u201d dos cromossomos funcionam como um tipo de contador biol\u00f3gico: a cada divis\u00e3o celular, tendem a se encurtar. Fatores como sono inadequado, dieta rica em ultraprocessados e, de forma cada vez mais documentada, <strong>estresse relacional<\/strong>, aceleram esse encurtamento. Pesquisas indicam que indiv\u00edduos submetidos a rejei\u00e7\u00e3o social recorrente, brigas constantes ou clima de hostilidade prolongada apresentam marcadores biol\u00f3gicos compat\u00edveis com uma idade biol\u00f3gica superior \u00e0 idade real.<\/p>\n\n\n\n<p>Outro ponto em destaque \u00e9 o impacto sobre o sistema cardiovascular. Estudos de coorte apontam que a combina\u00e7\u00e3o de isolamento social e conflitos frequentes pode elevar o risco de eventos card\u00edacos a n\u00edveis compar\u00e1veis aos observados em fumantes. A frequ\u00eancia card\u00edaca se mant\u00e9m mais alta, h\u00e1 maior variabilidade na press\u00e3o arterial e o organismo registra menor capacidade de recupera\u00e7\u00e3o ap\u00f3s picos de estresse, o que contribui para o desgaste cumulativo ao longo dos anos.<\/p>\n\n\n\n<p>Algumas pesquisas recentes come\u00e7am a avaliar, por exemplo, como interven\u00e7\u00f5es simples \u2013 como t\u00e9cnicas de respira\u00e7\u00e3o, medita\u00e7\u00e3o, psicoterapia focada em habilidades relacionais e programas de redu\u00e7\u00e3o de estresse no ambiente de trabalho \u2013 podem reduzir marcadores inflamat\u00f3rios e melhorar a variabilidade da frequ\u00eancia card\u00edaca. Embora ainda seja um campo em expans\u00e3o, esses achados sugerem que, ao modificar a forma como nos relacionamos e reagimos a conflitos, tamb\u00e9m \u00e9 poss\u00edvel impactar diretamente o funcionamento interno do corpo.<\/p>\n\n\n\n<h2 class=\"wp-block-heading\">O c\u00e9rebro sente o conflito como dor? E quais s\u00e3o as consequ\u00eancias?<\/h2>\n\n\n\n<p>Pesquisas em neuroci\u00eancia social mostram que o c\u00e9rebro reage \u00e0 rejei\u00e7\u00e3o e ao conflito interpessoal de maneira semelhante \u00e0 dor f\u00edsica. Regi\u00f5es cerebrais ativadas quando algu\u00e9m sofre uma agress\u00e3o corporal tamb\u00e9m se acendem diante de experi\u00eancias de exclus\u00e3o, humilha\u00e7\u00e3o ou desprezo. Essa sobreposi\u00e7\u00e3o ajuda a entender por que determinadas rela\u00e7\u00f5es provocam sensa\u00e7\u00e3o de exaust\u00e3o generalizada, que n\u00e3o se limita ao campo emocional.<\/p>\n\n\n\n<p>Quando a mente interpreta uma intera\u00e7\u00e3o como amea\u00e7a recorrente, o corpo passa a se preparar continuamente para o ataque. Esse estado prolongado pode resultar em:<\/p>\n\n\n\n<ul class=\"wp-block-list\">\n<li><strong>Altera\u00e7\u00f5es no sono<\/strong>, com dificuldade para adormecer ou manter o sono profundo;<\/li>\n\n\n\n<li><strong>Redu\u00e7\u00e3o da imunidade<\/strong>, facilitando infec\u00e7\u00f5es frequentes;<\/li>\n\n\n\n<li><strong>Aumento da press\u00e3o arterial<\/strong> em momentos de conflito e, com o tempo, em repouso;<\/li>\n\n\n\n<li><strong>Maior risco de depress\u00e3o e ansiedade<\/strong>, que tamb\u00e9m est\u00e3o associados ao envelhecimento biol\u00f3gico acelerado.<\/li>\n<\/ul>\n\n\n\n<p>Dessa forma, o peso da toxicidade cotidiana deixa de ser um detalhe subjetivo e se torna um indicador relevante de sa\u00fade p\u00fablica. Compara\u00e7\u00f5es recentes sugerem que manter la\u00e7os sociais de baixa qualidade pode ter impacto semelhante ao de uma alimenta\u00e7\u00e3o desregulada, contribuindo para o encurtamento da expectativa de vida saud\u00e1vel.<\/p>\n\n\n\n<p>Por outro lado, estudos em neuroci\u00eancia apontam que experi\u00eancias repetidas de acolhimento, valida\u00e7\u00e3o emocional e coopera\u00e7\u00e3o estimulam circuitos cerebrais ligados \u00e0 recompensa e \u00e0 seguran\u00e7a. Esse tipo de viv\u00eancia favorece a libera\u00e7\u00e3o de subst\u00e2ncias como a ocitocina, que t\u00eam efeito modulador sobre a resposta ao estresse, ajudando o organismo a \u201cdesarmar\u201d com mais rapidez depois de situa\u00e7\u00f5es tensas. Assim, cultivar rela\u00e7\u00f5es mais seguras n\u00e3o \u00e9 apenas uma quest\u00e3o de bem\u2011estar subjetivo, mas tamb\u00e9m uma forma de treinar o c\u00e9rebro a sair do modo de amea\u00e7a cont\u00ednua.<\/p>\n\n\n\n<h2 class=\"wp-block-heading\">Quais estrat\u00e9gias ajudam a proteger a sa\u00fade em ambientes relacionais dif\u00edceis?<\/h2>\n\n\n\n<ol class=\"wp-block-list\">\n<li><strong>Identificar sinais de toxicidade<\/strong><br>Reconhecer padr\u00f5es como cr\u00edticas constantes, manipula\u00e7\u00e3o emocional, desrespeito a limites e explos\u00f5es de raiva recorrentes.<\/li>\n\n\n\n<li><strong>Estabelecer limites claros<\/strong><br>Comunicar de forma objetiva o que \u00e9 aceit\u00e1vel e o que n\u00e3o \u00e9 em determinada rela\u00e7\u00e3o, reduzindo a exposi\u00e7\u00e3o a situa\u00e7\u00f5es desgastantes.<\/li>\n\n\n\n<li><strong>Reduzir a conviv\u00eancia quando poss\u00edvel<\/strong><br>Em contextos em que o di\u00e1logo n\u00e3o surte efeito, o distanciamento f\u00edsico ou emocional pode diminuir a carga de estresse.<\/li>\n\n\n\n<li><strong>Fortalecer redes de apoio positivas<\/strong><br>Investir em rela\u00e7\u00f5es marcadas por respeito, coopera\u00e7\u00e3o e escuta tende a atenuar os efeitos do estresse vindo de outros v\u00ednculos.<\/li>\n\n\n\n<li><strong>Cuidar do corpo para amortecer o impacto<\/strong><br>Pr\u00e1ticas como atividade f\u00edsica regular, sono adequado e alimenta\u00e7\u00e3o equilibrada favorecem a recupera\u00e7\u00e3o do organismo ap\u00f3s per\u00edodos de tens\u00e3o.<\/li>\n<\/ol>\n\n\n\n<p>Estudos recentes sugerem que pessoas que conseguem cultivar la\u00e7os de apoio est\u00e1veis e reduzir o tempo gasto em conflitos apresentam idade biol\u00f3gica menor do que aquelas imersas em rela\u00e7\u00f5es hostis. Nessa perspectiva, preservar a sa\u00fade emocional e selecionar com cuidado as intera\u00e7\u00f5es di\u00e1rias deixam de ser apenas uma quest\u00e3o de bem-estar subjetivo e passam a ser encarados como componentes centrais de qualquer projeto de longevidade saud\u00e1vel.<\/p>\n\n\n\n<p>Al\u00e9m disso, cresce o uso de interven\u00e7\u00f5es psicoeducativas que ensinam habilidades como comunica\u00e7\u00e3o assertiva, resolu\u00e7\u00e3o de conflitos, reconhecimento de gatilhos emocionais e t\u00e9cnicas de relaxamento. Esses recursos n\u00e3o eliminam, por si s\u00f3, todas as rela\u00e7\u00f5es dif\u00edceis, mas aumentam a sensa\u00e7\u00e3o de controle e a capacidade de decidir quanto tempo, energia e intimidade ser\u00e3o investidos em cada v\u00ednculo \u2013 um passo fundamental para proteger a sa\u00fade a longo prazo.<\/p>\n\n\n\n<h2 class=\"wp-block-heading\">FAQ \u2013 Perguntas Frequentes sobre lidar envelhecer e pessoas dif\u00edceis<\/h2>\n\n\n\n<p><strong>1. Rela\u00e7\u00f5es t\u00f3xicas sempre causam danos irrevers\u00edveis ao organismo?<\/strong><br>N\u00e3o necessariamente. Parte dos efeitos do estresse cr\u00f4nico pode ser reduzida ou parcialmente revertida quando a fonte de tens\u00e3o \u00e9 afastada e h\u00e1bitos de prote\u00e7\u00e3o \u00e0 sa\u00fade s\u00e3o fortalecidos, como sono adequado, atividade f\u00edsica e apoio psicol\u00f3gico. Por\u00e9m, quanto mais tempo a pessoa permanece em ambientes hostis sem ajuda, maior tende a ser o impacto cumulativo.<\/p>\n\n\n\n<p><strong>2. Conviver com uma pessoa dif\u00edcil no trabalho \u00e9 t\u00e3o prejudicial quanto em casa?<\/strong><br>O contexto familiar costuma ter impacto mais profundo por envolver v\u00ednculos afetivos e maior tempo de exposi\u00e7\u00e3o. No entanto, ambientes de trabalho abusivos ou de conflito constante tamb\u00e9m est\u00e3o associados a maior risco de adoecimento f\u00edsico e mental, especialmente quando faltam pausas, apoio social e canais seguros de den\u00fancia.<\/p>\n\n\n\n<p><strong>3. Rela\u00e7\u00f5es virtuais t\u00f3xicas (em redes sociais) tamb\u00e9m influenciam o envelhecimento precoce?<\/strong><br>Sim. O c\u00e9rebro reage a ataques, humilha\u00e7\u00f5es p\u00fablicas e exclus\u00e3o em ambientes digitais de forma semelhante ao que ocorre em intera\u00e7\u00f5es presenciais. Exposi\u00e7\u00e3o cont\u00ednua a cyberbullying, coment\u00e1rios hostis e compara\u00e7\u00f5es sociais intensas pode aumentar o estresse e contribuir para altera\u00e7\u00f5es hormonais e inflamat\u00f3rias.<\/p>\n\n\n\n<p><strong>4. Crian\u00e7as expostas a ambientes familiares t\u00f3xicos correm mais risco na vida adulta?<\/strong><br>Sim. A inf\u00e2ncia \u00e9 um per\u00edodo de alta sensibilidade biol\u00f3gica e psicol\u00f3gica. Experi\u00eancias adversas precoces, como viol\u00eancia verbal ou emocional, neglig\u00eancia e conflitos intensos entre cuidadores, aumentam a vulnerabilidade a problemas de sa\u00fade f\u00edsica e mental na vida adulta, incluindo maior risco de envelhecimento biol\u00f3gico acelerado.<\/p>\n\n\n\n<p><strong>5. Em que momento \u00e9 recomend\u00e1vel buscar ajuda profissional?<\/strong><br>Quando a conviv\u00eancia com pessoas dif\u00edceis come\u00e7a a afetar o sono, o apetite, a concentra\u00e7\u00e3o, o desempenho no trabalho ou estudo, ou quando surgem sintomas f\u00edsicos recorrentes (como dores de cabe\u00e7a, gastrite, taquicardia), \u00e9 importante considerar apoio profissional. Psic\u00f3logos, psiquiatras e m\u00e9dicos cl\u00ednicos podem ajudar a avaliar o impacto do estresse relacional e orientar estrat\u00e9gias de prote\u00e7\u00e3o.<\/p>\n","protected":false},"excerpt":{"rendered":"<p>O impacto das rela\u00e7\u00f5es interpessoais na sa\u00fade deixou de ser um tema restrito \u00e0 psicologia e passou a ocupar espa\u00e7o central na pesquisa biom\u00e9dica. Estudos recentes indicam que o conv\u00edvio cont\u00ednuo com pessoas consideradas \u201cdif\u00edceis\u201d pode estar associado ao envelhecimento precoce do organismo. Em vez de se limitar \u00e0 sensa\u00e7\u00e3o subjetiva de desgaste emocional, a [&hellip;]<\/p>\n","protected":false},"author":10,"featured_media":24496,"comment_status":"open","ping_status":"open","sticky":false,"template":"","format":"standard","meta":{"jnews-multi-image_gallery":[],"jnews_single_post":{"format":"standard"},"jnews_primary_category":[],"jnews_social_meta":[],"jnews_override_counter":[],"footnotes":""},"categories":[120],"tags":[1659,7441,270],"class_list":["post-24495","post","type-post","status-publish","format-standard","has-post-thumbnail","hentry","category-curiosidades","tag-envelhecimento","tag-pessoas-dificeis","tag-relacoes-abertas"],"yoast_head":"<!-- This site is optimized with the Yoast SEO plugin v25.1 - https:\/\/yoast.com\/wordpress\/plugins\/seo\/ -->\n<title>Lidar com pessoas dif\u00edceis causa envelhecimento acelerado; diz especialistas - Correio Braziliense - Aqui<\/title>\n<meta name=\"description\" content=\"Rela\u00e7\u00f5es t\u00f3xicas aceleram o envelhecimento: entenda como lidar com pessoas dif\u00edceis afeta sua sa\u00fade e aprenda a proteger sua longevidade.\" \/>\n<meta name=\"robots\" content=\"index, follow, max-snippet:-1, max-image-preview:large, max-video-preview:-1\" \/>\n<link rel=\"canonical\" href=\"https:\/\/www.correiobraziliense.com.br\/aqui\/2026\/03\/13\/lidar-com-pessoas-dificeis-causa-envelhecimento-acelerado-diz-especialistas\/\" \/>\n<meta property=\"og:locale\" content=\"pt_BR\" \/>\n<meta property=\"og:type\" content=\"article\" \/>\n<meta property=\"og:title\" content=\"Lidar com pessoas dif\u00edceis causa envelhecimento acelerado; diz especialistas - Correio Braziliense - Aqui\" \/>\n<meta property=\"og:description\" content=\"Rela\u00e7\u00f5es t\u00f3xicas aceleram o envelhecimento: entenda como lidar com pessoas dif\u00edceis afeta sua sa\u00fade e aprenda a proteger sua longevidade.\" \/>\n<meta property=\"og:url\" content=\"https:\/\/www.correiobraziliense.com.br\/aqui\/2026\/03\/13\/lidar-com-pessoas-dificeis-causa-envelhecimento-acelerado-diz-especialistas\/\" \/>\n<meta property=\"og:site_name\" content=\"Correio Braziliense - Aqui\" \/>\n<meta property=\"article:published_time\" content=\"2026-03-13T14:39:00+00:00\" \/>\n<meta property=\"og:image\" content=\"https:\/\/www.correiobraziliense.com.br\/aqui\/wp-content\/uploads\/2026\/03\/httpsneuralmyth.comstaticcache055472de-6170-4cc0-9aa7-ad26df5cc3b9.jpeg\" \/>\n\t<meta property=\"og:image:width\" content=\"1280\" \/>\n\t<meta property=\"og:image:height\" content=\"720\" \/>\n\t<meta property=\"og:image:type\" content=\"image\/jpeg\" \/>\n<meta name=\"author\" content=\"Larissa\" \/>\n<meta name=\"twitter:card\" content=\"summary_large_image\" \/>\n<meta name=\"twitter:label1\" content=\"Escrito por\" \/>\n\t<meta name=\"twitter:data1\" content=\"Larissa\" \/>\n\t<meta name=\"twitter:label2\" content=\"Est. tempo de leitura\" \/>\n\t<meta name=\"twitter:data2\" content=\"9 minutos\" \/>\n<!-- \/ Yoast SEO plugin. -->","yoast_head_json":{"title":"Lidar com pessoas dif\u00edceis causa envelhecimento acelerado; diz especialistas - Correio Braziliense - Aqui","description":"Rela\u00e7\u00f5es t\u00f3xicas aceleram o envelhecimento: entenda como lidar com pessoas dif\u00edceis afeta sua sa\u00fade e aprenda a proteger sua longevidade.","robots":{"index":"index","follow":"follow","max-snippet":"max-snippet:-1","max-image-preview":"max-image-preview:large","max-video-preview":"max-video-preview:-1"},"canonical":"https:\/\/www.correiobraziliense.com.br\/aqui\/2026\/03\/13\/lidar-com-pessoas-dificeis-causa-envelhecimento-acelerado-diz-especialistas\/","og_locale":"pt_BR","og_type":"article","og_title":"Lidar com pessoas dif\u00edceis causa envelhecimento acelerado; diz especialistas - Correio Braziliense - Aqui","og_description":"Rela\u00e7\u00f5es t\u00f3xicas aceleram o envelhecimento: entenda como lidar com pessoas dif\u00edceis afeta sua sa\u00fade e aprenda a proteger sua longevidade.","og_url":"https:\/\/www.correiobraziliense.com.br\/aqui\/2026\/03\/13\/lidar-com-pessoas-dificeis-causa-envelhecimento-acelerado-diz-especialistas\/","og_site_name":"Correio Braziliense - Aqui","article_published_time":"2026-03-13T14:39:00+00:00","og_image":[{"width":1280,"height":720,"url":"https:\/\/www.correiobraziliense.com.br\/aqui\/wp-content\/uploads\/2026\/03\/httpsneuralmyth.comstaticcache055472de-6170-4cc0-9aa7-ad26df5cc3b9.jpeg","type":"image\/jpeg"}],"author":"Larissa","twitter_card":"summary_large_image","twitter_misc":{"Escrito por":"Larissa","Est. tempo de leitura":"9 minutos"},"schema":{"@context":"https:\/\/schema.org","@graph":[{"@type":"WebPage","@id":"https:\/\/www.correiobraziliense.com.br\/aqui\/2026\/03\/13\/lidar-com-pessoas-dificeis-causa-envelhecimento-acelerado-diz-especialistas\/","url":"https:\/\/www.correiobraziliense.com.br\/aqui\/2026\/03\/13\/lidar-com-pessoas-dificeis-causa-envelhecimento-acelerado-diz-especialistas\/","name":"Lidar com pessoas dif\u00edceis causa envelhecimento acelerado; diz especialistas - Correio Braziliense - Aqui","isPartOf":{"@id":"https:\/\/www.correiobraziliense.com.br\/aqui\/#website"},"primaryImageOfPage":{"@id":"https:\/\/www.correiobraziliense.com.br\/aqui\/2026\/03\/13\/lidar-com-pessoas-dificeis-causa-envelhecimento-acelerado-diz-especialistas\/#primaryimage"},"image":{"@id":"https:\/\/www.correiobraziliense.com.br\/aqui\/2026\/03\/13\/lidar-com-pessoas-dificeis-causa-envelhecimento-acelerado-diz-especialistas\/#primaryimage"},"thumbnailUrl":"https:\/\/www.correiobraziliense.com.br\/aqui\/wp-content\/uploads\/2026\/03\/httpsneuralmyth.comstaticcache055472de-6170-4cc0-9aa7-ad26df5cc3b9.jpeg","datePublished":"2026-03-13T14:39:00+00:00","author":{"@id":"https:\/\/www.correiobraziliense.com.br\/aqui\/#\/schema\/person\/775f50a8c1ac31704d56816e99b29041"},"description":"Rela\u00e7\u00f5es t\u00f3xicas aceleram o envelhecimento: entenda como lidar com pessoas dif\u00edceis afeta sua sa\u00fade e aprenda a proteger sua longevidade.","breadcrumb":{"@id":"https:\/\/www.correiobraziliense.com.br\/aqui\/2026\/03\/13\/lidar-com-pessoas-dificeis-causa-envelhecimento-acelerado-diz-especialistas\/#breadcrumb"},"inLanguage":"pt-BR","potentialAction":[{"@type":"ReadAction","target":["https:\/\/www.correiobraziliense.com.br\/aqui\/2026\/03\/13\/lidar-com-pessoas-dificeis-causa-envelhecimento-acelerado-diz-especialistas\/"]}]},{"@type":"ImageObject","inLanguage":"pt-BR","@id":"https:\/\/www.correiobraziliense.com.br\/aqui\/2026\/03\/13\/lidar-com-pessoas-dificeis-causa-envelhecimento-acelerado-diz-especialistas\/#primaryimage","url":"https:\/\/www.correiobraziliense.com.br\/aqui\/wp-content\/uploads\/2026\/03\/httpsneuralmyth.comstaticcache055472de-6170-4cc0-9aa7-ad26df5cc3b9.jpeg","contentUrl":"https:\/\/www.correiobraziliense.com.br\/aqui\/wp-content\/uploads\/2026\/03\/httpsneuralmyth.comstaticcache055472de-6170-4cc0-9aa7-ad26df5cc3b9.jpeg","width":1280,"height":720,"caption":"Cr\u00e9ditos: depositphotos.com \/ konevaelvira.gmail.com"},{"@type":"BreadcrumbList","@id":"https:\/\/www.correiobraziliense.com.br\/aqui\/2026\/03\/13\/lidar-com-pessoas-dificeis-causa-envelhecimento-acelerado-diz-especialistas\/#breadcrumb","itemListElement":[{"@type":"ListItem","position":1,"name":"In\u00edcio","item":"https:\/\/www.correiobraziliense.com.br\/aqui\/"},{"@type":"ListItem","position":2,"name":"Lidar com pessoas dif\u00edceis causa envelhecimento acelerado; diz especialistas"}]},{"@type":"WebSite","@id":"https:\/\/www.correiobraziliense.com.br\/aqui\/#website","url":"https:\/\/www.correiobraziliense.com.br\/aqui\/","name":"Correio Braziliense - Aqui","description":"O Correio Braziliense (CB) \u00e9 o mais importante canal de not\u00edcias de Bras\u00edlia. Aqui voc\u00ea encontra as \u00faltimas not\u00edcias do DF, do Brasil e do mundo.","potentialAction":[{"@type":"SearchAction","target":{"@type":"EntryPoint","urlTemplate":"https:\/\/www.correiobraziliense.com.br\/aqui\/?s={search_term_string}"},"query-input":{"@type":"PropertyValueSpecification","valueRequired":true,"valueName":"search_term_string"}}],"inLanguage":"pt-BR"},{"@type":"Person","@id":"https:\/\/www.correiobraziliense.com.br\/aqui\/#\/schema\/person\/775f50a8c1ac31704d56816e99b29041","name":"Larissa","image":{"@type":"ImageObject","inLanguage":"pt-BR","@id":"https:\/\/www.correiobraziliense.com.br\/aqui\/#\/schema\/person\/image\/","url":"https:\/\/secure.gravatar.com\/avatar\/62f5b2e99de671d075ab98e19f03c3c38c80a93f5d06f51075cf4431a4e76458?s=96&d=mm&r=g","contentUrl":"https:\/\/secure.gravatar.com\/avatar\/62f5b2e99de671d075ab98e19f03c3c38c80a93f5d06f51075cf4431a4e76458?s=96&d=mm&r=g","caption":"Larissa"},"url":"https:\/\/www.correiobraziliense.com.br\/aqui\/author\/larissaaqui\/"}]}},"_links":{"self":[{"href":"https:\/\/www.correiobraziliense.com.br\/aqui\/wp-json\/wp\/v2\/posts\/24495","targetHints":{"allow":["GET"]}}],"collection":[{"href":"https:\/\/www.correiobraziliense.com.br\/aqui\/wp-json\/wp\/v2\/posts"}],"about":[{"href":"https:\/\/www.correiobraziliense.com.br\/aqui\/wp-json\/wp\/v2\/types\/post"}],"author":[{"embeddable":true,"href":"https:\/\/www.correiobraziliense.com.br\/aqui\/wp-json\/wp\/v2\/users\/10"}],"replies":[{"embeddable":true,"href":"https:\/\/www.correiobraziliense.com.br\/aqui\/wp-json\/wp\/v2\/comments?post=24495"}],"version-history":[{"count":5,"href":"https:\/\/www.correiobraziliense.com.br\/aqui\/wp-json\/wp\/v2\/posts\/24495\/revisions"}],"predecessor-version":[{"id":24502,"href":"https:\/\/www.correiobraziliense.com.br\/aqui\/wp-json\/wp\/v2\/posts\/24495\/revisions\/24502"}],"wp:featuredmedia":[{"embeddable":true,"href":"https:\/\/www.correiobraziliense.com.br\/aqui\/wp-json\/wp\/v2\/media\/24496"}],"wp:attachment":[{"href":"https:\/\/www.correiobraziliense.com.br\/aqui\/wp-json\/wp\/v2\/media?parent=24495"}],"wp:term":[{"taxonomy":"category","embeddable":true,"href":"https:\/\/www.correiobraziliense.com.br\/aqui\/wp-json\/wp\/v2\/categories?post=24495"},{"taxonomy":"post_tag","embeddable":true,"href":"https:\/\/www.correiobraziliense.com.br\/aqui\/wp-json\/wp\/v2\/tags?post=24495"}],"curies":[{"name":"wp","href":"https:\/\/api.w.org\/{rel}","templated":true}]}}