{"id":24524,"date":"2026-03-13T15:25:00","date_gmt":"2026-03-13T18:25:00","guid":{"rendered":"https:\/\/www.correiobraziliense.com.br\/aqui\/?p=24524"},"modified":"2026-03-13T13:54:05","modified_gmt":"2026-03-13T16:54:05","slug":"truques-para-conservar-o-abacate-fresco-e-evitar-que-escureca","status":"publish","type":"post","link":"https:\/\/www.correiobraziliense.com.br\/aqui\/2026\/03\/13\/truques-para-conservar-o-abacate-fresco-e-evitar-que-escureca\/","title":{"rendered":"Truques para conservar o abacate fresco e evitar que escure\u00e7a"},"content":{"rendered":"\n<p>Entre os alimentos que mais aparecem no prato do brasileiro, o abacate ganhou espa\u00e7o n\u00e3o s\u00f3 pelo sabor, mas tamb\u00e9m pelo valor nutritivo. No entanto, quem consome a fruta com frequ\u00eancia costuma enfrentar um problema recorrente: depois de cortada, a polpa escurece em pouco tempo, o que leva muita gente a descartar parte do alimento.<\/p>\n\n\n\n<p>Esse escurecimento r\u00e1pido gera d\u00favidas sobre como armazenar o abacate de forma adequada, especialmente quando apenas uma metade \u00e9 usada em vitaminas, torradas ou saladas. Com alguns cuidados simples, \u00e9 poss\u00edvel prolongar a vida \u00fatil da fruta na geladeira e evitar desperd\u00edcios, mantendo cor, textura e caracter\u00edsticas nutricionais por mais tempo.<\/p>\n\n\n\n<h2 class=\"wp-block-heading\">O que \u00e9 a oxida\u00e7\u00e3o do abacate e por que ele fica preto?<\/h2>\n\n\n\n<p>O escurecimento da polpa ocorre por um processo natural conhecido como oxida\u00e7\u00e3o. Quando o abacate \u00e9 cortado, <strong><a href=\"https:\/\/www.correiobraziliense.com.br\/aqui\/2026\/03\/05\/abacate-na-dieta-saiba-os-beneficios-para-o-coracao-e-como-consumir\/\" target=\"_blank\" rel=\"noreferrer noopener\">suas c\u00e9lulas se rompem e exp\u00f5em enzimas internas ao contato com o oxig\u00eanio do ar<\/a><\/strong>. Esse contato desencadeia uma rea\u00e7\u00e3o qu\u00edmica que forma compostos escuros na superf\u00edcie, alterando a apar\u00eancia da fruta sem, necessariamente, torn\u00e1-la impr\u00f3pria para consumo imediato.<\/p>\n\n\n\n<p>Esse fen\u00f4meno n\u00e3o \u00e9 exclusivo do abacate. Frutas como ma\u00e7\u00e3, banana e pera tamb\u00e9m escurecem ap\u00f3s o corte pelo mesmo motivo. No caso do abacate, a mudan\u00e7a de cor \u00e9 mais percept\u00edvel porque a polpa, inicialmente verde-clara ou amarelada, contrasta bastante com os tons marrons que surgem na superf\u00edcie. Por isso, t\u00e9cnicas que reduzem o acesso ao ar ou que interferem nessa rea\u00e7\u00e3o qu\u00edmica s\u00e3o as mais indicadas para manter o aspecto fresco.<\/p>\n\n\n\n<p>Outro ponto relevante \u00e9 a temperatura. Em geral, a oxida\u00e7\u00e3o avan\u00e7a mais rapidamente em ambientes quentes. Assim, manter o alimento refrigerado combinado com barreiras f\u00edsicas ou ingredientes \u00e1cidos tende a retardar o escurecimento e ajuda a preservar a textura cremosa caracter\u00edstica da fruta.<\/p>\n\n\n\n<h2 class=\"wp-block-heading\">Como conserv\u00e1-lo fresco por mais tempo?<\/h2>\n\n\n\n<p>Para conservar o abacate por mais tempo, especialistas em alimenta\u00e7\u00e3o recomendam adotar estrat\u00e9gias que limitem o contato da polpa com o oxig\u00eanio e mantenham a fruta em ambiente frio. No dia a dia da cozinha, alguns m\u00e9todos simples costumam ser suficientes para prolongar a durabilidade depois de aberta, reduzindo o desperd\u00edcio.<\/p>\n\n\n\n<p>Entre as pr\u00e1ticas dom\u00e9sticas mais comuns para <strong>conservar abacate<\/strong> cortado, destacam-se:<\/p>\n\n\n\n<ul class=\"wp-block-list\">\n<li><strong>Armazenar em recipiente herm\u00e9tico:<\/strong> colocar a metade da fruta em um pote com tampa bem vedado ajuda a diminuir a quantidade de ar em contato com a polpa.<\/li>\n\n\n\n<li><strong>Manter o caro\u00e7o na parte n\u00e3o utilizada:<\/strong> deixar o caro\u00e7o na metade armazenada reduz a \u00e1rea exposta, o que pode retardar o escurecimento.<\/li>\n\n\n\n<li><strong>Aplicar suco de lim\u00e3o ou outra fonte de acidez:<\/strong> espalhar algumas gotas sobre a superf\u00edcie cria uma esp\u00e9cie de prote\u00e7\u00e3o qu\u00edmica contra a oxida\u00e7\u00e3o.<\/li>\n\n\n\n<li><strong>Envolver com filme pl\u00e1stico:<\/strong> cobrir a parte cortada com pl\u00e1stico filme bem aderido \u00e0 polpa limita o acesso de oxig\u00eanio.<\/li>\n<\/ul>\n\n\n\n<p>Essas medidas podem ser combinadas. Muitas pessoas optam por manter a metade com caro\u00e7o, passar um pouco de lim\u00e3o e, em seguida, embalar com filme antes de levar \u00e0 geladeira em pote fechado. A combina\u00e7\u00e3o de barreira f\u00edsica, baixa temperatura e acidez costuma preservar melhor a cor e a textura.<\/p>\n\n\n\n<h2 class=\"wp-block-heading\">Quais m\u00e9todos funcionam melhor para guardar abacate na geladeira?<\/h2>\n\n\n\n<p>Na pr\u00e1tica, a efic\u00e1cia de cada t\u00e9cnica pode variar conforme o tempo de armazenamento desejado e o uso previsto da fruta. Para quem pretende consumir o abacate em at\u00e9 um ou dois dias, as abordagens mais simples geralmente atendem bem \u00e0s necessidades di\u00e1rias da cozinha.<\/p>\n\n\n\n<ol class=\"wp-block-list\">\n<li><strong>Meio abacate com caro\u00e7o e lim\u00e3o:<\/strong> ideal quando apenas uma parte ser\u00e1 usada em saladas ou torradas. A metade restante \u00e9 pincelada com lim\u00e3o, mantida com o caro\u00e7o, envolvida em filme e refrigerada.<\/li>\n\n\n\n<li><strong>Pur\u00ea de abacate com prote\u00e7\u00e3o:<\/strong> para preparos como pastas, cremes ou vers\u00f5es de guacamole adaptadas, recomenda-se colocar o pur\u00ea em um pote, nivelar a superf\u00edcie e cobrir com pl\u00e1stico filme em contato direto com a massa antes de tampar.<\/li>\n\n\n\n<li><strong>Armazenamento em peda\u00e7os:<\/strong> cubos ou fatias podem ser distribu\u00eddos em recipientes pequenos, tamb\u00e9m protegidos por lim\u00e3o e filme, o que facilita o uso r\u00e1pido em por\u00e7\u00f5es individuais.<\/li>\n<\/ol>\n\n\n\n<p>Al\u00e9m da cor, o armazenamento correto contribui para manter o sabor caracter\u00edstico e a textura firme, sem excesso de umidade ou ressecamento. Em todos os casos, \u00e9 indicado observar o aspecto geral da fruta: cheiro alterado, presen\u00e7a de mofo ou partes muito escurecidas e moles s\u00e3o sinais de que o alimento n\u00e3o deve ser consumido.<\/p>\n\n\n\n<h2 class=\"wp-block-heading\">Cuidados extras para aproveitar melhor o abacate no dia a dia<\/h2>\n\n\n\n<p>Para quem consome abacate com frequ\u00eancia, alguns h\u00e1bitos simples podem facilitar o aproveitamento da fruta. Uma dica \u00e9 planejar a compra de acordo com o consumo: adquirir unidades em diferentes est\u00e1gios de matura\u00e7\u00e3o permite que amadure\u00e7am de forma escalonada, evitando que todas fiquem prontas ao mesmo tempo.<\/p>\n\n\n\n<p>Outra estrat\u00e9gia comum \u00e9 aproveitar o abacate maduro em prepara\u00e7\u00f5es que permitem congelamento, como cremes para vitaminas ou bases de molhos. Nesses casos, costuma-se bater a polpa com um pouco de lim\u00e3o e armazenar em pequenas por\u00e7\u00f5es no freezer, em recipientes adequados ou formas de gelo, sempre respeitando boas pr\u00e1ticas de higiene e conserva\u00e7\u00e3o.<\/p>\n\n\n\n<p>Ao combinar escolhas adequadas de compra, t\u00e9cnicas de armazenamento e observa\u00e7\u00e3o di\u00e1ria do estado da fruta, torna-se poss\u00edvel reduzir perdas e utilizar melhor esse alimento vers\u00e1til. Com cuidados relativamente simples, o abacate pode permanecer fresco por mais tempo, preservando suas caracter\u00edsticas e ajudando a organizar o consumo de forma mais racional.<\/p>\n\n\n\n<h2 class=\"wp-block-heading\">FAQ sobre conserva\u00e7\u00e3o de frutas<\/h2>\n\n\n\n<p><strong>1. \u00c9 melhor guardar frutas na geladeira ou em temperatura ambiente?<\/strong><\/p>\n\n\n\n<p>A melhor forma de guardar frutas depende do tipo de fruta e do est\u00e1gio de matura\u00e7\u00e3o. Frutas climat\u00e9ricas, como banana, manga e mam\u00e3o, amadurecem melhor em temperatura ambiente e s\u00f3 depois devem ir \u00e0 geladeira para prolongar a durabilidade. J\u00e1 frutas como uva, morango e cereja s\u00e3o mais sens\u00edveis ao calor e, portanto, devem ser refrigeradas assim que chegam em casa. Entretanto, \u00e9 importante evitar mudan\u00e7as bruscas de temperatura e sempre observar a textura e o aroma antes do consumo.<\/p>\n\n\n\n<p><strong>2. Como devo higienizar as frutas antes de armazenar?<\/strong><\/p>\n\n\n\n<p>Recomenda-se lavar as frutas em \u00e1gua corrente e, quando apropriado, deix\u00e1-las de molho em solu\u00e7\u00e3o clorada espec\u00edfica para alimentos, seguindo as instru\u00e7\u00f5es do r\u00f3tulo. Entretanto, frutas com casca mais sens\u00edvel, como frutos vermelhos, podem se deteriorar mais r\u00e1pido se lavadas muito antes do consumo, ent\u00e3o \u00e9 prefer\u00edvel higieniz\u00e1-las pouco antes de comer. Portanto, uma boa pr\u00e1tica \u00e9 separar o que ser\u00e1 consumido em breve para lavagem imediata e manter o restante limpo apenas por fora, seco e bem acondicionado.<\/p>\n\n\n\n<p><strong>3. Posso congelar qualquer tipo de fruta?<\/strong><\/p>\n\n\n\n<p>A maioria das frutas pode ser congelada, mas a textura ap\u00f3s o descongelamento muda bastante, o que as torna mais adequadas para sucos, vitaminas e sobremesas do que para consumo in natura. Frutas como morango, manga, abacaxi e frutas vermelhas costumam congelar bem quando cortadas e armazenadas em por\u00e7\u00f5es. Entretanto, frutas muito aquosas podem soltar bastante l\u00edquido ao descongelar. Portanto, planeje o uso: ent\u00e3o, se a inten\u00e7\u00e3o for preparar smoothies, doces ou molhos, o congelamento \u00e9 uma boa alternativa para evitar desperd\u00edcio.<\/p>\n\n\n\n<p><strong>4. Como organizar as frutas na geladeira para durarem mais?<\/strong><\/p>\n\n\n\n<p>A organiza\u00e7\u00e3o correta ajuda a preservar a qualidade. Use as gavetas inferiores para frutas mais sens\u00edveis, pois ali a umidade \u00e9 maior e a temperatura mais est\u00e1vel. Entretanto, evite empilhar muitas unidades, para n\u00e3o causar amassamentos que aceleram a deteriora\u00e7\u00e3o. Portanto, mantenha cada tipo de fruta em recipientes pr\u00f3prios ou sacos perfurados, permitindo circula\u00e7\u00e3o de ar. Ent\u00e3o, fa\u00e7a um rod\u00edzio: coloque as frutas mais antigas na frente para serem consumidas primeiro.<\/p>\n\n\n\n<p><strong>5. Como saber se uma fruta ainda est\u00e1 pr\u00f3pria para consumo?<\/strong><\/p>\n\n\n\n<p>Observe tr\u00eas pontos principais: apar\u00eancia, cheiro e textura. Manchas superficiais e pequenas \u00e1reas amolecidas podem ser retiradas, desde que o restante esteja firme e com aroma agrad\u00e1vel. Entretanto, presen\u00e7a de mofo, cheiro fermentado ou textura excessivamente pastosa indicam que a fruta deve ser descartada. Portanto, confie nos sentidos e, em caso de d\u00favida, \u00e9 mais seguro n\u00e3o consumir. Ent\u00e3o, a inspe\u00e7\u00e3o di\u00e1ria dos alimentos armazenados \u00e9 um h\u00e1bito simples que ajuda a evitar riscos.<\/p>\n\n\n\n<p><strong>6. \u00c9 verdade que algumas frutas n\u00e3o devem ser guardadas juntas?<\/strong><\/p>\n\n\n\n<p>Em suma, sim, algumas frutas liberam mais etileno, um g\u00e1s natural que acelera o amadurecimento de outras. Ma\u00e7\u00e3s, peras e bananas, por exemplo, podem acelerar a matura\u00e7\u00e3o de frutas mais sens\u00edveis quando armazenadas pr\u00f3ximas. Entretanto, isso pode ser utilizado a favor: se desejar amadurecer mais r\u00e1pido um lote de frutas ainda verdes, aproxime-as das que produzem mais etileno. Portanto, quando a inten\u00e7\u00e3o for prolongar a durabilidade, ent\u00e3o vale separar as frutas muito maduras das demais.<\/p>\n\n\n\n<p><strong>7. Embalagens fechadas realmente ajudam na conserva\u00e7\u00e3o?<\/strong><\/p>\n\n\n\n<p>Recipientes fechados ou sacos pr\u00f3prios para alimentos ajudam a controlar umidade e reduzir o contato com o ar, o que pode retardar o ressecamento e a perda de textura de muitas frutas j\u00e1 cortadas. Entretanto, \u00e9 importante que os recipientes estejam limpos e secos para n\u00e3o favorecer o crescimento de microrganismos. Portanto, escolha embalagens transparentes para visualizar facilmente o estado das frutas. Ent\u00e3o, sempre rotule com a data de armazenamento para organizar melhor o consumo.<\/p>\n\n\n\n<p><strong>8. Como aproveitar frutas muito maduras sem desperdi\u00e7ar?<\/strong><\/p>\n\n\n\n<p>Frutas muito maduras podem ser excelentes ingredientes para vitaminas, sorvetes caseiros, geleias, bolos e molhos doces. Entretanto, \u00e9 essencial garantir que n\u00e3o haja sinais de mofo ou odores estranhos antes do uso. Portanto, ao perceber que alguma fruta est\u00e1 amadurecendo r\u00e1pido demais, j\u00e1 separe para preparar receitas que possam ser consumidas ou congeladas. Ent\u00e3o, planejar esse reaproveitamento ajuda a reduzir o desperd\u00edcio e variar o card\u00e1pio.<\/p>\n","protected":false},"excerpt":{"rendered":"<p>Conserve o abacate fresco por mais tempo: m\u00e9todos simples para evitar o escurecimento, manter a textura cremosa e reduzir o desperd\u00edcio.<\/p>\n","protected":false},"author":8,"featured_media":24525,"comment_status":"open","ping_status":"open","sticky":false,"template":"","format":"standard","meta":{"jnews-multi-image_gallery":[],"jnews_single_post":{"format":"standard"},"jnews_primary_category":[],"jnews_social_meta":[],"jnews_override_counter":[],"footnotes":""},"categories":[120],"tags":[5908,418,7380,1125,7442],"class_list":["post-24524","post","type-post","status-publish","format-standard","has-post-thumbnail","hentry","category-curiosidades","tag-abacate","tag-conservacao","tag-conservacao-de-frutas","tag-curiosidades","tag-oxidacao"],"yoast_head":"<!-- This site is optimized with the Yoast SEO plugin v25.1 - https:\/\/yoast.com\/wordpress\/plugins\/seo\/ -->\n<title>Truques para conservar o abacate fresco e evitar que escure\u00e7a - Correio Braziliense - Aqui<\/title>\n<meta name=\"description\" content=\"Conserve o abacate fresco por mais tempo: m\u00e9todos simples para evitar o escurecimento, manter a textura cremosa e reduzir o desperd\u00edcio.\" \/>\n<meta name=\"robots\" content=\"index, follow, max-snippet:-1, max-image-preview:large, max-video-preview:-1\" \/>\n<link rel=\"canonical\" href=\"https:\/\/www.correiobraziliense.com.br\/aqui\/2026\/03\/13\/truques-para-conservar-o-abacate-fresco-e-evitar-que-escureca\/\" \/>\n<meta property=\"og:locale\" content=\"pt_BR\" \/>\n<meta property=\"og:type\" content=\"article\" \/>\n<meta property=\"og:title\" content=\"Truques para conservar o abacate fresco e evitar que escure\u00e7a - Correio Braziliense - Aqui\" \/>\n<meta property=\"og:description\" content=\"Conserve o abacate fresco por mais tempo: m\u00e9todos simples para evitar o escurecimento, manter a textura cremosa e reduzir o desperd\u00edcio.\" \/>\n<meta property=\"og:url\" content=\"https:\/\/www.correiobraziliense.com.br\/aqui\/2026\/03\/13\/truques-para-conservar-o-abacate-fresco-e-evitar-que-escureca\/\" \/>\n<meta property=\"og:site_name\" content=\"Correio Braziliense - Aqui\" \/>\n<meta property=\"article:published_time\" content=\"2026-03-13T18:25:00+00:00\" \/>\n<meta property=\"og:image\" content=\"https:\/\/www.correiobraziliense.com.br\/aqui\/wp-content\/uploads\/2026\/03\/httpsneuralmyth.comstaticcache076f4b10-0e3e-4995-93cb-71c2442e7a67.jpeg\" \/>\n\t<meta property=\"og:image:width\" content=\"1280\" \/>\n\t<meta property=\"og:image:height\" content=\"720\" \/>\n\t<meta property=\"og:image:type\" content=\"image\/jpeg\" \/>\n<meta name=\"author\" content=\"Lara\" \/>\n<meta name=\"twitter:card\" content=\"summary_large_image\" \/>\n<meta name=\"twitter:label1\" content=\"Escrito por\" \/>\n\t<meta name=\"twitter:data1\" content=\"Lara\" \/>\n\t<meta name=\"twitter:label2\" content=\"Est. tempo de leitura\" \/>\n\t<meta name=\"twitter:data2\" content=\"9 minutos\" \/>\n<!-- \/ Yoast SEO plugin. -->","yoast_head_json":{"title":"Truques para conservar o abacate fresco e evitar que escure\u00e7a - Correio Braziliense - Aqui","description":"Conserve o abacate fresco por mais tempo: m\u00e9todos simples para evitar o escurecimento, manter a textura cremosa e reduzir o desperd\u00edcio.","robots":{"index":"index","follow":"follow","max-snippet":"max-snippet:-1","max-image-preview":"max-image-preview:large","max-video-preview":"max-video-preview:-1"},"canonical":"https:\/\/www.correiobraziliense.com.br\/aqui\/2026\/03\/13\/truques-para-conservar-o-abacate-fresco-e-evitar-que-escureca\/","og_locale":"pt_BR","og_type":"article","og_title":"Truques para conservar o abacate fresco e evitar que escure\u00e7a - Correio Braziliense - Aqui","og_description":"Conserve o abacate fresco por mais tempo: m\u00e9todos simples para evitar o escurecimento, manter a textura cremosa e reduzir o desperd\u00edcio.","og_url":"https:\/\/www.correiobraziliense.com.br\/aqui\/2026\/03\/13\/truques-para-conservar-o-abacate-fresco-e-evitar-que-escureca\/","og_site_name":"Correio Braziliense - Aqui","article_published_time":"2026-03-13T18:25:00+00:00","og_image":[{"width":1280,"height":720,"url":"https:\/\/www.correiobraziliense.com.br\/aqui\/wp-content\/uploads\/2026\/03\/httpsneuralmyth.comstaticcache076f4b10-0e3e-4995-93cb-71c2442e7a67.jpeg","type":"image\/jpeg"}],"author":"Lara","twitter_card":"summary_large_image","twitter_misc":{"Escrito por":"Lara","Est. tempo de leitura":"9 minutos"},"schema":{"@context":"https:\/\/schema.org","@graph":[{"@type":"WebPage","@id":"https:\/\/www.correiobraziliense.com.br\/aqui\/2026\/03\/13\/truques-para-conservar-o-abacate-fresco-e-evitar-que-escureca\/","url":"https:\/\/www.correiobraziliense.com.br\/aqui\/2026\/03\/13\/truques-para-conservar-o-abacate-fresco-e-evitar-que-escureca\/","name":"Truques para conservar o abacate fresco e evitar que escure\u00e7a - Correio Braziliense - Aqui","isPartOf":{"@id":"https:\/\/www.correiobraziliense.com.br\/aqui\/#website"},"primaryImageOfPage":{"@id":"https:\/\/www.correiobraziliense.com.br\/aqui\/2026\/03\/13\/truques-para-conservar-o-abacate-fresco-e-evitar-que-escureca\/#primaryimage"},"image":{"@id":"https:\/\/www.correiobraziliense.com.br\/aqui\/2026\/03\/13\/truques-para-conservar-o-abacate-fresco-e-evitar-que-escureca\/#primaryimage"},"thumbnailUrl":"https:\/\/www.correiobraziliense.com.br\/aqui\/wp-content\/uploads\/2026\/03\/httpsneuralmyth.comstaticcache076f4b10-0e3e-4995-93cb-71c2442e7a67.jpeg","datePublished":"2026-03-13T18:25:00+00:00","author":{"@id":"https:\/\/www.correiobraziliense.com.br\/aqui\/#\/schema\/person\/5d6e4d99fecc86ab1a7ed1a0369afb65"},"description":"Conserve o abacate fresco por mais tempo: m\u00e9todos simples para evitar o escurecimento, manter a textura cremosa e reduzir o desperd\u00edcio.","breadcrumb":{"@id":"https:\/\/www.correiobraziliense.com.br\/aqui\/2026\/03\/13\/truques-para-conservar-o-abacate-fresco-e-evitar-que-escureca\/#breadcrumb"},"inLanguage":"pt-BR","potentialAction":[{"@type":"ReadAction","target":["https:\/\/www.correiobraziliense.com.br\/aqui\/2026\/03\/13\/truques-para-conservar-o-abacate-fresco-e-evitar-que-escureca\/"]}]},{"@type":"ImageObject","inLanguage":"pt-BR","@id":"https:\/\/www.correiobraziliense.com.br\/aqui\/2026\/03\/13\/truques-para-conservar-o-abacate-fresco-e-evitar-que-escureca\/#primaryimage","url":"https:\/\/www.correiobraziliense.com.br\/aqui\/wp-content\/uploads\/2026\/03\/httpsneuralmyth.comstaticcache076f4b10-0e3e-4995-93cb-71c2442e7a67.jpeg","contentUrl":"https:\/\/www.correiobraziliense.com.br\/aqui\/wp-content\/uploads\/2026\/03\/httpsneuralmyth.comstaticcache076f4b10-0e3e-4995-93cb-71c2442e7a67.jpeg","width":1280,"height":720,"caption":"Cr\u00e9ditos: depositphotos.com \/ VadimVasenin"},{"@type":"BreadcrumbList","@id":"https:\/\/www.correiobraziliense.com.br\/aqui\/2026\/03\/13\/truques-para-conservar-o-abacate-fresco-e-evitar-que-escureca\/#breadcrumb","itemListElement":[{"@type":"ListItem","position":1,"name":"In\u00edcio","item":"https:\/\/www.correiobraziliense.com.br\/aqui\/"},{"@type":"ListItem","position":2,"name":"Truques para conservar o abacate fresco e evitar que escure\u00e7a"}]},{"@type":"WebSite","@id":"https:\/\/www.correiobraziliense.com.br\/aqui\/#website","url":"https:\/\/www.correiobraziliense.com.br\/aqui\/","name":"Correio Braziliense - Aqui","description":"O Correio Braziliense (CB) \u00e9 o mais importante canal de not\u00edcias de Bras\u00edlia. Aqui voc\u00ea encontra as \u00faltimas not\u00edcias do DF, do Brasil e do mundo.","potentialAction":[{"@type":"SearchAction","target":{"@type":"EntryPoint","urlTemplate":"https:\/\/www.correiobraziliense.com.br\/aqui\/?s={search_term_string}"},"query-input":{"@type":"PropertyValueSpecification","valueRequired":true,"valueName":"search_term_string"}}],"inLanguage":"pt-BR"},{"@type":"Person","@id":"https:\/\/www.correiobraziliense.com.br\/aqui\/#\/schema\/person\/5d6e4d99fecc86ab1a7ed1a0369afb65","name":"Lara","image":{"@type":"ImageObject","inLanguage":"pt-BR","@id":"https:\/\/www.correiobraziliense.com.br\/aqui\/#\/schema\/person\/image\/","url":"https:\/\/secure.gravatar.com\/avatar\/57056c5c343a6d8a6669688d3d2c04916d9d280b352b6e50e66a8d39b2517e00?s=96&d=mm&r=g","contentUrl":"https:\/\/secure.gravatar.com\/avatar\/57056c5c343a6d8a6669688d3d2c04916d9d280b352b6e50e66a8d39b2517e00?s=96&d=mm&r=g","caption":"Lara"},"url":"https:\/\/www.correiobraziliense.com.br\/aqui\/author\/laraaqui\/"}]}},"_links":{"self":[{"href":"https:\/\/www.correiobraziliense.com.br\/aqui\/wp-json\/wp\/v2\/posts\/24524","targetHints":{"allow":["GET"]}}],"collection":[{"href":"https:\/\/www.correiobraziliense.com.br\/aqui\/wp-json\/wp\/v2\/posts"}],"about":[{"href":"https:\/\/www.correiobraziliense.com.br\/aqui\/wp-json\/wp\/v2\/types\/post"}],"author":[{"embeddable":true,"href":"https:\/\/www.correiobraziliense.com.br\/aqui\/wp-json\/wp\/v2\/users\/8"}],"replies":[{"embeddable":true,"href":"https:\/\/www.correiobraziliense.com.br\/aqui\/wp-json\/wp\/v2\/comments?post=24524"}],"version-history":[{"count":4,"href":"https:\/\/www.correiobraziliense.com.br\/aqui\/wp-json\/wp\/v2\/posts\/24524\/revisions"}],"predecessor-version":[{"id":24530,"href":"https:\/\/www.correiobraziliense.com.br\/aqui\/wp-json\/wp\/v2\/posts\/24524\/revisions\/24530"}],"wp:featuredmedia":[{"embeddable":true,"href":"https:\/\/www.correiobraziliense.com.br\/aqui\/wp-json\/wp\/v2\/media\/24525"}],"wp:attachment":[{"href":"https:\/\/www.correiobraziliense.com.br\/aqui\/wp-json\/wp\/v2\/media?parent=24524"}],"wp:term":[{"taxonomy":"category","embeddable":true,"href":"https:\/\/www.correiobraziliense.com.br\/aqui\/wp-json\/wp\/v2\/categories?post=24524"},{"taxonomy":"post_tag","embeddable":true,"href":"https:\/\/www.correiobraziliense.com.br\/aqui\/wp-json\/wp\/v2\/tags?post=24524"}],"curies":[{"name":"wp","href":"https:\/\/api.w.org\/{rel}","templated":true}]}}