{"id":24612,"date":"2026-03-16T12:33:00","date_gmt":"2026-03-16T15:33:00","guid":{"rendered":"https:\/\/www.correiobraziliense.com.br\/aqui\/?p=24612"},"modified":"2026-03-16T11:06:57","modified_gmt":"2026-03-16T14:06:57","slug":"olhos-amarelados-condicao-alerta-para-doencas-graves","status":"publish","type":"post","link":"https:\/\/www.correiobraziliense.com.br\/aqui\/2026\/03\/16\/olhos-amarelados-condicao-alerta-para-doencas-graves\/","title":{"rendered":"Olhos amarelados: condi\u00e7\u00e3o alerta para doen\u00e7as graves"},"content":{"rendered":"\n<p>Olhos amarelados costumam chamar a aten\u00e7\u00e3o rapidamente e, em muitos casos, n\u00e3o passam de um detalhe percebido em fotos ou no espelho. No entanto, esse sinal, conhecido como <strong>icter\u00edcia ocular<\/strong>, pode indicar altera\u00e7\u00f5es importantes na sa\u00fade, especialmente relacionadas ao f\u00edgado e \u00e0s vias biliares. Quando a parte branca dos olhos ganha uma tonalidade amarelada, o organismo avisa que algo no metabolismo da bilirrubina n\u00e3o funciona como deveria. <\/p>\n\n\n\n<p>A <strong>bilirrubina<\/strong> \u00e9 um pigmento produzido a partir da destrui\u00e7\u00e3o natural dos gl\u00f3bulos vermelhos. Em condi\u00e7\u00f5es habituais, o f\u00edgado processa essa subst\u00e2ncia, que segue pela bile e sai nas fezes, conferindo a elas o tom amarronzado. Quando esse caminho sofre interrup\u00e7\u00e3o ou sobrecarga, o pigmento se acumula no sangue e acaba se depositando nos tecidos, inclusive nos olhos, na pele e nas mucosas. Por isso, olhos amarelados podem se ligar a doen\u00e7as hep\u00e1ticas, altera\u00e7\u00f5es na ves\u00edcula biliar, problemas no p\u00e2ncreas ou at\u00e9 a condi\u00e7\u00f5es gen\u00e9ticas que afetam o sangue.<\/p>\n\n\n\n<h2 class=\"wp-block-heading\">Quais s\u00e3o as principais causas de olhos amarelados?<\/h2>\n\n\n\n<p>Entre as causas mais frequentes de <strong>icter\u00edcia nos olhos<\/strong>, as doen\u00e7as do f\u00edgado ocupam lugar de destaque. A <strong>hepatite viral<\/strong> \u00e9 um exemplo cl\u00e1ssico. Ela ocorre quando v\u00edrus espec\u00edficos atacam o tecido hep\u00e1tico, provocando inflama\u00e7\u00e3o. Os tipos mais conhecidos s\u00e3o as hepatites A, B, C, D e E. Dependendo do tipo, a forma de transmiss\u00e3o e a evolu\u00e7\u00e3o podem variar, mas todas t\u00eam em comum a possibilidade de prejudicar o processamento da bilirrubina. Nessas situa\u00e7\u00f5es, o paciente pode apresentar n\u00e1useas, mal-estar, perda de apetite, incha\u00e7o abdominal e, em muitos casos, olhos e pele amarelados.<\/p>\n\n\n\n<p>Outra causa importante \u00e9 a <strong>hepatite medicamentosa<\/strong>, relacionada ao uso inadequado de rem\u00e9dios, e o dano hep\u00e1tico associado ao consumo excessivo de \u00e1lcool. Essas agress\u00f5es repetidas favorecem a forma\u00e7\u00e3o de cicatrizes no f\u00edgado, que podem evoluir para cirrose ao longo dos anos. Nessas fases mais avan\u00e7adas, a icter\u00edcia tende a ser persistente e pode vir acompanhada de incha\u00e7o nas pernas, barriga aumentada por ac\u00famulo de l\u00edquido e altera\u00e7\u00f5es na coagula\u00e7\u00e3o do sangue. A esteatose hep\u00e1tica (f\u00edgado gorduroso) ligada \u00e0 obesidade, sedentarismo e resist\u00eancia \u00e0 insulina tamb\u00e9m interfere, em alguns casos, no funcionamento do f\u00edgado e contribui para altera\u00e7\u00f5es de exames e do aspecto dos olhos.<\/p>\n\n\n\n<p>Nem sempre, por\u00e9m, o problema est\u00e1 dentro do f\u00edgado. A famosa <strong>pedra na ves\u00edcula<\/strong> (c\u00e1lculo biliar) tamb\u00e9m \u00e9 uma causa relativamente comum de olhos amarelados. Quando esses cristais bloqueiam os canais que levam a bile ao intestino, o fluxo para e a bilirrubina volta para a circula\u00e7\u00e3o, gerando icter\u00edcia. Nesses casos, a pessoa pode apresentar dor intensa do lado direito do abd\u00f4men, geralmente ap\u00f3s refei\u00e7\u00f5es gordurosas, n\u00e1useas, v\u00f4mitos e, em algumas situa\u00e7\u00f5es, febre. Outras obstru\u00e7\u00f5es, como estreitamentos dos ductos ou tumores nas vias biliares, podem produzir quadro parecido. Em todas essas situa\u00e7\u00f5es, o tratamento precoce reduz o risco de complica\u00e7\u00f5es, como infec\u00e7\u00f5es graves e inflama\u00e7\u00e3o do p\u00e2ncreas.<\/p>\n\n\n\n<h2 class=\"wp-block-heading\">Icter\u00edcia em rec\u00e9m-nascidos \u00e9 sempre motivo de alerta?<\/h2>\n\n\n\n<p>A <strong>icter\u00edcia neonatal<\/strong> \u00e9 um cap\u00edtulo \u00e0 parte quando se fala em olhos amarelados. Em rec\u00e9m-nascidos, o amarel\u00e3o que surge nos primeiros dias de vida aparece com bastante frequ\u00eancia e, na maioria das vezes, faz parte da adapta\u00e7\u00e3o natural do organismo fora do \u00fatero. O f\u00edgado do beb\u00ea ainda amadurece e, por um curto per\u00edodo, pode ter dificuldade em dar conta de toda a bilirrubina produzida. Por isso, \u00e9 comum que a colora\u00e7\u00e3o amarelada apare\u00e7a primeiro no rosto e, depois, no restante do corpo.<\/p>\n\n\n\n<p>Mesmo sendo considerada habitual em muitos casos, essa condi\u00e7\u00e3o exige aten\u00e7\u00e3o. M\u00e9dicos costumam acompanhar o n\u00edvel de bilirrubina por meio de exames de sangue ou aparelhos espec\u00edficos que medem o pigmento pela pele. Quando os valores ultrapassam limites seguros, podem ser indicados m\u00e9todos para acelerar a elimina\u00e7\u00e3o do pigmento, como a <strong>fototerapia<\/strong>, popularmente conhecida como \u201cbanho de luz\u201d. Em beb\u00eas prematuros, o risco de valores mais altos aumenta, o que torna a vigil\u00e2ncia ainda mais importante. Pais e cuidadores devem observar se o beb\u00ea mama bem, se apresenta muita sonol\u00eancia, choro fraco ou altera\u00e7\u00f5es no t\u00f4nus muscular, sinais que justificam avalia\u00e7\u00e3o imediata.<\/p>\n\n\n\n<h2 class=\"wp-block-heading\">Outras doen\u00e7as associadas a olhos amarelados<\/h2>\n\n\n\n<p>O<a href=\"https:\/\/www.correiobraziliense.com.br\/aqui\/2025\/07\/02\/sinais-e-sintomas-de-cancer-de-pancreas\/\"> <strong>c\u00e2ncer de p\u00e2ncreas<\/strong><\/a> \u00e9 outra condi\u00e7\u00e3o em que a icter\u00edcia ocular pode aparecer, principalmente quando o tumor se localiza na cabe\u00e7a do p\u00e2ncreas, regi\u00e3o pr\u00f3xima ao ducto biliar. Se o crescimento da massa tumoral comprime esse canal, o escoamento da bile fica comprometido e a bilirrubina se acumula. Nesses casos, olhos amarelados podem vir acompanhados de dor abdominal persistente, perda de peso e altera\u00e7\u00e3o no apetite. Trata-se de um problema geralmente silencioso nas fases iniciais, o que torna o surgimento de icter\u00edcia um sinal de alerta importante para investiga\u00e7\u00e3o detalhada.<\/p>\n\n\n\n<p>Condi\u00e7\u00f5es heredit\u00e1rias que afetam o sangue tamb\u00e9m podem causar ac\u00famulo de bilirrubina. A <strong>talassemia<\/strong>, por exemplo, \u00e9 uma altera\u00e7\u00e3o gen\u00e9tica na produ\u00e7\u00e3o de hemoglobina, prote\u00edna que transporta oxig\u00eanio nas hem\u00e1cias. Como essas c\u00e9lulas podem se destruir mais rapidamente, h\u00e1 maior forma\u00e7\u00e3o de bilirrubina. Em quadros mais intensos, podem surgir palidez, cansa\u00e7o, altera\u00e7\u00f5es \u00f3sseas e icter\u00edcia vari\u00e1vel. Outros dist\u00farbios hemol\u00edticos, cong\u00eanitos ou adquiridos, seguem a mesma l\u00f3gica: quanto maior a destrui\u00e7\u00e3o das hem\u00e1cias, maior a sobrecarga para o f\u00edgado lidar com o pigmento. S\u00edndromes gen\u00e9ticas mais leves, como a s\u00edndrome de Gilbert, costumam provocar eleva\u00e7\u00f5es discretas da bilirrubina, que muitas vezes aparecem em per\u00edodos de jejum, estresse ou doen\u00e7as agudas e podem deixar os olhos levemente amarelados sem causar dano permanente.<\/p>\n\n\n\n<h2 class=\"wp-block-heading\">Quando procurar ajuda ao perceber olhos amarelados?<\/h2>\n\n\n\n<p>Perceber <strong>olhos amarelados<\/strong> \u00e9 motivo para buscar avalia\u00e7\u00e3o profissional, principalmente se o sintoma surgir de forma repentina, vier acompanhado de dor abdominal, febre, emagrecimento, urina muito escura ou fezes esbranqui\u00e7adas. O atendimento m\u00e9dico permite identificar a causa de fundo e definir a necessidade de exames como an\u00e1lises de sangue, ultrassonografia, tomografia ou outros m\u00e9todos de imagem. Em muitos casos, um simples exame de sangue com dosagem de bilirrubina total e fra\u00e7\u00f5es, al\u00e9m de enzimas hep\u00e1ticas, j\u00e1 orienta o pr\u00f3ximo passo da investiga\u00e7\u00e3o.<\/p>\n\n\n\n<p>De forma geral, o cuidado com o f\u00edgado e com o sistema digestivo passa por alguns h\u00e1bitos simples: evitar consumo excessivo de \u00e1lcool, usar medicamentos apenas com orienta\u00e7\u00e3o, manter vacina\u00e7\u00e3o em dia para hepatites indicadas, e adotar alimenta\u00e7\u00e3o equilibrada, com menor presen\u00e7a de alimentos ultraprocessados e gorduras em excesso. Controlar o peso, praticar atividade f\u00edsica regular e tratar condi\u00e7\u00f5es como diabetes e colesterol alto tamb\u00e9m protege o f\u00edgado. Esses cuidados n\u00e3o eliminam totalmente o risco de icter\u00edcia, mas reduzem a chance de desenvolvimento de diversas doen\u00e7as associadas a olhos amarelados.<\/p>\n\n\n\n<h2 class=\"wp-block-heading\">FAQ \u2013 Perguntas frequentes sobre olhos amarelados<\/h2>\n\n\n\n<p><strong>Olhos amarelados sempre indicam problema grave?<\/strong><br>Nem sempre. Situa\u00e7\u00f5es benignas, como a s\u00edndrome de Gilbert ou icter\u00edcia neonatal fisiol\u00f3gica, podem causar leve amarel\u00e3o sem dano significativo. Por\u00e9m, como tamb\u00e9m pode haver doen\u00e7as graves por tr\u00e1s desse sinal, a avalia\u00e7\u00e3o m\u00e9dica continua essencial.<\/p>\n\n\n\n<p><strong>Alimenta\u00e7\u00e3o rica em cenoura ou beterraba deixa os olhos amarelos?<\/strong><br>O consumo exagerado de alimentos ricos em betacaroteno pode deixar a pele mais alaranjada, sobretudo nas palmas das m\u00e3os e solas dos p\u00e9s, mas n\u00e3o costuma amarelar a parte branca dos olhos. Quando a esclera muda de cor, o m\u00e9dico precisa investigar a bilirrubina.<\/p>\n\n\n\n<p><strong>Posso fazer algum exame em casa para saber se a icter\u00edcia \u00e9 s\u00e9ria?<\/strong><br>N\u00e3o. A observa\u00e7\u00e3o no espelho ou em fotos serve apenas como alerta. A confirma\u00e7\u00e3o da causa exige exames laboratoriais e, \u00e0s vezes, de imagem, solicitados por um profissional de sa\u00fade.<\/p>\n\n\n\n<p><strong>Existe algum rem\u00e9dio caseiro que \u201climpe\u201d a bilirrubina?<\/strong><br>N\u00e3o h\u00e1 rem\u00e9dio caseiro capaz de corrigir, sozinho, o excesso de bilirrubina. Ch\u00e1s, dietas restritivas ou jejum prolongado podem at\u00e9 piorar alguns quadros. O tratamento adequado depende da origem do problema (hep\u00e1tica, biliar, pancre\u00e1tica ou sangu\u00ednea).<\/p>\n\n\n\n<p><strong>Olhos amarelados podem melhorar apenas com mudan\u00e7a de estilo de vida?<\/strong><br>Em certas situa\u00e7\u00f5es leves, como esteatose inicial ou uso de \u00e1lcool em excesso, mudan\u00e7as de h\u00e1bitos auxiliam bastante na melhora dos exames e, com o tempo, do aspecto dos olhos. Mesmo assim, o m\u00e9dico deve avaliar o quadro, definir o diagn\u00f3stico e acompanhar a evolu\u00e7\u00e3o.<\/p>\n","protected":false},"excerpt":{"rendered":"<p>Olhos amarelados: causas, sintomas e doen\u00e7as. Saiba como a condi\u00e7\u00e3o alerta para hepatite, pedra na ves\u00edcula e at\u00e9 c\u00e2ncer de p\u00e2ncreas.<\/p>\n","protected":false},"author":10,"featured_media":24613,"comment_status":"open","ping_status":"open","sticky":false,"template":"","format":"standard","meta":{"jnews-multi-image_gallery":[],"jnews_single_post":{"format":"standard"},"jnews_primary_category":[],"jnews_social_meta":[],"jnews_override_counter":[],"footnotes":""},"categories":[123],"tags":[2388,7464,141],"class_list":["post-24612","post","type-post","status-publish","format-standard","has-post-thumbnail","hentry","category-saude","tag-cancer","tag-olhos-amarelados","tag-saude"],"yoast_head":"<!-- This site is optimized with the Yoast SEO plugin v25.1 - https:\/\/yoast.com\/wordpress\/plugins\/seo\/ -->\n<title>Olhos amarelados: condi\u00e7\u00e3o alerta para doen\u00e7as graves - Correio Braziliense - Aqui<\/title>\n<meta name=\"description\" content=\"Olhos amarelados: causas, sintomas e doen\u00e7as. Saiba como a condi\u00e7\u00e3o alerta para hepatite, pedra na ves\u00edcula e at\u00e9 c\u00e2ncer de p\u00e2ncreas.\" \/>\n<meta name=\"robots\" content=\"index, follow, max-snippet:-1, max-image-preview:large, max-video-preview:-1\" \/>\n<link rel=\"canonical\" href=\"https:\/\/www.correiobraziliense.com.br\/aqui\/2026\/03\/16\/olhos-amarelados-condicao-alerta-para-doencas-graves\/\" \/>\n<meta property=\"og:locale\" content=\"pt_BR\" \/>\n<meta property=\"og:type\" content=\"article\" \/>\n<meta property=\"og:title\" content=\"Olhos amarelados: condi\u00e7\u00e3o alerta para doen\u00e7as graves - Correio Braziliense - Aqui\" \/>\n<meta property=\"og:description\" content=\"Olhos amarelados: causas, sintomas e doen\u00e7as. Saiba como a condi\u00e7\u00e3o alerta para hepatite, pedra na ves\u00edcula e at\u00e9 c\u00e2ncer de p\u00e2ncreas.\" \/>\n<meta property=\"og:url\" content=\"https:\/\/www.correiobraziliense.com.br\/aqui\/2026\/03\/16\/olhos-amarelados-condicao-alerta-para-doencas-graves\/\" \/>\n<meta property=\"og:site_name\" content=\"Correio Braziliense - Aqui\" \/>\n<meta property=\"article:published_time\" content=\"2026-03-16T15:33:00+00:00\" \/>\n<meta property=\"og:image\" content=\"https:\/\/www.correiobraziliense.com.br\/aqui\/wp-content\/uploads\/2026\/03\/httpsneuralmyth.comstaticcache61c6eddf-95fe-42e1-b9ad-f124875e29e2.jpeg\" \/>\n\t<meta property=\"og:image:width\" content=\"1280\" \/>\n\t<meta property=\"og:image:height\" content=\"720\" \/>\n\t<meta property=\"og:image:type\" content=\"image\/jpeg\" \/>\n<meta name=\"author\" content=\"Larissa\" \/>\n<meta name=\"twitter:card\" content=\"summary_large_image\" \/>\n<meta name=\"twitter:label1\" content=\"Escrito por\" \/>\n\t<meta name=\"twitter:data1\" content=\"Larissa\" \/>\n\t<meta name=\"twitter:label2\" content=\"Est. tempo de leitura\" \/>\n\t<meta name=\"twitter:data2\" content=\"8 minutos\" \/>\n<!-- \/ Yoast SEO plugin. -->","yoast_head_json":{"title":"Olhos amarelados: condi\u00e7\u00e3o alerta para doen\u00e7as graves - Correio Braziliense - Aqui","description":"Olhos amarelados: causas, sintomas e doen\u00e7as. Saiba como a condi\u00e7\u00e3o alerta para hepatite, pedra na ves\u00edcula e at\u00e9 c\u00e2ncer de p\u00e2ncreas.","robots":{"index":"index","follow":"follow","max-snippet":"max-snippet:-1","max-image-preview":"max-image-preview:large","max-video-preview":"max-video-preview:-1"},"canonical":"https:\/\/www.correiobraziliense.com.br\/aqui\/2026\/03\/16\/olhos-amarelados-condicao-alerta-para-doencas-graves\/","og_locale":"pt_BR","og_type":"article","og_title":"Olhos amarelados: condi\u00e7\u00e3o alerta para doen\u00e7as graves - Correio Braziliense - Aqui","og_description":"Olhos amarelados: causas, sintomas e doen\u00e7as. Saiba como a condi\u00e7\u00e3o alerta para hepatite, pedra na ves\u00edcula e at\u00e9 c\u00e2ncer de p\u00e2ncreas.","og_url":"https:\/\/www.correiobraziliense.com.br\/aqui\/2026\/03\/16\/olhos-amarelados-condicao-alerta-para-doencas-graves\/","og_site_name":"Correio Braziliense - Aqui","article_published_time":"2026-03-16T15:33:00+00:00","og_image":[{"width":1280,"height":720,"url":"https:\/\/www.correiobraziliense.com.br\/aqui\/wp-content\/uploads\/2026\/03\/httpsneuralmyth.comstaticcache61c6eddf-95fe-42e1-b9ad-f124875e29e2.jpeg","type":"image\/jpeg"}],"author":"Larissa","twitter_card":"summary_large_image","twitter_misc":{"Escrito por":"Larissa","Est. tempo de leitura":"8 minutos"},"schema":{"@context":"https:\/\/schema.org","@graph":[{"@type":"WebPage","@id":"https:\/\/www.correiobraziliense.com.br\/aqui\/2026\/03\/16\/olhos-amarelados-condicao-alerta-para-doencas-graves\/","url":"https:\/\/www.correiobraziliense.com.br\/aqui\/2026\/03\/16\/olhos-amarelados-condicao-alerta-para-doencas-graves\/","name":"Olhos amarelados: condi\u00e7\u00e3o alerta para doen\u00e7as graves - Correio Braziliense - Aqui","isPartOf":{"@id":"https:\/\/www.correiobraziliense.com.br\/aqui\/#website"},"primaryImageOfPage":{"@id":"https:\/\/www.correiobraziliense.com.br\/aqui\/2026\/03\/16\/olhos-amarelados-condicao-alerta-para-doencas-graves\/#primaryimage"},"image":{"@id":"https:\/\/www.correiobraziliense.com.br\/aqui\/2026\/03\/16\/olhos-amarelados-condicao-alerta-para-doencas-graves\/#primaryimage"},"thumbnailUrl":"https:\/\/www.correiobraziliense.com.br\/aqui\/wp-content\/uploads\/2026\/03\/httpsneuralmyth.comstaticcache61c6eddf-95fe-42e1-b9ad-f124875e29e2.jpeg","datePublished":"2026-03-16T15:33:00+00:00","author":{"@id":"https:\/\/www.correiobraziliense.com.br\/aqui\/#\/schema\/person\/775f50a8c1ac31704d56816e99b29041"},"description":"Olhos amarelados: causas, sintomas e doen\u00e7as. Saiba como a condi\u00e7\u00e3o alerta para hepatite, pedra na ves\u00edcula e at\u00e9 c\u00e2ncer de p\u00e2ncreas.","breadcrumb":{"@id":"https:\/\/www.correiobraziliense.com.br\/aqui\/2026\/03\/16\/olhos-amarelados-condicao-alerta-para-doencas-graves\/#breadcrumb"},"inLanguage":"pt-BR","potentialAction":[{"@type":"ReadAction","target":["https:\/\/www.correiobraziliense.com.br\/aqui\/2026\/03\/16\/olhos-amarelados-condicao-alerta-para-doencas-graves\/"]}]},{"@type":"ImageObject","inLanguage":"pt-BR","@id":"https:\/\/www.correiobraziliense.com.br\/aqui\/2026\/03\/16\/olhos-amarelados-condicao-alerta-para-doencas-graves\/#primaryimage","url":"https:\/\/www.correiobraziliense.com.br\/aqui\/wp-content\/uploads\/2026\/03\/httpsneuralmyth.comstaticcache61c6eddf-95fe-42e1-b9ad-f124875e29e2.jpeg","contentUrl":"https:\/\/www.correiobraziliense.com.br\/aqui\/wp-content\/uploads\/2026\/03\/httpsneuralmyth.comstaticcache61c6eddf-95fe-42e1-b9ad-f124875e29e2.jpeg","width":1280,"height":720,"caption":"Olhos amarelados: condi\u00e7\u00e3o alerta para doen\u00e7as graves"},{"@type":"BreadcrumbList","@id":"https:\/\/www.correiobraziliense.com.br\/aqui\/2026\/03\/16\/olhos-amarelados-condicao-alerta-para-doencas-graves\/#breadcrumb","itemListElement":[{"@type":"ListItem","position":1,"name":"In\u00edcio","item":"https:\/\/www.correiobraziliense.com.br\/aqui\/"},{"@type":"ListItem","position":2,"name":"Olhos amarelados: condi\u00e7\u00e3o alerta para doen\u00e7as graves"}]},{"@type":"WebSite","@id":"https:\/\/www.correiobraziliense.com.br\/aqui\/#website","url":"https:\/\/www.correiobraziliense.com.br\/aqui\/","name":"Correio Braziliense - Aqui","description":"O Correio Braziliense (CB) \u00e9 o mais importante canal de not\u00edcias de Bras\u00edlia. Aqui voc\u00ea encontra as \u00faltimas not\u00edcias do DF, do Brasil e do mundo.","potentialAction":[{"@type":"SearchAction","target":{"@type":"EntryPoint","urlTemplate":"https:\/\/www.correiobraziliense.com.br\/aqui\/?s={search_term_string}"},"query-input":{"@type":"PropertyValueSpecification","valueRequired":true,"valueName":"search_term_string"}}],"inLanguage":"pt-BR"},{"@type":"Person","@id":"https:\/\/www.correiobraziliense.com.br\/aqui\/#\/schema\/person\/775f50a8c1ac31704d56816e99b29041","name":"Larissa","image":{"@type":"ImageObject","inLanguage":"pt-BR","@id":"https:\/\/www.correiobraziliense.com.br\/aqui\/#\/schema\/person\/image\/","url":"https:\/\/secure.gravatar.com\/avatar\/62f5b2e99de671d075ab98e19f03c3c38c80a93f5d06f51075cf4431a4e76458?s=96&d=mm&r=g","contentUrl":"https:\/\/secure.gravatar.com\/avatar\/62f5b2e99de671d075ab98e19f03c3c38c80a93f5d06f51075cf4431a4e76458?s=96&d=mm&r=g","caption":"Larissa"},"url":"https:\/\/www.correiobraziliense.com.br\/aqui\/author\/larissaaqui\/"}]}},"_links":{"self":[{"href":"https:\/\/www.correiobraziliense.com.br\/aqui\/wp-json\/wp\/v2\/posts\/24612","targetHints":{"allow":["GET"]}}],"collection":[{"href":"https:\/\/www.correiobraziliense.com.br\/aqui\/wp-json\/wp\/v2\/posts"}],"about":[{"href":"https:\/\/www.correiobraziliense.com.br\/aqui\/wp-json\/wp\/v2\/types\/post"}],"author":[{"embeddable":true,"href":"https:\/\/www.correiobraziliense.com.br\/aqui\/wp-json\/wp\/v2\/users\/10"}],"replies":[{"embeddable":true,"href":"https:\/\/www.correiobraziliense.com.br\/aqui\/wp-json\/wp\/v2\/comments?post=24612"}],"version-history":[{"count":4,"href":"https:\/\/www.correiobraziliense.com.br\/aqui\/wp-json\/wp\/v2\/posts\/24612\/revisions"}],"predecessor-version":[{"id":24617,"href":"https:\/\/www.correiobraziliense.com.br\/aqui\/wp-json\/wp\/v2\/posts\/24612\/revisions\/24617"}],"wp:featuredmedia":[{"embeddable":true,"href":"https:\/\/www.correiobraziliense.com.br\/aqui\/wp-json\/wp\/v2\/media\/24613"}],"wp:attachment":[{"href":"https:\/\/www.correiobraziliense.com.br\/aqui\/wp-json\/wp\/v2\/media?parent=24612"}],"wp:term":[{"taxonomy":"category","embeddable":true,"href":"https:\/\/www.correiobraziliense.com.br\/aqui\/wp-json\/wp\/v2\/categories?post=24612"},{"taxonomy":"post_tag","embeddable":true,"href":"https:\/\/www.correiobraziliense.com.br\/aqui\/wp-json\/wp\/v2\/tags?post=24612"}],"curies":[{"name":"wp","href":"https:\/\/api.w.org\/{rel}","templated":true}]}}