{"id":24635,"date":"2026-03-16T11:33:11","date_gmt":"2026-03-16T14:33:11","guid":{"rendered":"https:\/\/www.correiobraziliense.com.br\/aqui\/?p=24635"},"modified":"2026-03-16T11:33:13","modified_gmt":"2026-03-16T14:33:13","slug":"doacao-de-orgaos-o-que-a-lei-diz-sobre-quem-pode-e-nao-pode-doar","status":"publish","type":"post","link":"https:\/\/www.correiobraziliense.com.br\/aqui\/2026\/03\/16\/doacao-de-orgaos-o-que-a-lei-diz-sobre-quem-pode-e-nao-pode-doar\/","title":{"rendered":"Doa\u00e7\u00e3o de \u00f3rg\u00e3os: o que a lei diz sobre quem pode e n\u00e3o pode doar"},"content":{"rendered":"\n<p>A como\u00e7\u00e3o gerada por hist\u00f3rias de transplantes bem-sucedidos renova o debate sobre a doa\u00e7\u00e3o de \u00f3rg\u00e3os no Brasil. Muitos se perguntam como manifestar o desejo de ser um doador, e a resposta, segundo a legisla\u00e7\u00e3o atual, \u00e9 direta: a autoriza\u00e7\u00e3o da fam\u00edlia \u00e9 o que vale. Mas, mesmo que a pessoa tenha um documento ou carteirinha expressando sua vontade, a palavra final \u00e9 dos parentes pr\u00f3ximos.<\/p>\n\n\n\n<p>No pa\u00eds, a doa\u00e7\u00e3o \u00e9 regida pela <a target=\"_blank\" rel=\"noreferrer noopener\" href=\"https:\/\/www.correiobraziliense.com.br\/brasil\/2025\/03\/7091325-projeto-em-tramitacao-no-senado-deve-facilitar-doacao-de-orgaos-no-pais.html\">Lei n\u00ba 9.434\/97<\/a>, conhecida como &#8220;Lei dos Transplantes&#8221;. Ela estabelece o modelo de doa\u00e7\u00e3o consentida, o que significa que o consentimento familiar \u00e9 obrigat\u00f3rio. Ap\u00f3s a confirma\u00e7\u00e3o da morte encef\u00e1lica, a equipe m\u00e9dica hospitalar aborda a fam\u00edlia para obter a autoriza\u00e7\u00e3o formal para a <a target=\"_blank\" rel=\"noreferrer noopener\" href=\"https:\/\/www.correiobraziliense.com.br\/ciencia-e-saude\/2025\/09\/7257169-brasil-bate-recorde-em-transplantes-mas-recusa-familiar-ainda-limita-doacoes.html\">retirada dos \u00f3rg\u00e3os e tecidos<\/a>.<\/p>\n\n\n\n<h3 class=\"wp-block-heading\">Leia Mais<\/h3>\n\n\n\n<ul class=\"wp-block-list\">\n<li><a href=\"https:\/\/www.correiobraziliense.com.br\/revista-do-correio\/2025\/09\/7247547-6-mitos-e-verdades-sobre-a-doacao-de-orgaos.html\" target=\"_blank\" rel=\"noreferrer noopener\">6 mitos e verdades sobre a doa\u00e7\u00e3o de \u00f3rg\u00e3os<\/a><\/li>\n\n\n\n<li><a href=\"https:\/\/www.correiobraziliense.com.br\/cidades-df\/2025\/10\/7263195-entenda-como-funciona-o-transporte-de-orgaos-para-transplantes.html\" target=\"_blank\" rel=\"noreferrer noopener\">Entenda como funciona o transporte de \u00f3rg\u00e3os para transplantes<\/a><\/li>\n\n\n\n<li><a href=\"https:\/\/www.correiobraziliense.com.br\/opiniao\/2025\/09\/7256842-aprimoramento-da-doacao-de-orgaos-desafia-o-pais.html\" target=\"_blank\" rel=\"noreferrer noopener\">Aprimoramento da doa\u00e7\u00e3o de \u00f3rg\u00e3os desafia o pa\u00eds<\/a><\/li>\n<\/ul>\n\n\n\n<p>Essa abordagem refor\u00e7a a import\u00e2ncia do di\u00e1logo. A forma mais eficaz de garantir que sua vontade seja respeitada \u00e9 conversar abertamente com seus familiares diretos, como pais, filhos, c\u00f4njuges e irm\u00e3os. Ent\u00e3o, comunicar essa decis\u00e3o em vida facilita o processo para a fam\u00edlia em um momento de grande fragilidade emocional.<\/p>\n\n\n\n<h2 class=\"wp-block-heading\">Quem pode ser um doador?<\/h2>\n\n\n\n<p>Existem dois tipos de doadores: o falecido e o vivo. O <strong>doador falecido<\/strong> \u00e9 aquele com diagn\u00f3stico de morte encef\u00e1lica, uma condi\u00e7\u00e3o irrevers\u00edvel de parada das fun\u00e7\u00f5es do c\u00e9rebro. Por\u00e9m, nesses casos, podem ser doados \u00f3rg\u00e3os como cora\u00e7\u00e3o, pulm\u00f5es, f\u00edgado, rins, p\u00e2ncreas e intestinos, al\u00e9m de tecidos como c\u00f3rneas, pele, ossos e tend\u00f5es.<\/p>\n\n\n\n<p>J\u00e1 o <strong>doador vivo<\/strong> pode ser qualquer pessoa saud\u00e1vel e juridicamente capaz que concorde em doar um de seus rins, parte do f\u00edgado, parte do pulm\u00e3o ou <a href=\"https:\/\/www.correiobraziliense.com.br\/revista-do-correio\/2025\/09\/7251265-entenda-a-importancia-da-doacao-de-medula-ossea.html\" target=\"_blank\" rel=\"noreferrer noopener\">medula \u00f3ssea<\/a>. Por lei, no entanto, a doa\u00e7\u00e3o em vida \u00e9 permitida para parentes de at\u00e9 quarto grau. Para pessoas sem grau de parentesco, a doa\u00e7\u00e3o s\u00f3 ocorre com autoriza\u00e7\u00e3o judicial.<\/p>\n\n\n\n<h2 class=\"wp-block-heading\">Existem restri\u00e7\u00f5es para a doa\u00e7\u00e3o?<\/h2>\n\n\n\n<p>Sim, algumas condi\u00e7\u00f5es podem impedir a <a href=\"https:\/\/www.correiobraziliense.com.br\/revista-do-correio\/2025\/09\/7255882-5-mitos-e-verdades-sobre-doacao-de-orgaos-que-voce-precisa-saber.html\" target=\"_blank\" rel=\"noreferrer noopener\">doa\u00e7\u00e3o de \u00f3rg\u00e3os<\/a>. A principal restri\u00e7\u00e3o \u00e9 a presen\u00e7a de doen\u00e7as infecciosas transmiss\u00edveis, como HIV, hepatites B e C ou infec\u00e7\u00f5es generalizadas (sepse). Ent\u00e3o, pacientes com c\u00e2ncer ativo e disseminado tamb\u00e9m n\u00e3o podem ser doadores.<\/p>\n\n\n\n<p>No entanto, a avalia\u00e7\u00e3o \u00e9 sempre individual e criteriosa. Uma equipe m\u00e9dica especializada analisa o hist\u00f3rico de sa\u00fade do potencial doador e a condi\u00e7\u00e3o de cada \u00f3rg\u00e3o. Um problema de sa\u00fade que afeta o cora\u00e7\u00e3o, por exemplo, n\u00e3o necessariamente impede a doa\u00e7\u00e3o dos rins ou das c\u00f3rneas.<\/p>\n","protected":false},"excerpt":{"rendered":"<p>A como\u00e7\u00e3o gerada por hist\u00f3rias de transplantes bem-sucedidos renova o debate sobre a doa\u00e7\u00e3o de \u00f3rg\u00e3os no Brasil. Muitos se perguntam como manifestar o desejo de ser um doador, e a resposta, segundo a legisla\u00e7\u00e3o atual, \u00e9 direta: a autoriza\u00e7\u00e3o da fam\u00edlia \u00e9 o que vale. Mas, mesmo que a pessoa tenha um documento ou [&hellip;]<\/p>\n","protected":false},"author":7,"featured_media":24639,"comment_status":"open","ping_status":"open","sticky":false,"template":"","format":"standard","meta":{"jnews-multi-image_gallery":[],"jnews_single_post":{"format":"standard"},"jnews_primary_category":[],"jnews_social_meta":[],"jnews_override_counter":[],"footnotes":""},"categories":[123],"tags":[140,7466,141],"class_list":["post-24635","post","type-post","status-publish","format-standard","has-post-thumbnail","hentry","category-saude","tag-bem-estar","tag-doacao-de-ogaos","tag-saude"],"yoast_head":"<!-- This site is optimized with the Yoast SEO plugin v25.1 - https:\/\/yoast.com\/wordpress\/plugins\/seo\/ -->\n<title>Doa\u00e7\u00e3o de \u00f3rg\u00e3os: o que a lei diz sobre quem pode e n\u00e3o pode doar<\/title>\n<meta name=\"description\" content=\"Tire d\u00favidas sobre a legisla\u00e7\u00e3o brasileira de doa\u00e7\u00e3o de \u00f3rg\u00e3os; saiba quem precisa autorizar e como manifestar seu desejo de ser um doador\" \/>\n<meta name=\"robots\" content=\"index, follow, max-snippet:-1, max-image-preview:large, max-video-preview:-1\" \/>\n<link rel=\"canonical\" href=\"https:\/\/www.correiobraziliense.com.br\/aqui\/2026\/03\/16\/doacao-de-orgaos-o-que-a-lei-diz-sobre-quem-pode-e-nao-pode-doar\/\" \/>\n<meta property=\"og:locale\" content=\"pt_BR\" \/>\n<meta property=\"og:type\" content=\"article\" \/>\n<meta property=\"og:title\" content=\"Doa\u00e7\u00e3o de \u00f3rg\u00e3os: o que a lei diz sobre quem pode e n\u00e3o pode doar\" \/>\n<meta property=\"og:description\" content=\"Tire d\u00favidas sobre a legisla\u00e7\u00e3o brasileira de doa\u00e7\u00e3o de \u00f3rg\u00e3os; saiba quem precisa autorizar e como manifestar seu desejo de ser um doador\" \/>\n<meta property=\"og:url\" content=\"https:\/\/www.correiobraziliense.com.br\/aqui\/2026\/03\/16\/doacao-de-orgaos-o-que-a-lei-diz-sobre-quem-pode-e-nao-pode-doar\/\" \/>\n<meta property=\"og:site_name\" content=\"Correio Braziliense - Aqui\" \/>\n<meta property=\"article:published_time\" content=\"2026-03-16T14:33:11+00:00\" \/>\n<meta property=\"article:modified_time\" content=\"2026-03-16T14:33:13+00:00\" \/>\n<meta property=\"og:image\" content=\"https:\/\/www.correiobraziliense.com.br\/aqui\/wp-content\/uploads\/2026\/03\/doacao-min-saude.png\" \/>\n\t<meta property=\"og:image:width\" content=\"768\" \/>\n\t<meta property=\"og:image:height\" content=\"354\" \/>\n\t<meta property=\"og:image:type\" content=\"image\/png\" \/>\n<meta name=\"author\" content=\"Eduardo\" \/>\n<meta name=\"twitter:card\" content=\"summary_large_image\" \/>\n<meta name=\"twitter:label1\" content=\"Escrito por\" \/>\n\t<meta name=\"twitter:data1\" content=\"Eduardo\" \/>\n\t<meta name=\"twitter:label2\" content=\"Est. tempo de leitura\" \/>\n\t<meta name=\"twitter:data2\" content=\"3 minutos\" \/>\n<!-- \/ Yoast SEO plugin. -->","yoast_head_json":{"title":"Doa\u00e7\u00e3o de \u00f3rg\u00e3os: o que a lei diz sobre quem pode e n\u00e3o pode doar","description":"Tire d\u00favidas sobre a legisla\u00e7\u00e3o brasileira de doa\u00e7\u00e3o de \u00f3rg\u00e3os; saiba quem precisa autorizar e como manifestar seu desejo de ser um doador","robots":{"index":"index","follow":"follow","max-snippet":"max-snippet:-1","max-image-preview":"max-image-preview:large","max-video-preview":"max-video-preview:-1"},"canonical":"https:\/\/www.correiobraziliense.com.br\/aqui\/2026\/03\/16\/doacao-de-orgaos-o-que-a-lei-diz-sobre-quem-pode-e-nao-pode-doar\/","og_locale":"pt_BR","og_type":"article","og_title":"Doa\u00e7\u00e3o de \u00f3rg\u00e3os: o que a lei diz sobre quem pode e n\u00e3o pode doar","og_description":"Tire d\u00favidas sobre a legisla\u00e7\u00e3o brasileira de doa\u00e7\u00e3o de \u00f3rg\u00e3os; saiba quem precisa autorizar e como manifestar seu desejo de ser um doador","og_url":"https:\/\/www.correiobraziliense.com.br\/aqui\/2026\/03\/16\/doacao-de-orgaos-o-que-a-lei-diz-sobre-quem-pode-e-nao-pode-doar\/","og_site_name":"Correio Braziliense - Aqui","article_published_time":"2026-03-16T14:33:11+00:00","article_modified_time":"2026-03-16T14:33:13+00:00","og_image":[{"width":768,"height":354,"url":"https:\/\/www.correiobraziliense.com.br\/aqui\/wp-content\/uploads\/2026\/03\/doacao-min-saude.png","type":"image\/png"}],"author":"Eduardo","twitter_card":"summary_large_image","twitter_misc":{"Escrito por":"Eduardo","Est. tempo de leitura":"3 minutos"},"schema":{"@context":"https:\/\/schema.org","@graph":[{"@type":"WebPage","@id":"https:\/\/www.correiobraziliense.com.br\/aqui\/2026\/03\/16\/doacao-de-orgaos-o-que-a-lei-diz-sobre-quem-pode-e-nao-pode-doar\/","url":"https:\/\/www.correiobraziliense.com.br\/aqui\/2026\/03\/16\/doacao-de-orgaos-o-que-a-lei-diz-sobre-quem-pode-e-nao-pode-doar\/","name":"Doa\u00e7\u00e3o de \u00f3rg\u00e3os: o que a lei diz sobre quem pode e n\u00e3o pode doar","isPartOf":{"@id":"https:\/\/www.correiobraziliense.com.br\/aqui\/#website"},"primaryImageOfPage":{"@id":"https:\/\/www.correiobraziliense.com.br\/aqui\/2026\/03\/16\/doacao-de-orgaos-o-que-a-lei-diz-sobre-quem-pode-e-nao-pode-doar\/#primaryimage"},"image":{"@id":"https:\/\/www.correiobraziliense.com.br\/aqui\/2026\/03\/16\/doacao-de-orgaos-o-que-a-lei-diz-sobre-quem-pode-e-nao-pode-doar\/#primaryimage"},"thumbnailUrl":"https:\/\/www.correiobraziliense.com.br\/aqui\/wp-content\/uploads\/2026\/03\/doacao-min-saude.png","datePublished":"2026-03-16T14:33:11+00:00","dateModified":"2026-03-16T14:33:13+00:00","author":{"@id":"https:\/\/www.correiobraziliense.com.br\/aqui\/#\/schema\/person\/c47c6b1bda0b847b489a8853f3ae7064"},"description":"Tire d\u00favidas sobre a legisla\u00e7\u00e3o brasileira de doa\u00e7\u00e3o de \u00f3rg\u00e3os; saiba quem precisa autorizar e como manifestar seu desejo de ser um doador","breadcrumb":{"@id":"https:\/\/www.correiobraziliense.com.br\/aqui\/2026\/03\/16\/doacao-de-orgaos-o-que-a-lei-diz-sobre-quem-pode-e-nao-pode-doar\/#breadcrumb"},"inLanguage":"pt-BR","potentialAction":[{"@type":"ReadAction","target":["https:\/\/www.correiobraziliense.com.br\/aqui\/2026\/03\/16\/doacao-de-orgaos-o-que-a-lei-diz-sobre-quem-pode-e-nao-pode-doar\/"]}]},{"@type":"ImageObject","inLanguage":"pt-BR","@id":"https:\/\/www.correiobraziliense.com.br\/aqui\/2026\/03\/16\/doacao-de-orgaos-o-que-a-lei-diz-sobre-quem-pode-e-nao-pode-doar\/#primaryimage","url":"https:\/\/www.correiobraziliense.com.br\/aqui\/wp-content\/uploads\/2026\/03\/doacao-min-saude.png","contentUrl":"https:\/\/www.correiobraziliense.com.br\/aqui\/wp-content\/uploads\/2026\/03\/doacao-min-saude.png","width":768,"height":354,"caption":"Doa\u00e7\u00e3o de \u00f3rg\u00e3os: o que a lei diz sobre quem pode e n\u00e3o pode doar (Minist\u00e9rio da Sa\u00fade)"},{"@type":"BreadcrumbList","@id":"https:\/\/www.correiobraziliense.com.br\/aqui\/2026\/03\/16\/doacao-de-orgaos-o-que-a-lei-diz-sobre-quem-pode-e-nao-pode-doar\/#breadcrumb","itemListElement":[{"@type":"ListItem","position":1,"name":"In\u00edcio","item":"https:\/\/www.correiobraziliense.com.br\/aqui\/"},{"@type":"ListItem","position":2,"name":"Doa\u00e7\u00e3o de \u00f3rg\u00e3os: o que a lei diz sobre quem pode e n\u00e3o pode doar"}]},{"@type":"WebSite","@id":"https:\/\/www.correiobraziliense.com.br\/aqui\/#website","url":"https:\/\/www.correiobraziliense.com.br\/aqui\/","name":"Correio Braziliense - Aqui","description":"O Correio Braziliense (CB) \u00e9 o mais importante canal de not\u00edcias de Bras\u00edlia. Aqui voc\u00ea encontra as \u00faltimas not\u00edcias do DF, do Brasil e do mundo.","potentialAction":[{"@type":"SearchAction","target":{"@type":"EntryPoint","urlTemplate":"https:\/\/www.correiobraziliense.com.br\/aqui\/?s={search_term_string}"},"query-input":{"@type":"PropertyValueSpecification","valueRequired":true,"valueName":"search_term_string"}}],"inLanguage":"pt-BR"},{"@type":"Person","@id":"https:\/\/www.correiobraziliense.com.br\/aqui\/#\/schema\/person\/c47c6b1bda0b847b489a8853f3ae7064","name":"Eduardo","image":{"@type":"ImageObject","inLanguage":"pt-BR","@id":"https:\/\/www.correiobraziliense.com.br\/aqui\/#\/schema\/person\/image\/","url":"https:\/\/secure.gravatar.com\/avatar\/77436493f32cd19708b030d4c1c45a2dc2413989ca1bc340ada9d5d614b9a91f?s=96&d=mm&r=g","contentUrl":"https:\/\/secure.gravatar.com\/avatar\/77436493f32cd19708b030d4c1c45a2dc2413989ca1bc340ada9d5d614b9a91f?s=96&d=mm&r=g","caption":"Eduardo"},"url":"https:\/\/www.correiobraziliense.com.br\/aqui\/author\/eduardo\/"}]}},"_links":{"self":[{"href":"https:\/\/www.correiobraziliense.com.br\/aqui\/wp-json\/wp\/v2\/posts\/24635","targetHints":{"allow":["GET"]}}],"collection":[{"href":"https:\/\/www.correiobraziliense.com.br\/aqui\/wp-json\/wp\/v2\/posts"}],"about":[{"href":"https:\/\/www.correiobraziliense.com.br\/aqui\/wp-json\/wp\/v2\/types\/post"}],"author":[{"embeddable":true,"href":"https:\/\/www.correiobraziliense.com.br\/aqui\/wp-json\/wp\/v2\/users\/7"}],"replies":[{"embeddable":true,"href":"https:\/\/www.correiobraziliense.com.br\/aqui\/wp-json\/wp\/v2\/comments?post=24635"}],"version-history":[{"count":2,"href":"https:\/\/www.correiobraziliense.com.br\/aqui\/wp-json\/wp\/v2\/posts\/24635\/revisions"}],"predecessor-version":[{"id":24641,"href":"https:\/\/www.correiobraziliense.com.br\/aqui\/wp-json\/wp\/v2\/posts\/24635\/revisions\/24641"}],"wp:featuredmedia":[{"embeddable":true,"href":"https:\/\/www.correiobraziliense.com.br\/aqui\/wp-json\/wp\/v2\/media\/24639"}],"wp:attachment":[{"href":"https:\/\/www.correiobraziliense.com.br\/aqui\/wp-json\/wp\/v2\/media?parent=24635"}],"wp:term":[{"taxonomy":"category","embeddable":true,"href":"https:\/\/www.correiobraziliense.com.br\/aqui\/wp-json\/wp\/v2\/categories?post=24635"},{"taxonomy":"post_tag","embeddable":true,"href":"https:\/\/www.correiobraziliense.com.br\/aqui\/wp-json\/wp\/v2\/tags?post=24635"}],"curies":[{"name":"wp","href":"https:\/\/api.w.org\/{rel}","templated":true}]}}