{"id":24653,"date":"2026-03-16T12:52:07","date_gmt":"2026-03-16T15:52:07","guid":{"rendered":"https:\/\/www.correiobraziliense.com.br\/aqui\/?p=24653"},"modified":"2026-03-16T12:52:10","modified_gmt":"2026-03-16T15:52:10","slug":"calendario-pis-2026-completo-veja-a-data-de-pagamento-para-seu-mes","status":"publish","type":"post","link":"https:\/\/www.correiobraziliense.com.br\/aqui\/2026\/03\/16\/calendario-pis-2026-completo-veja-a-data-de-pagamento-para-seu-mes\/","title":{"rendered":"Calend\u00e1rio PIS 2026 completo: veja a data de pagamento para seu m\u00eas"},"content":{"rendered":"\n<p>O calend\u00e1rio de pagamento do abono salarial PIS\/Pasep para 2026, referente ao ano-base 2024, tem datas fixas para aqueles que t\u00eam direito ao valor.<\/p>\n\n\n\n<p>O cronograma foi aprovado pelo Conselho Deliberativo do Fundo de Amparo ao Trabalhador (Codefat) e segue o padr\u00e3o baseado no m\u00eas de nascimento do benefici\u00e1rio. Essa organiza\u00e7\u00e3o permite ent\u00e3o que os trabalhadores se planejem com anteced\u00eancia para receber o valor, que funciona como um 14\u00ba sal\u00e1rio para muitas fam\u00edlias.<\/p>\n\n\n\n<h2 class=\"wp-block-heading\">Quem tem direito ao PIS em 2026?<\/h2>\n\n\n\n<p>Para receber o abono salarial em 2026, o trabalhador precisa atender a alguns crit\u00e9rios definidos por lei, todos relacionados ao ano-base de 2024. Portanto, as regras s\u00e3o claras e exigem o cumprimento de todos os pontos listados abaixo:<\/p>\n\n\n\n<ul class=\"wp-block-list\">\n<li>Estar inscrito no PIS\/Pasep h\u00e1 pelo menos cinco anos;<\/li>\n\n\n\n<li>Ter trabalhado com carteira assinada por, no m\u00ednimo, 30 dias em 2024;<\/li>\n\n\n\n<li>Ter recebido remunera\u00e7\u00e3o m\u00e9dia mensal de at\u00e9 dois sal\u00e1rios m\u00ednimos durante o ano de 2024. Para este ciclo, o teto espec\u00edfico \u00e9 de R$ 2.766,00, devido a uma nova regra de corre\u00e7\u00e3o que utiliza apenas a infla\u00e7\u00e3o (INPC);<\/li>\n\n\n\n<li>Ter os dados corretamente informados pelo empregador na Rela\u00e7\u00e3o Anual de Informa\u00e7\u00f5es Sociais (RAIS) ou no eSocial.<\/li>\n<\/ul>\n\n\n\n<p>A consulta para verificar o direito ao benef\u00edcio est\u00e1 dispon\u00edvel nos canais oficiais, como o aplicativo Carteira de Trabalho Digital, o portal gov.br e o telefone 158.<\/p>\n\n\n\n<h2 class=\"wp-block-heading\">Qual ser\u00e1 o valor do benef\u00edcio?<\/h2>\n\n\n\n<p>O valor do abono salarial \u00e9 diretamente ligado ao sal\u00e1rio m\u00ednimo vigente no ano do pagamento. Ent\u00e3o, para 2026, o valor de refer\u00eancia \u00e9 de R$ 1.621,00. A quantia recebida, portanto, \u00e9 proporcional ao n\u00famero de meses trabalhados durante o ano-base 2024. Mas quem esteve empregado durante os 12 meses recebe o valor de um sal\u00e1rio m\u00ednimo completo.<\/p>\n\n\n\n<h2 class=\"wp-block-heading\">Calend\u00e1rio de pagamento do PIS 2026<\/h2>\n\n\n\n<p>O cronograma oficial de pagamentos do abono salarial PIS \u00e9 organizado pela Caixa Econ\u00f4mica Federal e segue o m\u00eas de nascimento do trabalhador. Confira as datas de libera\u00e7\u00e3o:<\/p>\n\n\n\n<ul class=\"wp-block-list\">\n<li><strong>Nascidos em janeiro:<\/strong> recebem a partir de 15 de fevereiro;<\/li>\n\n\n\n<li><strong>Nascidos em fevereiro:<\/strong> recebem a partir de 15 de mar\u00e7o;<\/li>\n\n\n\n<li><strong>Nascidos em mar\u00e7o:<\/strong> recebem a partir de 15 de abril;<\/li>\n\n\n\n<li><strong>Nascidos em abril:<\/strong> recebem a partir de 15 de abril;<\/li>\n\n\n\n<li><strong>Nascidos em maio:<\/strong> recebem a partir de 15 de maio;<\/li>\n\n\n\n<li><strong>Nascidos em junho:<\/strong> recebem a partir de 15 de maio;<\/li>\n\n\n\n<li><strong>Nascidos de julho a agosto:<\/strong> recebem a partir de 15 de junho;<\/li>\n\n\n\n<li><strong>Nascidos de setembro a outubro:<\/strong> recebem a partir de 15 de julho;<\/li>\n\n\n\n<li><strong>Nascidos de novembro a dezembro:<\/strong> recebem a partir de 15 de agosto;<\/li>\n\n\n\n<li><strong>Fim do prazo:<\/strong> at\u00e9 30 de dezembro;<\/li>\n<\/ul>\n\n\n\n<p>O prazo final para o saque dos valores, portanto, independentemente do m\u00eas de nascimento, \u00e9 30 de dezembro de 2026, o \u00faltimo dia \u00fatil do calend\u00e1rio banc\u00e1rio.<\/p>\n","protected":false},"excerpt":{"rendered":"<p>O calend\u00e1rio de pagamento do abono salarial PIS\/Pasep para 2026, referente ao ano-base 2024, tem datas fixas para aqueles que t\u00eam direito ao valor. O cronograma foi aprovado pelo Conselho Deliberativo do Fundo de Amparo ao Trabalhador (Codefat) e segue o padr\u00e3o baseado no m\u00eas de nascimento do benefici\u00e1rio. Essa organiza\u00e7\u00e3o permite ent\u00e3o que os [&hellip;]<\/p>\n","protected":false},"author":7,"featured_media":24654,"comment_status":"open","ping_status":"open","sticky":false,"template":"","format":"standard","meta":{"jnews-multi-image_gallery":[],"jnews_single_post":{"format":"standard"},"jnews_primary_category":[],"jnews_social_meta":[],"jnews_override_counter":[],"footnotes":""},"categories":[1512],"tags":[7469,7470,7468],"class_list":["post-24653","post","type-post","status-publish","format-standard","has-post-thumbnail","hentry","category-economia","tag-abono","tag-abono-pis","tag-pis"],"yoast_head":"<!-- This site is optimized with the Yoast SEO plugin v25.1 - https:\/\/yoast.com\/wordpress\/plugins\/seo\/ -->\n<title>Calend\u00e1rio PIS 2026: veja a data de pagamento para seu m\u00eas<\/title>\n<meta name=\"description\" content=\"Pagamento do abono salarial para nascidos de janeiro a dezembro est\u00e1 definido; confira a tabela e saiba quando o dinheiro cai na sua conta.\" \/>\n<meta name=\"robots\" content=\"index, follow, max-snippet:-1, max-image-preview:large, max-video-preview:-1\" \/>\n<link rel=\"canonical\" href=\"https:\/\/www.correiobraziliense.com.br\/aqui\/2026\/03\/16\/calendario-pis-2026-completo-veja-a-data-de-pagamento-para-seu-mes\/\" \/>\n<meta property=\"og:locale\" content=\"pt_BR\" \/>\n<meta property=\"og:type\" content=\"article\" \/>\n<meta property=\"og:title\" content=\"Calend\u00e1rio PIS 2026: veja a data de pagamento para seu m\u00eas\" \/>\n<meta property=\"og:description\" content=\"Pagamento do abono salarial para nascidos de janeiro a dezembro est\u00e1 definido; confira a tabela e saiba quando o dinheiro cai na sua conta.\" \/>\n<meta property=\"og:url\" content=\"https:\/\/www.correiobraziliense.com.br\/aqui\/2026\/03\/16\/calendario-pis-2026-completo-veja-a-data-de-pagamento-para-seu-mes\/\" \/>\n<meta property=\"og:site_name\" content=\"Correio Braziliense - Aqui\" \/>\n<meta property=\"article:published_time\" content=\"2026-03-16T15:52:07+00:00\" \/>\n<meta property=\"article:modified_time\" content=\"2026-03-16T15:52:10+00:00\" \/>\n<meta property=\"og:image\" content=\"https:\/\/www.correiobraziliense.com.br\/aqui\/wp-content\/uploads\/2026\/03\/1_carteira_de_trabalho-34608919.webp\" \/>\n\t<meta property=\"og:image:width\" content=\"675\" \/>\n\t<meta property=\"og:image:height\" content=\"450\" \/>\n\t<meta property=\"og:image:type\" content=\"image\/webp\" \/>\n<meta name=\"author\" content=\"Eduardo\" \/>\n<meta name=\"twitter:card\" content=\"summary_large_image\" \/>\n<meta name=\"twitter:label1\" content=\"Escrito por\" \/>\n\t<meta name=\"twitter:data1\" content=\"Eduardo\" \/>\n\t<meta name=\"twitter:label2\" content=\"Est. tempo de leitura\" \/>\n\t<meta name=\"twitter:data2\" content=\"3 minutos\" \/>\n<!-- \/ Yoast SEO plugin. -->","yoast_head_json":{"title":"Calend\u00e1rio PIS 2026: veja a data de pagamento para seu m\u00eas","description":"Pagamento do abono salarial para nascidos de janeiro a dezembro est\u00e1 definido; confira a tabela e saiba quando o dinheiro cai na sua conta.","robots":{"index":"index","follow":"follow","max-snippet":"max-snippet:-1","max-image-preview":"max-image-preview:large","max-video-preview":"max-video-preview:-1"},"canonical":"https:\/\/www.correiobraziliense.com.br\/aqui\/2026\/03\/16\/calendario-pis-2026-completo-veja-a-data-de-pagamento-para-seu-mes\/","og_locale":"pt_BR","og_type":"article","og_title":"Calend\u00e1rio PIS 2026: veja a data de pagamento para seu m\u00eas","og_description":"Pagamento do abono salarial para nascidos de janeiro a dezembro est\u00e1 definido; confira a tabela e saiba quando o dinheiro cai na sua conta.","og_url":"https:\/\/www.correiobraziliense.com.br\/aqui\/2026\/03\/16\/calendario-pis-2026-completo-veja-a-data-de-pagamento-para-seu-mes\/","og_site_name":"Correio Braziliense - Aqui","article_published_time":"2026-03-16T15:52:07+00:00","article_modified_time":"2026-03-16T15:52:10+00:00","og_image":[{"width":675,"height":450,"url":"https:\/\/www.correiobraziliense.com.br\/aqui\/wp-content\/uploads\/2026\/03\/1_carteira_de_trabalho-34608919.webp","type":"image\/webp"}],"author":"Eduardo","twitter_card":"summary_large_image","twitter_misc":{"Escrito por":"Eduardo","Est. tempo de leitura":"3 minutos"},"schema":{"@context":"https:\/\/schema.org","@graph":[{"@type":"WebPage","@id":"https:\/\/www.correiobraziliense.com.br\/aqui\/2026\/03\/16\/calendario-pis-2026-completo-veja-a-data-de-pagamento-para-seu-mes\/","url":"https:\/\/www.correiobraziliense.com.br\/aqui\/2026\/03\/16\/calendario-pis-2026-completo-veja-a-data-de-pagamento-para-seu-mes\/","name":"Calend\u00e1rio PIS 2026: veja a data de pagamento para seu m\u00eas","isPartOf":{"@id":"https:\/\/www.correiobraziliense.com.br\/aqui\/#website"},"primaryImageOfPage":{"@id":"https:\/\/www.correiobraziliense.com.br\/aqui\/2026\/03\/16\/calendario-pis-2026-completo-veja-a-data-de-pagamento-para-seu-mes\/#primaryimage"},"image":{"@id":"https:\/\/www.correiobraziliense.com.br\/aqui\/2026\/03\/16\/calendario-pis-2026-completo-veja-a-data-de-pagamento-para-seu-mes\/#primaryimage"},"thumbnailUrl":"https:\/\/www.correiobraziliense.com.br\/aqui\/wp-content\/uploads\/2026\/03\/1_carteira_de_trabalho-34608919.webp","datePublished":"2026-03-16T15:52:07+00:00","dateModified":"2026-03-16T15:52:10+00:00","author":{"@id":"https:\/\/www.correiobraziliense.com.br\/aqui\/#\/schema\/person\/c47c6b1bda0b847b489a8853f3ae7064"},"description":"Pagamento do abono salarial para nascidos de janeiro a dezembro est\u00e1 definido; confira a tabela e saiba quando o dinheiro cai na sua conta.","breadcrumb":{"@id":"https:\/\/www.correiobraziliense.com.br\/aqui\/2026\/03\/16\/calendario-pis-2026-completo-veja-a-data-de-pagamento-para-seu-mes\/#breadcrumb"},"inLanguage":"pt-BR","potentialAction":[{"@type":"ReadAction","target":["https:\/\/www.correiobraziliense.com.br\/aqui\/2026\/03\/16\/calendario-pis-2026-completo-veja-a-data-de-pagamento-para-seu-mes\/"]}]},{"@type":"ImageObject","inLanguage":"pt-BR","@id":"https:\/\/www.correiobraziliense.com.br\/aqui\/2026\/03\/16\/calendario-pis-2026-completo-veja-a-data-de-pagamento-para-seu-mes\/#primaryimage","url":"https:\/\/www.correiobraziliense.com.br\/aqui\/wp-content\/uploads\/2026\/03\/1_carteira_de_trabalho-34608919.webp","contentUrl":"https:\/\/www.correiobraziliense.com.br\/aqui\/wp-content\/uploads\/2026\/03\/1_carteira_de_trabalho-34608919.webp","width":675,"height":450,"caption":"O pagamento do abono salarial para nascidos de janeiro a dezembro j\u00e1 est\u00e1 definido; confira a tabela e saiba quando o dinheiro cai na sua conta.(cr\u00e9dito: ABR)"},{"@type":"BreadcrumbList","@id":"https:\/\/www.correiobraziliense.com.br\/aqui\/2026\/03\/16\/calendario-pis-2026-completo-veja-a-data-de-pagamento-para-seu-mes\/#breadcrumb","itemListElement":[{"@type":"ListItem","position":1,"name":"In\u00edcio","item":"https:\/\/www.correiobraziliense.com.br\/aqui\/"},{"@type":"ListItem","position":2,"name":"Calend\u00e1rio PIS 2026 completo: veja a data de pagamento para seu m\u00eas"}]},{"@type":"WebSite","@id":"https:\/\/www.correiobraziliense.com.br\/aqui\/#website","url":"https:\/\/www.correiobraziliense.com.br\/aqui\/","name":"Correio Braziliense - Aqui","description":"O Correio Braziliense (CB) \u00e9 o mais importante canal de not\u00edcias de Bras\u00edlia. Aqui voc\u00ea encontra as \u00faltimas not\u00edcias do DF, do Brasil e do mundo.","potentialAction":[{"@type":"SearchAction","target":{"@type":"EntryPoint","urlTemplate":"https:\/\/www.correiobraziliense.com.br\/aqui\/?s={search_term_string}"},"query-input":{"@type":"PropertyValueSpecification","valueRequired":true,"valueName":"search_term_string"}}],"inLanguage":"pt-BR"},{"@type":"Person","@id":"https:\/\/www.correiobraziliense.com.br\/aqui\/#\/schema\/person\/c47c6b1bda0b847b489a8853f3ae7064","name":"Eduardo","image":{"@type":"ImageObject","inLanguage":"pt-BR","@id":"https:\/\/www.correiobraziliense.com.br\/aqui\/#\/schema\/person\/image\/","url":"https:\/\/secure.gravatar.com\/avatar\/77436493f32cd19708b030d4c1c45a2dc2413989ca1bc340ada9d5d614b9a91f?s=96&d=mm&r=g","contentUrl":"https:\/\/secure.gravatar.com\/avatar\/77436493f32cd19708b030d4c1c45a2dc2413989ca1bc340ada9d5d614b9a91f?s=96&d=mm&r=g","caption":"Eduardo"},"url":"https:\/\/www.correiobraziliense.com.br\/aqui\/author\/eduardo\/"}]}},"_links":{"self":[{"href":"https:\/\/www.correiobraziliense.com.br\/aqui\/wp-json\/wp\/v2\/posts\/24653","targetHints":{"allow":["GET"]}}],"collection":[{"href":"https:\/\/www.correiobraziliense.com.br\/aqui\/wp-json\/wp\/v2\/posts"}],"about":[{"href":"https:\/\/www.correiobraziliense.com.br\/aqui\/wp-json\/wp\/v2\/types\/post"}],"author":[{"embeddable":true,"href":"https:\/\/www.correiobraziliense.com.br\/aqui\/wp-json\/wp\/v2\/users\/7"}],"replies":[{"embeddable":true,"href":"https:\/\/www.correiobraziliense.com.br\/aqui\/wp-json\/wp\/v2\/comments?post=24653"}],"version-history":[{"count":1,"href":"https:\/\/www.correiobraziliense.com.br\/aqui\/wp-json\/wp\/v2\/posts\/24653\/revisions"}],"predecessor-version":[{"id":24655,"href":"https:\/\/www.correiobraziliense.com.br\/aqui\/wp-json\/wp\/v2\/posts\/24653\/revisions\/24655"}],"wp:featuredmedia":[{"embeddable":true,"href":"https:\/\/www.correiobraziliense.com.br\/aqui\/wp-json\/wp\/v2\/media\/24654"}],"wp:attachment":[{"href":"https:\/\/www.correiobraziliense.com.br\/aqui\/wp-json\/wp\/v2\/media?parent=24653"}],"wp:term":[{"taxonomy":"category","embeddable":true,"href":"https:\/\/www.correiobraziliense.com.br\/aqui\/wp-json\/wp\/v2\/categories?post=24653"},{"taxonomy":"post_tag","embeddable":true,"href":"https:\/\/www.correiobraziliense.com.br\/aqui\/wp-json\/wp\/v2\/tags?post=24653"}],"curies":[{"name":"wp","href":"https:\/\/api.w.org\/{rel}","templated":true}]}}