{"id":24656,"date":"2026-03-16T13:06:33","date_gmt":"2026-03-16T16:06:33","guid":{"rendered":"https:\/\/www.correiobraziliense.com.br\/aqui\/?p=24656"},"modified":"2026-03-16T13:06:36","modified_gmt":"2026-03-16T16:06:36","slug":"como-consultar-o-pis-pelo-cpf-no-app-carteira-de-trabalho-digital","status":"publish","type":"post","link":"https:\/\/www.correiobraziliense.com.br\/aqui\/2026\/03\/16\/como-consultar-o-pis-pelo-cpf-no-app-carteira-de-trabalho-digital\/","title":{"rendered":"Como consultar o PIS pelo CPF no app Carteira de Trabalho Digital"},"content":{"rendered":"\n<p>Com o <strong><a href=\"https:\/\/www.correiobraziliense.com.br\/aqui\/2026\/03\/16\/calendario-pis-2026-completo-veja-a-data-de-pagamento-para-seu-mes\/\">calend\u00e1rio de pagamentos do abono salarial PIS\/Pasep em andamento<\/a><\/strong>, muitos trabalhadores precisam localizar o n\u00famero do PIS para consultar o benef\u00edcio. A boa not\u00edcia \u00e9 que essa informa\u00e7\u00e3o pode ser encontrada de forma r\u00e1pida e segura usando apenas o CPF, diretamente no aplicativo Carteira de Trabalho Digital, a ferramenta oficial do governo federal.<\/p>\n\n\n\n<p>O n\u00famero do PIS \u00e9 essencial para que o trabalhador tenha acesso a direitos como o abono salarial, o seguro-desemprego e o saque do Fundo de Garantia do Tempo de Servi\u00e7o (FGTS). Manter esse dado \u00e0 m\u00e3o facilita a consulta e o recebimento dos valores nos prazos corretos, evitando transtornos.<\/p>\n\n\n\n<p>Para quem n\u00e3o tem o n\u00famero anotado ou perdeu os documentos antigos, o aplicativo se tornou a principal forma de consulta. Ele re\u00fane todas as informa\u00e7\u00f5es dos seus contratos de trabalho formais e dados previdenci\u00e1rios em um \u00fanico lugar, acess\u00edvel a qualquer momento pelo celular.<\/p>\n\n\n\n<h2 class=\"wp-block-heading\">Passo a passo no app Carteira de Trabalho Digital<\/h2>\n\n\n\n<p>Consultar o PIS pelo aplicativo \u00e9 um procedimento simples e leva apenas alguns minutos. O primeiro passo \u00e9 ter o app instalado no seu smartphone, dispon\u00edvel para Android e iOS, e possuir uma conta ativa no portal Gov.br. Veja como fazer:<\/p>\n\n\n\n<ol class=\"wp-block-list\">\n<li>Baixe e abra o aplicativo \u201cCarteira de Trabalho Digital\u201d.<\/li>\n\n\n\n<li>Clique em \u201cEntrar com gov.br\u201d e fa\u00e7a o login com seu CPF e senha.<\/li>\n\n\n\n<li>Na tela inicial, na parte inferior, toque no \u00edcone \u201cContratos\u201d. Essa \u00e1rea listar\u00e1 todos os seus v\u00ednculos empregat\u00edcios.<\/li>\n\n\n\n<li>Selecione qualquer um dos contratos de trabalho listados, seja o atual ou um antigo.<\/li>\n\n\n\n<li>Ao expandir os detalhes do contrato, o n\u00famero do PIS\/Pasep ser\u00e1 exibido junto a outras informa\u00e7\u00f5es como CNPJ do empregador, ocupa\u00e7\u00e3o e data de admiss\u00e3o.<\/li>\n<\/ol>\n\n\n\n<p>Al\u00e9m de encontrar o n\u00famero do PIS, o aplicativo Carteira de Trabalho Digital tamb\u00e9m permite consultar a situa\u00e7\u00e3o do seu abono salarial. Para isso, basta acessar a aba &#8220;Benef\u00edcios&#8221; no menu inferior e selecionar a op\u00e7\u00e3o &#8220;Abono Salarial&#8221; para verificar informa\u00e7\u00f5es como valor, data e banco de pagamento.<\/p>\n\n\n\n<h2 class=\"wp-block-heading\">Outras formas de consultar o PIS<\/h2>\n\n\n\n<p>Caso n\u00e3o consiga acessar o aplicativo ou prefira outros m\u00e9todos, existem alternativas para descobrir o n\u00famero do seu PIS. \u00c9 poss\u00edvel verificar a informa\u00e7\u00e3o em diferentes canais oficiais do governo e da Caixa Econ\u00f4mica Federal.<\/p>\n\n\n\n<ul class=\"wp-block-list\">\n<li><strong>Aplicativo Caixa Trabalhador:<\/strong> Fa\u00e7a o login com seu CPF e senha para visualizar o n\u00famero do PIS na tela principal.<\/li>\n\n\n\n<li><strong>Atendimento por telefone:<\/strong> A consulta pode ser feita pela Central Al\u00f4 Trabalho (n\u00famero 158) ou pelo Atendimento Caixa ao Cidad\u00e3o (0800 726 0207). Tenha seus documentos em m\u00e3os para confirmar sua identidade.<\/li>\n\n\n\n<li><strong>Documentos f\u00edsicos:<\/strong> O n\u00famero pode ser encontrado na sua carteira de trabalho f\u00edsica, em extratos antigos do FGTS ou no Cart\u00e3o Cidad\u00e3o.<\/li>\n\n\n\n<li><strong>Ag\u00eancias da Caixa:<\/strong> Voc\u00ea pode ir a uma ag\u00eancia com um documento de identifica\u00e7\u00e3o com foto e solicitar a informa\u00e7\u00e3o a um atendente.<\/li>\n<\/ul>\n","protected":false},"excerpt":{"rendered":"<p>Com o calend\u00e1rio de pagamentos do abono salarial PIS\/Pasep em andamento, muitos trabalhadores precisam localizar o n\u00famero do PIS para consultar o benef\u00edcio. A boa not\u00edcia \u00e9 que essa informa\u00e7\u00e3o pode ser encontrada de forma r\u00e1pida e segura usando apenas o CPF, diretamente no aplicativo Carteira de Trabalho Digital, a ferramenta oficial do governo federal. [&hellip;]<\/p>\n","protected":false},"author":7,"featured_media":24657,"comment_status":"open","ping_status":"open","sticky":false,"template":"","format":"standard","meta":{"jnews-multi-image_gallery":[],"jnews_single_post":{"format":"standard"},"jnews_primary_category":[],"jnews_social_meta":[],"jnews_override_counter":[],"footnotes":""},"categories":[244],"tags":[7471,7468],"class_list":["post-24656","post","type-post","status-publish","format-standard","has-post-thumbnail","hentry","category-tecnologia-2","tag-carteira-de-trabalho-digital","tag-pis"],"yoast_head":"<!-- This site is optimized with the Yoast SEO plugin v25.1 - https:\/\/yoast.com\/wordpress\/plugins\/seo\/ -->\n<title>Como consultar o PIS pelo CPF no app Carteira de Trabalho Digital - Correio Braziliense - Aqui<\/title>\n<meta name=\"description\" content=\"Esqueceu o n\u00famero do PIS? O aplicativo oficial do governo permite consultar o benef\u00edcio de forma simples e r\u00e1pida\" \/>\n<meta name=\"robots\" content=\"index, follow, max-snippet:-1, max-image-preview:large, max-video-preview:-1\" \/>\n<link rel=\"canonical\" href=\"https:\/\/www.correiobraziliense.com.br\/aqui\/2026\/03\/16\/como-consultar-o-pis-pelo-cpf-no-app-carteira-de-trabalho-digital\/\" \/>\n<meta property=\"og:locale\" content=\"pt_BR\" \/>\n<meta property=\"og:type\" content=\"article\" \/>\n<meta property=\"og:title\" content=\"Como consultar o PIS pelo CPF no app Carteira de Trabalho Digital - Correio Braziliense - Aqui\" \/>\n<meta property=\"og:description\" content=\"Esqueceu o n\u00famero do PIS? O aplicativo oficial do governo permite consultar o benef\u00edcio de forma simples e r\u00e1pida\" \/>\n<meta property=\"og:url\" content=\"https:\/\/www.correiobraziliense.com.br\/aqui\/2026\/03\/16\/como-consultar-o-pis-pelo-cpf-no-app-carteira-de-trabalho-digital\/\" \/>\n<meta property=\"og:site_name\" content=\"Correio Braziliense - Aqui\" \/>\n<meta property=\"article:published_time\" content=\"2026-03-16T16:06:33+00:00\" \/>\n<meta property=\"article:modified_time\" content=\"2026-03-16T16:06:36+00:00\" \/>\n<meta property=\"og:image\" content=\"https:\/\/www.correiobraziliense.com.br\/aqui\/wp-content\/uploads\/2026\/03\/ctps.webp\" \/>\n\t<meta property=\"og:image:width\" content=\"675\" \/>\n\t<meta property=\"og:image:height\" content=\"449\" \/>\n\t<meta property=\"og:image:type\" content=\"image\/webp\" \/>\n<meta name=\"author\" content=\"Eduardo\" \/>\n<meta name=\"twitter:card\" content=\"summary_large_image\" \/>\n<meta name=\"twitter:label1\" content=\"Escrito por\" \/>\n\t<meta name=\"twitter:data1\" content=\"Eduardo\" \/>\n\t<meta name=\"twitter:label2\" content=\"Est. tempo de leitura\" \/>\n\t<meta name=\"twitter:data2\" content=\"3 minutos\" \/>\n<!-- \/ Yoast SEO plugin. -->","yoast_head_json":{"title":"Como consultar o PIS pelo CPF no app Carteira de Trabalho Digital - Correio Braziliense - Aqui","description":"Esqueceu o n\u00famero do PIS? O aplicativo oficial do governo permite consultar o benef\u00edcio de forma simples e r\u00e1pida","robots":{"index":"index","follow":"follow","max-snippet":"max-snippet:-1","max-image-preview":"max-image-preview:large","max-video-preview":"max-video-preview:-1"},"canonical":"https:\/\/www.correiobraziliense.com.br\/aqui\/2026\/03\/16\/como-consultar-o-pis-pelo-cpf-no-app-carteira-de-trabalho-digital\/","og_locale":"pt_BR","og_type":"article","og_title":"Como consultar o PIS pelo CPF no app Carteira de Trabalho Digital - Correio Braziliense - Aqui","og_description":"Esqueceu o n\u00famero do PIS? O aplicativo oficial do governo permite consultar o benef\u00edcio de forma simples e r\u00e1pida","og_url":"https:\/\/www.correiobraziliense.com.br\/aqui\/2026\/03\/16\/como-consultar-o-pis-pelo-cpf-no-app-carteira-de-trabalho-digital\/","og_site_name":"Correio Braziliense - Aqui","article_published_time":"2026-03-16T16:06:33+00:00","article_modified_time":"2026-03-16T16:06:36+00:00","og_image":[{"width":675,"height":449,"url":"https:\/\/www.correiobraziliense.com.br\/aqui\/wp-content\/uploads\/2026\/03\/ctps.webp","type":"image\/webp"}],"author":"Eduardo","twitter_card":"summary_large_image","twitter_misc":{"Escrito por":"Eduardo","Est. tempo de leitura":"3 minutos"},"schema":{"@context":"https:\/\/schema.org","@graph":[{"@type":"WebPage","@id":"https:\/\/www.correiobraziliense.com.br\/aqui\/2026\/03\/16\/como-consultar-o-pis-pelo-cpf-no-app-carteira-de-trabalho-digital\/","url":"https:\/\/www.correiobraziliense.com.br\/aqui\/2026\/03\/16\/como-consultar-o-pis-pelo-cpf-no-app-carteira-de-trabalho-digital\/","name":"Como consultar o PIS pelo CPF no app Carteira de Trabalho Digital - Correio Braziliense - Aqui","isPartOf":{"@id":"https:\/\/www.correiobraziliense.com.br\/aqui\/#website"},"primaryImageOfPage":{"@id":"https:\/\/www.correiobraziliense.com.br\/aqui\/2026\/03\/16\/como-consultar-o-pis-pelo-cpf-no-app-carteira-de-trabalho-digital\/#primaryimage"},"image":{"@id":"https:\/\/www.correiobraziliense.com.br\/aqui\/2026\/03\/16\/como-consultar-o-pis-pelo-cpf-no-app-carteira-de-trabalho-digital\/#primaryimage"},"thumbnailUrl":"https:\/\/www.correiobraziliense.com.br\/aqui\/wp-content\/uploads\/2026\/03\/ctps.webp","datePublished":"2026-03-16T16:06:33+00:00","dateModified":"2026-03-16T16:06:36+00:00","author":{"@id":"https:\/\/www.correiobraziliense.com.br\/aqui\/#\/schema\/person\/c47c6b1bda0b847b489a8853f3ae7064"},"description":"Esqueceu o n\u00famero do PIS? O aplicativo oficial do governo permite consultar o benef\u00edcio de forma simples e r\u00e1pida","breadcrumb":{"@id":"https:\/\/www.correiobraziliense.com.br\/aqui\/2026\/03\/16\/como-consultar-o-pis-pelo-cpf-no-app-carteira-de-trabalho-digital\/#breadcrumb"},"inLanguage":"pt-BR","potentialAction":[{"@type":"ReadAction","target":["https:\/\/www.correiobraziliense.com.br\/aqui\/2026\/03\/16\/como-consultar-o-pis-pelo-cpf-no-app-carteira-de-trabalho-digital\/"]}]},{"@type":"ImageObject","inLanguage":"pt-BR","@id":"https:\/\/www.correiobraziliense.com.br\/aqui\/2026\/03\/16\/como-consultar-o-pis-pelo-cpf-no-app-carteira-de-trabalho-digital\/#primaryimage","url":"https:\/\/www.correiobraziliense.com.br\/aqui\/wp-content\/uploads\/2026\/03\/ctps.webp","contentUrl":"https:\/\/www.correiobraziliense.com.br\/aqui\/wp-content\/uploads\/2026\/03\/ctps.webp","width":675,"height":449,"caption":"Esqueceu o n\u00famero do PIS? O aplicativo oficial do governo permite consultar o benef\u00edcio de forma simples e r\u00e1pida; veja o passo a passo completo. (cr\u00e9dito: Diana Raeder\/Esp. CB\/D.A Press)"},{"@type":"BreadcrumbList","@id":"https:\/\/www.correiobraziliense.com.br\/aqui\/2026\/03\/16\/como-consultar-o-pis-pelo-cpf-no-app-carteira-de-trabalho-digital\/#breadcrumb","itemListElement":[{"@type":"ListItem","position":1,"name":"In\u00edcio","item":"https:\/\/www.correiobraziliense.com.br\/aqui\/"},{"@type":"ListItem","position":2,"name":"Como consultar o PIS pelo CPF no app Carteira de Trabalho Digital"}]},{"@type":"WebSite","@id":"https:\/\/www.correiobraziliense.com.br\/aqui\/#website","url":"https:\/\/www.correiobraziliense.com.br\/aqui\/","name":"Correio Braziliense - Aqui","description":"O Correio Braziliense (CB) \u00e9 o mais importante canal de not\u00edcias de Bras\u00edlia. Aqui voc\u00ea encontra as \u00faltimas not\u00edcias do DF, do Brasil e do mundo.","potentialAction":[{"@type":"SearchAction","target":{"@type":"EntryPoint","urlTemplate":"https:\/\/www.correiobraziliense.com.br\/aqui\/?s={search_term_string}"},"query-input":{"@type":"PropertyValueSpecification","valueRequired":true,"valueName":"search_term_string"}}],"inLanguage":"pt-BR"},{"@type":"Person","@id":"https:\/\/www.correiobraziliense.com.br\/aqui\/#\/schema\/person\/c47c6b1bda0b847b489a8853f3ae7064","name":"Eduardo","image":{"@type":"ImageObject","inLanguage":"pt-BR","@id":"https:\/\/www.correiobraziliense.com.br\/aqui\/#\/schema\/person\/image\/","url":"https:\/\/secure.gravatar.com\/avatar\/77436493f32cd19708b030d4c1c45a2dc2413989ca1bc340ada9d5d614b9a91f?s=96&d=mm&r=g","contentUrl":"https:\/\/secure.gravatar.com\/avatar\/77436493f32cd19708b030d4c1c45a2dc2413989ca1bc340ada9d5d614b9a91f?s=96&d=mm&r=g","caption":"Eduardo"},"url":"https:\/\/www.correiobraziliense.com.br\/aqui\/author\/eduardo\/"}]}},"_links":{"self":[{"href":"https:\/\/www.correiobraziliense.com.br\/aqui\/wp-json\/wp\/v2\/posts\/24656","targetHints":{"allow":["GET"]}}],"collection":[{"href":"https:\/\/www.correiobraziliense.com.br\/aqui\/wp-json\/wp\/v2\/posts"}],"about":[{"href":"https:\/\/www.correiobraziliense.com.br\/aqui\/wp-json\/wp\/v2\/types\/post"}],"author":[{"embeddable":true,"href":"https:\/\/www.correiobraziliense.com.br\/aqui\/wp-json\/wp\/v2\/users\/7"}],"replies":[{"embeddable":true,"href":"https:\/\/www.correiobraziliense.com.br\/aqui\/wp-json\/wp\/v2\/comments?post=24656"}],"version-history":[{"count":1,"href":"https:\/\/www.correiobraziliense.com.br\/aqui\/wp-json\/wp\/v2\/posts\/24656\/revisions"}],"predecessor-version":[{"id":24658,"href":"https:\/\/www.correiobraziliense.com.br\/aqui\/wp-json\/wp\/v2\/posts\/24656\/revisions\/24658"}],"wp:featuredmedia":[{"embeddable":true,"href":"https:\/\/www.correiobraziliense.com.br\/aqui\/wp-json\/wp\/v2\/media\/24657"}],"wp:attachment":[{"href":"https:\/\/www.correiobraziliense.com.br\/aqui\/wp-json\/wp\/v2\/media?parent=24656"}],"wp:term":[{"taxonomy":"category","embeddable":true,"href":"https:\/\/www.correiobraziliense.com.br\/aqui\/wp-json\/wp\/v2\/categories?post=24656"},{"taxonomy":"post_tag","embeddable":true,"href":"https:\/\/www.correiobraziliense.com.br\/aqui\/wp-json\/wp\/v2\/tags?post=24656"}],"curies":[{"name":"wp","href":"https:\/\/api.w.org\/{rel}","templated":true}]}}