{"id":2650,"date":"2025-06-27T17:15:00","date_gmt":"2025-06-27T20:15:00","guid":{"rendered":"https:\/\/www.correiobraziliense.com.br\/aqui\/?p=2650"},"modified":"2025-06-27T20:01:09","modified_gmt":"2025-06-27T23:01:09","slug":"jeff-bezos-e-a-amazon-uma-historia-de-sucesso","status":"publish","type":"post","link":"https:\/\/www.correiobraziliense.com.br\/aqui\/2025\/06\/27\/jeff-bezos-e-a-amazon-uma-historia-de-sucesso\/","title":{"rendered":"Jeff Bezos e a Amazon: Uma hist\u00f3ria de sucesso"},"content":{"rendered":"\n<p><strong><em>Conhe\u00e7a a hist\u00f3ria de Jeff Bezos, desde suas origens at\u00e9 se tornar um dos homens mais ricos do mundo, \u00e0 frente da gigante Amazon<\/em><\/strong><\/p>\n\n\n\n<p>Em 2025, Jeff Bezos mant\u00e9m seu nome entre os mais citados quando o assunto \u00e9 empreendedorismo e fortunas constru\u00eddas a partir do zero. Nascido em Albuquerque, nos Estados Unidos, ele \u00e9 reconhecido mundialmente como o idealizador e fundador da Amazon, empresa que revolucionou o com\u00e9rcio eletr\u00f4nico em escala planet\u00e1ria. De seu in\u00edcio modesto em 1994 at\u00e9 se tornar uma das figuras mais ricas do mundo, a trajet\u00f3ria de Bezos desperta aten\u00e7\u00e3o tanto pela vis\u00e3o estrat\u00e9gica quanto pela capacidade de inova\u00e7\u00e3o constante.<\/p>\n\n\n\n<p>A inf\u00e2ncia e juventude de Jeff Bezos foram marcadas por interesse precoce em tecnologia e ci\u00eancia. Depois de se formar em engenharia el\u00e9trica e ci\u00eancia da computa\u00e7\u00e3o pela Universidade de Princeton, trabalhou em algumas empresas de Wall Street. Em meados dos anos 1990, foi justamente na busca por oportunidades no universo digital que ele enxergou uma lacuna ainda pouco explorada: a venda de livros pela internet. Assim nasceu o embri\u00e3o do que hoje \u00e9 a gigante Amazon.<\/p>\n\n\n\n<h2 class=\"wp-block-heading\">Como Jeff Bezos construiu sua fortuna?<\/h2>\n\n\n\n<p>A fortuna de Jeff Bezos come\u00e7ou a ser constru\u00edda quando ele percebeu o potencial da internet em crescimento acelerado nos anos 90. Com uma an\u00e1lise cuidadosa das tend\u00eancias tecnol\u00f3gicas, deixou um emprego confort\u00e1vel para abrir uma livraria online, em Seattle. O pr\u00f3prio Bezos coordenou os primeiros passos do neg\u00f3cio, utilizando sua garagem como centro de opera\u00e7\u00f5es e investindo recursos pr\u00f3prios, al\u00e9m de apoio familiar, para transformar uma ideia inovadora em realidade.<\/p>\n\n\n\n<p>Ao longo dos primeiros anos, a Amazon diversificou seu cat\u00e1logo, ultrapassando a venda de livros e abarcando eletr\u00f4nicos, vestu\u00e1rio, dispositivos, servi\u00e7os de computa\u00e7\u00e3o em nuvem, assinaturas e at\u00e9 alternativas de entretenimento digital. Esse modelo de expans\u00e3o fez com que Jeff Bezos multiplicasse receitas e potencializasse o valor de suas a\u00e7\u00f5es, sendo hoje dono de uma participa\u00e7\u00e3o significativa na empresa. At\u00e9 2025, Bezos seguiu ampliando seus investimentos em \u00e1reas como explora\u00e7\u00e3o espacial com a Blue Origin, bens imobili\u00e1rios e m\u00eddia.<\/p>\n\n\n\n<h2 class=\"wp-block-heading\">O que \u00e9 a Amazon?<\/h2>\n\n\n\n<p>Atualmente, a Amazon \u00e9 considerada uma das maiores plataformas de com\u00e9rcio eletr\u00f4nico e servi\u00e7os digitais do planeta. Inicialmente reconhecida apenas como uma loja online de livros, a companhia passou a oferecer produtos de diferentes setores, de eletr\u00f4nicos a itens de uso cotidiano. O diferencial da plataforma est\u00e1 na log\u00edstica eficiente, atendimento \u00e1gil e programa de entregas r\u00e1pidas, caracter\u00edsticas que consolidaram a prefer\u00eancia de milh\u00f5es de clientes ao redor do mundo.<\/p>\n\n\n\n<p>Al\u00e9m do com\u00e9rcio eletr\u00f4nico, a Amazon desenvolveu o Amazon Web Services (AWS), um conjunto de servi\u00e7os de computa\u00e7\u00e3o em nuvem fundamental para empresas e organiza\u00e7\u00f5es diversas. Isso ajudou a posicionar a Amazon como refer\u00eancia tecnol\u00f3gica, expandindo seus neg\u00f3cios para al\u00e9m do varejo tradicional. Atualmente, a empresa opera em diversos segmentos por meio de marcas como Amazon Prime Video, Amazon Fresh e Amazon Music.<\/p>\n\n\n\n<h2 class=\"wp-block-heading\">Quais s\u00e3o os principais fatores do sucesso de Jeff Bezos?<\/h2>\n\n\n\n<p>No caminho que levou \u00e0 constru\u00e7\u00e3o de sua fortuna, Jeff Bezos apostou em estrat\u00e9gias que se tornaram refer\u00eancia no universo corporativo. Alguns dos fatores que contribu\u00edram para esse crescimento s\u00e3o:<\/p>\n\n\n\n<ul class=\"wp-block-list\">\n<li><strong>Vis\u00e3o de longo prazo:<\/strong> Desde os primeiros anos, Bezos focou no desenvolvimento sustent\u00e1vel do neg\u00f3cio, propondo reinvestimento agressivo dos lucros na expans\u00e3o da empresa.<\/li>\n\n\n\n<li><strong>Inova\u00e7\u00e3o constante:<\/strong> A busca por solu\u00e7\u00f5es tecnol\u00f3gicas, automa\u00e7\u00e3o de processos e melhorias cont\u00ednuas na experi\u00eancia do cliente.<\/li>\n\n\n\n<li><strong>Diversifica\u00e7\u00e3o:<\/strong> Amplia\u00e7\u00e3o dos produtos e servi\u00e7os oferecidos pela Amazon, atingindo consumidores de diferentes perfis e regi\u00f5es geogr\u00e1ficas.<\/li>\n\n\n\n<li><strong>Log\u00edstica eficiente:<\/strong> Desenvolvimento de centros de distribui\u00e7\u00e3o, sistemas de entrega pr\u00f3pria e uso de intelig\u00eancia artificial para aprimorar o tempo de entrega.<\/li>\n<\/ul>\n\n\n\n<p>Essa trajet\u00f3ria exemplar atribui a Jeff Bezos n\u00e3o apenas a condi\u00e7\u00e3o de empreendedor influente, mas tamb\u00e9m a de pioneiro na transforma\u00e7\u00e3o digital do varejo. O legado do fundador da Amazon segue presente em setores variados, evidenciando a import\u00e2ncia de estrat\u00e9gias inovadoras e da adapta\u00e7\u00e3o constante aos novos desafios do mercado global.<\/p>\n\n\n\n<figure class=\"wp-block-image size-large\"><img loading=\"lazy\" decoding=\"async\" width=\"1024\" height=\"576\" src=\"https:\/\/www.correiobraziliense.com.br\/aqui\/wp-content\/uploads\/2025\/06\/jeff-bezos-_1751062336850-1024x576.jpg\" alt=\"\" class=\"wp-image-2652\" srcset=\"https:\/\/www.correiobraziliense.com.br\/aqui\/wp-content\/uploads\/2025\/06\/jeff-bezos-_1751062336850-1024x576.jpg 1024w, https:\/\/www.correiobraziliense.com.br\/aqui\/wp-content\/uploads\/2025\/06\/jeff-bezos-_1751062336850-300x169.jpg 300w, https:\/\/www.correiobraziliense.com.br\/aqui\/wp-content\/uploads\/2025\/06\/jeff-bezos-_1751062336850-768x432.jpg 768w, https:\/\/www.correiobraziliense.com.br\/aqui\/wp-content\/uploads\/2025\/06\/jeff-bezos-_1751062336850-750x422.jpg 750w, https:\/\/www.correiobraziliense.com.br\/aqui\/wp-content\/uploads\/2025\/06\/jeff-bezos-_1751062336850-1140x641.jpg 1140w, https:\/\/www.correiobraziliense.com.br\/aqui\/wp-content\/uploads\/2025\/06\/jeff-bezos-_1751062336850.jpg 1280w\" sizes=\"auto, (max-width: 1024px) 100vw, 1024px\" \/><figcaption class=\"wp-element-caption\">LOS ANGELES, CALIFORNIA, USA &#8211; NOVEMBER 06: 10th Annual LACMA Art + Film Gala 2021 held at the Los Angeles County Museum of Art on November 6, 2021 in Los Angeles, California, United States. (Photo by Xavier Collin\/Image Press Agency)<\/figcaption><\/figure>\n","protected":false},"excerpt":{"rendered":"<p>Conhe\u00e7a a hist\u00f3ria de Jeff Bezos, desde suas origens at\u00e9 se tornar um dos homens mais ricos do mundo, \u00e0 frente da gigante Amazon Em 2025, Jeff Bezos mant\u00e9m seu nome entre os mais citados quando o assunto \u00e9 empreendedorismo e fortunas constru\u00eddas a partir do zero. Nascido em Albuquerque, nos Estados Unidos, ele \u00e9 [&hellip;]<\/p>\n","protected":false},"author":5,"featured_media":2651,"comment_status":"open","ping_status":"open","sticky":false,"template":"","format":"standard","meta":{"jnews-multi-image_gallery":[],"jnews_single_post":{"format":"standard"},"jnews_primary_category":[],"jnews_social_meta":[],"jnews_override_counter":[],"footnotes":""},"categories":[120],"tags":[1539,1540,1538,224,1537],"class_list":["post-2650","post","type-post","status-publish","format-standard","has-post-thumbnail","hentry","category-curiosidades","tag-amazon","tag-empreendedorismo","tag-jeff-bezos","tag-tecnologia","tag-varejo"],"yoast_head":"<!-- This site is optimized with the Yoast SEO plugin v25.1 - https:\/\/yoast.com\/wordpress\/plugins\/seo\/ -->\n<title>Jeff Bezos e a Amazon: Uma hist\u00f3ria de sucesso - Correio Braziliense - Aqui<\/title>\n<meta name=\"description\" content=\"Conhe\u00e7a a hist\u00f3ria de Jeff Bezos, desde suas origens at\u00e9 se tornar um dos homens mais ricos do mundo, \u00e0 frente da gigante Amazon\" \/>\n<meta name=\"robots\" content=\"index, follow, max-snippet:-1, max-image-preview:large, max-video-preview:-1\" \/>\n<link rel=\"canonical\" href=\"https:\/\/www.correiobraziliense.com.br\/aqui\/2025\/06\/27\/jeff-bezos-e-a-amazon-uma-historia-de-sucesso\/\" \/>\n<meta property=\"og:locale\" content=\"pt_BR\" \/>\n<meta property=\"og:type\" content=\"article\" \/>\n<meta property=\"og:title\" content=\"Jeff Bezos e a Amazon: Uma hist\u00f3ria de sucesso - Correio Braziliense - Aqui\" \/>\n<meta property=\"og:description\" content=\"Conhe\u00e7a a hist\u00f3ria de Jeff Bezos, desde suas origens at\u00e9 se tornar um dos homens mais ricos do mundo, \u00e0 frente da gigante Amazon\" \/>\n<meta property=\"og:url\" content=\"https:\/\/www.correiobraziliense.com.br\/aqui\/2025\/06\/27\/jeff-bezos-e-a-amazon-uma-historia-de-sucesso\/\" \/>\n<meta property=\"og:site_name\" content=\"Correio Braziliense - Aqui\" \/>\n<meta property=\"article:published_time\" content=\"2025-06-27T20:15:00+00:00\" \/>\n<meta property=\"article:modified_time\" content=\"2025-06-27T23:01:09+00:00\" \/>\n<meta property=\"og:image\" content=\"https:\/\/www.correiobraziliense.com.br\/aqui\/wp-content\/uploads\/2025\/06\/jeff-bezos-_1751061874235.jpg\" \/>\n\t<meta property=\"og:image:width\" content=\"1280\" \/>\n\t<meta property=\"og:image:height\" content=\"720\" \/>\n\t<meta property=\"og:image:type\" content=\"image\/jpeg\" \/>\n<meta name=\"author\" content=\"Daniel\" \/>\n<meta name=\"twitter:card\" content=\"summary_large_image\" \/>\n<meta name=\"twitter:label1\" content=\"Escrito por\" \/>\n\t<meta name=\"twitter:data1\" content=\"Daniel\" \/>\n\t<meta name=\"twitter:label2\" content=\"Est. tempo de leitura\" \/>\n\t<meta name=\"twitter:data2\" content=\"5 minutos\" \/>\n<!-- \/ Yoast SEO plugin. -->","yoast_head_json":{"title":"Jeff Bezos e a Amazon: Uma hist\u00f3ria de sucesso - Correio Braziliense - Aqui","description":"Conhe\u00e7a a hist\u00f3ria de Jeff Bezos, desde suas origens at\u00e9 se tornar um dos homens mais ricos do mundo, \u00e0 frente da gigante Amazon","robots":{"index":"index","follow":"follow","max-snippet":"max-snippet:-1","max-image-preview":"max-image-preview:large","max-video-preview":"max-video-preview:-1"},"canonical":"https:\/\/www.correiobraziliense.com.br\/aqui\/2025\/06\/27\/jeff-bezos-e-a-amazon-uma-historia-de-sucesso\/","og_locale":"pt_BR","og_type":"article","og_title":"Jeff Bezos e a Amazon: Uma hist\u00f3ria de sucesso - Correio Braziliense - Aqui","og_description":"Conhe\u00e7a a hist\u00f3ria de Jeff Bezos, desde suas origens at\u00e9 se tornar um dos homens mais ricos do mundo, \u00e0 frente da gigante Amazon","og_url":"https:\/\/www.correiobraziliense.com.br\/aqui\/2025\/06\/27\/jeff-bezos-e-a-amazon-uma-historia-de-sucesso\/","og_site_name":"Correio Braziliense - Aqui","article_published_time":"2025-06-27T20:15:00+00:00","article_modified_time":"2025-06-27T23:01:09+00:00","og_image":[{"width":1280,"height":720,"url":"https:\/\/www.correiobraziliense.com.br\/aqui\/wp-content\/uploads\/2025\/06\/jeff-bezos-_1751061874235.jpg","type":"image\/jpeg"}],"author":"Daniel","twitter_card":"summary_large_image","twitter_misc":{"Escrito por":"Daniel","Est. tempo de leitura":"5 minutos"},"schema":{"@context":"https:\/\/schema.org","@graph":[{"@type":"WebPage","@id":"https:\/\/www.correiobraziliense.com.br\/aqui\/2025\/06\/27\/jeff-bezos-e-a-amazon-uma-historia-de-sucesso\/","url":"https:\/\/www.correiobraziliense.com.br\/aqui\/2025\/06\/27\/jeff-bezos-e-a-amazon-uma-historia-de-sucesso\/","name":"Jeff Bezos e a Amazon: Uma hist\u00f3ria de sucesso - Correio Braziliense - Aqui","isPartOf":{"@id":"https:\/\/www.correiobraziliense.com.br\/aqui\/#website"},"primaryImageOfPage":{"@id":"https:\/\/www.correiobraziliense.com.br\/aqui\/2025\/06\/27\/jeff-bezos-e-a-amazon-uma-historia-de-sucesso\/#primaryimage"},"image":{"@id":"https:\/\/www.correiobraziliense.com.br\/aqui\/2025\/06\/27\/jeff-bezos-e-a-amazon-uma-historia-de-sucesso\/#primaryimage"},"thumbnailUrl":"https:\/\/www.correiobraziliense.com.br\/aqui\/wp-content\/uploads\/2025\/06\/jeff-bezos-_1751061874235.jpg","datePublished":"2025-06-27T20:15:00+00:00","dateModified":"2025-06-27T23:01:09+00:00","author":{"@id":"https:\/\/www.correiobraziliense.com.br\/aqui\/#\/schema\/person\/d588169fc44d3a8a8eca46d6a1751c00"},"description":"Conhe\u00e7a a hist\u00f3ria de Jeff Bezos, desde suas origens at\u00e9 se tornar um dos homens mais ricos do mundo, \u00e0 frente da gigante Amazon","breadcrumb":{"@id":"https:\/\/www.correiobraziliense.com.br\/aqui\/2025\/06\/27\/jeff-bezos-e-a-amazon-uma-historia-de-sucesso\/#breadcrumb"},"inLanguage":"pt-BR","potentialAction":[{"@type":"ReadAction","target":["https:\/\/www.correiobraziliense.com.br\/aqui\/2025\/06\/27\/jeff-bezos-e-a-amazon-uma-historia-de-sucesso\/"]}]},{"@type":"ImageObject","inLanguage":"pt-BR","@id":"https:\/\/www.correiobraziliense.com.br\/aqui\/2025\/06\/27\/jeff-bezos-e-a-amazon-uma-historia-de-sucesso\/#primaryimage","url":"https:\/\/www.correiobraziliense.com.br\/aqui\/wp-content\/uploads\/2025\/06\/jeff-bezos-_1751061874235.jpg","contentUrl":"https:\/\/www.correiobraziliense.com.br\/aqui\/wp-content\/uploads\/2025\/06\/jeff-bezos-_1751061874235.jpg","width":1280,"height":720,"caption":"(Photo by Xavier Collin\/Image Press Agency)"},{"@type":"BreadcrumbList","@id":"https:\/\/www.correiobraziliense.com.br\/aqui\/2025\/06\/27\/jeff-bezos-e-a-amazon-uma-historia-de-sucesso\/#breadcrumb","itemListElement":[{"@type":"ListItem","position":1,"name":"In\u00edcio","item":"https:\/\/www.correiobraziliense.com.br\/aqui\/"},{"@type":"ListItem","position":2,"name":"Jeff Bezos e a Amazon: Uma hist\u00f3ria de sucesso"}]},{"@type":"WebSite","@id":"https:\/\/www.correiobraziliense.com.br\/aqui\/#website","url":"https:\/\/www.correiobraziliense.com.br\/aqui\/","name":"Correio Braziliense - Aqui","description":"O Correio Braziliense (CB) \u00e9 o mais importante canal de not\u00edcias de Bras\u00edlia. Aqui voc\u00ea encontra as \u00faltimas not\u00edcias do DF, do Brasil e do mundo.","potentialAction":[{"@type":"SearchAction","target":{"@type":"EntryPoint","urlTemplate":"https:\/\/www.correiobraziliense.com.br\/aqui\/?s={search_term_string}"},"query-input":{"@type":"PropertyValueSpecification","valueRequired":true,"valueName":"search_term_string"}}],"inLanguage":"pt-BR"},{"@type":"Person","@id":"https:\/\/www.correiobraziliense.com.br\/aqui\/#\/schema\/person\/d588169fc44d3a8a8eca46d6a1751c00","name":"Daniel","image":{"@type":"ImageObject","inLanguage":"pt-BR","@id":"https:\/\/www.correiobraziliense.com.br\/aqui\/#\/schema\/person\/image\/","url":"https:\/\/secure.gravatar.com\/avatar\/eed68c2a9d1c83aac68fdcac4aad8b3d990a26da4c68f5a0a58e776917301ce8?s=96&d=mm&r=g","contentUrl":"https:\/\/secure.gravatar.com\/avatar\/eed68c2a9d1c83aac68fdcac4aad8b3d990a26da4c68f5a0a58e776917301ce8?s=96&d=mm&r=g","caption":"Daniel"},"url":"https:\/\/www.correiobraziliense.com.br\/aqui\/author\/danielaqui\/"}]}},"_links":{"self":[{"href":"https:\/\/www.correiobraziliense.com.br\/aqui\/wp-json\/wp\/v2\/posts\/2650","targetHints":{"allow":["GET"]}}],"collection":[{"href":"https:\/\/www.correiobraziliense.com.br\/aqui\/wp-json\/wp\/v2\/posts"}],"about":[{"href":"https:\/\/www.correiobraziliense.com.br\/aqui\/wp-json\/wp\/v2\/types\/post"}],"author":[{"embeddable":true,"href":"https:\/\/www.correiobraziliense.com.br\/aqui\/wp-json\/wp\/v2\/users\/5"}],"replies":[{"embeddable":true,"href":"https:\/\/www.correiobraziliense.com.br\/aqui\/wp-json\/wp\/v2\/comments?post=2650"}],"version-history":[{"count":1,"href":"https:\/\/www.correiobraziliense.com.br\/aqui\/wp-json\/wp\/v2\/posts\/2650\/revisions"}],"predecessor-version":[{"id":2653,"href":"https:\/\/www.correiobraziliense.com.br\/aqui\/wp-json\/wp\/v2\/posts\/2650\/revisions\/2653"}],"wp:featuredmedia":[{"embeddable":true,"href":"https:\/\/www.correiobraziliense.com.br\/aqui\/wp-json\/wp\/v2\/media\/2651"}],"wp:attachment":[{"href":"https:\/\/www.correiobraziliense.com.br\/aqui\/wp-json\/wp\/v2\/media?parent=2650"}],"wp:term":[{"taxonomy":"category","embeddable":true,"href":"https:\/\/www.correiobraziliense.com.br\/aqui\/wp-json\/wp\/v2\/categories?post=2650"},{"taxonomy":"post_tag","embeddable":true,"href":"https:\/\/www.correiobraziliense.com.br\/aqui\/wp-json\/wp\/v2\/tags?post=2650"}],"curies":[{"name":"wp","href":"https:\/\/api.w.org\/{rel}","templated":true}]}}