{"id":28034,"date":"2026-04-27T08:15:00","date_gmt":"2026-04-27T11:15:00","guid":{"rendered":"https:\/\/www.correiobraziliense.com.br\/aqui\/?p=28034"},"modified":"2026-04-27T08:07:05","modified_gmt":"2026-04-27T11:07:05","slug":"o-que-e-a-amazonia-azul-e-por-que-ela-e-estrategica-para-o-brasil","status":"publish","type":"post","link":"https:\/\/www.correiobraziliense.com.br\/aqui\/2026\/04\/27\/o-que-e-a-amazonia-azul-e-por-que-ela-e-estrategica-para-o-brasil\/","title":{"rendered":"O que \u00e9 a Amaz\u00f4nia Azul e por que ela \u00e9 estrat\u00e9gica para o Brasil"},"content":{"rendered":"\n<p>O recente lan\u00e7amento da Fragata Tamandar\u00e9, um dos mais modernos navios de guerra da Marinha do Brasil, joga luz sobre uma \u00e1rea vital para o pa\u00eds: a <strong>Amaz\u00f4nia Azul<\/strong>. O termo, que pode n\u00e3o ser familiar para muitos, refere-se a uma imensa extens\u00e3o mar\u00edtima sob jurisdi\u00e7\u00e3o brasileira, com riquezas que v\u00e3o muito al\u00e9m da biodiversidade.<\/p>\n\n\n\n<p>Essa \u00e1rea cobre cerca de 5,7 milh\u00f5es de quil\u00f4metros quadrados ao longo da costa, o que equivale a quase metade do territ\u00f3rio terrestre do Brasil. O nome \u00e9 uma analogia direta \u00e0 Floresta Amaz\u00f4nica, destacando tanto sua vastid\u00e3o quanto sua import\u00e2ncia estrat\u00e9gica para o pa\u00eds. Legalmente, a Amaz\u00f4nia Azul corresponde \u00e0 Zona Econ\u00f4mica Exclusiva (ZEE) brasileira, somada \u00e0 extens\u00e3o da plataforma continental.<\/p>\n\n\n\n<h2 class=\"wp-block-heading\">Riquezas e desafios<\/h2>\n\n\n\n<p>A import\u00e2ncia econ\u00f4mica da Amaz\u00f4nia Azul \u00e9 monumental. \u00c9 nesta regi\u00e3o que se encontram as principais <a target=\"_blank\" rel=\"noreferrer noopener\" href=\"https:\/\/www.correiobraziliense.com.br\/politica\/2025\/04\/7113000-deputado-quer-proibir-novas-exploracoes-de-petroleo-e-gas-na-amazonia.html\">reservas de petr\u00f3leo e g\u00e1s natural<\/a> do pa\u00eds, incluindo os campos do pr\u00e9-sal. Cerca de 95% do petr\u00f3leo e 80% do g\u00e1s natural brasileiros s\u00e3o extra\u00eddos de suas \u00e1guas, movimentando a economia e garantindo a seguran\u00e7a energ\u00e9tica nacional.<\/p>\n\n\n\n<p>Al\u00e9m dos combust\u00edveis f\u00f3sseis, o leito marinho abriga minerais estrat\u00e9gicos e uma <a target=\"_blank\" rel=\"noreferrer noopener\" href=\"https:\/\/www.correiobraziliense.com.br\/opiniao\/2025\/06\/7167175-dia-mundial-dos-oceanos-o-tempo-de-proteger-o-que-nos-protege-agora.html\">biodiversidade riqu\u00edssima<\/a>, fundamental para a ind\u00fastria pesqueira e para a pesquisa cient\u00edfica. As rotas mar\u00edtimas que cruzam a Amaz\u00f4nia Azul tamb\u00e9m s\u00e3o essenciais, pois por elas passam mais de 95% do com\u00e9rcio exterior do Brasil.<\/p>\n\n\n\n<p>No entanto, essa vastid\u00e3o de recursos atrai amea\u00e7as constantes. A pesca ilegal praticada por embarca\u00e7\u00f5es estrangeiras causa preju\u00edzos bilion\u00e1rios e danos ambientais. A pirataria, o contrabando e outros crimes transnacionais tamb\u00e9m representam um desafio constante para a seguran\u00e7a na regi\u00e3o.<\/p>\n\n\n\n<p>A prote\u00e7\u00e3o desse patrim\u00f4nio \u00e9 a principal miss\u00e3o de embarca\u00e7\u00f5es como a nova Fragata Tamandar\u00e9. A Marinha do Brasil busca refor\u00e7ar a vigil\u00e2ncia para garantir a <a target=\"_blank\" rel=\"noreferrer noopener\" href=\"https:\/\/www.correiobraziliense.com.br\/politica\/2025\/08\/7217896-senado-debate-exploracao-de-recursos-na-margem-equatorial-nesta-terca.html\">soberania nacional<\/a>, proteger as rotas comerciais e coibir atividades il\u00edcitas. A seguran\u00e7a da Amaz\u00f4nia Azul \u00e9, portanto, indispens\u00e1vel para o desenvolvimento econ\u00f4mico e a estabilidade do Brasil.<\/p>\n\n\n\n<p><\/p>\n","protected":false},"excerpt":{"rendered":"<p>Amaz\u00f4nia Azul: a imensa \u00e1rea mar\u00edtima brasileira \u00e9 rica em petr\u00f3leo, minerais e biodiversidade, sendo alvo de pesca ilegal e pirataria; veja.<\/p>\n","protected":false},"author":10,"featured_media":28037,"comment_status":"open","ping_status":"open","sticky":false,"template":"","format":"standard","meta":{"jnews-multi-image_gallery":[],"jnews_single_post":{"format":"standard"},"jnews_primary_category":[],"jnews_social_meta":[],"jnews_override_counter":[],"footnotes":""},"categories":[154],"tags":[8789,157,8605],"class_list":["post-28034","post","type-post","status-publish","format-standard","has-post-thumbnail","hentry","category-brasil","tag-amazonia-azul","tag-brasil","tag-marinha-do-brasil"],"yoast_head":"<!-- This site is optimized with the Yoast SEO plugin v25.1 - https:\/\/yoast.com\/wordpress\/plugins\/seo\/ -->\n<title>O que \u00e9 a Amaz\u00f4nia Azul e por que ela \u00e9 estrat\u00e9gica para o Brasil - Correio Braziliense - Aqui<\/title>\n<meta name=\"description\" content=\"Amaz\u00f4nia Azul: a imensa \u00e1rea mar\u00edtima brasileira \u00e9 rica em petr\u00f3leo, minerais e biodiversidade, sendo alvo de pesca ilegal e pirataria; veja.\" \/>\n<meta name=\"robots\" content=\"index, follow, max-snippet:-1, max-image-preview:large, max-video-preview:-1\" \/>\n<link rel=\"canonical\" href=\"https:\/\/www.correiobraziliense.com.br\/aqui\/2026\/04\/27\/o-que-e-a-amazonia-azul-e-por-que-ela-e-estrategica-para-o-brasil\/\" \/>\n<meta property=\"og:locale\" content=\"pt_BR\" \/>\n<meta property=\"og:type\" content=\"article\" \/>\n<meta property=\"og:title\" content=\"O que \u00e9 a Amaz\u00f4nia Azul e por que ela \u00e9 estrat\u00e9gica para o Brasil - Correio Braziliense - Aqui\" \/>\n<meta property=\"og:description\" content=\"Amaz\u00f4nia Azul: a imensa \u00e1rea mar\u00edtima brasileira \u00e9 rica em petr\u00f3leo, minerais e biodiversidade, sendo alvo de pesca ilegal e pirataria; veja.\" \/>\n<meta property=\"og:url\" content=\"https:\/\/www.correiobraziliense.com.br\/aqui\/2026\/04\/27\/o-que-e-a-amazonia-azul-e-por-que-ela-e-estrategica-para-o-brasil\/\" \/>\n<meta property=\"og:site_name\" content=\"Correio Braziliense - Aqui\" \/>\n<meta property=\"article:published_time\" content=\"2026-04-27T11:15:00+00:00\" \/>\n<meta property=\"og:image\" content=\"https:\/\/www.correiobraziliense.com.br\/aqui\/wp-content\/uploads\/2026\/04\/mar-Marinha-do-Brasil_1777287555555.jpg\" \/>\n\t<meta property=\"og:image:width\" content=\"1280\" \/>\n\t<meta property=\"og:image:height\" content=\"720\" \/>\n\t<meta property=\"og:image:type\" content=\"image\/jpeg\" \/>\n<meta name=\"author\" content=\"Larissa\" \/>\n<meta name=\"twitter:card\" content=\"summary_large_image\" \/>\n<meta name=\"twitter:label1\" content=\"Escrito por\" \/>\n\t<meta name=\"twitter:data1\" content=\"Larissa\" \/>\n\t<meta name=\"twitter:label2\" content=\"Est. tempo de leitura\" \/>\n\t<meta name=\"twitter:data2\" content=\"2 minutos\" \/>\n<!-- \/ Yoast SEO plugin. -->","yoast_head_json":{"title":"O que \u00e9 a Amaz\u00f4nia Azul e por que ela \u00e9 estrat\u00e9gica para o Brasil - Correio Braziliense - Aqui","description":"Amaz\u00f4nia Azul: a imensa \u00e1rea mar\u00edtima brasileira \u00e9 rica em petr\u00f3leo, minerais e biodiversidade, sendo alvo de pesca ilegal e pirataria; veja.","robots":{"index":"index","follow":"follow","max-snippet":"max-snippet:-1","max-image-preview":"max-image-preview:large","max-video-preview":"max-video-preview:-1"},"canonical":"https:\/\/www.correiobraziliense.com.br\/aqui\/2026\/04\/27\/o-que-e-a-amazonia-azul-e-por-que-ela-e-estrategica-para-o-brasil\/","og_locale":"pt_BR","og_type":"article","og_title":"O que \u00e9 a Amaz\u00f4nia Azul e por que ela \u00e9 estrat\u00e9gica para o Brasil - Correio Braziliense - Aqui","og_description":"Amaz\u00f4nia Azul: a imensa \u00e1rea mar\u00edtima brasileira \u00e9 rica em petr\u00f3leo, minerais e biodiversidade, sendo alvo de pesca ilegal e pirataria; veja.","og_url":"https:\/\/www.correiobraziliense.com.br\/aqui\/2026\/04\/27\/o-que-e-a-amazonia-azul-e-por-que-ela-e-estrategica-para-o-brasil\/","og_site_name":"Correio Braziliense - Aqui","article_published_time":"2026-04-27T11:15:00+00:00","og_image":[{"width":1280,"height":720,"url":"https:\/\/www.correiobraziliense.com.br\/aqui\/wp-content\/uploads\/2026\/04\/mar-Marinha-do-Brasil_1777287555555.jpg","type":"image\/jpeg"}],"author":"Larissa","twitter_card":"summary_large_image","twitter_misc":{"Escrito por":"Larissa","Est. tempo de leitura":"2 minutos"},"schema":{"@context":"https:\/\/schema.org","@graph":[{"@type":"WebPage","@id":"https:\/\/www.correiobraziliense.com.br\/aqui\/2026\/04\/27\/o-que-e-a-amazonia-azul-e-por-que-ela-e-estrategica-para-o-brasil\/","url":"https:\/\/www.correiobraziliense.com.br\/aqui\/2026\/04\/27\/o-que-e-a-amazonia-azul-e-por-que-ela-e-estrategica-para-o-brasil\/","name":"O que \u00e9 a Amaz\u00f4nia Azul e por que ela \u00e9 estrat\u00e9gica para o Brasil - Correio Braziliense - Aqui","isPartOf":{"@id":"https:\/\/www.correiobraziliense.com.br\/aqui\/#website"},"primaryImageOfPage":{"@id":"https:\/\/www.correiobraziliense.com.br\/aqui\/2026\/04\/27\/o-que-e-a-amazonia-azul-e-por-que-ela-e-estrategica-para-o-brasil\/#primaryimage"},"image":{"@id":"https:\/\/www.correiobraziliense.com.br\/aqui\/2026\/04\/27\/o-que-e-a-amazonia-azul-e-por-que-ela-e-estrategica-para-o-brasil\/#primaryimage"},"thumbnailUrl":"https:\/\/www.correiobraziliense.com.br\/aqui\/wp-content\/uploads\/2026\/04\/mar-Marinha-do-Brasil_1777287555555.jpg","datePublished":"2026-04-27T11:15:00+00:00","author":{"@id":"https:\/\/www.correiobraziliense.com.br\/aqui\/#\/schema\/person\/775f50a8c1ac31704d56816e99b29041"},"description":"Amaz\u00f4nia Azul: a imensa \u00e1rea mar\u00edtima brasileira \u00e9 rica em petr\u00f3leo, minerais e biodiversidade, sendo alvo de pesca ilegal e pirataria; veja.","breadcrumb":{"@id":"https:\/\/www.correiobraziliense.com.br\/aqui\/2026\/04\/27\/o-que-e-a-amazonia-azul-e-por-que-ela-e-estrategica-para-o-brasil\/#breadcrumb"},"inLanguage":"pt-BR","potentialAction":[{"@type":"ReadAction","target":["https:\/\/www.correiobraziliense.com.br\/aqui\/2026\/04\/27\/o-que-e-a-amazonia-azul-e-por-que-ela-e-estrategica-para-o-brasil\/"]}]},{"@type":"ImageObject","inLanguage":"pt-BR","@id":"https:\/\/www.correiobraziliense.com.br\/aqui\/2026\/04\/27\/o-que-e-a-amazonia-azul-e-por-que-ela-e-estrategica-para-o-brasil\/#primaryimage","url":"https:\/\/www.correiobraziliense.com.br\/aqui\/wp-content\/uploads\/2026\/04\/mar-Marinha-do-Brasil_1777287555555.jpg","contentUrl":"https:\/\/www.correiobraziliense.com.br\/aqui\/wp-content\/uploads\/2026\/04\/mar-Marinha-do-Brasil_1777287555555.jpg","width":1280,"height":720,"caption":"Cr\u00e9ditos: depositphotos.com \/ dabldy"},{"@type":"BreadcrumbList","@id":"https:\/\/www.correiobraziliense.com.br\/aqui\/2026\/04\/27\/o-que-e-a-amazonia-azul-e-por-que-ela-e-estrategica-para-o-brasil\/#breadcrumb","itemListElement":[{"@type":"ListItem","position":1,"name":"In\u00edcio","item":"https:\/\/www.correiobraziliense.com.br\/aqui\/"},{"@type":"ListItem","position":2,"name":"O que \u00e9 a Amaz\u00f4nia Azul e por que ela \u00e9 estrat\u00e9gica para o Brasil"}]},{"@type":"WebSite","@id":"https:\/\/www.correiobraziliense.com.br\/aqui\/#website","url":"https:\/\/www.correiobraziliense.com.br\/aqui\/","name":"Correio Braziliense - Aqui","description":"O Correio Braziliense (CB) \u00e9 o mais importante canal de not\u00edcias de Bras\u00edlia. Aqui voc\u00ea encontra as \u00faltimas not\u00edcias do DF, do Brasil e do mundo.","potentialAction":[{"@type":"SearchAction","target":{"@type":"EntryPoint","urlTemplate":"https:\/\/www.correiobraziliense.com.br\/aqui\/?s={search_term_string}"},"query-input":{"@type":"PropertyValueSpecification","valueRequired":true,"valueName":"search_term_string"}}],"inLanguage":"pt-BR"},{"@type":"Person","@id":"https:\/\/www.correiobraziliense.com.br\/aqui\/#\/schema\/person\/775f50a8c1ac31704d56816e99b29041","name":"Larissa","image":{"@type":"ImageObject","inLanguage":"pt-BR","@id":"https:\/\/www.correiobraziliense.com.br\/aqui\/#\/schema\/person\/image\/","url":"https:\/\/secure.gravatar.com\/avatar\/62f5b2e99de671d075ab98e19f03c3c38c80a93f5d06f51075cf4431a4e76458?s=96&d=mm&r=g","contentUrl":"https:\/\/secure.gravatar.com\/avatar\/62f5b2e99de671d075ab98e19f03c3c38c80a93f5d06f51075cf4431a4e76458?s=96&d=mm&r=g","caption":"Larissa"},"url":"https:\/\/www.correiobraziliense.com.br\/aqui\/author\/larissaaqui\/"}]}},"_links":{"self":[{"href":"https:\/\/www.correiobraziliense.com.br\/aqui\/wp-json\/wp\/v2\/posts\/28034","targetHints":{"allow":["GET"]}}],"collection":[{"href":"https:\/\/www.correiobraziliense.com.br\/aqui\/wp-json\/wp\/v2\/posts"}],"about":[{"href":"https:\/\/www.correiobraziliense.com.br\/aqui\/wp-json\/wp\/v2\/types\/post"}],"author":[{"embeddable":true,"href":"https:\/\/www.correiobraziliense.com.br\/aqui\/wp-json\/wp\/v2\/users\/10"}],"replies":[{"embeddable":true,"href":"https:\/\/www.correiobraziliense.com.br\/aqui\/wp-json\/wp\/v2\/comments?post=28034"}],"version-history":[{"count":4,"href":"https:\/\/www.correiobraziliense.com.br\/aqui\/wp-json\/wp\/v2\/posts\/28034\/revisions"}],"predecessor-version":[{"id":28039,"href":"https:\/\/www.correiobraziliense.com.br\/aqui\/wp-json\/wp\/v2\/posts\/28034\/revisions\/28039"}],"wp:featuredmedia":[{"embeddable":true,"href":"https:\/\/www.correiobraziliense.com.br\/aqui\/wp-json\/wp\/v2\/media\/28037"}],"wp:attachment":[{"href":"https:\/\/www.correiobraziliense.com.br\/aqui\/wp-json\/wp\/v2\/media?parent=28034"}],"wp:term":[{"taxonomy":"category","embeddable":true,"href":"https:\/\/www.correiobraziliense.com.br\/aqui\/wp-json\/wp\/v2\/categories?post=28034"},{"taxonomy":"post_tag","embeddable":true,"href":"https:\/\/www.correiobraziliense.com.br\/aqui\/wp-json\/wp\/v2\/tags?post=28034"}],"curies":[{"name":"wp","href":"https:\/\/api.w.org\/{rel}","templated":true}]}}