{"id":28047,"date":"2026-04-27T09:16:00","date_gmt":"2026-04-27T12:16:00","guid":{"rendered":"https:\/\/www.correiobraziliense.com.br\/aqui\/?p=28047"},"modified":"2026-04-27T08:37:35","modified_gmt":"2026-04-27T11:37:35","slug":"japao-se-rearma-conheca-o-poderio-militar-do-pais-asiatico-hoje","status":"publish","type":"post","link":"https:\/\/www.correiobraziliense.com.br\/aqui\/2026\/04\/27\/japao-se-rearma-conheca-o-poderio-militar-do-pais-asiatico-hoje\/","title":{"rendered":"Jap\u00e3o se rearma: conhe\u00e7a o poderio militar do pa\u00eds asi\u00e1tico hoje"},"content":{"rendered":"\n<p>O Jap\u00e3o promove a maior expans\u00e3o de seu poderio militar desde a Segunda Guerra Mundial, abandonando d\u00e9cadas de uma postura pacifista. A mudan\u00e7a, formalizada na Estrat\u00e9gia de Seguran\u00e7a Nacional de 2022, \u00e9 uma resposta direta \u00e0 crescente influ\u00eancia da China, identificada como o principal desafio estrat\u00e9gico do pa\u00eds. Com um dos maiores or\u00e7amentos de defesa do mundo, o Jap\u00e3o investe pesado em tecnologia e capacidade de ataque.<\/p>\n\n\n\n<p>A nova estrat\u00e9gia de seguran\u00e7a nacional japonesa permite, pela primeira vez, a aquisi\u00e7\u00e3o de <a target=\"_blank\" rel=\"noreferrer noopener\" href=\"https:\/\/www.correiobraziliense.com.br\/mundo\/2025\/08\/7232639-a-corrida-entre-eua-russia-e-china-por-superarmas-que-reduzem-alvos-a-po.html\">m\u00edsseis de longo alcance<\/a> com capacidade de contra-ataque. O objetivo \u00e9 dissuadir potenciais advers\u00e1rios, permitindo que o Jap\u00e3o possa atingir bases inimigas em caso de agress\u00e3o direta ao seu territ\u00f3rio. Essa capacidade representa uma quebra radical com a pol\u00edtica anterior, que limitava suas for\u00e7as a um papel estritamente defensivo.<\/p>\n\n\n\n<p>O investimento financeiro reflete essa nova prioridade. O Jap\u00e3o est\u00e1 executando um plano quinquenal para dobrar seus <a target=\"_blank\" rel=\"noreferrer noopener\" href=\"https:\/\/www.correiobraziliense.com.br\/mundo\/2025\/10\/7268240-por-que-aumento-de-gastos-militares-ameaca-o-clima.html\">gastos com defesa<\/a>, com a meta de atingir 2% do Produto Interno Bruto (PIB) at\u00e9 mar\u00e7o de 2026. Esse aumento posicionar\u00e1 o pa\u00eds como o terceiro maior investidor militar do mundo, atr\u00e1s apenas dos Estados Unidos e da China, alinhando-o aos padr\u00f5es da OTAN.<\/p>\n\n\n\n<h2 class=\"wp-block-heading\">O que comp\u00f5e o novo poderio militar japon\u00eas?<\/h2>\n\n\n\n<p>A moderniza\u00e7\u00e3o das For\u00e7as de Autodefesa do Jap\u00e3o abrange ar, mar e terra. O pa\u00eds est\u00e1 adquirindo dezenas de <a target=\"_blank\" rel=\"noreferrer noopener\" href=\"https:\/\/www.correiobraziliense.com.br\/mundo\/2025\/06\/7176584-especulacao-de-ataque-dos-eua-ao-ira-cresce-apos-envio-de-jatos-a-europa-o-que-movimentacao-indica.html\">ca\u00e7as furtivos F-35<\/a>, de fabrica\u00e7\u00e3o americana, que s\u00e3o considerados os mais avan\u00e7ados do mundo. Esses avi\u00f5es s\u00e3o projetados para operar em ambientes de alta amea\u00e7a e possuem tecnologia para evitar a detec\u00e7\u00e3o por radares.<\/p>\n\n\n\n<p>No mar, a transforma\u00e7\u00e3o \u00e9 igualmente not\u00e1vel. Os dois porta-helic\u00f3pteros da classe Izumo, o JS Izumo e o JS Kaga, est\u00e3o sendo convertidos para operar como <a target=\"_blank\" rel=\"noreferrer noopener\" href=\"https:\/\/www.correiobraziliense.com.br\/mundo\/2025\/11\/7287669-china-acelera-modernizacao-militar-com-terceiro-porta-avioes.html\">porta-avi\u00f5es leves<\/a>, capazes de lan\u00e7ar os ca\u00e7as F-35B. Essa adapta\u00e7\u00e3o confere ao Jap\u00e3o uma capacidade de proje\u00e7\u00e3o de poder naval que n\u00e3o possu\u00eda h\u00e1 mais de 70 anos.<\/p>\n\n\n\n<p>Al\u00e9m disso, o pa\u00eds investe em m\u00edsseis de longo alcance, como a vers\u00e3o aprimorada do m\u00edssil antinavio Type-12, com alcance projetado para cerca de 1.000 quil\u00f4metros, enquanto avan\u00e7a no desenvolvimento de tecnologia hipers\u00f4nica. O fortalecimento militar tamb\u00e9m passa por alian\u00e7as estrat\u00e9gicas, principalmente com os Estados Unidos, mas tamb\u00e9m com outros parceiros regionais como Austr\u00e1lia e \u00cdndia. A coopera\u00e7\u00e3o busca criar um contrapeso \u00e0 influ\u00eancia chinesa no Indo-Pac\u00edfico.<\/p>\n","protected":false},"excerpt":{"rendered":"<p>Com um dos maiores or\u00e7amentos de defesa do mundo, o Jap\u00e3o investe em ca\u00e7as, porta-avi\u00f5es e m\u00edsseis de longo alcance em resposta \u00e0 China.<\/p>\n","protected":false},"author":10,"featured_media":28049,"comment_status":"open","ping_status":"open","sticky":false,"template":"","format":"standard","meta":{"jnews-multi-image_gallery":[],"jnews_single_post":{"format":"standard"},"jnews_primary_category":[],"jnews_social_meta":[],"jnews_override_counter":[],"footnotes":""},"categories":[149],"tags":[131,922],"class_list":["post-28047","post","type-post","status-publish","format-standard","has-post-thumbnail","hentry","category-mundo","tag-china","tag-japao"],"yoast_head":"<!-- This site is optimized with the Yoast SEO plugin v25.1 - https:\/\/yoast.com\/wordpress\/plugins\/seo\/ -->\n<title>Jap\u00e3o se rearma: conhe\u00e7a o poderio militar do pa\u00eds asi\u00e1tico hoje - Correio Braziliense - Aqui<\/title>\n<meta name=\"description\" content=\"Com um dos maiores or\u00e7amentos de defesa do mundo, o Jap\u00e3o investe em ca\u00e7as, porta-avi\u00f5es e m\u00edsseis de longo alcance em resposta \u00e0 China.\" \/>\n<meta name=\"robots\" content=\"index, follow, max-snippet:-1, max-image-preview:large, max-video-preview:-1\" \/>\n<link rel=\"canonical\" href=\"https:\/\/www.correiobraziliense.com.br\/aqui\/2026\/04\/27\/japao-se-rearma-conheca-o-poderio-militar-do-pais-asiatico-hoje\/\" \/>\n<meta property=\"og:locale\" content=\"pt_BR\" \/>\n<meta property=\"og:type\" content=\"article\" \/>\n<meta property=\"og:title\" content=\"Jap\u00e3o se rearma: conhe\u00e7a o poderio militar do pa\u00eds asi\u00e1tico hoje - Correio Braziliense - Aqui\" \/>\n<meta property=\"og:description\" content=\"Com um dos maiores or\u00e7amentos de defesa do mundo, o Jap\u00e3o investe em ca\u00e7as, porta-avi\u00f5es e m\u00edsseis de longo alcance em resposta \u00e0 China.\" \/>\n<meta property=\"og:url\" content=\"https:\/\/www.correiobraziliense.com.br\/aqui\/2026\/04\/27\/japao-se-rearma-conheca-o-poderio-militar-do-pais-asiatico-hoje\/\" \/>\n<meta property=\"og:site_name\" content=\"Correio Braziliense - Aqui\" \/>\n<meta property=\"article:published_time\" content=\"2026-04-27T12:16:00+00:00\" \/>\n<meta property=\"og:image\" content=\"https:\/\/www.correiobraziliense.com.br\/aqui\/wp-content\/uploads\/2026\/04\/japao-flag_1777289678414.jpg\" \/>\n\t<meta property=\"og:image:width\" content=\"1280\" \/>\n\t<meta property=\"og:image:height\" content=\"720\" \/>\n\t<meta property=\"og:image:type\" content=\"image\/jpeg\" \/>\n<meta name=\"author\" content=\"Larissa\" \/>\n<meta name=\"twitter:card\" content=\"summary_large_image\" \/>\n<meta name=\"twitter:label1\" content=\"Escrito por\" \/>\n\t<meta name=\"twitter:data1\" content=\"Larissa\" \/>\n\t<meta name=\"twitter:label2\" content=\"Est. tempo de leitura\" \/>\n\t<meta name=\"twitter:data2\" content=\"3 minutos\" \/>\n<!-- \/ Yoast SEO plugin. -->","yoast_head_json":{"title":"Jap\u00e3o se rearma: conhe\u00e7a o poderio militar do pa\u00eds asi\u00e1tico hoje - Correio Braziliense - Aqui","description":"Com um dos maiores or\u00e7amentos de defesa do mundo, o Jap\u00e3o investe em ca\u00e7as, porta-avi\u00f5es e m\u00edsseis de longo alcance em resposta \u00e0 China.","robots":{"index":"index","follow":"follow","max-snippet":"max-snippet:-1","max-image-preview":"max-image-preview:large","max-video-preview":"max-video-preview:-1"},"canonical":"https:\/\/www.correiobraziliense.com.br\/aqui\/2026\/04\/27\/japao-se-rearma-conheca-o-poderio-militar-do-pais-asiatico-hoje\/","og_locale":"pt_BR","og_type":"article","og_title":"Jap\u00e3o se rearma: conhe\u00e7a o poderio militar do pa\u00eds asi\u00e1tico hoje - Correio Braziliense - Aqui","og_description":"Com um dos maiores or\u00e7amentos de defesa do mundo, o Jap\u00e3o investe em ca\u00e7as, porta-avi\u00f5es e m\u00edsseis de longo alcance em resposta \u00e0 China.","og_url":"https:\/\/www.correiobraziliense.com.br\/aqui\/2026\/04\/27\/japao-se-rearma-conheca-o-poderio-militar-do-pais-asiatico-hoje\/","og_site_name":"Correio Braziliense - Aqui","article_published_time":"2026-04-27T12:16:00+00:00","og_image":[{"width":1280,"height":720,"url":"https:\/\/www.correiobraziliense.com.br\/aqui\/wp-content\/uploads\/2026\/04\/japao-flag_1777289678414.jpg","type":"image\/jpeg"}],"author":"Larissa","twitter_card":"summary_large_image","twitter_misc":{"Escrito por":"Larissa","Est. tempo de leitura":"3 minutos"},"schema":{"@context":"https:\/\/schema.org","@graph":[{"@type":"WebPage","@id":"https:\/\/www.correiobraziliense.com.br\/aqui\/2026\/04\/27\/japao-se-rearma-conheca-o-poderio-militar-do-pais-asiatico-hoje\/","url":"https:\/\/www.correiobraziliense.com.br\/aqui\/2026\/04\/27\/japao-se-rearma-conheca-o-poderio-militar-do-pais-asiatico-hoje\/","name":"Jap\u00e3o se rearma: conhe\u00e7a o poderio militar do pa\u00eds asi\u00e1tico hoje - Correio Braziliense - Aqui","isPartOf":{"@id":"https:\/\/www.correiobraziliense.com.br\/aqui\/#website"},"primaryImageOfPage":{"@id":"https:\/\/www.correiobraziliense.com.br\/aqui\/2026\/04\/27\/japao-se-rearma-conheca-o-poderio-militar-do-pais-asiatico-hoje\/#primaryimage"},"image":{"@id":"https:\/\/www.correiobraziliense.com.br\/aqui\/2026\/04\/27\/japao-se-rearma-conheca-o-poderio-militar-do-pais-asiatico-hoje\/#primaryimage"},"thumbnailUrl":"https:\/\/www.correiobraziliense.com.br\/aqui\/wp-content\/uploads\/2026\/04\/japao-flag_1777289678414.jpg","datePublished":"2026-04-27T12:16:00+00:00","author":{"@id":"https:\/\/www.correiobraziliense.com.br\/aqui\/#\/schema\/person\/775f50a8c1ac31704d56816e99b29041"},"description":"Com um dos maiores or\u00e7amentos de defesa do mundo, o Jap\u00e3o investe em ca\u00e7as, porta-avi\u00f5es e m\u00edsseis de longo alcance em resposta \u00e0 China.","breadcrumb":{"@id":"https:\/\/www.correiobraziliense.com.br\/aqui\/2026\/04\/27\/japao-se-rearma-conheca-o-poderio-militar-do-pais-asiatico-hoje\/#breadcrumb"},"inLanguage":"pt-BR","potentialAction":[{"@type":"ReadAction","target":["https:\/\/www.correiobraziliense.com.br\/aqui\/2026\/04\/27\/japao-se-rearma-conheca-o-poderio-militar-do-pais-asiatico-hoje\/"]}]},{"@type":"ImageObject","inLanguage":"pt-BR","@id":"https:\/\/www.correiobraziliense.com.br\/aqui\/2026\/04\/27\/japao-se-rearma-conheca-o-poderio-militar-do-pais-asiatico-hoje\/#primaryimage","url":"https:\/\/www.correiobraziliense.com.br\/aqui\/wp-content\/uploads\/2026\/04\/japao-flag_1777289678414.jpg","contentUrl":"https:\/\/www.correiobraziliense.com.br\/aqui\/wp-content\/uploads\/2026\/04\/japao-flag_1777289678414.jpg","width":1280,"height":720,"caption":"Cr\u00e9ditos: depositphotos.com \/ akiyoko74"},{"@type":"BreadcrumbList","@id":"https:\/\/www.correiobraziliense.com.br\/aqui\/2026\/04\/27\/japao-se-rearma-conheca-o-poderio-militar-do-pais-asiatico-hoje\/#breadcrumb","itemListElement":[{"@type":"ListItem","position":1,"name":"In\u00edcio","item":"https:\/\/www.correiobraziliense.com.br\/aqui\/"},{"@type":"ListItem","position":2,"name":"Jap\u00e3o se rearma: conhe\u00e7a o poderio militar do pa\u00eds asi\u00e1tico hoje"}]},{"@type":"WebSite","@id":"https:\/\/www.correiobraziliense.com.br\/aqui\/#website","url":"https:\/\/www.correiobraziliense.com.br\/aqui\/","name":"Correio Braziliense - Aqui","description":"O Correio Braziliense (CB) \u00e9 o mais importante canal de not\u00edcias de Bras\u00edlia. Aqui voc\u00ea encontra as \u00faltimas not\u00edcias do DF, do Brasil e do mundo.","potentialAction":[{"@type":"SearchAction","target":{"@type":"EntryPoint","urlTemplate":"https:\/\/www.correiobraziliense.com.br\/aqui\/?s={search_term_string}"},"query-input":{"@type":"PropertyValueSpecification","valueRequired":true,"valueName":"search_term_string"}}],"inLanguage":"pt-BR"},{"@type":"Person","@id":"https:\/\/www.correiobraziliense.com.br\/aqui\/#\/schema\/person\/775f50a8c1ac31704d56816e99b29041","name":"Larissa","image":{"@type":"ImageObject","inLanguage":"pt-BR","@id":"https:\/\/www.correiobraziliense.com.br\/aqui\/#\/schema\/person\/image\/","url":"https:\/\/secure.gravatar.com\/avatar\/62f5b2e99de671d075ab98e19f03c3c38c80a93f5d06f51075cf4431a4e76458?s=96&d=mm&r=g","contentUrl":"https:\/\/secure.gravatar.com\/avatar\/62f5b2e99de671d075ab98e19f03c3c38c80a93f5d06f51075cf4431a4e76458?s=96&d=mm&r=g","caption":"Larissa"},"url":"https:\/\/www.correiobraziliense.com.br\/aqui\/author\/larissaaqui\/"}]}},"_links":{"self":[{"href":"https:\/\/www.correiobraziliense.com.br\/aqui\/wp-json\/wp\/v2\/posts\/28047","targetHints":{"allow":["GET"]}}],"collection":[{"href":"https:\/\/www.correiobraziliense.com.br\/aqui\/wp-json\/wp\/v2\/posts"}],"about":[{"href":"https:\/\/www.correiobraziliense.com.br\/aqui\/wp-json\/wp\/v2\/types\/post"}],"author":[{"embeddable":true,"href":"https:\/\/www.correiobraziliense.com.br\/aqui\/wp-json\/wp\/v2\/users\/10"}],"replies":[{"embeddable":true,"href":"https:\/\/www.correiobraziliense.com.br\/aqui\/wp-json\/wp\/v2\/comments?post=28047"}],"version-history":[{"count":2,"href":"https:\/\/www.correiobraziliense.com.br\/aqui\/wp-json\/wp\/v2\/posts\/28047\/revisions"}],"predecessor-version":[{"id":28050,"href":"https:\/\/www.correiobraziliense.com.br\/aqui\/wp-json\/wp\/v2\/posts\/28047\/revisions\/28050"}],"wp:featuredmedia":[{"embeddable":true,"href":"https:\/\/www.correiobraziliense.com.br\/aqui\/wp-json\/wp\/v2\/media\/28049"}],"wp:attachment":[{"href":"https:\/\/www.correiobraziliense.com.br\/aqui\/wp-json\/wp\/v2\/media?parent=28047"}],"wp:term":[{"taxonomy":"category","embeddable":true,"href":"https:\/\/www.correiobraziliense.com.br\/aqui\/wp-json\/wp\/v2\/categories?post=28047"},{"taxonomy":"post_tag","embeddable":true,"href":"https:\/\/www.correiobraziliense.com.br\/aqui\/wp-json\/wp\/v2\/tags?post=28047"}],"curies":[{"name":"wp","href":"https:\/\/api.w.org\/{rel}","templated":true}]}}