{"id":28051,"date":"2026-04-27T09:47:00","date_gmt":"2026-04-27T12:47:00","guid":{"rendered":"https:\/\/www.correiobraziliense.com.br\/aqui\/?p=28051"},"modified":"2026-04-27T08:48:18","modified_gmt":"2026-04-27T11:48:18","slug":"desaprovacao-de-lula-na-economia-sobe-para-52-mostra-pesquisa","status":"publish","type":"post","link":"https:\/\/www.correiobraziliense.com.br\/aqui\/2026\/04\/27\/desaprovacao-de-lula-na-economia-sobe-para-52-mostra-pesquisa\/","title":{"rendered":"Desaprova\u00e7\u00e3o de Lula na economia sobe para 52%, mostra pesquisa"},"content":{"rendered":"\n<p>A desaprova\u00e7\u00e3o da gest\u00e3o econ\u00f4mica do presidente Lula superou a aprova\u00e7\u00e3o, atingindo 52%, segundo pesquisa Genial\/Quaest divulgada em abril. O \u00edndice de aprova\u00e7\u00e3o caiu para 43%, marcando uma piora na percep\u00e7\u00e3o popular sobre os rumos da economia. Em janeiro, os n\u00fameros eram de 47% de aprova\u00e7\u00e3o e 49% de desaprova\u00e7\u00e3o.<\/p>\n\n\n\n<p>O sentimento negativo \u00e9 refor\u00e7ado pela percep\u00e7\u00e3o geral sobre a economia no pa\u00eds. De acordo com o levantamento, 41% dos brasileiros consideram que a economia piorou nos \u00faltimos 12 meses, enquanto apenas 26% enxergam alguma melhora. Al\u00e9m disso, 50% dos entrevistados sentem que a economia piorou no \u00faltimo ano.<\/p>\n\n\n\n<h2 class=\"wp-block-heading\">Infla\u00e7\u00e3o dos alimentos \u00e9 principal queixa na economia<\/h2>\n\n\n\n<p>A principal raz\u00e3o para a avalia\u00e7\u00e3o negativa est\u00e1 ligada diretamente ao custo de vida, especialmente a <a target=\"_blank\" rel=\"noreferrer noopener\" href=\"https:\/\/www.correiobraziliense.com.br\/economia\/2025\/04\/7110182-inflacao-faz-brasileiros-cortarem-comida-do-prato-diz-datafolha.html\">infla\u00e7\u00e3o dos alimentos<\/a>. A pesquisa aponta que 73% dos entrevistados afirmam que os pre\u00e7os da comida subiram recentemente. Como consequ\u00eancia, 63% dizem que hoje conseguem comprar menos produtos do que h\u00e1 um ano.<\/p>\n\n\n\n<p>Essa percep\u00e7\u00e3o sobre a alta de pre\u00e7os se torna o principal argumento daqueles que desaprovam a <a target=\"_blank\" rel=\"noreferrer noopener\" href=\"https:\/\/www.correiobraziliense.com.br\/politica\/2025\/04\/7100676-analise-desaprovacao-do-governo-lula-esta-perto-do-nao-retorno.html\">gest\u00e3o econ\u00f4mica<\/a>, afetando diretamente o bem-estar financeiro das fam\u00edlias e ofuscando outros indicadores, como a gera\u00e7\u00e3o de empregos formais.<\/p>\n\n\n\n<h2 class=\"wp-block-heading\">Cen\u00e1rio e expectativas<\/h2>\n\n\n\n<p>O pessimismo se reflete nas expectativas e na percep\u00e7\u00e3o do notici\u00e1rio: 48% dos entrevistados afirmam ter contato com not\u00edcias mais negativas sobre o governo, contra apenas 23% que veem mais not\u00edcias positivas. O cen\u00e1rio indica que a <a target=\"_blank\" rel=\"noreferrer noopener\" href=\"https:\/\/www.correiobraziliense.com.br\/politica\/2025\/04\/7100674-lula-tenta-mostrar-avancos-enquanto-popularidade-derrete.html\">popularidade do presidente<\/a> na \u00e1rea econ\u00f4mica depender\u00e1 diretamente dos resultados pr\u00e1ticos sentidos no bolso do cidad\u00e3o nos pr\u00f3ximos meses.<\/p>\n\n\n\n<p>A <a target=\"_blank\" rel=\"noreferrer noopener\" href=\"https:\/\/www.correiobraziliense.com.br\/politica\/2025\/04\/7099600-quaest-governo-lula-e-reprovado-por-mais-da-metade-da-populacao.html\">pesquisa Genial\/Quaest<\/a> foi realizada entre 9 e 13 de abril, com 2.004 eleitores, e possui margem de erro de 2,2 pontos percentuais.<\/p>\n","protected":false},"excerpt":{"rendered":"<p>Levantamento de abril aponta que 52% reprovam o desempenho econ\u00f4mico do governo Lula, contra 43% de aprova\u00e7\u00e3o; veja detalhes da pesquisa.<\/p>\n","protected":false},"author":10,"featured_media":26430,"comment_status":"open","ping_status":"open","sticky":false,"template":"","format":"standard","meta":{"jnews-multi-image_gallery":[],"jnews_single_post":{"format":"standard"},"jnews_primary_category":[],"jnews_social_meta":[],"jnews_override_counter":[],"footnotes":""},"categories":[154],"tags":[157,473,6421],"class_list":["post-28051","post","type-post","status-publish","format-standard","has-post-thumbnail","hentry","category-brasil","tag-brasil","tag-economia","tag-lula"],"yoast_head":"<!-- This site is optimized with the Yoast SEO plugin v25.1 - https:\/\/yoast.com\/wordpress\/plugins\/seo\/ -->\n<title>Desaprova\u00e7\u00e3o de Lula na economia sobe para 52%, mostra pesquisa - Correio Braziliense - Aqui<\/title>\n<meta name=\"description\" content=\"Levantamento de abril aponta que 52% reprovam o desempenho econ\u00f4mico do governo Lula, contra 43% de aprova\u00e7\u00e3o; veja detalhes da pesquisa.\" \/>\n<meta name=\"robots\" content=\"index, follow, max-snippet:-1, max-image-preview:large, max-video-preview:-1\" \/>\n<link rel=\"canonical\" href=\"https:\/\/www.correiobraziliense.com.br\/aqui\/2026\/04\/27\/desaprovacao-de-lula-na-economia-sobe-para-52-mostra-pesquisa\/\" \/>\n<meta property=\"og:locale\" content=\"pt_BR\" \/>\n<meta property=\"og:type\" content=\"article\" \/>\n<meta property=\"og:title\" content=\"Desaprova\u00e7\u00e3o de Lula na economia sobe para 52%, mostra pesquisa - Correio Braziliense - Aqui\" \/>\n<meta property=\"og:description\" content=\"Levantamento de abril aponta que 52% reprovam o desempenho econ\u00f4mico do governo Lula, contra 43% de aprova\u00e7\u00e3o; veja detalhes da pesquisa.\" \/>\n<meta property=\"og:url\" content=\"https:\/\/www.correiobraziliense.com.br\/aqui\/2026\/04\/27\/desaprovacao-de-lula-na-economia-sobe-para-52-mostra-pesquisa\/\" \/>\n<meta property=\"og:site_name\" content=\"Correio Braziliense - Aqui\" \/>\n<meta property=\"article:published_time\" content=\"2026-04-27T12:47:00+00:00\" \/>\n<meta property=\"og:image\" content=\"https:\/\/www.correiobraziliense.com.br\/aqui\/wp-content\/uploads\/2026\/04\/Luiz-inacio_1775559263700.jpg\" \/>\n\t<meta property=\"og:image:width\" content=\"1280\" \/>\n\t<meta property=\"og:image:height\" content=\"720\" \/>\n\t<meta property=\"og:image:type\" content=\"image\/jpeg\" \/>\n<meta name=\"author\" content=\"Larissa\" \/>\n<meta name=\"twitter:card\" content=\"summary_large_image\" \/>\n<meta name=\"twitter:label1\" content=\"Escrito por\" \/>\n\t<meta name=\"twitter:data1\" content=\"Larissa\" \/>\n\t<meta name=\"twitter:label2\" content=\"Est. tempo de leitura\" \/>\n\t<meta name=\"twitter:data2\" content=\"2 minutos\" \/>\n<!-- \/ Yoast SEO plugin. -->","yoast_head_json":{"title":"Desaprova\u00e7\u00e3o de Lula na economia sobe para 52%, mostra pesquisa - Correio Braziliense - Aqui","description":"Levantamento de abril aponta que 52% reprovam o desempenho econ\u00f4mico do governo Lula, contra 43% de aprova\u00e7\u00e3o; veja detalhes da pesquisa.","robots":{"index":"index","follow":"follow","max-snippet":"max-snippet:-1","max-image-preview":"max-image-preview:large","max-video-preview":"max-video-preview:-1"},"canonical":"https:\/\/www.correiobraziliense.com.br\/aqui\/2026\/04\/27\/desaprovacao-de-lula-na-economia-sobe-para-52-mostra-pesquisa\/","og_locale":"pt_BR","og_type":"article","og_title":"Desaprova\u00e7\u00e3o de Lula na economia sobe para 52%, mostra pesquisa - Correio Braziliense - Aqui","og_description":"Levantamento de abril aponta que 52% reprovam o desempenho econ\u00f4mico do governo Lula, contra 43% de aprova\u00e7\u00e3o; veja detalhes da pesquisa.","og_url":"https:\/\/www.correiobraziliense.com.br\/aqui\/2026\/04\/27\/desaprovacao-de-lula-na-economia-sobe-para-52-mostra-pesquisa\/","og_site_name":"Correio Braziliense - Aqui","article_published_time":"2026-04-27T12:47:00+00:00","og_image":[{"width":1280,"height":720,"url":"https:\/\/www.correiobraziliense.com.br\/aqui\/wp-content\/uploads\/2026\/04\/Luiz-inacio_1775559263700.jpg","type":"image\/jpeg"}],"author":"Larissa","twitter_card":"summary_large_image","twitter_misc":{"Escrito por":"Larissa","Est. tempo de leitura":"2 minutos"},"schema":{"@context":"https:\/\/schema.org","@graph":[{"@type":"WebPage","@id":"https:\/\/www.correiobraziliense.com.br\/aqui\/2026\/04\/27\/desaprovacao-de-lula-na-economia-sobe-para-52-mostra-pesquisa\/","url":"https:\/\/www.correiobraziliense.com.br\/aqui\/2026\/04\/27\/desaprovacao-de-lula-na-economia-sobe-para-52-mostra-pesquisa\/","name":"Desaprova\u00e7\u00e3o de Lula na economia sobe para 52%, mostra pesquisa - Correio Braziliense - Aqui","isPartOf":{"@id":"https:\/\/www.correiobraziliense.com.br\/aqui\/#website"},"primaryImageOfPage":{"@id":"https:\/\/www.correiobraziliense.com.br\/aqui\/2026\/04\/27\/desaprovacao-de-lula-na-economia-sobe-para-52-mostra-pesquisa\/#primaryimage"},"image":{"@id":"https:\/\/www.correiobraziliense.com.br\/aqui\/2026\/04\/27\/desaprovacao-de-lula-na-economia-sobe-para-52-mostra-pesquisa\/#primaryimage"},"thumbnailUrl":"https:\/\/www.correiobraziliense.com.br\/aqui\/wp-content\/uploads\/2026\/04\/Luiz-inacio_1775559263700.jpg","datePublished":"2026-04-27T12:47:00+00:00","author":{"@id":"https:\/\/www.correiobraziliense.com.br\/aqui\/#\/schema\/person\/775f50a8c1ac31704d56816e99b29041"},"description":"Levantamento de abril aponta que 52% reprovam o desempenho econ\u00f4mico do governo Lula, contra 43% de aprova\u00e7\u00e3o; veja detalhes da pesquisa.","breadcrumb":{"@id":"https:\/\/www.correiobraziliense.com.br\/aqui\/2026\/04\/27\/desaprovacao-de-lula-na-economia-sobe-para-52-mostra-pesquisa\/#breadcrumb"},"inLanguage":"pt-BR","potentialAction":[{"@type":"ReadAction","target":["https:\/\/www.correiobraziliense.com.br\/aqui\/2026\/04\/27\/desaprovacao-de-lula-na-economia-sobe-para-52-mostra-pesquisa\/"]}]},{"@type":"ImageObject","inLanguage":"pt-BR","@id":"https:\/\/www.correiobraziliense.com.br\/aqui\/2026\/04\/27\/desaprovacao-de-lula-na-economia-sobe-para-52-mostra-pesquisa\/#primaryimage","url":"https:\/\/www.correiobraziliense.com.br\/aqui\/wp-content\/uploads\/2026\/04\/Luiz-inacio_1775559263700.jpg","contentUrl":"https:\/\/www.correiobraziliense.com.br\/aqui\/wp-content\/uploads\/2026\/04\/Luiz-inacio_1775559263700.jpg","width":1280,"height":720,"caption":"Cr\u00e9ditos: depositphotos.com \/ fredpinheiro64@gmail.com"},{"@type":"BreadcrumbList","@id":"https:\/\/www.correiobraziliense.com.br\/aqui\/2026\/04\/27\/desaprovacao-de-lula-na-economia-sobe-para-52-mostra-pesquisa\/#breadcrumb","itemListElement":[{"@type":"ListItem","position":1,"name":"In\u00edcio","item":"https:\/\/www.correiobraziliense.com.br\/aqui\/"},{"@type":"ListItem","position":2,"name":"Desaprova\u00e7\u00e3o de Lula na economia sobe para 52%, mostra pesquisa"}]},{"@type":"WebSite","@id":"https:\/\/www.correiobraziliense.com.br\/aqui\/#website","url":"https:\/\/www.correiobraziliense.com.br\/aqui\/","name":"Correio Braziliense - Aqui","description":"O Correio Braziliense (CB) \u00e9 o mais importante canal de not\u00edcias de Bras\u00edlia. Aqui voc\u00ea encontra as \u00faltimas not\u00edcias do DF, do Brasil e do mundo.","potentialAction":[{"@type":"SearchAction","target":{"@type":"EntryPoint","urlTemplate":"https:\/\/www.correiobraziliense.com.br\/aqui\/?s={search_term_string}"},"query-input":{"@type":"PropertyValueSpecification","valueRequired":true,"valueName":"search_term_string"}}],"inLanguage":"pt-BR"},{"@type":"Person","@id":"https:\/\/www.correiobraziliense.com.br\/aqui\/#\/schema\/person\/775f50a8c1ac31704d56816e99b29041","name":"Larissa","image":{"@type":"ImageObject","inLanguage":"pt-BR","@id":"https:\/\/www.correiobraziliense.com.br\/aqui\/#\/schema\/person\/image\/","url":"https:\/\/secure.gravatar.com\/avatar\/62f5b2e99de671d075ab98e19f03c3c38c80a93f5d06f51075cf4431a4e76458?s=96&d=mm&r=g","contentUrl":"https:\/\/secure.gravatar.com\/avatar\/62f5b2e99de671d075ab98e19f03c3c38c80a93f5d06f51075cf4431a4e76458?s=96&d=mm&r=g","caption":"Larissa"},"url":"https:\/\/www.correiobraziliense.com.br\/aqui\/author\/larissaaqui\/"}]}},"_links":{"self":[{"href":"https:\/\/www.correiobraziliense.com.br\/aqui\/wp-json\/wp\/v2\/posts\/28051","targetHints":{"allow":["GET"]}}],"collection":[{"href":"https:\/\/www.correiobraziliense.com.br\/aqui\/wp-json\/wp\/v2\/posts"}],"about":[{"href":"https:\/\/www.correiobraziliense.com.br\/aqui\/wp-json\/wp\/v2\/types\/post"}],"author":[{"embeddable":true,"href":"https:\/\/www.correiobraziliense.com.br\/aqui\/wp-json\/wp\/v2\/users\/10"}],"replies":[{"embeddable":true,"href":"https:\/\/www.correiobraziliense.com.br\/aqui\/wp-json\/wp\/v2\/comments?post=28051"}],"version-history":[{"count":3,"href":"https:\/\/www.correiobraziliense.com.br\/aqui\/wp-json\/wp\/v2\/posts\/28051\/revisions"}],"predecessor-version":[{"id":28054,"href":"https:\/\/www.correiobraziliense.com.br\/aqui\/wp-json\/wp\/v2\/posts\/28051\/revisions\/28054"}],"wp:featuredmedia":[{"embeddable":true,"href":"https:\/\/www.correiobraziliense.com.br\/aqui\/wp-json\/wp\/v2\/media\/26430"}],"wp:attachment":[{"href":"https:\/\/www.correiobraziliense.com.br\/aqui\/wp-json\/wp\/v2\/media?parent=28051"}],"wp:term":[{"taxonomy":"category","embeddable":true,"href":"https:\/\/www.correiobraziliense.com.br\/aqui\/wp-json\/wp\/v2\/categories?post=28051"},{"taxonomy":"post_tag","embeddable":true,"href":"https:\/\/www.correiobraziliense.com.br\/aqui\/wp-json\/wp\/v2\/tags?post=28051"}],"curies":[{"name":"wp","href":"https:\/\/api.w.org\/{rel}","templated":true}]}}