{"id":28060,"date":"2026-04-27T10:42:00","date_gmt":"2026-04-27T13:42:00","guid":{"rendered":"https:\/\/www.correiobraziliense.com.br\/aqui\/?p=28060"},"modified":"2026-04-27T09:00:40","modified_gmt":"2026-04-27T12:00:40","slug":"relembre-5-ataques-contra-lideres-politicos-que-chocaram-o-mundo","status":"publish","type":"post","link":"https:\/\/www.correiobraziliense.com.br\/aqui\/2026\/04\/27\/relembre-5-ataques-contra-lideres-politicos-que-chocaram-o-mundo\/","title":{"rendered":"Relembre 5 ataques contra l\u00edderes pol\u00edticos que chocaram o mundo"},"content":{"rendered":"\n<p>A recente tentativa de assassinato contra o ex-presidente Donald Trump nos Estados Unidos reacendeu o debate sobre a seguran\u00e7a de figuras p\u00fablicas e a viol\u00eancia pol\u00edtica. O epis\u00f3dio, que gerou manifesta\u00e7\u00f5es de l\u00edderes globais, serve como um lembrete sombrio de outros momentos em que ataques abalaram na\u00e7\u00f5es e mudaram o curso da hist\u00f3ria.<\/p>\n\n\n\n<p>Ataques contra <a target=\"_blank\" rel=\"noreferrer noopener\" href=\"https:\/\/www.correiobraziliense.com.br\/mundo\/2025\/09\/7248899-onda-de-violencia-politica-nos-eua-atinge-esquerda-e-direita-com-centenas-de-casos.html\">personalidades pol\u00edticas<\/a> n\u00e3o s\u00e3o um fen\u00f4meno novo e, ao longo das d\u00e9cadas, diversos casos deixaram marcas profundas na sociedade. Relembre cinco atentados marcantes contra l\u00edderes mundiais que chocaram o planeta.<\/p>\n\n\n\n<h2 class=\"wp-block-heading\">John F. Kennedy<\/h2>\n\n\n\n<p>Talvez o mais ic\u00f4nico dos assassinatos pol\u00edticos, o presidente americano John F. Kennedy foi morto a tiros em 22 de novembro de 1963. Ele estava em uma carreata em Dallas, no Texas, quando foi atingido. O crime, atribu\u00eddo a Lee Harvey Oswald, gerou como\u00e7\u00e3o global e deu origem a in\u00fameras teorias da conspira\u00e7\u00e3o que perduram at\u00e9 hoje, marcando profundamente a pol\u00edtica dos <a target=\"_blank\" rel=\"noreferrer noopener\" href=\"https:\/\/www.correiobraziliense.com.br\/mundo\/2025\/03\/7088792-brasil-e-citado-em-documentos-sobre-assassinato-de-john-kennedy.html\">Estados Unidos<\/a>.<\/p>\n\n\n\n<h2 class=\"wp-block-heading\">Indira Gandhi<\/h2>\n\n\n\n<p>A primeira-ministra da \u00cdndia, Indira Gandhi, foi assassinada por seus pr\u00f3prios guarda-costas em 31 de outubro de 1984, em Nova D\u00e9lhi. O ataque foi uma retalia\u00e7\u00e3o \u00e0 \u201cOpera\u00e7\u00e3o Estrela Azul\u201d, uma a\u00e7\u00e3o militar ordenada por ela contra separatistas sikhs. A morte de Gandhi desencadeou uma onda de viol\u00eancia que resultou na morte de milhares de sikhs em todo o pa\u00eds.<\/p>\n\n\n\n<h2 class=\"wp-block-heading\">Yitzhak Rabin<\/h2>\n\n\n\n<p>A paz no Oriente M\u00e9dio sofreu um duro golpe com o assassinato do primeiro-ministro de Israel, Yitzhak Rabin, em 4 de novembro de 1995. Ele foi baleado por um extremista judeu que se opunha aos Acordos de Oslo, um tratado de paz hist\u00f3rico com os palestinos. A morte de Rabin \u00e9 vista por muitos como um ponto de inflex\u00e3o que paralisou o processo de paz na regi\u00e3o.<\/p>\n\n\n\n<h2 class=\"wp-block-heading\">Benazir Bhutto<\/h2>\n\n\n\n<p>Primeira mulher a liderar um pa\u00eds mu\u00e7ulmano, a ex-primeira-ministra do Paquist\u00e3o, Benazir Bhutto, foi morta em 27 de dezembro de 2007. Ela foi v\u00edtima de um atentado suicida durante um com\u00edcio eleitoral na cidade de Rawalpindi. O ataque mergulhou o pa\u00eds em uma grave crise pol\u00edtica e de seguran\u00e7a, evidenciando a <a target=\"_blank\" rel=\"noreferrer noopener\" href=\"https:\/\/www.correiobraziliense.com.br\/mundo\/2025\/11\/7289859-ataque-de-homem-bomba-em-islamabad-deixa-12-mortos.html\">instabilidade local<\/a>.<\/p>\n\n\n\n<h2 class=\"wp-block-heading\">Shinzo Abe<\/h2>\n\n\n\n<p>Em 8 de julho de 2022, o ex-primeiro-ministro do Jap\u00e3o, Shinzo Abe, foi assassinado enquanto discursava em um evento de campanha na cidade de Nara. O crime chocou o Jap\u00e3o, um pa\u00eds com taxas de viol\u00eancia extremamente baixas. O atirador usou uma arma de fabrica\u00e7\u00e3o caseira e alegou motiva\u00e7\u00f5es ligadas a um grupo religioso, expondo tens\u00f5es sociais inesperadas.<\/p>\n","protected":false},"excerpt":{"rendered":"<p>De John F. Kennedy a Shinzo Abe, a hist\u00f3ria registra diversos ataques que mudaram os rumos da pol\u00edtica global; veja os casos mais marcantes.<\/p>\n","protected":false},"author":10,"featured_media":28062,"comment_status":"open","ping_status":"open","sticky":false,"template":"","format":"standard","meta":{"jnews-multi-image_gallery":[],"jnews_single_post":{"format":"standard"},"jnews_primary_category":[],"jnews_social_meta":[],"jnews_override_counter":[],"footnotes":""},"categories":[149],"tags":[8791,136,7795],"class_list":["post-28060","post","type-post","status-publish","format-standard","has-post-thumbnail","hentry","category-mundo","tag-atentado","tag-historia","tag-presidente"],"yoast_head":"<!-- This site is optimized with the Yoast SEO plugin v25.1 - https:\/\/yoast.com\/wordpress\/plugins\/seo\/ -->\n<title>Relembre 5 ataques contra l\u00edderes pol\u00edticos que chocaram o mundo - Correio Braziliense - Aqui<\/title>\n<meta name=\"description\" content=\"De John F. Kennedy a Shinzo Abe, a hist\u00f3ria registra diversos ataques que mudaram os rumos da pol\u00edtica global; veja os casos mais marcantes.\" \/>\n<meta name=\"robots\" content=\"index, follow, max-snippet:-1, max-image-preview:large, max-video-preview:-1\" \/>\n<link rel=\"canonical\" href=\"https:\/\/www.correiobraziliense.com.br\/aqui\/2026\/04\/27\/relembre-5-ataques-contra-lideres-politicos-que-chocaram-o-mundo\/\" \/>\n<meta property=\"og:locale\" content=\"pt_BR\" \/>\n<meta property=\"og:type\" content=\"article\" \/>\n<meta property=\"og:title\" content=\"Relembre 5 ataques contra l\u00edderes pol\u00edticos que chocaram o mundo - Correio Braziliense - Aqui\" \/>\n<meta property=\"og:description\" content=\"De John F. Kennedy a Shinzo Abe, a hist\u00f3ria registra diversos ataques que mudaram os rumos da pol\u00edtica global; veja os casos mais marcantes.\" \/>\n<meta property=\"og:url\" content=\"https:\/\/www.correiobraziliense.com.br\/aqui\/2026\/04\/27\/relembre-5-ataques-contra-lideres-politicos-que-chocaram-o-mundo\/\" \/>\n<meta property=\"og:site_name\" content=\"Correio Braziliense - Aqui\" \/>\n<meta property=\"article:published_time\" content=\"2026-04-27T13:42:00+00:00\" \/>\n<meta property=\"og:image\" content=\"https:\/\/www.correiobraziliense.com.br\/aqui\/wp-content\/uploads\/2026\/04\/donald-trump_1777291020464.jpg\" \/>\n\t<meta property=\"og:image:width\" content=\"1280\" \/>\n\t<meta property=\"og:image:height\" content=\"720\" \/>\n\t<meta property=\"og:image:type\" content=\"image\/jpeg\" \/>\n<meta name=\"author\" content=\"Larissa\" \/>\n<meta name=\"twitter:card\" content=\"summary_large_image\" \/>\n<meta name=\"twitter:label1\" content=\"Escrito por\" \/>\n\t<meta name=\"twitter:data1\" content=\"Larissa\" \/>\n\t<meta name=\"twitter:label2\" content=\"Est. tempo de leitura\" \/>\n\t<meta name=\"twitter:data2\" content=\"3 minutos\" \/>\n<!-- \/ Yoast SEO plugin. -->","yoast_head_json":{"title":"Relembre 5 ataques contra l\u00edderes pol\u00edticos que chocaram o mundo - Correio Braziliense - Aqui","description":"De John F. Kennedy a Shinzo Abe, a hist\u00f3ria registra diversos ataques que mudaram os rumos da pol\u00edtica global; veja os casos mais marcantes.","robots":{"index":"index","follow":"follow","max-snippet":"max-snippet:-1","max-image-preview":"max-image-preview:large","max-video-preview":"max-video-preview:-1"},"canonical":"https:\/\/www.correiobraziliense.com.br\/aqui\/2026\/04\/27\/relembre-5-ataques-contra-lideres-politicos-que-chocaram-o-mundo\/","og_locale":"pt_BR","og_type":"article","og_title":"Relembre 5 ataques contra l\u00edderes pol\u00edticos que chocaram o mundo - Correio Braziliense - Aqui","og_description":"De John F. Kennedy a Shinzo Abe, a hist\u00f3ria registra diversos ataques que mudaram os rumos da pol\u00edtica global; veja os casos mais marcantes.","og_url":"https:\/\/www.correiobraziliense.com.br\/aqui\/2026\/04\/27\/relembre-5-ataques-contra-lideres-politicos-que-chocaram-o-mundo\/","og_site_name":"Correio Braziliense - Aqui","article_published_time":"2026-04-27T13:42:00+00:00","og_image":[{"width":1280,"height":720,"url":"https:\/\/www.correiobraziliense.com.br\/aqui\/wp-content\/uploads\/2026\/04\/donald-trump_1777291020464.jpg","type":"image\/jpeg"}],"author":"Larissa","twitter_card":"summary_large_image","twitter_misc":{"Escrito por":"Larissa","Est. tempo de leitura":"3 minutos"},"schema":{"@context":"https:\/\/schema.org","@graph":[{"@type":"WebPage","@id":"https:\/\/www.correiobraziliense.com.br\/aqui\/2026\/04\/27\/relembre-5-ataques-contra-lideres-politicos-que-chocaram-o-mundo\/","url":"https:\/\/www.correiobraziliense.com.br\/aqui\/2026\/04\/27\/relembre-5-ataques-contra-lideres-politicos-que-chocaram-o-mundo\/","name":"Relembre 5 ataques contra l\u00edderes pol\u00edticos que chocaram o mundo - Correio Braziliense - Aqui","isPartOf":{"@id":"https:\/\/www.correiobraziliense.com.br\/aqui\/#website"},"primaryImageOfPage":{"@id":"https:\/\/www.correiobraziliense.com.br\/aqui\/2026\/04\/27\/relembre-5-ataques-contra-lideres-politicos-que-chocaram-o-mundo\/#primaryimage"},"image":{"@id":"https:\/\/www.correiobraziliense.com.br\/aqui\/2026\/04\/27\/relembre-5-ataques-contra-lideres-politicos-que-chocaram-o-mundo\/#primaryimage"},"thumbnailUrl":"https:\/\/www.correiobraziliense.com.br\/aqui\/wp-content\/uploads\/2026\/04\/donald-trump_1777291020464.jpg","datePublished":"2026-04-27T13:42:00+00:00","author":{"@id":"https:\/\/www.correiobraziliense.com.br\/aqui\/#\/schema\/person\/775f50a8c1ac31704d56816e99b29041"},"description":"De John F. Kennedy a Shinzo Abe, a hist\u00f3ria registra diversos ataques que mudaram os rumos da pol\u00edtica global; veja os casos mais marcantes.","breadcrumb":{"@id":"https:\/\/www.correiobraziliense.com.br\/aqui\/2026\/04\/27\/relembre-5-ataques-contra-lideres-politicos-que-chocaram-o-mundo\/#breadcrumb"},"inLanguage":"pt-BR","potentialAction":[{"@type":"ReadAction","target":["https:\/\/www.correiobraziliense.com.br\/aqui\/2026\/04\/27\/relembre-5-ataques-contra-lideres-politicos-que-chocaram-o-mundo\/"]}]},{"@type":"ImageObject","inLanguage":"pt-BR","@id":"https:\/\/www.correiobraziliense.com.br\/aqui\/2026\/04\/27\/relembre-5-ataques-contra-lideres-politicos-que-chocaram-o-mundo\/#primaryimage","url":"https:\/\/www.correiobraziliense.com.br\/aqui\/wp-content\/uploads\/2026\/04\/donald-trump_1777291020464.jpg","contentUrl":"https:\/\/www.correiobraziliense.com.br\/aqui\/wp-content\/uploads\/2026\/04\/donald-trump_1777291020464.jpg","width":1280,"height":720,"caption":"Cr\u00e9ditos: depositphotos.com \/ gints.ivuskans"},{"@type":"BreadcrumbList","@id":"https:\/\/www.correiobraziliense.com.br\/aqui\/2026\/04\/27\/relembre-5-ataques-contra-lideres-politicos-que-chocaram-o-mundo\/#breadcrumb","itemListElement":[{"@type":"ListItem","position":1,"name":"In\u00edcio","item":"https:\/\/www.correiobraziliense.com.br\/aqui\/"},{"@type":"ListItem","position":2,"name":"Relembre 5 ataques contra l\u00edderes pol\u00edticos que chocaram o mundo"}]},{"@type":"WebSite","@id":"https:\/\/www.correiobraziliense.com.br\/aqui\/#website","url":"https:\/\/www.correiobraziliense.com.br\/aqui\/","name":"Correio Braziliense - Aqui","description":"O Correio Braziliense (CB) \u00e9 o mais importante canal de not\u00edcias de Bras\u00edlia. Aqui voc\u00ea encontra as \u00faltimas not\u00edcias do DF, do Brasil e do mundo.","potentialAction":[{"@type":"SearchAction","target":{"@type":"EntryPoint","urlTemplate":"https:\/\/www.correiobraziliense.com.br\/aqui\/?s={search_term_string}"},"query-input":{"@type":"PropertyValueSpecification","valueRequired":true,"valueName":"search_term_string"}}],"inLanguage":"pt-BR"},{"@type":"Person","@id":"https:\/\/www.correiobraziliense.com.br\/aqui\/#\/schema\/person\/775f50a8c1ac31704d56816e99b29041","name":"Larissa","image":{"@type":"ImageObject","inLanguage":"pt-BR","@id":"https:\/\/www.correiobraziliense.com.br\/aqui\/#\/schema\/person\/image\/","url":"https:\/\/secure.gravatar.com\/avatar\/62f5b2e99de671d075ab98e19f03c3c38c80a93f5d06f51075cf4431a4e76458?s=96&d=mm&r=g","contentUrl":"https:\/\/secure.gravatar.com\/avatar\/62f5b2e99de671d075ab98e19f03c3c38c80a93f5d06f51075cf4431a4e76458?s=96&d=mm&r=g","caption":"Larissa"},"url":"https:\/\/www.correiobraziliense.com.br\/aqui\/author\/larissaaqui\/"}]}},"_links":{"self":[{"href":"https:\/\/www.correiobraziliense.com.br\/aqui\/wp-json\/wp\/v2\/posts\/28060","targetHints":{"allow":["GET"]}}],"collection":[{"href":"https:\/\/www.correiobraziliense.com.br\/aqui\/wp-json\/wp\/v2\/posts"}],"about":[{"href":"https:\/\/www.correiobraziliense.com.br\/aqui\/wp-json\/wp\/v2\/types\/post"}],"author":[{"embeddable":true,"href":"https:\/\/www.correiobraziliense.com.br\/aqui\/wp-json\/wp\/v2\/users\/10"}],"replies":[{"embeddable":true,"href":"https:\/\/www.correiobraziliense.com.br\/aqui\/wp-json\/wp\/v2\/comments?post=28060"}],"version-history":[{"count":3,"href":"https:\/\/www.correiobraziliense.com.br\/aqui\/wp-json\/wp\/v2\/posts\/28060\/revisions"}],"predecessor-version":[{"id":28064,"href":"https:\/\/www.correiobraziliense.com.br\/aqui\/wp-json\/wp\/v2\/posts\/28060\/revisions\/28064"}],"wp:featuredmedia":[{"embeddable":true,"href":"https:\/\/www.correiobraziliense.com.br\/aqui\/wp-json\/wp\/v2\/media\/28062"}],"wp:attachment":[{"href":"https:\/\/www.correiobraziliense.com.br\/aqui\/wp-json\/wp\/v2\/media?parent=28060"}],"wp:term":[{"taxonomy":"category","embeddable":true,"href":"https:\/\/www.correiobraziliense.com.br\/aqui\/wp-json\/wp\/v2\/categories?post=28060"},{"taxonomy":"post_tag","embeddable":true,"href":"https:\/\/www.correiobraziliense.com.br\/aqui\/wp-json\/wp\/v2\/tags?post=28060"}],"curies":[{"name":"wp","href":"https:\/\/api.w.org\/{rel}","templated":true}]}}