{"id":28065,"date":"2026-04-27T11:20:00","date_gmt":"2026-04-27T14:20:00","guid":{"rendered":"https:\/\/www.correiobraziliense.com.br\/aqui\/?p=28065"},"modified":"2026-04-27T10:02:13","modified_gmt":"2026-04-27T13:02:13","slug":"sou-pj-quais-os-meus-direitos-e-deveres-em-relacao-a-empresa","status":"publish","type":"post","link":"https:\/\/www.correiobraziliense.com.br\/aqui\/2026\/04\/27\/sou-pj-quais-os-meus-direitos-e-deveres-em-relacao-a-empresa\/","title":{"rendered":"Sou PJ: quais os meus direitos e deveres em rela\u00e7\u00e3o \u00e0 empresa"},"content":{"rendered":"\n<p>Trabalhar como Pessoa Jur\u00eddica (PJ) se tornou uma realidade para muitos brasileiros, mas o modelo ainda gera d\u00favidas, especialmente com a discuss\u00e3o sobre a chamada &#8220;pejotiza\u00e7\u00e3o&#8221; no Supremo Tribunal Federal (STF), que determinou a suspens\u00e3o nacional de todos os processos sobre o tema at\u00e9 uma decis\u00e3o definitiva. Entender as diferen\u00e7as cruciais entre um contrato PJ e o regime da Consolida\u00e7\u00e3o das Leis do Trabalho (CLT) \u00e9 o primeiro passo para garantir seus direitos e cumprir seus deveres.<\/p>\n\n\n\n<p>Diferente do trabalhador com carteira assinada, o profissional PJ \u00e9 visto pela lei como uma empresa que presta servi\u00e7os para outra. Essa natureza comercial da rela\u00e7\u00e3o remove uma s\u00e9rie de prote\u00e7\u00f5es e benef\u00edcios garantidos pela <a target=\"_blank\" rel=\"noreferrer noopener\" href=\"https:\/\/www.correiobraziliense.com.br\/opiniao\/2025\/08\/7215439-os-jovens-nao-gostam-da-clt.html\">CLT<\/a>, o que exige mais planejamento e organiza\u00e7\u00e3o por parte do prestador de servi\u00e7o.<\/p>\n\n\n\n<h2 class=\"wp-block-heading\">O que um contrato PJ n\u00e3o garante?<\/h2>\n\n\n\n<p>A principal confus\u00e3o surge nos benef\u00edcios. Por se tratar de uma rela\u00e7\u00e3o entre duas empresas, o contrato PJ n\u00e3o prev\u00ea os seguintes direitos trabalhistas:<\/p>\n\n\n\n<ul class=\"wp-block-list\">\n<li><strong>13\u00ba sal\u00e1rio:<\/strong> n\u00e3o h\u00e1 pagamento de gratifica\u00e7\u00e3o natalina.<\/li>\n\n\n\n<li><strong>F\u00e9rias remuneradas:<\/strong> o profissional pode negociar per\u00edodos de descanso, mas eles n\u00e3o s\u00e3o remunerados pela empresa contratante.<\/li>\n\n\n\n<li><strong>FGTS:<\/strong> n\u00e3o h\u00e1 dep\u00f3sito mensal do Fundo de Garantia do Tempo de Servi\u00e7o.<\/li>\n\n\n\n<li><strong>Aviso pr\u00e9vio:<\/strong> as regras de rescis\u00e3o s\u00e3o definidas no contrato de servi\u00e7o, n\u00e3o seguindo as normas da CLT.<\/li>\n\n\n\n<li><strong>Seguro-desemprego:<\/strong> por n\u00e3o ser considerado um v\u00ednculo de emprego, o profissional n\u00e3o tem acesso ao benef\u00edcio em caso de fim do contrato.<\/li>\n<\/ul>\n\n\n\n<h2 class=\"wp-block-heading\">Deveres e cuidados do profissional<\/h2>\n\n\n\n<p>Em contrapartida, a principal obriga\u00e7\u00e3o do profissional <a target=\"_blank\" rel=\"noreferrer noopener\" href=\"https:\/\/www.correiobraziliense.com.br\/economia\/2025\/03\/7084770-estudo-da-fgv-investiga-como-pejotizacao-afeta-a-previdencia.html\">PJ<\/a> \u00e9 a emiss\u00e3o de nota fiscal para receber o pagamento pelos servi\u00e7os prestados. Al\u00e9m disso, o pagamento de impostos, como o Simples Nacional, \u00e9 de sua inteira responsabilidade. Manter a empresa regularizada, com todas as certid\u00f5es em dia, tamb\u00e9m faz parte de seus deveres.<\/p>\n\n\n\n<p>O contrato de presta\u00e7\u00e3o de servi\u00e7os \u00e9 a ferramenta mais importante para a seguran\u00e7a de ambas as partes. Ele deve detalhar com clareza o objeto do servi\u00e7o, os prazos de entrega, os valores, as formas de pagamento e as condi\u00e7\u00f5es para rescis\u00e3o. Qualquer acordo verbal deve ser formalizado neste documento.<\/p>\n\n\n\n<h2 class=\"wp-block-heading\">Aten\u00e7\u00e3o \u00e0 subordina\u00e7\u00e3o<\/h2>\n\n\n\n<p>O ponto mais sens\u00edvel na rela\u00e7\u00e3o PJ \u00e9 a subordina\u00e7\u00e3o. Se a empresa contratante exige cumprimento de hor\u00e1rio fixo, d\u00e1 ordens diretas, aplica puni\u00e7\u00f5es e impede que o servi\u00e7o seja feito por outra pessoa, a rela\u00e7\u00e3o pode ser caracterizada como v\u00ednculo empregat\u00edcio, configurando uma <a target=\"_blank\" rel=\"noreferrer noopener\" href=\"https:\/\/www.correiobraziliense.com.br\/direito-e-justica\/2025\/09\/7240169-pejotizacao-transforma-o-ser-humano-em-coisa-para-ser-apropriado-diz-cezar-britto.html\">fraude trabalhista<\/a>.<\/p>\n\n\n\n<p>Para se proteger, o profissional PJ deve manter sua autonomia, focando em entregas e metas em vez de uma jornada de trabalho controlada. A rela\u00e7\u00e3o deve ser estritamente comercial, entre um fornecedor e um cliente.<\/p>\n","protected":false},"excerpt":{"rendered":"<p>Diferente da CLT, o contrato de Pessoa Jur\u00eddica n\u00e3o prev\u00ea f\u00e9rias ou 13\u00ba; conhe\u00e7a as regras para n\u00e3o cair em armadilhas e se proteger.<\/p>\n","protected":false},"author":10,"featured_media":27877,"comment_status":"open","ping_status":"open","sticky":false,"template":"","format":"standard","meta":{"jnews-multi-image_gallery":[],"jnews_single_post":{"format":"standard"},"jnews_primary_category":[],"jnews_social_meta":[],"jnews_override_counter":[],"footnotes":""},"categories":[120],"tags":[8792,7845],"class_list":["post-28065","post","type-post","status-publish","format-standard","has-post-thumbnail","hentry","category-curiosidades","tag-pj","tag-salario"],"yoast_head":"<!-- This site is optimized with the Yoast SEO plugin v25.1 - https:\/\/yoast.com\/wordpress\/plugins\/seo\/ -->\n<title>Sou PJ: quais os meus direitos e deveres em rela\u00e7\u00e3o \u00e0 empresa - Correio Braziliense - Aqui<\/title>\n<meta name=\"description\" content=\"Diferente da CLT, o contrato de Pessoa Jur\u00eddica (PJ) n\u00e3o prev\u00ea f\u00e9rias ou 13\u00ba; conhe\u00e7a as regras para n\u00e3o cair em armadilhas e se proteger.\" \/>\n<meta name=\"robots\" content=\"index, follow, max-snippet:-1, max-image-preview:large, max-video-preview:-1\" \/>\n<link rel=\"canonical\" href=\"https:\/\/www.correiobraziliense.com.br\/aqui\/2026\/04\/27\/sou-pj-quais-os-meus-direitos-e-deveres-em-relacao-a-empresa\/\" \/>\n<meta property=\"og:locale\" content=\"pt_BR\" \/>\n<meta property=\"og:type\" content=\"article\" \/>\n<meta property=\"og:title\" content=\"Sou PJ: quais os meus direitos e deveres em rela\u00e7\u00e3o \u00e0 empresa - Correio Braziliense - Aqui\" \/>\n<meta property=\"og:description\" content=\"Diferente da CLT, o contrato de Pessoa Jur\u00eddica (PJ) n\u00e3o prev\u00ea f\u00e9rias ou 13\u00ba; conhe\u00e7a as regras para n\u00e3o cair em armadilhas e se proteger.\" \/>\n<meta property=\"og:url\" content=\"https:\/\/www.correiobraziliense.com.br\/aqui\/2026\/04\/27\/sou-pj-quais-os-meus-direitos-e-deveres-em-relacao-a-empresa\/\" \/>\n<meta property=\"og:site_name\" content=\"Correio Braziliense - Aqui\" \/>\n<meta property=\"article:published_time\" content=\"2026-04-27T14:20:00+00:00\" \/>\n<meta property=\"og:image\" content=\"https:\/\/www.correiobraziliense.com.br\/aqui\/wp-content\/uploads\/2026\/04\/jovem-entrevista_1776949533663.jpg\" \/>\n\t<meta property=\"og:image:width\" content=\"1280\" \/>\n\t<meta property=\"og:image:height\" content=\"720\" \/>\n\t<meta property=\"og:image:type\" content=\"image\/jpeg\" \/>\n<meta name=\"author\" content=\"Larissa\" \/>\n<meta name=\"twitter:card\" content=\"summary_large_image\" \/>\n<meta name=\"twitter:label1\" content=\"Escrito por\" \/>\n\t<meta name=\"twitter:data1\" content=\"Larissa\" \/>\n\t<meta name=\"twitter:label2\" content=\"Est. tempo de leitura\" \/>\n\t<meta name=\"twitter:data2\" content=\"3 minutos\" \/>\n<!-- \/ Yoast SEO plugin. -->","yoast_head_json":{"title":"Sou PJ: quais os meus direitos e deveres em rela\u00e7\u00e3o \u00e0 empresa - Correio Braziliense - Aqui","description":"Diferente da CLT, o contrato de Pessoa Jur\u00eddica (PJ) n\u00e3o prev\u00ea f\u00e9rias ou 13\u00ba; conhe\u00e7a as regras para n\u00e3o cair em armadilhas e se proteger.","robots":{"index":"index","follow":"follow","max-snippet":"max-snippet:-1","max-image-preview":"max-image-preview:large","max-video-preview":"max-video-preview:-1"},"canonical":"https:\/\/www.correiobraziliense.com.br\/aqui\/2026\/04\/27\/sou-pj-quais-os-meus-direitos-e-deveres-em-relacao-a-empresa\/","og_locale":"pt_BR","og_type":"article","og_title":"Sou PJ: quais os meus direitos e deveres em rela\u00e7\u00e3o \u00e0 empresa - Correio Braziliense - Aqui","og_description":"Diferente da CLT, o contrato de Pessoa Jur\u00eddica (PJ) n\u00e3o prev\u00ea f\u00e9rias ou 13\u00ba; conhe\u00e7a as regras para n\u00e3o cair em armadilhas e se proteger.","og_url":"https:\/\/www.correiobraziliense.com.br\/aqui\/2026\/04\/27\/sou-pj-quais-os-meus-direitos-e-deveres-em-relacao-a-empresa\/","og_site_name":"Correio Braziliense - Aqui","article_published_time":"2026-04-27T14:20:00+00:00","og_image":[{"width":1280,"height":720,"url":"https:\/\/www.correiobraziliense.com.br\/aqui\/wp-content\/uploads\/2026\/04\/jovem-entrevista_1776949533663.jpg","type":"image\/jpeg"}],"author":"Larissa","twitter_card":"summary_large_image","twitter_misc":{"Escrito por":"Larissa","Est. tempo de leitura":"3 minutos"},"schema":{"@context":"https:\/\/schema.org","@graph":[{"@type":"WebPage","@id":"https:\/\/www.correiobraziliense.com.br\/aqui\/2026\/04\/27\/sou-pj-quais-os-meus-direitos-e-deveres-em-relacao-a-empresa\/","url":"https:\/\/www.correiobraziliense.com.br\/aqui\/2026\/04\/27\/sou-pj-quais-os-meus-direitos-e-deveres-em-relacao-a-empresa\/","name":"Sou PJ: quais os meus direitos e deveres em rela\u00e7\u00e3o \u00e0 empresa - Correio Braziliense - Aqui","isPartOf":{"@id":"https:\/\/www.correiobraziliense.com.br\/aqui\/#website"},"primaryImageOfPage":{"@id":"https:\/\/www.correiobraziliense.com.br\/aqui\/2026\/04\/27\/sou-pj-quais-os-meus-direitos-e-deveres-em-relacao-a-empresa\/#primaryimage"},"image":{"@id":"https:\/\/www.correiobraziliense.com.br\/aqui\/2026\/04\/27\/sou-pj-quais-os-meus-direitos-e-deveres-em-relacao-a-empresa\/#primaryimage"},"thumbnailUrl":"https:\/\/www.correiobraziliense.com.br\/aqui\/wp-content\/uploads\/2026\/04\/jovem-entrevista_1776949533663.jpg","datePublished":"2026-04-27T14:20:00+00:00","author":{"@id":"https:\/\/www.correiobraziliense.com.br\/aqui\/#\/schema\/person\/775f50a8c1ac31704d56816e99b29041"},"description":"Diferente da CLT, o contrato de Pessoa Jur\u00eddica (PJ) n\u00e3o prev\u00ea f\u00e9rias ou 13\u00ba; conhe\u00e7a as regras para n\u00e3o cair em armadilhas e se proteger.","breadcrumb":{"@id":"https:\/\/www.correiobraziliense.com.br\/aqui\/2026\/04\/27\/sou-pj-quais-os-meus-direitos-e-deveres-em-relacao-a-empresa\/#breadcrumb"},"inLanguage":"pt-BR","potentialAction":[{"@type":"ReadAction","target":["https:\/\/www.correiobraziliense.com.br\/aqui\/2026\/04\/27\/sou-pj-quais-os-meus-direitos-e-deveres-em-relacao-a-empresa\/"]}]},{"@type":"ImageObject","inLanguage":"pt-BR","@id":"https:\/\/www.correiobraziliense.com.br\/aqui\/2026\/04\/27\/sou-pj-quais-os-meus-direitos-e-deveres-em-relacao-a-empresa\/#primaryimage","url":"https:\/\/www.correiobraziliense.com.br\/aqui\/wp-content\/uploads\/2026\/04\/jovem-entrevista_1776949533663.jpg","contentUrl":"https:\/\/www.correiobraziliense.com.br\/aqui\/wp-content\/uploads\/2026\/04\/jovem-entrevista_1776949533663.jpg","width":1280,"height":720,"caption":"Cr\u00e9ditos: depositphotos.com \/ stockasso"},{"@type":"BreadcrumbList","@id":"https:\/\/www.correiobraziliense.com.br\/aqui\/2026\/04\/27\/sou-pj-quais-os-meus-direitos-e-deveres-em-relacao-a-empresa\/#breadcrumb","itemListElement":[{"@type":"ListItem","position":1,"name":"In\u00edcio","item":"https:\/\/www.correiobraziliense.com.br\/aqui\/"},{"@type":"ListItem","position":2,"name":"Sou PJ: quais os meus direitos e deveres em rela\u00e7\u00e3o \u00e0 empresa"}]},{"@type":"WebSite","@id":"https:\/\/www.correiobraziliense.com.br\/aqui\/#website","url":"https:\/\/www.correiobraziliense.com.br\/aqui\/","name":"Correio Braziliense - Aqui","description":"O Correio Braziliense (CB) \u00e9 o mais importante canal de not\u00edcias de Bras\u00edlia. Aqui voc\u00ea encontra as \u00faltimas not\u00edcias do DF, do Brasil e do mundo.","potentialAction":[{"@type":"SearchAction","target":{"@type":"EntryPoint","urlTemplate":"https:\/\/www.correiobraziliense.com.br\/aqui\/?s={search_term_string}"},"query-input":{"@type":"PropertyValueSpecification","valueRequired":true,"valueName":"search_term_string"}}],"inLanguage":"pt-BR"},{"@type":"Person","@id":"https:\/\/www.correiobraziliense.com.br\/aqui\/#\/schema\/person\/775f50a8c1ac31704d56816e99b29041","name":"Larissa","image":{"@type":"ImageObject","inLanguage":"pt-BR","@id":"https:\/\/www.correiobraziliense.com.br\/aqui\/#\/schema\/person\/image\/","url":"https:\/\/secure.gravatar.com\/avatar\/62f5b2e99de671d075ab98e19f03c3c38c80a93f5d06f51075cf4431a4e76458?s=96&d=mm&r=g","contentUrl":"https:\/\/secure.gravatar.com\/avatar\/62f5b2e99de671d075ab98e19f03c3c38c80a93f5d06f51075cf4431a4e76458?s=96&d=mm&r=g","caption":"Larissa"},"url":"https:\/\/www.correiobraziliense.com.br\/aqui\/author\/larissaaqui\/"}]}},"_links":{"self":[{"href":"https:\/\/www.correiobraziliense.com.br\/aqui\/wp-json\/wp\/v2\/posts\/28065","targetHints":{"allow":["GET"]}}],"collection":[{"href":"https:\/\/www.correiobraziliense.com.br\/aqui\/wp-json\/wp\/v2\/posts"}],"about":[{"href":"https:\/\/www.correiobraziliense.com.br\/aqui\/wp-json\/wp\/v2\/types\/post"}],"author":[{"embeddable":true,"href":"https:\/\/www.correiobraziliense.com.br\/aqui\/wp-json\/wp\/v2\/users\/10"}],"replies":[{"embeddable":true,"href":"https:\/\/www.correiobraziliense.com.br\/aqui\/wp-json\/wp\/v2\/comments?post=28065"}],"version-history":[{"count":2,"href":"https:\/\/www.correiobraziliense.com.br\/aqui\/wp-json\/wp\/v2\/posts\/28065\/revisions"}],"predecessor-version":[{"id":28067,"href":"https:\/\/www.correiobraziliense.com.br\/aqui\/wp-json\/wp\/v2\/posts\/28065\/revisions\/28067"}],"wp:featuredmedia":[{"embeddable":true,"href":"https:\/\/www.correiobraziliense.com.br\/aqui\/wp-json\/wp\/v2\/media\/27877"}],"wp:attachment":[{"href":"https:\/\/www.correiobraziliense.com.br\/aqui\/wp-json\/wp\/v2\/media?parent=28065"}],"wp:term":[{"taxonomy":"category","embeddable":true,"href":"https:\/\/www.correiobraziliense.com.br\/aqui\/wp-json\/wp\/v2\/categories?post=28065"},{"taxonomy":"post_tag","embeddable":true,"href":"https:\/\/www.correiobraziliense.com.br\/aqui\/wp-json\/wp\/v2\/tags?post=28065"}],"curies":[{"name":"wp","href":"https:\/\/api.w.org\/{rel}","templated":true}]}}