{"id":28090,"date":"2026-04-27T15:19:24","date_gmt":"2026-04-27T18:19:24","guid":{"rendered":"https:\/\/www.correiobraziliense.com.br\/aqui\/?p=28090"},"modified":"2026-04-27T15:19:28","modified_gmt":"2026-04-27T18:19:28","slug":"o-que-significa-corpus-christi-entenda-a-origem-e-o-sentido-da-data","status":"publish","type":"post","link":"https:\/\/www.correiobraziliense.com.br\/aqui\/2026\/04\/27\/o-que-significa-corpus-christi-entenda-a-origem-e-o-sentido-da-data\/","title":{"rendered":"O que significa Corpus Christi? Entenda a origem e o sentido da data"},"content":{"rendered":"\n<p>Corpus Christi, celebrado anualmente 60 dias ap\u00f3s o Domingo de P\u00e1scoa, \u00e9 uma das datas mais importantes do calend\u00e1rio da Igreja Cat\u00f3lica. A express\u00e3o em latim significa \u201cCorpo de Cristo\u201d e a celebra\u00e7\u00e3o honra publicamente o sacramento da Eucaristia, que representa a presen\u00e7a de Jesus no p\u00e3o e no vinho consagrados durante a missa.<\/p>\n\n\n\n<p>A data, que sempre cai em uma quinta-feira, faz refer\u00eancia \u00e0 Quinta-feira Santa, quando a Igreja acredita que a Eucaristia foi institu\u00edda. A celebra\u00e7\u00e3o fora do per\u00edodo da <a target=\"_blank\" rel=\"noreferrer noopener\" href=\"https:\/\/www.correiobraziliense.com.br\/turismo\/2025\/03\/7090773-tradicoes-populares-e-liturgia-catolica-na-semana-santa.html\">Semana Santa<\/a> permite que os fi\u00e9is se dediquem exclusivamente a essa devo\u00e7\u00e3o com maior solenidade e alegria.<\/p>\n\n\n\n<h2 class=\"wp-block-heading\">Qual a origem do Corpus Christi?<\/h2>\n\n\n\n<p>A data foi institu\u00edda pelo papa Urbano IV em 1264, sendo posteriormente confirmada de forma universal pelos papas Clemente V, em 1313, e Jo\u00e3o XXII, em 1317. A cria\u00e7\u00e3o da festa foi motivada pela freira belga Juliana de Mont Cornillon, que afirmava ter vis\u00f5es de Jesus pedindo uma celebra\u00e7\u00e3o dedicada ao <a target=\"_blank\" rel=\"noreferrer noopener\" href=\"https:\/\/www.correiobraziliense.com.br\/revista-do-correio\/2025\/06\/7177893-3-oracoes-para-o-dia-de-corpus-christi.html\">sacramento da Eucaristia<\/a> para refor\u00e7ar a f\u00e9 dos cat\u00f3licos no sacramento.<\/p>\n\n\n\n<p>O evento que consolidou a decis\u00e3o do papa foi o chamado \u201cmilagre de Bolsena\u201d, ocorrido na It\u00e1lia em 1263. Segundo a tradi\u00e7\u00e3o, um sacerdote que duvidava da presen\u00e7a de Cristo na h\u00f3stia consagrada viu o p\u00e3o sangrar durante uma missa, manchando o corporal, um pano lit\u00fargico. Este fato teria refor\u00e7ado a convic\u00e7\u00e3o do papa Urbano IV para oficializar a festa no ano seguinte.<\/p>\n\n\n\n<h2 class=\"wp-block-heading\">Tapetes e prociss\u00f5es: entenda a tradi\u00e7\u00e3o<\/h2>\n\n\n\n<p>A tradi\u00e7\u00e3o de confeccionar <a target=\"_blank\" rel=\"noreferrer noopener\" href=\"https:\/\/www.correiobraziliense.com.br\/cidades-df\/2025\/06\/7177907-tapete-de-corpus-christi-e-montado-na-esplanada-dos-ministerios.html\">tapetes coloridos<\/a> para a passagem da prociss\u00e3o de Corpus Christi \u00e9 um costume popular que chegou ao Brasil com os colonizadores portugueses. Os desenhos, geralmente com temas religiosos, servem como uma forma de homenagem e adora\u00e7\u00e3o, enfeitando o caminho por onde passa o ostens\u00f3rio, que carrega a h\u00f3stia consagrada.<\/p>\n\n\n\n<p>Para criar as obras, fi\u00e9is utilizam materiais diversos, como serragem colorida, borra de caf\u00e9, sal, areia e flores. As prociss\u00f5es, por sua vez, s\u00e3o a principal manifesta\u00e7\u00e3o p\u00fablica da celebra\u00e7\u00e3o, levando a Eucaristia para fora das igrejas e refor\u00e7ando a f\u00e9 na presen\u00e7a de Cristo entre a comunidade.<\/p>\n\n\n\n<h2 class=\"wp-block-heading\">Corpus Christi \u00e9 feriado nacional?<\/h2>\n\n\n\n<p>Apesar da relev\u00e2ncia religiosa, Corpus Christi n\u00e3o \u00e9 um <a target=\"_blank\" rel=\"noreferrer noopener\" href=\"https:\/\/www.correiobraziliense.com.br\/brasil\/2025\/05\/7136436-corpus-christi-e-feriado-veja-o-calendario-nacional.html\">feriado nacional<\/a> no Brasil. A data \u00e9 considerada ponto facultativo na maior parte do pa\u00eds. Isso significa que a folga para trabalhadores do setor p\u00fablico depende de decretos dos governos federal, estaduais e municipais.<\/p>\n\n\n\n<p>No setor privado, a dispensa do trabalho fica a crit\u00e9rio do empregador ou \u00e9 definida por meio de acordos coletivos. Por essa raz\u00e3o, a data pode ser feriado em algumas cidades, como S\u00e3o Paulo e Curitiba, e dia de trabalho normal em outras, exigindo consulta \u00e0 legisla\u00e7\u00e3o local.<\/p>\n","protected":false},"excerpt":{"rendered":"<p>Muito al\u00e9m do feriado, Corpus Christi tem grande significado para a Igreja Cat\u00f3lica; conhe\u00e7a a tradi\u00e7\u00e3o dos tapetes e prociss\u00f5es.<\/p>\n","protected":false},"author":8,"featured_media":28091,"comment_status":"open","ping_status":"open","sticky":false,"template":"","format":"standard","meta":{"jnews-multi-image_gallery":[],"jnews_single_post":{"format":"standard"},"jnews_primary_category":[],"jnews_social_meta":[],"jnews_override_counter":[],"footnotes":""},"categories":[192],"tags":[8796,938,151,940,939,265,806],"class_list":["post-28090","post","type-post","status-publish","format-standard","has-post-thumbnail","hentry","category-cultura","tag-corpo-de-cristo","tag-corpus-christi","tag-cultura","tag-eucaristia","tag-feriado","tag-igreja-catolica","tag-origem"],"yoast_head":"<!-- This site is optimized with the Yoast SEO plugin v25.1 - https:\/\/yoast.com\/wordpress\/plugins\/seo\/ -->\n<title>O que significa Corpus Christi? Entenda a origem e o sentido da data - Correio Braziliense - Aqui<\/title>\n<meta name=\"description\" content=\"Muito al\u00e9m do feriado, Corpus Christi tem grande significado para a Igreja Cat\u00f3lica; conhe\u00e7a a tradi\u00e7\u00e3o dos tapetes e prociss\u00f5es.\" \/>\n<meta name=\"robots\" content=\"index, follow, max-snippet:-1, max-image-preview:large, max-video-preview:-1\" \/>\n<link rel=\"canonical\" href=\"https:\/\/www.correiobraziliense.com.br\/aqui\/2026\/04\/27\/o-que-significa-corpus-christi-entenda-a-origem-e-o-sentido-da-data\/\" \/>\n<meta property=\"og:locale\" content=\"pt_BR\" \/>\n<meta property=\"og:type\" content=\"article\" \/>\n<meta property=\"og:title\" content=\"O que significa Corpus Christi? Entenda a origem e o sentido da data - Correio Braziliense - Aqui\" \/>\n<meta property=\"og:description\" content=\"Muito al\u00e9m do feriado, Corpus Christi tem grande significado para a Igreja Cat\u00f3lica; conhe\u00e7a a tradi\u00e7\u00e3o dos tapetes e prociss\u00f5es.\" \/>\n<meta property=\"og:url\" content=\"https:\/\/www.correiobraziliense.com.br\/aqui\/2026\/04\/27\/o-que-significa-corpus-christi-entenda-a-origem-e-o-sentido-da-data\/\" \/>\n<meta property=\"og:site_name\" content=\"Correio Braziliense - Aqui\" \/>\n<meta property=\"article:published_time\" content=\"2026-04-27T18:19:24+00:00\" \/>\n<meta property=\"article:modified_time\" content=\"2026-04-27T18:19:28+00:00\" \/>\n<meta property=\"og:image\" content=\"https:\/\/www.correiobraziliense.com.br\/aqui\/wp-content\/uploads\/2026\/04\/Corpus-Christi_1777313668816.jpg\" \/>\n\t<meta property=\"og:image:width\" content=\"1280\" \/>\n\t<meta property=\"og:image:height\" content=\"720\" \/>\n\t<meta property=\"og:image:type\" content=\"image\/jpeg\" \/>\n<meta name=\"author\" content=\"Lara\" \/>\n<meta name=\"twitter:card\" content=\"summary_large_image\" \/>\n<meta name=\"twitter:label1\" content=\"Escrito por\" \/>\n\t<meta name=\"twitter:data1\" content=\"Lara\" \/>\n\t<meta name=\"twitter:label2\" content=\"Est. tempo de leitura\" \/>\n\t<meta name=\"twitter:data2\" content=\"3 minutos\" \/>\n<!-- \/ Yoast SEO plugin. -->","yoast_head_json":{"title":"O que significa Corpus Christi? Entenda a origem e o sentido da data - Correio Braziliense - Aqui","description":"Muito al\u00e9m do feriado, Corpus Christi tem grande significado para a Igreja Cat\u00f3lica; conhe\u00e7a a tradi\u00e7\u00e3o dos tapetes e prociss\u00f5es.","robots":{"index":"index","follow":"follow","max-snippet":"max-snippet:-1","max-image-preview":"max-image-preview:large","max-video-preview":"max-video-preview:-1"},"canonical":"https:\/\/www.correiobraziliense.com.br\/aqui\/2026\/04\/27\/o-que-significa-corpus-christi-entenda-a-origem-e-o-sentido-da-data\/","og_locale":"pt_BR","og_type":"article","og_title":"O que significa Corpus Christi? Entenda a origem e o sentido da data - Correio Braziliense - Aqui","og_description":"Muito al\u00e9m do feriado, Corpus Christi tem grande significado para a Igreja Cat\u00f3lica; conhe\u00e7a a tradi\u00e7\u00e3o dos tapetes e prociss\u00f5es.","og_url":"https:\/\/www.correiobraziliense.com.br\/aqui\/2026\/04\/27\/o-que-significa-corpus-christi-entenda-a-origem-e-o-sentido-da-data\/","og_site_name":"Correio Braziliense - Aqui","article_published_time":"2026-04-27T18:19:24+00:00","article_modified_time":"2026-04-27T18:19:28+00:00","og_image":[{"width":1280,"height":720,"url":"https:\/\/www.correiobraziliense.com.br\/aqui\/wp-content\/uploads\/2026\/04\/Corpus-Christi_1777313668816.jpg","type":"image\/jpeg"}],"author":"Lara","twitter_card":"summary_large_image","twitter_misc":{"Escrito por":"Lara","Est. tempo de leitura":"3 minutos"},"schema":{"@context":"https:\/\/schema.org","@graph":[{"@type":"WebPage","@id":"https:\/\/www.correiobraziliense.com.br\/aqui\/2026\/04\/27\/o-que-significa-corpus-christi-entenda-a-origem-e-o-sentido-da-data\/","url":"https:\/\/www.correiobraziliense.com.br\/aqui\/2026\/04\/27\/o-que-significa-corpus-christi-entenda-a-origem-e-o-sentido-da-data\/","name":"O que significa Corpus Christi? Entenda a origem e o sentido da data - Correio Braziliense - Aqui","isPartOf":{"@id":"https:\/\/www.correiobraziliense.com.br\/aqui\/#website"},"primaryImageOfPage":{"@id":"https:\/\/www.correiobraziliense.com.br\/aqui\/2026\/04\/27\/o-que-significa-corpus-christi-entenda-a-origem-e-o-sentido-da-data\/#primaryimage"},"image":{"@id":"https:\/\/www.correiobraziliense.com.br\/aqui\/2026\/04\/27\/o-que-significa-corpus-christi-entenda-a-origem-e-o-sentido-da-data\/#primaryimage"},"thumbnailUrl":"https:\/\/www.correiobraziliense.com.br\/aqui\/wp-content\/uploads\/2026\/04\/Corpus-Christi_1777313668816.jpg","datePublished":"2026-04-27T18:19:24+00:00","dateModified":"2026-04-27T18:19:28+00:00","author":{"@id":"https:\/\/www.correiobraziliense.com.br\/aqui\/#\/schema\/person\/5d6e4d99fecc86ab1a7ed1a0369afb65"},"description":"Muito al\u00e9m do feriado, Corpus Christi tem grande significado para a Igreja Cat\u00f3lica; conhe\u00e7a a tradi\u00e7\u00e3o dos tapetes e prociss\u00f5es.","breadcrumb":{"@id":"https:\/\/www.correiobraziliense.com.br\/aqui\/2026\/04\/27\/o-que-significa-corpus-christi-entenda-a-origem-e-o-sentido-da-data\/#breadcrumb"},"inLanguage":"pt-BR","potentialAction":[{"@type":"ReadAction","target":["https:\/\/www.correiobraziliense.com.br\/aqui\/2026\/04\/27\/o-que-significa-corpus-christi-entenda-a-origem-e-o-sentido-da-data\/"]}]},{"@type":"ImageObject","inLanguage":"pt-BR","@id":"https:\/\/www.correiobraziliense.com.br\/aqui\/2026\/04\/27\/o-que-significa-corpus-christi-entenda-a-origem-e-o-sentido-da-data\/#primaryimage","url":"https:\/\/www.correiobraziliense.com.br\/aqui\/wp-content\/uploads\/2026\/04\/Corpus-Christi_1777313668816.jpg","contentUrl":"https:\/\/www.correiobraziliense.com.br\/aqui\/wp-content\/uploads\/2026\/04\/Corpus-Christi_1777313668816.jpg","width":1280,"height":720,"caption":"Cr\u00e9ditos: depositphotos.com \/ sidneydealmeida"},{"@type":"BreadcrumbList","@id":"https:\/\/www.correiobraziliense.com.br\/aqui\/2026\/04\/27\/o-que-significa-corpus-christi-entenda-a-origem-e-o-sentido-da-data\/#breadcrumb","itemListElement":[{"@type":"ListItem","position":1,"name":"In\u00edcio","item":"https:\/\/www.correiobraziliense.com.br\/aqui\/"},{"@type":"ListItem","position":2,"name":"O que significa Corpus Christi? Entenda a origem e o sentido da data"}]},{"@type":"WebSite","@id":"https:\/\/www.correiobraziliense.com.br\/aqui\/#website","url":"https:\/\/www.correiobraziliense.com.br\/aqui\/","name":"Correio Braziliense - Aqui","description":"O Correio Braziliense (CB) \u00e9 o mais importante canal de not\u00edcias de Bras\u00edlia. Aqui voc\u00ea encontra as \u00faltimas not\u00edcias do DF, do Brasil e do mundo.","potentialAction":[{"@type":"SearchAction","target":{"@type":"EntryPoint","urlTemplate":"https:\/\/www.correiobraziliense.com.br\/aqui\/?s={search_term_string}"},"query-input":{"@type":"PropertyValueSpecification","valueRequired":true,"valueName":"search_term_string"}}],"inLanguage":"pt-BR"},{"@type":"Person","@id":"https:\/\/www.correiobraziliense.com.br\/aqui\/#\/schema\/person\/5d6e4d99fecc86ab1a7ed1a0369afb65","name":"Lara","image":{"@type":"ImageObject","inLanguage":"pt-BR","@id":"https:\/\/www.correiobraziliense.com.br\/aqui\/#\/schema\/person\/image\/","url":"https:\/\/secure.gravatar.com\/avatar\/57056c5c343a6d8a6669688d3d2c04916d9d280b352b6e50e66a8d39b2517e00?s=96&d=mm&r=g","contentUrl":"https:\/\/secure.gravatar.com\/avatar\/57056c5c343a6d8a6669688d3d2c04916d9d280b352b6e50e66a8d39b2517e00?s=96&d=mm&r=g","caption":"Lara"},"url":"https:\/\/www.correiobraziliense.com.br\/aqui\/author\/laraaqui\/"}]}},"_links":{"self":[{"href":"https:\/\/www.correiobraziliense.com.br\/aqui\/wp-json\/wp\/v2\/posts\/28090","targetHints":{"allow":["GET"]}}],"collection":[{"href":"https:\/\/www.correiobraziliense.com.br\/aqui\/wp-json\/wp\/v2\/posts"}],"about":[{"href":"https:\/\/www.correiobraziliense.com.br\/aqui\/wp-json\/wp\/v2\/types\/post"}],"author":[{"embeddable":true,"href":"https:\/\/www.correiobraziliense.com.br\/aqui\/wp-json\/wp\/v2\/users\/8"}],"replies":[{"embeddable":true,"href":"https:\/\/www.correiobraziliense.com.br\/aqui\/wp-json\/wp\/v2\/comments?post=28090"}],"version-history":[{"count":1,"href":"https:\/\/www.correiobraziliense.com.br\/aqui\/wp-json\/wp\/v2\/posts\/28090\/revisions"}],"predecessor-version":[{"id":28092,"href":"https:\/\/www.correiobraziliense.com.br\/aqui\/wp-json\/wp\/v2\/posts\/28090\/revisions\/28092"}],"wp:featuredmedia":[{"embeddable":true,"href":"https:\/\/www.correiobraziliense.com.br\/aqui\/wp-json\/wp\/v2\/media\/28091"}],"wp:attachment":[{"href":"https:\/\/www.correiobraziliense.com.br\/aqui\/wp-json\/wp\/v2\/media?parent=28090"}],"wp:term":[{"taxonomy":"category","embeddable":true,"href":"https:\/\/www.correiobraziliense.com.br\/aqui\/wp-json\/wp\/v2\/categories?post=28090"},{"taxonomy":"post_tag","embeddable":true,"href":"https:\/\/www.correiobraziliense.com.br\/aqui\/wp-json\/wp\/v2\/tags?post=28090"}],"curies":[{"name":"wp","href":"https:\/\/api.w.org\/{rel}","templated":true}]}}