{"id":28093,"date":"2026-04-27T15:42:00","date_gmt":"2026-04-27T18:42:00","guid":{"rendered":"https:\/\/www.correiobraziliense.com.br\/aqui\/?p=28093"},"modified":"2026-04-27T15:25:26","modified_gmt":"2026-04-27T18:25:26","slug":"ressaca-no-mar-entenda-por-que-o-fenomeno-acontece-e-como-se-proteger","status":"publish","type":"post","link":"https:\/\/www.correiobraziliense.com.br\/aqui\/2026\/04\/27\/ressaca-no-mar-entenda-por-que-o-fenomeno-acontece-e-como-se-proteger\/","title":{"rendered":"Ressaca no mar: entenda por que o fen\u00f4meno acontece e como se proteger"},"content":{"rendered":"\n<p>A ressaca no mar, que frequentemente assusta moradores e turistas no litoral, n\u00e3o \u00e9 apenas um mar agitado. O fen\u00f4meno ocorre quando ondas geradas por ventos intensos em alto-mar, muitas vezes a centenas de quil\u00f4metros da costa, chegam \u00e0 orla com uma energia incomum, capazes de invadir a faixa de areia e at\u00e9 mesmo avenidas costeiras.<\/p>\n\n\n\n<p>Essa condi\u00e7\u00e3o clim\u00e1tica est\u00e1 diretamente ligada a <a target=\"_blank\" rel=\"noreferrer noopener\" href=\"https:\/\/www.correiobraziliense.com.br\/mundo\/2025\/08\/7235435-alerta-amarelo-as-chuvas-intensas-previstas-para-8-estados-brasileiros-segundo-o-inmet.html\">eventos meteorol\u00f3gicos distantes<\/a>, como a passagem de frentes frias e a forma\u00e7\u00e3o de ciclones extratropicais sobre o oceano. A for\u00e7a e a persist\u00eancia dos ventos sobre uma grande \u00e1rea de \u00e1gua transferem uma enorme quantidade de energia para a superf\u00edcie, dando origem a grandes ondula\u00e7\u00f5es.<\/p>\n\n\n\n<p>Essas <a target=\"_blank\" rel=\"noreferrer noopener\" href=\"https:\/\/www.correiobraziliense.com.br\/mundo\/2025\/07\/7214584-por-que-e-dificil-prever-tamanho-de-ondas-de-tsunami-como-o-causado-por-terremoto-na-russia.html\">ondas<\/a>, conhecidas tecnicamente como &#8220;swell&#8221; ou marulhos, viajam longas dist\u00e2ncias pelo oceano sem perder for\u00e7a. Ao se aproximarem da costa, a din\u00e2mica muda completamente. A profundidade do mar diminui, o que causa um efeito de &#8220;compress\u00e3o&#8221; da energia contida nas ondas.<\/p>\n\n\n\n<p>Como resultado, as ondas ficam mais altas, mais r\u00e1pidas e com um intervalo menor entre elas. Ao quebrarem na praia, liberam toda essa energia acumulada, avan\u00e7ando com uma for\u00e7a muito superior \u00e0 habitual e provocando os conhecidos estragos em estruturas costeiras, al\u00e9m de um <a target=\"_blank\" rel=\"noreferrer noopener\" href=\"https:\/\/www.correiobraziliense.com.br\/brasil\/2026\/01\/7325735-rj-praias-seguem-com-ressaca-e-banhistas-devem-evitar-entrar-no-mar.html\">grande perigo para as pessoas<\/a>.<\/p>\n\n\n\n<h2 class=\"wp-block-heading\">Principais riscos e como se proteger da ressaca no mar<\/h2>\n\n\n\n<p>Durante um per\u00edodo de ressaca, a principal recomenda\u00e7\u00e3o \u00e9 manter dist\u00e2ncia da \u00e1gua e da faixa de areia. As ondas podem arrastar objetos e pessoas de forma inesperada, mesmo em \u00e1reas que normalmente s\u00e3o consideradas seguras. \u00c9 fundamental seguir as orienta\u00e7\u00f5es da <a target=\"_blank\" rel=\"noreferrer noopener\" href=\"https:\/\/www.correiobraziliense.com.br\/mundo\/2025\/03\/7082862-alerta-severo-da-defesa-civil-o-que-e-um-local-seguro-para-se-proteger-em-caso-de-tempestade.html\">Defesa Civil<\/a> local e do Corpo de Bombeiros.<\/p>\n\n\n\n<p>Os principais cuidados que devem ser tomados incluem:<\/p>\n\n\n\n<ul class=\"wp-block-list\">\n<li><strong>Evite a orla:<\/strong> n\u00e3o caminhe no cal\u00e7ad\u00e3o, na faixa de areia ou em cost\u00f5es rochosos. As ondas podem atingir essas \u00e1reas com for\u00e7a e de surpresa.<\/li>\n\n\n\n<li><strong>N\u00e3o entre no mar:<\/strong> mesmo nadadores experientes devem evitar a \u00e1gua, pois as correntes de retorno se tornam extremamente perigosas e imprevis\u00edveis.<\/li>\n\n\n\n<li><strong>Proteja embarca\u00e7\u00f5es:<\/strong> propriet\u00e1rios de barcos devem garantir que suas embarca\u00e7\u00f5es estejam seguras e abrigadas em locais protegidos da a\u00e7\u00e3o direta das ondas.<\/li>\n\n\n\n<li><strong>Aten\u00e7\u00e3o aos alertas:<\/strong> acompanhe os comunicados oficiais da Defesa Civil e do Centro de Hidrografia da Marinha, que informam sobre a intensidade e a dura\u00e7\u00e3o do fen\u00f4meno.<\/li>\n<\/ul>\n","protected":false},"excerpt":{"rendered":"<p>Especialistas explicam como a ressaca no mar, causada por ventos fortes e frentes frias, gera ondas gigantes e estragos no litoral.<\/p>\n","protected":false},"author":8,"featured_media":28094,"comment_status":"open","ping_status":"open","sticky":false,"template":"","format":"standard","meta":{"jnews-multi-image_gallery":[],"jnews_single_post":{"format":"standard"},"jnews_primary_category":[],"jnews_social_meta":[],"jnews_override_counter":[],"footnotes":""},"categories":[120],"tags":[8798,1125,4862,8797,1524],"class_list":["post-28093","post","type-post","status-publish","format-standard","has-post-thumbnail","hentry","category-curiosidades","tag-alto-mar","tag-curiosidades","tag-meteorologia","tag-ressaca-no-mar","tag-riscos"],"yoast_head":"<!-- This site is optimized with the Yoast SEO plugin v25.1 - https:\/\/yoast.com\/wordpress\/plugins\/seo\/ -->\n<title>Ressaca no mar: entenda por que o fen\u00f4meno acontece e como se proteger - Correio Braziliense - Aqui<\/title>\n<meta name=\"description\" content=\"Especialistas explicam como a ressaca no mar, causada por ventos fortes e frentes frias, gera ondas gigantes e estragos no litoral.\" \/>\n<meta name=\"robots\" content=\"index, follow, max-snippet:-1, max-image-preview:large, max-video-preview:-1\" \/>\n<link rel=\"canonical\" href=\"https:\/\/www.correiobraziliense.com.br\/aqui\/2026\/04\/27\/ressaca-no-mar-entenda-por-que-o-fenomeno-acontece-e-como-se-proteger\/\" \/>\n<meta property=\"og:locale\" content=\"pt_BR\" \/>\n<meta property=\"og:type\" content=\"article\" \/>\n<meta property=\"og:title\" content=\"Ressaca no mar: entenda por que o fen\u00f4meno acontece e como se proteger - Correio Braziliense - Aqui\" \/>\n<meta property=\"og:description\" content=\"Especialistas explicam como a ressaca no mar, causada por ventos fortes e frentes frias, gera ondas gigantes e estragos no litoral.\" \/>\n<meta property=\"og:url\" content=\"https:\/\/www.correiobraziliense.com.br\/aqui\/2026\/04\/27\/ressaca-no-mar-entenda-por-que-o-fenomeno-acontece-e-como-se-proteger\/\" \/>\n<meta property=\"og:site_name\" content=\"Correio Braziliense - Aqui\" \/>\n<meta property=\"article:published_time\" content=\"2026-04-27T18:42:00+00:00\" \/>\n<meta property=\"og:image\" content=\"https:\/\/www.correiobraziliense.com.br\/aqui\/wp-content\/uploads\/2026\/04\/ressaca-mar_1777314131549.jpg\" \/>\n\t<meta property=\"og:image:width\" content=\"1280\" \/>\n\t<meta property=\"og:image:height\" content=\"720\" \/>\n\t<meta property=\"og:image:type\" content=\"image\/jpeg\" \/>\n<meta name=\"author\" content=\"Lara\" \/>\n<meta name=\"twitter:card\" content=\"summary_large_image\" \/>\n<meta name=\"twitter:label1\" content=\"Escrito por\" \/>\n\t<meta name=\"twitter:data1\" content=\"Lara\" \/>\n\t<meta name=\"twitter:label2\" content=\"Est. tempo de leitura\" \/>\n\t<meta name=\"twitter:data2\" content=\"3 minutos\" \/>\n<!-- \/ Yoast SEO plugin. -->","yoast_head_json":{"title":"Ressaca no mar: entenda por que o fen\u00f4meno acontece e como se proteger - Correio Braziliense - Aqui","description":"Especialistas explicam como a ressaca no mar, causada por ventos fortes e frentes frias, gera ondas gigantes e estragos no litoral.","robots":{"index":"index","follow":"follow","max-snippet":"max-snippet:-1","max-image-preview":"max-image-preview:large","max-video-preview":"max-video-preview:-1"},"canonical":"https:\/\/www.correiobraziliense.com.br\/aqui\/2026\/04\/27\/ressaca-no-mar-entenda-por-que-o-fenomeno-acontece-e-como-se-proteger\/","og_locale":"pt_BR","og_type":"article","og_title":"Ressaca no mar: entenda por que o fen\u00f4meno acontece e como se proteger - Correio Braziliense - Aqui","og_description":"Especialistas explicam como a ressaca no mar, causada por ventos fortes e frentes frias, gera ondas gigantes e estragos no litoral.","og_url":"https:\/\/www.correiobraziliense.com.br\/aqui\/2026\/04\/27\/ressaca-no-mar-entenda-por-que-o-fenomeno-acontece-e-como-se-proteger\/","og_site_name":"Correio Braziliense - Aqui","article_published_time":"2026-04-27T18:42:00+00:00","og_image":[{"width":1280,"height":720,"url":"https:\/\/www.correiobraziliense.com.br\/aqui\/wp-content\/uploads\/2026\/04\/ressaca-mar_1777314131549.jpg","type":"image\/jpeg"}],"author":"Lara","twitter_card":"summary_large_image","twitter_misc":{"Escrito por":"Lara","Est. tempo de leitura":"3 minutos"},"schema":{"@context":"https:\/\/schema.org","@graph":[{"@type":"WebPage","@id":"https:\/\/www.correiobraziliense.com.br\/aqui\/2026\/04\/27\/ressaca-no-mar-entenda-por-que-o-fenomeno-acontece-e-como-se-proteger\/","url":"https:\/\/www.correiobraziliense.com.br\/aqui\/2026\/04\/27\/ressaca-no-mar-entenda-por-que-o-fenomeno-acontece-e-como-se-proteger\/","name":"Ressaca no mar: entenda por que o fen\u00f4meno acontece e como se proteger - Correio Braziliense - Aqui","isPartOf":{"@id":"https:\/\/www.correiobraziliense.com.br\/aqui\/#website"},"primaryImageOfPage":{"@id":"https:\/\/www.correiobraziliense.com.br\/aqui\/2026\/04\/27\/ressaca-no-mar-entenda-por-que-o-fenomeno-acontece-e-como-se-proteger\/#primaryimage"},"image":{"@id":"https:\/\/www.correiobraziliense.com.br\/aqui\/2026\/04\/27\/ressaca-no-mar-entenda-por-que-o-fenomeno-acontece-e-como-se-proteger\/#primaryimage"},"thumbnailUrl":"https:\/\/www.correiobraziliense.com.br\/aqui\/wp-content\/uploads\/2026\/04\/ressaca-mar_1777314131549.jpg","datePublished":"2026-04-27T18:42:00+00:00","author":{"@id":"https:\/\/www.correiobraziliense.com.br\/aqui\/#\/schema\/person\/5d6e4d99fecc86ab1a7ed1a0369afb65"},"description":"Especialistas explicam como a ressaca no mar, causada por ventos fortes e frentes frias, gera ondas gigantes e estragos no litoral.","breadcrumb":{"@id":"https:\/\/www.correiobraziliense.com.br\/aqui\/2026\/04\/27\/ressaca-no-mar-entenda-por-que-o-fenomeno-acontece-e-como-se-proteger\/#breadcrumb"},"inLanguage":"pt-BR","potentialAction":[{"@type":"ReadAction","target":["https:\/\/www.correiobraziliense.com.br\/aqui\/2026\/04\/27\/ressaca-no-mar-entenda-por-que-o-fenomeno-acontece-e-como-se-proteger\/"]}]},{"@type":"ImageObject","inLanguage":"pt-BR","@id":"https:\/\/www.correiobraziliense.com.br\/aqui\/2026\/04\/27\/ressaca-no-mar-entenda-por-que-o-fenomeno-acontece-e-como-se-proteger\/#primaryimage","url":"https:\/\/www.correiobraziliense.com.br\/aqui\/wp-content\/uploads\/2026\/04\/ressaca-mar_1777314131549.jpg","contentUrl":"https:\/\/www.correiobraziliense.com.br\/aqui\/wp-content\/uploads\/2026\/04\/ressaca-mar_1777314131549.jpg","width":1280,"height":720,"caption":"Cr\u00e9ditos: depositphotos.com \/ prokhorenko9@gmail.com"},{"@type":"BreadcrumbList","@id":"https:\/\/www.correiobraziliense.com.br\/aqui\/2026\/04\/27\/ressaca-no-mar-entenda-por-que-o-fenomeno-acontece-e-como-se-proteger\/#breadcrumb","itemListElement":[{"@type":"ListItem","position":1,"name":"In\u00edcio","item":"https:\/\/www.correiobraziliense.com.br\/aqui\/"},{"@type":"ListItem","position":2,"name":"Ressaca no mar: entenda por que o fen\u00f4meno acontece e como se proteger"}]},{"@type":"WebSite","@id":"https:\/\/www.correiobraziliense.com.br\/aqui\/#website","url":"https:\/\/www.correiobraziliense.com.br\/aqui\/","name":"Correio Braziliense - Aqui","description":"O Correio Braziliense (CB) \u00e9 o mais importante canal de not\u00edcias de Bras\u00edlia. Aqui voc\u00ea encontra as \u00faltimas not\u00edcias do DF, do Brasil e do mundo.","potentialAction":[{"@type":"SearchAction","target":{"@type":"EntryPoint","urlTemplate":"https:\/\/www.correiobraziliense.com.br\/aqui\/?s={search_term_string}"},"query-input":{"@type":"PropertyValueSpecification","valueRequired":true,"valueName":"search_term_string"}}],"inLanguage":"pt-BR"},{"@type":"Person","@id":"https:\/\/www.correiobraziliense.com.br\/aqui\/#\/schema\/person\/5d6e4d99fecc86ab1a7ed1a0369afb65","name":"Lara","image":{"@type":"ImageObject","inLanguage":"pt-BR","@id":"https:\/\/www.correiobraziliense.com.br\/aqui\/#\/schema\/person\/image\/","url":"https:\/\/secure.gravatar.com\/avatar\/57056c5c343a6d8a6669688d3d2c04916d9d280b352b6e50e66a8d39b2517e00?s=96&d=mm&r=g","contentUrl":"https:\/\/secure.gravatar.com\/avatar\/57056c5c343a6d8a6669688d3d2c04916d9d280b352b6e50e66a8d39b2517e00?s=96&d=mm&r=g","caption":"Lara"},"url":"https:\/\/www.correiobraziliense.com.br\/aqui\/author\/laraaqui\/"}]}},"_links":{"self":[{"href":"https:\/\/www.correiobraziliense.com.br\/aqui\/wp-json\/wp\/v2\/posts\/28093","targetHints":{"allow":["GET"]}}],"collection":[{"href":"https:\/\/www.correiobraziliense.com.br\/aqui\/wp-json\/wp\/v2\/posts"}],"about":[{"href":"https:\/\/www.correiobraziliense.com.br\/aqui\/wp-json\/wp\/v2\/types\/post"}],"author":[{"embeddable":true,"href":"https:\/\/www.correiobraziliense.com.br\/aqui\/wp-json\/wp\/v2\/users\/8"}],"replies":[{"embeddable":true,"href":"https:\/\/www.correiobraziliense.com.br\/aqui\/wp-json\/wp\/v2\/comments?post=28093"}],"version-history":[{"count":1,"href":"https:\/\/www.correiobraziliense.com.br\/aqui\/wp-json\/wp\/v2\/posts\/28093\/revisions"}],"predecessor-version":[{"id":28095,"href":"https:\/\/www.correiobraziliense.com.br\/aqui\/wp-json\/wp\/v2\/posts\/28093\/revisions\/28095"}],"wp:featuredmedia":[{"embeddable":true,"href":"https:\/\/www.correiobraziliense.com.br\/aqui\/wp-json\/wp\/v2\/media\/28094"}],"wp:attachment":[{"href":"https:\/\/www.correiobraziliense.com.br\/aqui\/wp-json\/wp\/v2\/media?parent=28093"}],"wp:term":[{"taxonomy":"category","embeddable":true,"href":"https:\/\/www.correiobraziliense.com.br\/aqui\/wp-json\/wp\/v2\/categories?post=28093"},{"taxonomy":"post_tag","embeddable":true,"href":"https:\/\/www.correiobraziliense.com.br\/aqui\/wp-json\/wp\/v2\/tags?post=28093"}],"curies":[{"name":"wp","href":"https:\/\/api.w.org\/{rel}","templated":true}]}}