{"id":28099,"date":"2026-04-27T16:51:00","date_gmt":"2026-04-27T19:51:00","guid":{"rendered":"https:\/\/www.correiobraziliense.com.br\/aqui\/?p=28099"},"modified":"2026-04-27T15:36:21","modified_gmt":"2026-04-27T18:36:21","slug":"escala-6x1-e-saude-mental-como-o-excesso-de-trabalho-afeta-o-cerebro","status":"publish","type":"post","link":"https:\/\/www.correiobraziliense.com.br\/aqui\/2026\/04\/27\/escala-6x1-e-saude-mental-como-o-excesso-de-trabalho-afeta-o-cerebro\/","title":{"rendered":"Escala 6&#215;1 e sa\u00fade mental: como o excesso de trabalho afeta o c\u00e9rebro"},"content":{"rendered":"\n<p>A rotina de trabalhar seis dias para folgar apenas um, conhecida como escala 6&#215;1, vai muito al\u00e9m do cansa\u00e7o f\u00edsico. O modelo, atualmente em debate no Brasil, imp\u00f5e um ciclo de estresse cont\u00ednuo que afeta diretamente a sa\u00fade mental e o funcionamento do c\u00e9rebro, elevando o risco de esgotamento profissional.<\/p>\n\n\n\n<p>Com apenas 24 horas para se desconectar das obriga\u00e7\u00f5es, <strong><a href=\"https:\/\/www.correiobraziliense.com.br\/aqui\/2026\/04\/23\/escala-6x1-como-a-mudanca-pode-afetar-o-comercio-no-df\/\" target=\"_blank\" rel=\"noreferrer noopener\">o c\u00e9rebro n\u00e3o tem tempo suficiente para se recuperar do desgaste<\/a><\/strong>. Isso mant\u00e9m o corpo em um estado de alerta constante, com n\u00edveis elevados de cortisol, o horm\u00f4nio do estresse. A consequ\u00eancia \u00e9 um preju\u00edzo que se acumula semana ap\u00f3s semana, impactando a mem\u00f3ria, a concentra\u00e7\u00e3o e a tomada de decis\u00f5es.<\/p>\n\n\n\n<p>O descanso inadequado impede que o c\u00e9rebro realize processos essenciais de reparo, que ocorrem principalmente durante o sono e momentos de lazer. A falta dessa &#8220;manuten\u00e7\u00e3o&#8221; pode levar a um esgotamento progressivo, abrindo caminho para a s\u00edndrome de burnout, um fen\u00f4meno ocupacional reconhecido pela OMS relacionado ao estresse cr\u00f4nico no trabalho.<\/p>\n\n\n\n<p>Antes de chegar a um quadro mais grave, o corpo costuma emitir diversos sinais de alerta. Reconhec\u00ea-los \u00e9 o primeiro passo para buscar ajuda e evitar um colapso. \u00c9 fundamental observar como a jornada de trabalho est\u00e1 impactando o seu bem-estar geral.<\/p>\n\n\n\n<h2 class=\"wp-block-heading\">Sinais de que a escala 6&#215;1 est\u00e1 afetando sua sa\u00fade<\/h2>\n\n\n\n<p>Ficar atento a mudan\u00e7as no comportamento e no corpo \u00e9 essencial para identificar o problema antes que ele se agrave. Veja os principais sintomas associados ao excesso de trabalho:<\/p>\n\n\n\n<ul class=\"wp-block-list\">\n<li><strong>Cansa\u00e7o que n\u00e3o passa:<\/strong> sentir-se exausto mesmo ap\u00f3s uma noite de sono. A fadiga se torna cr\u00f4nica e afeta a disposi\u00e7\u00e3o para atividades di\u00e1rias, inclusive as de lazer.<\/li>\n\n\n\n<li><strong>Dificuldade de concentra\u00e7\u00e3o:<\/strong> a sobrecarga mental prejudica a capacidade de focar em tarefas simples, aumenta o esquecimento e a chance de cometer erros no trabalho.<\/li>\n\n\n\n<li><strong>Irritabilidade e altera\u00e7\u00f5es de humor:<\/strong> paci\u00eancia curta, rea\u00e7\u00f5es desproporcionais e uma sensa\u00e7\u00e3o constante de ansiedade ou tristeza s\u00e3o comuns quando o descanso \u00e9 insuficiente.<\/li>\n\n\n\n<li><strong>Queda na produtividade:<\/strong> apesar de trabalhar mais horas, o rendimento cai. A falta de criatividade e a dificuldade para resolver problemas se tornam frequentes no ambiente profissional.<\/li>\n\n\n\n<li><strong>Sintomas f\u00edsicos:<\/strong> dores de cabe\u00e7a, problemas gastrointestinais, tens\u00e3o muscular e ins\u00f4nia s\u00e3o manifesta\u00e7\u00f5es de que o sistema nervoso est\u00e1 sobrecarregado.<\/li>\n<\/ul>\n","protected":false},"excerpt":{"rendered":"<p>Psic\u00f3logos e especialistas alertam para o risco de burnout e estresse cr\u00f4nico em jornadas com a escala 6&#215;1; saiba identificar os sinais<\/p>\n","protected":false},"author":8,"featured_media":28100,"comment_status":"open","ping_status":"open","sticky":false,"template":"","format":"standard","meta":{"jnews-multi-image_gallery":[],"jnews_single_post":{"format":"standard"},"jnews_primary_category":[],"jnews_social_meta":[],"jnews_override_counter":[],"footnotes":""},"categories":[199],"tags":[140,953,8801,5835,8800,234],"class_list":["post-28099","post","type-post","status-publish","format-standard","has-post-thumbnail","hentry","category-bem-estar","tag-bem-estar","tag-burnout","tag-cansaco-mental","tag-escala-6x1","tag-excesso-de-trabalho","tag-saude-mental"],"yoast_head":"<!-- This site is optimized with the Yoast SEO plugin v25.1 - https:\/\/yoast.com\/wordpress\/plugins\/seo\/ -->\n<title>Escala 6x1 e sa\u00fade mental: como o excesso de trabalho afeta o c\u00e9rebro - Correio Braziliense - Aqui<\/title>\n<meta name=\"description\" content=\"Psic\u00f3logos e especialistas alertam para o risco de burnout e estresse cr\u00f4nico em jornadas com a escala 6x1; saiba identificar os sinais\" \/>\n<meta name=\"robots\" content=\"index, follow, max-snippet:-1, max-image-preview:large, max-video-preview:-1\" \/>\n<link rel=\"canonical\" href=\"https:\/\/www.correiobraziliense.com.br\/aqui\/2026\/04\/27\/escala-6x1-e-saude-mental-como-o-excesso-de-trabalho-afeta-o-cerebro\/\" \/>\n<meta property=\"og:locale\" content=\"pt_BR\" \/>\n<meta property=\"og:type\" content=\"article\" \/>\n<meta property=\"og:title\" content=\"Escala 6x1 e sa\u00fade mental: como o excesso de trabalho afeta o c\u00e9rebro - Correio Braziliense - Aqui\" \/>\n<meta property=\"og:description\" content=\"Psic\u00f3logos e especialistas alertam para o risco de burnout e estresse cr\u00f4nico em jornadas com a escala 6x1; saiba identificar os sinais\" \/>\n<meta property=\"og:url\" content=\"https:\/\/www.correiobraziliense.com.br\/aqui\/2026\/04\/27\/escala-6x1-e-saude-mental-como-o-excesso-de-trabalho-afeta-o-cerebro\/\" \/>\n<meta property=\"og:site_name\" content=\"Correio Braziliense - Aqui\" \/>\n<meta property=\"article:published_time\" content=\"2026-04-27T19:51:00+00:00\" \/>\n<meta property=\"og:image\" content=\"https:\/\/www.correiobraziliense.com.br\/aqui\/wp-content\/uploads\/2026\/04\/cansaco_1777314774938.jpg\" \/>\n\t<meta property=\"og:image:width\" content=\"1280\" \/>\n\t<meta property=\"og:image:height\" content=\"720\" \/>\n\t<meta property=\"og:image:type\" content=\"image\/jpeg\" \/>\n<meta name=\"author\" content=\"Lara\" \/>\n<meta name=\"twitter:card\" content=\"summary_large_image\" \/>\n<meta name=\"twitter:label1\" content=\"Escrito por\" \/>\n\t<meta name=\"twitter:data1\" content=\"Lara\" \/>\n\t<meta name=\"twitter:label2\" content=\"Est. tempo de leitura\" \/>\n\t<meta name=\"twitter:data2\" content=\"3 minutos\" \/>\n<!-- \/ Yoast SEO plugin. -->","yoast_head_json":{"title":"Escala 6x1 e sa\u00fade mental: como o excesso de trabalho afeta o c\u00e9rebro - Correio Braziliense - Aqui","description":"Psic\u00f3logos e especialistas alertam para o risco de burnout e estresse cr\u00f4nico em jornadas com a escala 6x1; saiba identificar os sinais","robots":{"index":"index","follow":"follow","max-snippet":"max-snippet:-1","max-image-preview":"max-image-preview:large","max-video-preview":"max-video-preview:-1"},"canonical":"https:\/\/www.correiobraziliense.com.br\/aqui\/2026\/04\/27\/escala-6x1-e-saude-mental-como-o-excesso-de-trabalho-afeta-o-cerebro\/","og_locale":"pt_BR","og_type":"article","og_title":"Escala 6x1 e sa\u00fade mental: como o excesso de trabalho afeta o c\u00e9rebro - Correio Braziliense - Aqui","og_description":"Psic\u00f3logos e especialistas alertam para o risco de burnout e estresse cr\u00f4nico em jornadas com a escala 6x1; saiba identificar os sinais","og_url":"https:\/\/www.correiobraziliense.com.br\/aqui\/2026\/04\/27\/escala-6x1-e-saude-mental-como-o-excesso-de-trabalho-afeta-o-cerebro\/","og_site_name":"Correio Braziliense - Aqui","article_published_time":"2026-04-27T19:51:00+00:00","og_image":[{"width":1280,"height":720,"url":"https:\/\/www.correiobraziliense.com.br\/aqui\/wp-content\/uploads\/2026\/04\/cansaco_1777314774938.jpg","type":"image\/jpeg"}],"author":"Lara","twitter_card":"summary_large_image","twitter_misc":{"Escrito por":"Lara","Est. tempo de leitura":"3 minutos"},"schema":{"@context":"https:\/\/schema.org","@graph":[{"@type":"WebPage","@id":"https:\/\/www.correiobraziliense.com.br\/aqui\/2026\/04\/27\/escala-6x1-e-saude-mental-como-o-excesso-de-trabalho-afeta-o-cerebro\/","url":"https:\/\/www.correiobraziliense.com.br\/aqui\/2026\/04\/27\/escala-6x1-e-saude-mental-como-o-excesso-de-trabalho-afeta-o-cerebro\/","name":"Escala 6x1 e sa\u00fade mental: como o excesso de trabalho afeta o c\u00e9rebro - Correio Braziliense - Aqui","isPartOf":{"@id":"https:\/\/www.correiobraziliense.com.br\/aqui\/#website"},"primaryImageOfPage":{"@id":"https:\/\/www.correiobraziliense.com.br\/aqui\/2026\/04\/27\/escala-6x1-e-saude-mental-como-o-excesso-de-trabalho-afeta-o-cerebro\/#primaryimage"},"image":{"@id":"https:\/\/www.correiobraziliense.com.br\/aqui\/2026\/04\/27\/escala-6x1-e-saude-mental-como-o-excesso-de-trabalho-afeta-o-cerebro\/#primaryimage"},"thumbnailUrl":"https:\/\/www.correiobraziliense.com.br\/aqui\/wp-content\/uploads\/2026\/04\/cansaco_1777314774938.jpg","datePublished":"2026-04-27T19:51:00+00:00","author":{"@id":"https:\/\/www.correiobraziliense.com.br\/aqui\/#\/schema\/person\/5d6e4d99fecc86ab1a7ed1a0369afb65"},"description":"Psic\u00f3logos e especialistas alertam para o risco de burnout e estresse cr\u00f4nico em jornadas com a escala 6x1; saiba identificar os sinais","breadcrumb":{"@id":"https:\/\/www.correiobraziliense.com.br\/aqui\/2026\/04\/27\/escala-6x1-e-saude-mental-como-o-excesso-de-trabalho-afeta-o-cerebro\/#breadcrumb"},"inLanguage":"pt-BR","potentialAction":[{"@type":"ReadAction","target":["https:\/\/www.correiobraziliense.com.br\/aqui\/2026\/04\/27\/escala-6x1-e-saude-mental-como-o-excesso-de-trabalho-afeta-o-cerebro\/"]}]},{"@type":"ImageObject","inLanguage":"pt-BR","@id":"https:\/\/www.correiobraziliense.com.br\/aqui\/2026\/04\/27\/escala-6x1-e-saude-mental-como-o-excesso-de-trabalho-afeta-o-cerebro\/#primaryimage","url":"https:\/\/www.correiobraziliense.com.br\/aqui\/wp-content\/uploads\/2026\/04\/cansaco_1777314774938.jpg","contentUrl":"https:\/\/www.correiobraziliense.com.br\/aqui\/wp-content\/uploads\/2026\/04\/cansaco_1777314774938.jpg","width":1280,"height":720,"caption":"Cr\u00e9ditos: depositphotos.com \/ pressmaster"},{"@type":"BreadcrumbList","@id":"https:\/\/www.correiobraziliense.com.br\/aqui\/2026\/04\/27\/escala-6x1-e-saude-mental-como-o-excesso-de-trabalho-afeta-o-cerebro\/#breadcrumb","itemListElement":[{"@type":"ListItem","position":1,"name":"In\u00edcio","item":"https:\/\/www.correiobraziliense.com.br\/aqui\/"},{"@type":"ListItem","position":2,"name":"Escala 6&#215;1 e sa\u00fade mental: como o excesso de trabalho afeta o c\u00e9rebro"}]},{"@type":"WebSite","@id":"https:\/\/www.correiobraziliense.com.br\/aqui\/#website","url":"https:\/\/www.correiobraziliense.com.br\/aqui\/","name":"Correio Braziliense - Aqui","description":"O Correio Braziliense (CB) \u00e9 o mais importante canal de not\u00edcias de Bras\u00edlia. Aqui voc\u00ea encontra as \u00faltimas not\u00edcias do DF, do Brasil e do mundo.","potentialAction":[{"@type":"SearchAction","target":{"@type":"EntryPoint","urlTemplate":"https:\/\/www.correiobraziliense.com.br\/aqui\/?s={search_term_string}"},"query-input":{"@type":"PropertyValueSpecification","valueRequired":true,"valueName":"search_term_string"}}],"inLanguage":"pt-BR"},{"@type":"Person","@id":"https:\/\/www.correiobraziliense.com.br\/aqui\/#\/schema\/person\/5d6e4d99fecc86ab1a7ed1a0369afb65","name":"Lara","image":{"@type":"ImageObject","inLanguage":"pt-BR","@id":"https:\/\/www.correiobraziliense.com.br\/aqui\/#\/schema\/person\/image\/","url":"https:\/\/secure.gravatar.com\/avatar\/57056c5c343a6d8a6669688d3d2c04916d9d280b352b6e50e66a8d39b2517e00?s=96&d=mm&r=g","contentUrl":"https:\/\/secure.gravatar.com\/avatar\/57056c5c343a6d8a6669688d3d2c04916d9d280b352b6e50e66a8d39b2517e00?s=96&d=mm&r=g","caption":"Lara"},"url":"https:\/\/www.correiobraziliense.com.br\/aqui\/author\/laraaqui\/"}]}},"_links":{"self":[{"href":"https:\/\/www.correiobraziliense.com.br\/aqui\/wp-json\/wp\/v2\/posts\/28099","targetHints":{"allow":["GET"]}}],"collection":[{"href":"https:\/\/www.correiobraziliense.com.br\/aqui\/wp-json\/wp\/v2\/posts"}],"about":[{"href":"https:\/\/www.correiobraziliense.com.br\/aqui\/wp-json\/wp\/v2\/types\/post"}],"author":[{"embeddable":true,"href":"https:\/\/www.correiobraziliense.com.br\/aqui\/wp-json\/wp\/v2\/users\/8"}],"replies":[{"embeddable":true,"href":"https:\/\/www.correiobraziliense.com.br\/aqui\/wp-json\/wp\/v2\/comments?post=28099"}],"version-history":[{"count":2,"href":"https:\/\/www.correiobraziliense.com.br\/aqui\/wp-json\/wp\/v2\/posts\/28099\/revisions"}],"predecessor-version":[{"id":28102,"href":"https:\/\/www.correiobraziliense.com.br\/aqui\/wp-json\/wp\/v2\/posts\/28099\/revisions\/28102"}],"wp:featuredmedia":[{"embeddable":true,"href":"https:\/\/www.correiobraziliense.com.br\/aqui\/wp-json\/wp\/v2\/media\/28100"}],"wp:attachment":[{"href":"https:\/\/www.correiobraziliense.com.br\/aqui\/wp-json\/wp\/v2\/media?parent=28099"}],"wp:term":[{"taxonomy":"category","embeddable":true,"href":"https:\/\/www.correiobraziliense.com.br\/aqui\/wp-json\/wp\/v2\/categories?post=28099"},{"taxonomy":"post_tag","embeddable":true,"href":"https:\/\/www.correiobraziliense.com.br\/aqui\/wp-json\/wp\/v2\/tags?post=28099"}],"curies":[{"name":"wp","href":"https:\/\/api.w.org\/{rel}","templated":true}]}}