{"id":28103,"date":"2026-04-27T17:28:00","date_gmt":"2026-04-27T20:28:00","guid":{"rendered":"https:\/\/www.correiobraziliense.com.br\/aqui\/?p=28103"},"modified":"2026-04-27T15:41:27","modified_gmt":"2026-04-27T18:41:27","slug":"dor-nos-ossos-preve-chuva-a-ciencia-por-tras-das-crencas-populares","status":"publish","type":"post","link":"https:\/\/www.correiobraziliense.com.br\/aqui\/2026\/04\/27\/dor-nos-ossos-preve-chuva-a-ciencia-por-tras-das-crencas-populares\/","title":{"rendered":"&#8216;Dor nos ossos&#8217; prev\u00ea chuva? A ci\u00eancia por tr\u00e1s das cren\u00e7as populares"},"content":{"rendered":"\n<p>\u00c9 comum ouvir algu\u00e9m dizer que a dor nos ossos ou em uma antiga cicatriz \u00e9 sinal de chuva iminente. Essa cren\u00e7a popular, passada por gera\u00e7\u00f5es, tem um fundo de verdade e est\u00e1 ligada diretamente \u00e0s mudan\u00e7as na press\u00e3o atmosf\u00e9rica que antecedem as tempestades e frentes frias em v\u00e1rias regi\u00f5es do pa\u00eds.<\/p>\n\n\n\n<p>O principal fator por tr\u00e1s dessa sensa\u00e7\u00e3o \u00e9 a press\u00e3o barom\u00e9trica, que corresponde ao peso que o ar exerce sobre n\u00f3s. Quando o tempo est\u00e1 prestes a mudar, especialmente antes de uma chuva, essa press\u00e3o tende a diminuir. A queda na press\u00e3o externa permite que os tecidos do corpo, como m\u00fasculos, tend\u00f5es e ligamentos, se expandam levemente.<\/p>\n\n\n\n<p>Em articula\u00e7\u00f5es saud\u00e1veis, essa expans\u00e3o \u00e9 impercept\u00edvel. No entanto, em \u00e1reas com algum tipo de inflama\u00e7\u00e3o, como em casos de artrite, ou em locais com les\u00f5es antigas, a m\u00ednima expans\u00e3o dos tecidos pode pressionar nervos e causar dor ou desconforto. Basicamente, as articula\u00e7\u00f5es funcionam como um bar\u00f4metro natural do corpo.<\/p>\n\n\n\n<p>Essa sensibilidade n\u00e3o \u00e9 apenas uma percep\u00e7\u00e3o vaga. Estudos cient\u00edficos, incluindo uma pesquisa de 2007 publicada no American Journal of Medicine, encontraram correla\u00e7\u00e3o entre a queda da press\u00e3o barom\u00e9trica e o aumento da dor em pacientes com osteoartrite, especialmente em condi\u00e7\u00f5es de maior umidade.<\/p>\n\n\n\n<h2 class=\"wp-block-heading\">Quem sente mais o efeito da mudan\u00e7a no tempo?<\/h2>\n\n\n\n<p>Pessoas com condi\u00e7\u00f5es cr\u00f4nicas s\u00e3o as mais afetadas por essa varia\u00e7\u00e3o clim\u00e1tica. O grupo inclui pacientes com artrite, artrose e fibromialgia, cujas articula\u00e7\u00f5es j\u00e1 s\u00e3o naturalmente mais sens\u00edveis. O mesmo vale para o local de fraturas antigas ou cicatrizes cir\u00fargicas.<\/p>\n\n\n\n<p>O tecido cicatricial, por exemplo, \u00e9 menos el\u00e1stico que a pele e os m\u00fasculos ao redor. Por isso, ele reage de forma mais intensa \u00e0s mudan\u00e7as de press\u00e3o, gerando a sensa\u00e7\u00e3o de repuxamento ou dor antes que a primeira gota de chuva caia.<\/p>\n\n\n\n<h2 class=\"wp-block-heading\">Como aliviar o desconforto causado pela dor nos ossos?<\/h2>\n\n\n\n<p>Embora n\u00e3o seja poss\u00edvel controlar o clima, algumas medidas simples podem ajudar a gerenciar a dor associada \u00e0s mudan\u00e7as de tempo. Manter uma rotina de atividades f\u00edsicas de baixo impacto, por exemplo, <a target=\"_blank\" rel=\"noreferrer noopener\" href=\"https:\/\/www.correiobraziliense.com.br\/revista-do-correio\/2025\/10\/7276501-5-habitos-essenciais-para-preservar-a-saude-dos-joelhos.html\">fortalece a musculatura e d\u00e1 mais estabilidade \u00e0s articula\u00e7\u00f5es<\/a>.<\/p>\n\n\n\n<p>Outras dicas pr\u00e1ticas incluem:<\/p>\n\n\n\n<ul class=\"wp-block-list\">\n<li><strong>Mantenha-se aquecido:<\/strong> <a href=\"https:\/\/www.correiobraziliense.com.br\/cidades-df\/2025\/06\/7167160-frio-e-dores-articulares-como-lidar-com-a-combinacao-ingrata.html\" target=\"_blank\" rel=\"noreferrer noopener\">o frio pode contrair os m\u00fasculos e piorar a dor<\/a>. Usar roupas adequadas e manter os ambientes aquecidos ajuda a relaxar a musculatura.<\/li>\n\n\n\n<li><strong>Aplique calor local:<\/strong> compressas quentes ou banhos mornos na regi\u00e3o dolorida podem aliviar a rigidez e o desconforto.<\/li>\n\n\n\n<li><strong>Fa\u00e7a alongamentos:<\/strong> <a href=\"https:\/\/www.correiobraziliense.com.br\/revista-do-correio\/2025\/04\/7121352-conheca-os-beneficios-do-pilates-contra-dores-no-joelho.html\" target=\"_blank\" rel=\"noreferrer noopener\">exerc\u00edcios de alongamento suaves<\/a> ajudam a manter a flexibilidade das articula\u00e7\u00f5es e reduzem a press\u00e3o sobre elas.<\/li>\n\n\n\n<li><strong>Procure orienta\u00e7\u00e3o m\u00e9dica:<\/strong> <a href=\"https:\/\/www.correiobraziliense.com.br\/revista-do-correio\/2025\/11\/7291199-dor-no-joelho-quando-e-hora-de-procurar-um-medico.html\" target=\"_blank\" rel=\"noreferrer noopener\">se a dor for intensa ou persistente<\/a>, \u00e9 fundamental consultar um profissional para um diagn\u00f3stico correto e tratamento adequado.<\/li>\n<\/ul>\n","protected":false},"excerpt":{"rendered":"<p>Muitas pessoas relatam dor nos ossos quando o tempo vai mudar; pesquisas explicam a rela\u00e7\u00e3o entre press\u00e3o atmosf\u00e9rica e o organismo.<\/p>\n","protected":false},"author":8,"featured_media":28104,"comment_status":"open","ping_status":"open","sticky":false,"template":"","format":"standard","meta":{"jnews-multi-image_gallery":[],"jnews_single_post":{"format":"standard"},"jnews_primary_category":[],"jnews_social_meta":[],"jnews_override_counter":[],"footnotes":""},"categories":[208],"tags":[4468,207,8803,8802,8805,8804,2891],"class_list":["post-28103","post","type-post","status-publish","format-standard","has-post-thumbnail","hentry","category-ciencia","tag-chuva","tag-ciencia","tag-dor-nas-juntas","tag-dor-nos-ossos","tag-mudanca-de-temperatura","tag-previsao-de-chuva","tag-previsao-do-tempo"],"yoast_head":"<!-- This site is optimized with the Yoast SEO plugin v25.1 - https:\/\/yoast.com\/wordpress\/plugins\/seo\/ -->\n<title>&#039;Dor nos ossos&#039; prev\u00ea chuva? A ci\u00eancia por tr\u00e1s das cren\u00e7as populares - Correio Braziliense - Aqui<\/title>\n<meta name=\"description\" content=\"Muitas pessoas relatam dor nos ossos quando o tempo vai mudar; pesquisas explicam a rela\u00e7\u00e3o entre press\u00e3o atmosf\u00e9rica e o organismo.\" \/>\n<meta name=\"robots\" content=\"index, follow, max-snippet:-1, max-image-preview:large, max-video-preview:-1\" \/>\n<link rel=\"canonical\" href=\"https:\/\/www.correiobraziliense.com.br\/aqui\/2026\/04\/27\/dor-nos-ossos-preve-chuva-a-ciencia-por-tras-das-crencas-populares\/\" \/>\n<meta property=\"og:locale\" content=\"pt_BR\" \/>\n<meta property=\"og:type\" content=\"article\" \/>\n<meta property=\"og:title\" content=\"&#039;Dor nos ossos&#039; prev\u00ea chuva? A ci\u00eancia por tr\u00e1s das cren\u00e7as populares - Correio Braziliense - Aqui\" \/>\n<meta property=\"og:description\" content=\"Muitas pessoas relatam dor nos ossos quando o tempo vai mudar; pesquisas explicam a rela\u00e7\u00e3o entre press\u00e3o atmosf\u00e9rica e o organismo.\" \/>\n<meta property=\"og:url\" content=\"https:\/\/www.correiobraziliense.com.br\/aqui\/2026\/04\/27\/dor-nos-ossos-preve-chuva-a-ciencia-por-tras-das-crencas-populares\/\" \/>\n<meta property=\"og:site_name\" content=\"Correio Braziliense - Aqui\" \/>\n<meta property=\"article:published_time\" content=\"2026-04-27T20:28:00+00:00\" \/>\n<meta property=\"og:image\" content=\"https:\/\/www.correiobraziliense.com.br\/aqui\/wp-content\/uploads\/2026\/04\/dor-nos-ossos_1777315211945.jpg\" \/>\n\t<meta property=\"og:image:width\" content=\"1280\" \/>\n\t<meta property=\"og:image:height\" content=\"720\" \/>\n\t<meta property=\"og:image:type\" content=\"image\/jpeg\" \/>\n<meta name=\"author\" content=\"Lara\" \/>\n<meta name=\"twitter:card\" content=\"summary_large_image\" \/>\n<meta name=\"twitter:label1\" content=\"Escrito por\" \/>\n\t<meta name=\"twitter:data1\" content=\"Lara\" \/>\n\t<meta name=\"twitter:label2\" content=\"Est. tempo de leitura\" \/>\n\t<meta name=\"twitter:data2\" content=\"3 minutos\" \/>\n<!-- \/ Yoast SEO plugin. -->","yoast_head_json":{"title":"'Dor nos ossos' prev\u00ea chuva? A ci\u00eancia por tr\u00e1s das cren\u00e7as populares - Correio Braziliense - Aqui","description":"Muitas pessoas relatam dor nos ossos quando o tempo vai mudar; pesquisas explicam a rela\u00e7\u00e3o entre press\u00e3o atmosf\u00e9rica e o organismo.","robots":{"index":"index","follow":"follow","max-snippet":"max-snippet:-1","max-image-preview":"max-image-preview:large","max-video-preview":"max-video-preview:-1"},"canonical":"https:\/\/www.correiobraziliense.com.br\/aqui\/2026\/04\/27\/dor-nos-ossos-preve-chuva-a-ciencia-por-tras-das-crencas-populares\/","og_locale":"pt_BR","og_type":"article","og_title":"'Dor nos ossos' prev\u00ea chuva? A ci\u00eancia por tr\u00e1s das cren\u00e7as populares - Correio Braziliense - Aqui","og_description":"Muitas pessoas relatam dor nos ossos quando o tempo vai mudar; pesquisas explicam a rela\u00e7\u00e3o entre press\u00e3o atmosf\u00e9rica e o organismo.","og_url":"https:\/\/www.correiobraziliense.com.br\/aqui\/2026\/04\/27\/dor-nos-ossos-preve-chuva-a-ciencia-por-tras-das-crencas-populares\/","og_site_name":"Correio Braziliense - Aqui","article_published_time":"2026-04-27T20:28:00+00:00","og_image":[{"width":1280,"height":720,"url":"https:\/\/www.correiobraziliense.com.br\/aqui\/wp-content\/uploads\/2026\/04\/dor-nos-ossos_1777315211945.jpg","type":"image\/jpeg"}],"author":"Lara","twitter_card":"summary_large_image","twitter_misc":{"Escrito por":"Lara","Est. tempo de leitura":"3 minutos"},"schema":{"@context":"https:\/\/schema.org","@graph":[{"@type":"WebPage","@id":"https:\/\/www.correiobraziliense.com.br\/aqui\/2026\/04\/27\/dor-nos-ossos-preve-chuva-a-ciencia-por-tras-das-crencas-populares\/","url":"https:\/\/www.correiobraziliense.com.br\/aqui\/2026\/04\/27\/dor-nos-ossos-preve-chuva-a-ciencia-por-tras-das-crencas-populares\/","name":"'Dor nos ossos' prev\u00ea chuva? A ci\u00eancia por tr\u00e1s das cren\u00e7as populares - Correio Braziliense - Aqui","isPartOf":{"@id":"https:\/\/www.correiobraziliense.com.br\/aqui\/#website"},"primaryImageOfPage":{"@id":"https:\/\/www.correiobraziliense.com.br\/aqui\/2026\/04\/27\/dor-nos-ossos-preve-chuva-a-ciencia-por-tras-das-crencas-populares\/#primaryimage"},"image":{"@id":"https:\/\/www.correiobraziliense.com.br\/aqui\/2026\/04\/27\/dor-nos-ossos-preve-chuva-a-ciencia-por-tras-das-crencas-populares\/#primaryimage"},"thumbnailUrl":"https:\/\/www.correiobraziliense.com.br\/aqui\/wp-content\/uploads\/2026\/04\/dor-nos-ossos_1777315211945.jpg","datePublished":"2026-04-27T20:28:00+00:00","author":{"@id":"https:\/\/www.correiobraziliense.com.br\/aqui\/#\/schema\/person\/5d6e4d99fecc86ab1a7ed1a0369afb65"},"description":"Muitas pessoas relatam dor nos ossos quando o tempo vai mudar; pesquisas explicam a rela\u00e7\u00e3o entre press\u00e3o atmosf\u00e9rica e o organismo.","breadcrumb":{"@id":"https:\/\/www.correiobraziliense.com.br\/aqui\/2026\/04\/27\/dor-nos-ossos-preve-chuva-a-ciencia-por-tras-das-crencas-populares\/#breadcrumb"},"inLanguage":"pt-BR","potentialAction":[{"@type":"ReadAction","target":["https:\/\/www.correiobraziliense.com.br\/aqui\/2026\/04\/27\/dor-nos-ossos-preve-chuva-a-ciencia-por-tras-das-crencas-populares\/"]}]},{"@type":"ImageObject","inLanguage":"pt-BR","@id":"https:\/\/www.correiobraziliense.com.br\/aqui\/2026\/04\/27\/dor-nos-ossos-preve-chuva-a-ciencia-por-tras-das-crencas-populares\/#primaryimage","url":"https:\/\/www.correiobraziliense.com.br\/aqui\/wp-content\/uploads\/2026\/04\/dor-nos-ossos_1777315211945.jpg","contentUrl":"https:\/\/www.correiobraziliense.com.br\/aqui\/wp-content\/uploads\/2026\/04\/dor-nos-ossos_1777315211945.jpg","width":1280,"height":720,"caption":"Cr\u00e9ditos: depositphotos.com \/ aliced"},{"@type":"BreadcrumbList","@id":"https:\/\/www.correiobraziliense.com.br\/aqui\/2026\/04\/27\/dor-nos-ossos-preve-chuva-a-ciencia-por-tras-das-crencas-populares\/#breadcrumb","itemListElement":[{"@type":"ListItem","position":1,"name":"In\u00edcio","item":"https:\/\/www.correiobraziliense.com.br\/aqui\/"},{"@type":"ListItem","position":2,"name":"&#8216;Dor nos ossos&#8217; prev\u00ea chuva? A ci\u00eancia por tr\u00e1s das cren\u00e7as populares"}]},{"@type":"WebSite","@id":"https:\/\/www.correiobraziliense.com.br\/aqui\/#website","url":"https:\/\/www.correiobraziliense.com.br\/aqui\/","name":"Correio Braziliense - Aqui","description":"O Correio Braziliense (CB) \u00e9 o mais importante canal de not\u00edcias de Bras\u00edlia. Aqui voc\u00ea encontra as \u00faltimas not\u00edcias do DF, do Brasil e do mundo.","potentialAction":[{"@type":"SearchAction","target":{"@type":"EntryPoint","urlTemplate":"https:\/\/www.correiobraziliense.com.br\/aqui\/?s={search_term_string}"},"query-input":{"@type":"PropertyValueSpecification","valueRequired":true,"valueName":"search_term_string"}}],"inLanguage":"pt-BR"},{"@type":"Person","@id":"https:\/\/www.correiobraziliense.com.br\/aqui\/#\/schema\/person\/5d6e4d99fecc86ab1a7ed1a0369afb65","name":"Lara","image":{"@type":"ImageObject","inLanguage":"pt-BR","@id":"https:\/\/www.correiobraziliense.com.br\/aqui\/#\/schema\/person\/image\/","url":"https:\/\/secure.gravatar.com\/avatar\/57056c5c343a6d8a6669688d3d2c04916d9d280b352b6e50e66a8d39b2517e00?s=96&d=mm&r=g","contentUrl":"https:\/\/secure.gravatar.com\/avatar\/57056c5c343a6d8a6669688d3d2c04916d9d280b352b6e50e66a8d39b2517e00?s=96&d=mm&r=g","caption":"Lara"},"url":"https:\/\/www.correiobraziliense.com.br\/aqui\/author\/laraaqui\/"}]}},"_links":{"self":[{"href":"https:\/\/www.correiobraziliense.com.br\/aqui\/wp-json\/wp\/v2\/posts\/28103","targetHints":{"allow":["GET"]}}],"collection":[{"href":"https:\/\/www.correiobraziliense.com.br\/aqui\/wp-json\/wp\/v2\/posts"}],"about":[{"href":"https:\/\/www.correiobraziliense.com.br\/aqui\/wp-json\/wp\/v2\/types\/post"}],"author":[{"embeddable":true,"href":"https:\/\/www.correiobraziliense.com.br\/aqui\/wp-json\/wp\/v2\/users\/8"}],"replies":[{"embeddable":true,"href":"https:\/\/www.correiobraziliense.com.br\/aqui\/wp-json\/wp\/v2\/comments?post=28103"}],"version-history":[{"count":2,"href":"https:\/\/www.correiobraziliense.com.br\/aqui\/wp-json\/wp\/v2\/posts\/28103\/revisions"}],"predecessor-version":[{"id":28106,"href":"https:\/\/www.correiobraziliense.com.br\/aqui\/wp-json\/wp\/v2\/posts\/28103\/revisions\/28106"}],"wp:featuredmedia":[{"embeddable":true,"href":"https:\/\/www.correiobraziliense.com.br\/aqui\/wp-json\/wp\/v2\/media\/28104"}],"wp:attachment":[{"href":"https:\/\/www.correiobraziliense.com.br\/aqui\/wp-json\/wp\/v2\/media?parent=28103"}],"wp:term":[{"taxonomy":"category","embeddable":true,"href":"https:\/\/www.correiobraziliense.com.br\/aqui\/wp-json\/wp\/v2\/categories?post=28103"},{"taxonomy":"post_tag","embeddable":true,"href":"https:\/\/www.correiobraziliense.com.br\/aqui\/wp-json\/wp\/v2\/tags?post=28103"}],"curies":[{"name":"wp","href":"https:\/\/api.w.org\/{rel}","templated":true}]}}