{"id":28114,"date":"2026-04-27T18:24:00","date_gmt":"2026-04-27T21:24:00","guid":{"rendered":"https:\/\/www.correiobraziliense.com.br\/aqui\/?p=28114"},"modified":"2026-04-27T16:17:05","modified_gmt":"2026-04-27T19:17:05","slug":"friozinho-chegando-5-cuidados-para-ter-com-seus-pets-e-plantas-em-casa","status":"publish","type":"post","link":"https:\/\/www.correiobraziliense.com.br\/aqui\/2026\/04\/27\/friozinho-chegando-5-cuidados-para-ter-com-seus-pets-e-plantas-em-casa\/","title":{"rendered":"Friozinho chegando? 5 cuidados para ter com seus pets e plantas em casa"},"content":{"rendered":"\n<p>A aproxima\u00e7\u00e3o de uma massa de ar frio intensa promete derrubar as temperaturas em diversas regi\u00f5es do Brasil nos pr\u00f3ximos dias. Mas n\u00e3o s\u00e3o apenas as pessoas que precisam de aten\u00e7\u00e3o extra com o guarda-roupa. Pets e plantas tamb\u00e9m sentem os efeitos do clima e necessitam de cuidados especiais para atravessar o per\u00edodo sem problemas.<\/p>\n\n\n\n<p>Com algumas medidas simples, \u00e9 poss\u00edvel garantir o bem-estar de todos em casa durante a onda de frio. A prepara\u00e7\u00e3o evita desde <a target=\"_blank\" rel=\"noreferrer noopener\" href=\"https:\/\/www.correiobraziliense.com.br\/revista-do-correio\/2025\/07\/7198674-5-dicas-para-manter-a-saude-dos-animais-no-inverno.html\">resfriados em pets<\/a> at\u00e9 danos irrevers\u00edveis \u00e0s suas plantas mais sens\u00edveis.<\/p>\n\n\n\n<h2 class=\"wp-block-heading\">Como proteger seus pets do frio<\/h2>\n\n\n\n<p>A regra principal \u00e9 simples: <a target=\"_blank\" rel=\"noreferrer noopener\" href=\"https:\/\/www.correiobraziliense.com.br\/cidades-df\/2025\/07\/7198535-pets-tambem-sofrem-com-o-frio-e-exigem-atencao-redobrada-no-inverno.html\">mantenha c\u00e3es e gatos dentro de casa<\/a>, especialmente durante a noite, quando o frio se intensifica. Prepare um local protegido de correntes de ar, com uma cama confort\u00e1vel e cobertores dispon\u00edveis. Animais que vivem em \u00e1reas externas precisam de um abrigo isolado e seco. Lembre-se tamb\u00e9m de manter \u00e1gua fresca sempre \u00e0 disposi\u00e7\u00e3o, pois a hidrata\u00e7\u00e3o \u00e9 fundamental mesmo em dias frios.<\/p>\n\n\n\n<p>Roupas podem ser \u00fateis para ra\u00e7as de pelo curto ou c\u00e3es idosos, que s\u00e3o mais sens\u00edveis. No entanto, observe se o animal est\u00e1 confort\u00e1vel com o acess\u00f3rio. Gatos geralmente n\u00e3o se adaptam bem a roupinhas e podem ficar estressados, ent\u00e3o para eles a melhor prote\u00e7\u00e3o \u00e9 um ambiente aquecido.<\/p>\n\n\n\n<p>Os passeios devem ser mais curtos e, se poss\u00edvel, nos hor\u00e1rios mais quentes do dia. Evite sa\u00eddas no in\u00edcio da manh\u00e3 ou tarde da noite. O ch\u00e3o gelado pode causar desconforto e <a target=\"_blank\" rel=\"noreferrer noopener\" href=\"https:\/\/www.correiobraziliense.com.br\/revista-do-correio\/2025\/06\/7183191-patas-protegidas-a-base-do-bem-estar-dos-pets.html\">rachaduras nas patas<\/a>. O frio tamb\u00e9m pode aumentar o gasto cal\u00f3rico para manter a temperatura corporal, ent\u00e3o um leve ajuste na alimenta\u00e7\u00e3o pode ser bem-vindo, mas sem exageros.<\/p>\n\n\n\n<p>Fique atento a <a target=\"_blank\" rel=\"noreferrer noopener\" href=\"https:\/\/www.correiobraziliense.com.br\/revista-do-correio\/2025\/06\/7170314-8-impactos-do-frio-na-saude-de-caes-e-gatos.html\">sinais de hipotermia<\/a>, como tremores excessivos, letargia ou gengivas p\u00e1lidas. Ao perceber qualquer um desses sintomas, aque\u00e7a o animal gradualmente com cobertores e procure imediatamente um m\u00e9dico veterin\u00e1rio.<\/p>\n\n\n\n<h2 class=\"wp-block-heading\">E as plantas, o que fazer?<\/h2>\n\n\n\n<p>Para as plantas em vasos, a solu\u00e7\u00e3o mais eficaz \u00e9 mov\u00ea-las para ambientes internos ou \u00e1reas cobertas, como varandas protegidas do vento. Esp\u00e9cies como samambaias, orqu\u00eddeas e suculentas mais delicadas s\u00e3o particularmente sens\u00edveis e se beneficiam desse cuidado extra. A proximidade de uma parede que recebe sol durante o dia tamb\u00e9m ajuda a reter calor. Evite deix\u00e1-las perto de janelas que ficam abertas, por conta das correntes de ar gelado.<\/p>\n\n\n\n<p>No frio, o metabolismo das plantas desacelera e a necessidade de \u00e1gua diminui. Regue apenas quando o solo estiver seco ao toque, pois o excesso de umidade combinado com baixas temperaturas pode apodrecer as ra\u00edzes e favorecer o surgimento de fungos. Para plantas no jardim que n\u00e3o podem ser movidas, cobrir a base do caule com serragem ou folhas secas ajuda a proteger as ra\u00edzes da geada.<\/p>\n","protected":false},"excerpt":{"rendered":"<p>A massa de ar frio n\u00e3o afeta s\u00f3 os humanos; saiba como proteger seus pets e suas plantas das baixas temperaturas e do vento gelado<\/p>\n","protected":false},"author":8,"featured_media":28113,"comment_status":"open","ping_status":"open","sticky":false,"template":"","format":"standard","meta":{"jnews-multi-image_gallery":[],"jnews_single_post":{"format":"standard"},"jnews_primary_category":[],"jnews_social_meta":[],"jnews_override_counter":[],"footnotes":""},"categories":[4949,1764],"tags":[979,390,8807,391,8591,377,3986,392,1210],"class_list":["post-28114","post","type-post","status-publish","format-standard","has-post-thumbnail","hentry","category-agricultura","category-animais","tag-agricultura","tag-animais","tag-baixas-temperaturas","tag-caes","tag-como-proteger","tag-frio","tag-gatos","tag-pets","tag-plantas"],"yoast_head":"<!-- This site is optimized with the Yoast SEO plugin v25.1 - https:\/\/yoast.com\/wordpress\/plugins\/seo\/ -->\n<title>Friozinho chegando? 5 cuidados para ter com seus pets e plantas em casa - Correio Braziliense - Aqui<\/title>\n<meta name=\"description\" content=\"A massa de ar frio n\u00e3o afeta s\u00f3 os humanos; saiba como proteger seus pets e suas plantas das baixas temperaturas e do vento gelado\" \/>\n<meta name=\"robots\" content=\"index, follow, max-snippet:-1, max-image-preview:large, max-video-preview:-1\" \/>\n<link rel=\"canonical\" href=\"https:\/\/www.correiobraziliense.com.br\/aqui\/2026\/04\/27\/friozinho-chegando-5-cuidados-para-ter-com-seus-pets-e-plantas-em-casa\/\" \/>\n<meta property=\"og:locale\" content=\"pt_BR\" \/>\n<meta property=\"og:type\" content=\"article\" \/>\n<meta property=\"og:title\" content=\"Friozinho chegando? 5 cuidados para ter com seus pets e plantas em casa - Correio Braziliense - Aqui\" \/>\n<meta property=\"og:description\" content=\"A massa de ar frio n\u00e3o afeta s\u00f3 os humanos; saiba como proteger seus pets e suas plantas das baixas temperaturas e do vento gelado\" \/>\n<meta property=\"og:url\" content=\"https:\/\/www.correiobraziliense.com.br\/aqui\/2026\/04\/27\/friozinho-chegando-5-cuidados-para-ter-com-seus-pets-e-plantas-em-casa\/\" \/>\n<meta property=\"og:site_name\" content=\"Correio Braziliense - Aqui\" \/>\n<meta property=\"article:published_time\" content=\"2026-04-27T21:24:00+00:00\" \/>\n<meta property=\"og:image\" content=\"https:\/\/www.correiobraziliense.com.br\/aqui\/wp-content\/uploads\/2026\/04\/pets-e-plantas_1777315921924.jpg\" \/>\n\t<meta property=\"og:image:width\" content=\"1280\" \/>\n\t<meta property=\"og:image:height\" content=\"720\" \/>\n\t<meta property=\"og:image:type\" content=\"image\/jpeg\" \/>\n<meta name=\"author\" content=\"Lara\" \/>\n<meta name=\"twitter:card\" content=\"summary_large_image\" \/>\n<meta name=\"twitter:label1\" content=\"Escrito por\" \/>\n\t<meta name=\"twitter:data1\" content=\"Lara\" \/>\n\t<meta name=\"twitter:label2\" content=\"Est. tempo de leitura\" \/>\n\t<meta name=\"twitter:data2\" content=\"3 minutos\" \/>\n<!-- \/ Yoast SEO plugin. -->","yoast_head_json":{"title":"Friozinho chegando? 5 cuidados para ter com seus pets e plantas em casa - Correio Braziliense - Aqui","description":"A massa de ar frio n\u00e3o afeta s\u00f3 os humanos; saiba como proteger seus pets e suas plantas das baixas temperaturas e do vento gelado","robots":{"index":"index","follow":"follow","max-snippet":"max-snippet:-1","max-image-preview":"max-image-preview:large","max-video-preview":"max-video-preview:-1"},"canonical":"https:\/\/www.correiobraziliense.com.br\/aqui\/2026\/04\/27\/friozinho-chegando-5-cuidados-para-ter-com-seus-pets-e-plantas-em-casa\/","og_locale":"pt_BR","og_type":"article","og_title":"Friozinho chegando? 5 cuidados para ter com seus pets e plantas em casa - Correio Braziliense - Aqui","og_description":"A massa de ar frio n\u00e3o afeta s\u00f3 os humanos; saiba como proteger seus pets e suas plantas das baixas temperaturas e do vento gelado","og_url":"https:\/\/www.correiobraziliense.com.br\/aqui\/2026\/04\/27\/friozinho-chegando-5-cuidados-para-ter-com-seus-pets-e-plantas-em-casa\/","og_site_name":"Correio Braziliense - Aqui","article_published_time":"2026-04-27T21:24:00+00:00","og_image":[{"width":1280,"height":720,"url":"https:\/\/www.correiobraziliense.com.br\/aqui\/wp-content\/uploads\/2026\/04\/pets-e-plantas_1777315921924.jpg","type":"image\/jpeg"}],"author":"Lara","twitter_card":"summary_large_image","twitter_misc":{"Escrito por":"Lara","Est. tempo de leitura":"3 minutos"},"schema":{"@context":"https:\/\/schema.org","@graph":[{"@type":"WebPage","@id":"https:\/\/www.correiobraziliense.com.br\/aqui\/2026\/04\/27\/friozinho-chegando-5-cuidados-para-ter-com-seus-pets-e-plantas-em-casa\/","url":"https:\/\/www.correiobraziliense.com.br\/aqui\/2026\/04\/27\/friozinho-chegando-5-cuidados-para-ter-com-seus-pets-e-plantas-em-casa\/","name":"Friozinho chegando? 5 cuidados para ter com seus pets e plantas em casa - Correio Braziliense - Aqui","isPartOf":{"@id":"https:\/\/www.correiobraziliense.com.br\/aqui\/#website"},"primaryImageOfPage":{"@id":"https:\/\/www.correiobraziliense.com.br\/aqui\/2026\/04\/27\/friozinho-chegando-5-cuidados-para-ter-com-seus-pets-e-plantas-em-casa\/#primaryimage"},"image":{"@id":"https:\/\/www.correiobraziliense.com.br\/aqui\/2026\/04\/27\/friozinho-chegando-5-cuidados-para-ter-com-seus-pets-e-plantas-em-casa\/#primaryimage"},"thumbnailUrl":"https:\/\/www.correiobraziliense.com.br\/aqui\/wp-content\/uploads\/2026\/04\/pets-e-plantas_1777315921924.jpg","datePublished":"2026-04-27T21:24:00+00:00","author":{"@id":"https:\/\/www.correiobraziliense.com.br\/aqui\/#\/schema\/person\/5d6e4d99fecc86ab1a7ed1a0369afb65"},"description":"A massa de ar frio n\u00e3o afeta s\u00f3 os humanos; saiba como proteger seus pets e suas plantas das baixas temperaturas e do vento gelado","breadcrumb":{"@id":"https:\/\/www.correiobraziliense.com.br\/aqui\/2026\/04\/27\/friozinho-chegando-5-cuidados-para-ter-com-seus-pets-e-plantas-em-casa\/#breadcrumb"},"inLanguage":"pt-BR","potentialAction":[{"@type":"ReadAction","target":["https:\/\/www.correiobraziliense.com.br\/aqui\/2026\/04\/27\/friozinho-chegando-5-cuidados-para-ter-com-seus-pets-e-plantas-em-casa\/"]}]},{"@type":"ImageObject","inLanguage":"pt-BR","@id":"https:\/\/www.correiobraziliense.com.br\/aqui\/2026\/04\/27\/friozinho-chegando-5-cuidados-para-ter-com-seus-pets-e-plantas-em-casa\/#primaryimage","url":"https:\/\/www.correiobraziliense.com.br\/aqui\/wp-content\/uploads\/2026\/04\/pets-e-plantas_1777315921924.jpg","contentUrl":"https:\/\/www.correiobraziliense.com.br\/aqui\/wp-content\/uploads\/2026\/04\/pets-e-plantas_1777315921924.jpg","width":1280,"height":720,"caption":"Cr\u00e9ditos: depositphotos.com \/ maya_shustov"},{"@type":"BreadcrumbList","@id":"https:\/\/www.correiobraziliense.com.br\/aqui\/2026\/04\/27\/friozinho-chegando-5-cuidados-para-ter-com-seus-pets-e-plantas-em-casa\/#breadcrumb","itemListElement":[{"@type":"ListItem","position":1,"name":"In\u00edcio","item":"https:\/\/www.correiobraziliense.com.br\/aqui\/"},{"@type":"ListItem","position":2,"name":"Friozinho chegando? 5 cuidados para ter com seus pets e plantas em casa"}]},{"@type":"WebSite","@id":"https:\/\/www.correiobraziliense.com.br\/aqui\/#website","url":"https:\/\/www.correiobraziliense.com.br\/aqui\/","name":"Correio Braziliense - Aqui","description":"O Correio Braziliense (CB) \u00e9 o mais importante canal de not\u00edcias de Bras\u00edlia. Aqui voc\u00ea encontra as \u00faltimas not\u00edcias do DF, do Brasil e do mundo.","potentialAction":[{"@type":"SearchAction","target":{"@type":"EntryPoint","urlTemplate":"https:\/\/www.correiobraziliense.com.br\/aqui\/?s={search_term_string}"},"query-input":{"@type":"PropertyValueSpecification","valueRequired":true,"valueName":"search_term_string"}}],"inLanguage":"pt-BR"},{"@type":"Person","@id":"https:\/\/www.correiobraziliense.com.br\/aqui\/#\/schema\/person\/5d6e4d99fecc86ab1a7ed1a0369afb65","name":"Lara","image":{"@type":"ImageObject","inLanguage":"pt-BR","@id":"https:\/\/www.correiobraziliense.com.br\/aqui\/#\/schema\/person\/image\/","url":"https:\/\/secure.gravatar.com\/avatar\/57056c5c343a6d8a6669688d3d2c04916d9d280b352b6e50e66a8d39b2517e00?s=96&d=mm&r=g","contentUrl":"https:\/\/secure.gravatar.com\/avatar\/57056c5c343a6d8a6669688d3d2c04916d9d280b352b6e50e66a8d39b2517e00?s=96&d=mm&r=g","caption":"Lara"},"url":"https:\/\/www.correiobraziliense.com.br\/aqui\/author\/laraaqui\/"}]}},"_links":{"self":[{"href":"https:\/\/www.correiobraziliense.com.br\/aqui\/wp-json\/wp\/v2\/posts\/28114","targetHints":{"allow":["GET"]}}],"collection":[{"href":"https:\/\/www.correiobraziliense.com.br\/aqui\/wp-json\/wp\/v2\/posts"}],"about":[{"href":"https:\/\/www.correiobraziliense.com.br\/aqui\/wp-json\/wp\/v2\/types\/post"}],"author":[{"embeddable":true,"href":"https:\/\/www.correiobraziliense.com.br\/aqui\/wp-json\/wp\/v2\/users\/8"}],"replies":[{"embeddable":true,"href":"https:\/\/www.correiobraziliense.com.br\/aqui\/wp-json\/wp\/v2\/comments?post=28114"}],"version-history":[{"count":2,"href":"https:\/\/www.correiobraziliense.com.br\/aqui\/wp-json\/wp\/v2\/posts\/28114\/revisions"}],"predecessor-version":[{"id":28116,"href":"https:\/\/www.correiobraziliense.com.br\/aqui\/wp-json\/wp\/v2\/posts\/28114\/revisions\/28116"}],"wp:featuredmedia":[{"embeddable":true,"href":"https:\/\/www.correiobraziliense.com.br\/aqui\/wp-json\/wp\/v2\/media\/28113"}],"wp:attachment":[{"href":"https:\/\/www.correiobraziliense.com.br\/aqui\/wp-json\/wp\/v2\/media?parent=28114"}],"wp:term":[{"taxonomy":"category","embeddable":true,"href":"https:\/\/www.correiobraziliense.com.br\/aqui\/wp-json\/wp\/v2\/categories?post=28114"},{"taxonomy":"post_tag","embeddable":true,"href":"https:\/\/www.correiobraziliense.com.br\/aqui\/wp-json\/wp\/v2\/tags?post=28114"}],"curies":[{"name":"wp","href":"https:\/\/api.w.org\/{rel}","templated":true}]}}