{"id":28122,"date":"2026-04-27T19:54:00","date_gmt":"2026-04-27T22:54:00","guid":{"rendered":"https:\/\/www.correiobraziliense.com.br\/aqui\/?p=28122"},"modified":"2026-04-27T16:59:09","modified_gmt":"2026-04-27T19:59:09","slug":"7-receitas-de-caldos-e-sopas-perfeitas-para-espantar-o-frio-que-vem-ai","status":"publish","type":"post","link":"https:\/\/www.correiobraziliense.com.br\/aqui\/2026\/04\/27\/7-receitas-de-caldos-e-sopas-perfeitas-para-espantar-o-frio-que-vem-ai\/","title":{"rendered":"7 receitas de caldos e sopas perfeitas para espantar o frio que vem a\u00ed"},"content":{"rendered":"\n<p>A intensa massa de ar frio que avan\u00e7a sobre o Brasil nos pr\u00f3ximos dias promete derrubar os term\u00f4metros e mudar o clima em v\u00e1rias regi\u00f5es. Para aquecer o corpo e a alma, nada melhor do que um prato reconfortante. Caldos e sopas se tornam protagonistas, oferecendo sabor e nutri\u00e7\u00e3o para enfrentar as baixas temperaturas.<\/p>\n\n\n\n<p>Seja para um jantar r\u00e1pido durante a semana ou um almo\u00e7o especial no fim de semana, essas receitas s\u00e3o pr\u00e1ticas e deliciosas. Separamos sete op\u00e7\u00f5es que v\u00e3o desde cl\u00e1ssicos consagrados at\u00e9 combina\u00e7\u00f5es criativas para voc\u00ea experimentar em casa.<\/p>\n\n\n\n<h2 class=\"wp-block-heading\">Conhe\u00e7a as receitas de caldos e sopas<\/h2>\n\n\n\n<p><strong>1. Caldo verde<\/strong><\/p>\n\n\n\n<p>Um cl\u00e1ssico de origem portuguesa que conquistou os brasileiros. A base cremosa de batata ganha a companhia da couve cortada bem fininha e rodelas de lingui\u00e7a calabresa ou paio. \u00c9 uma op\u00e7\u00e3o robusta, cheia de sabor e perfeita para um <a href=\"https:\/\/www.correiobraziliense.com.br\/revista-do-correio\/2025\/06\/7165259-9-receitas-de-sopas-e-caldos-para-o-jantar.html\" target=\"_blank\" rel=\"noreferrer noopener\">jantar completo<\/a>. Sirva com p\u00e3o fresco para acompanhar.<\/p>\n\n\n\n<p><strong>2. Creme de ab\u00f3bora com gengibre<\/strong><\/p>\n\n\n\n<p>A combina\u00e7\u00e3o do doce da ab\u00f3bora com o toque levemente picante do gengibre resulta em um <a href=\"https:\/\/www.correiobraziliense.com.br\/revista-do-correio\/2025\/07\/7203841-7-receitas-de-caldos-e-cremes-leves-para-os-dias-frios.html\" target=\"_blank\" rel=\"noreferrer noopener\">creme aveludado<\/a> e sofisticado. Al\u00e9m de aquecer, a receita \u00e9 nutritiva e de f\u00e1cil digest\u00e3o. Para um toque final, adicione sementes de ab\u00f3bora torradas ou um fio de azeite na hora de servir.<\/p>\n\n\n\n<p><strong>3. Sopa de lentilha<\/strong><\/p>\n\n\n\n<p>Rica em prote\u00ednas e <a href=\"https:\/\/www.correiobraziliense.com.br\/revista-do-correio\/2025\/06\/7177026-7-sopas-ricas-em-fibras-para-os-dias-frios.html\" target=\"_blank\" rel=\"noreferrer noopener\">fibras<\/a>, a sopa de lentilha \u00e9 uma refei\u00e7\u00e3o completa e muito saborosa. Pode ser preparada apenas com legumes ou enriquecida com bacon ou lingui\u00e7a defumada para um sabor mais intenso. \u00c9 uma daquelas receitas que alimentam e trazem uma sensa\u00e7\u00e3o imediata de conforto.<\/p>\n\n\n\n<p><strong>4. Sopa de cebola<\/strong><\/p>\n\n\n\n<p>Inspirada na culin\u00e1ria francesa, esta sopa \u00e9 sin\u00f4nimo de aconchego. O segredo est\u00e1 em caramelizar lentamente as cebolas para desenvolver um sabor adocicado e profundo. A vers\u00e3o gratinada, com uma fatia de p\u00e3o e queijo derretido por cima, transforma uma receita simples em um prato memor\u00e1vel.<\/p>\n\n\n\n<p><strong>5. Canja de galinha<\/strong><\/p>\n\n\n\n<p>Considerada por muitos um verdadeiro abra\u00e7o em forma de comida, a canja de galinha \u00e9 leve e <a href=\"https:\/\/www.correiobraziliense.com.br\/revista-do-correio\/2025\/06\/7188003-2-receitas-de-sopas-saborosas-e-nutritivas-para-o-inverno.html\" target=\"_blank\" rel=\"noreferrer noopener\">nutritiva<\/a>. Feita com frango desfiado, arroz e vegetais como cenoura e batata, \u00e9 a escolha ideal para os dias em que o corpo pede uma comida que conforta e fortalece o organismo.<\/p>\n\n\n\n<p><strong>6. Sopa de mandioquinha com carne seca<\/strong><\/p>\n\n\n\n<p>Uma receita com a cara do Brasil. A cremosidade da mandioquinha, tamb\u00e9m conhecida como batata-baroa, combina perfeitamente com o sabor marcante da carne seca desfiada e refogada. O resultado \u00e9 uma sopa encorpada, ideal para quem busca uma refei\u00e7\u00e3o com mais subst\u00e2ncia para os dias frios.<\/p>\n\n\n\n<p><strong>7. Creme de ervilha com bacon<\/strong><\/p>\n\n\n\n<p>Simples, r\u00e1pido e muito saboroso. O creme de ervilha tem uma textura suave e uma cor vibrante. O sabor fica ainda mais especial com a adi\u00e7\u00e3o de cubinhos de bacon fritos e crocantes por cima, que adicionam um contraste de textura e um toque defumado que faz toda a diferen\u00e7a.<\/p>\n","protected":false},"excerpt":{"rendered":"<p>Com a chegada da massa de ar, nada melhor que um prato quente e reconfortante; aprenda a fazer receitas deliciosas de caldos e sopas<\/p>\n","protected":false},"author":8,"featured_media":28123,"comment_status":"open","ping_status":"open","sticky":false,"template":"","format":"standard","meta":{"jnews-multi-image_gallery":[],"jnews_single_post":{"format":"standard"},"jnews_primary_category":[],"jnews_social_meta":[],"jnews_override_counter":[],"footnotes":""},"categories":[121],"tags":[882,8809,8813,8811,8815,119,859,8812,8441,8814,8810],"class_list":["post-28122","post","type-post","status-publish","format-standard","has-post-thumbnail","hentry","category-gastronomia","tag-caldo-verde","tag-caldos","tag-canja-de-galinha","tag-creme-de-abobora-com-gengibre","tag-creme-de-ervilha-com-bacon","tag-gastronomia","tag-receitas","tag-sopa-de-cebola","tag-sopa-de-lentilha","tag-sopa-de-mandioquinha-com-carne-seca","tag-sopas"],"yoast_head":"<!-- This site is optimized with the Yoast SEO plugin v25.1 - https:\/\/yoast.com\/wordpress\/plugins\/seo\/ -->\n<title>7 receitas de caldos e sopas perfeitas para espantar o frio que vem a\u00ed - Correio Braziliense - Aqui<\/title>\n<meta name=\"description\" content=\"Com a chegada da massa de ar, nada melhor que um prato quente e reconfortante; aprenda a fazer receitas deliciosas de caldos e sopas\" \/>\n<meta name=\"robots\" content=\"index, follow, max-snippet:-1, max-image-preview:large, max-video-preview:-1\" \/>\n<link rel=\"canonical\" href=\"https:\/\/www.correiobraziliense.com.br\/aqui\/2026\/04\/27\/7-receitas-de-caldos-e-sopas-perfeitas-para-espantar-o-frio-que-vem-ai\/\" \/>\n<meta property=\"og:locale\" content=\"pt_BR\" \/>\n<meta property=\"og:type\" content=\"article\" \/>\n<meta property=\"og:title\" content=\"7 receitas de caldos e sopas perfeitas para espantar o frio que vem a\u00ed - Correio Braziliense - Aqui\" \/>\n<meta property=\"og:description\" content=\"Com a chegada da massa de ar, nada melhor que um prato quente e reconfortante; aprenda a fazer receitas deliciosas de caldos e sopas\" \/>\n<meta property=\"og:url\" content=\"https:\/\/www.correiobraziliense.com.br\/aqui\/2026\/04\/27\/7-receitas-de-caldos-e-sopas-perfeitas-para-espantar-o-frio-que-vem-ai\/\" \/>\n<meta property=\"og:site_name\" content=\"Correio Braziliense - Aqui\" \/>\n<meta property=\"article:published_time\" content=\"2026-04-27T22:54:00+00:00\" \/>\n<meta property=\"og:image\" content=\"https:\/\/www.correiobraziliense.com.br\/aqui\/wp-content\/uploads\/2026\/04\/sopa_1777319705158.jpg\" \/>\n\t<meta property=\"og:image:width\" content=\"1280\" \/>\n\t<meta property=\"og:image:height\" content=\"720\" \/>\n\t<meta property=\"og:image:type\" content=\"image\/jpeg\" \/>\n<meta name=\"author\" content=\"Lara\" \/>\n<meta name=\"twitter:card\" content=\"summary_large_image\" \/>\n<meta name=\"twitter:label1\" content=\"Escrito por\" \/>\n\t<meta name=\"twitter:data1\" content=\"Lara\" \/>\n\t<meta name=\"twitter:label2\" content=\"Est. tempo de leitura\" \/>\n\t<meta name=\"twitter:data2\" content=\"3 minutos\" \/>\n<!-- \/ Yoast SEO plugin. -->","yoast_head_json":{"title":"7 receitas de caldos e sopas perfeitas para espantar o frio que vem a\u00ed - Correio Braziliense - Aqui","description":"Com a chegada da massa de ar, nada melhor que um prato quente e reconfortante; aprenda a fazer receitas deliciosas de caldos e sopas","robots":{"index":"index","follow":"follow","max-snippet":"max-snippet:-1","max-image-preview":"max-image-preview:large","max-video-preview":"max-video-preview:-1"},"canonical":"https:\/\/www.correiobraziliense.com.br\/aqui\/2026\/04\/27\/7-receitas-de-caldos-e-sopas-perfeitas-para-espantar-o-frio-que-vem-ai\/","og_locale":"pt_BR","og_type":"article","og_title":"7 receitas de caldos e sopas perfeitas para espantar o frio que vem a\u00ed - Correio Braziliense - Aqui","og_description":"Com a chegada da massa de ar, nada melhor que um prato quente e reconfortante; aprenda a fazer receitas deliciosas de caldos e sopas","og_url":"https:\/\/www.correiobraziliense.com.br\/aqui\/2026\/04\/27\/7-receitas-de-caldos-e-sopas-perfeitas-para-espantar-o-frio-que-vem-ai\/","og_site_name":"Correio Braziliense - Aqui","article_published_time":"2026-04-27T22:54:00+00:00","og_image":[{"width":1280,"height":720,"url":"https:\/\/www.correiobraziliense.com.br\/aqui\/wp-content\/uploads\/2026\/04\/sopa_1777319705158.jpg","type":"image\/jpeg"}],"author":"Lara","twitter_card":"summary_large_image","twitter_misc":{"Escrito por":"Lara","Est. tempo de leitura":"3 minutos"},"schema":{"@context":"https:\/\/schema.org","@graph":[{"@type":"WebPage","@id":"https:\/\/www.correiobraziliense.com.br\/aqui\/2026\/04\/27\/7-receitas-de-caldos-e-sopas-perfeitas-para-espantar-o-frio-que-vem-ai\/","url":"https:\/\/www.correiobraziliense.com.br\/aqui\/2026\/04\/27\/7-receitas-de-caldos-e-sopas-perfeitas-para-espantar-o-frio-que-vem-ai\/","name":"7 receitas de caldos e sopas perfeitas para espantar o frio que vem a\u00ed - Correio Braziliense - Aqui","isPartOf":{"@id":"https:\/\/www.correiobraziliense.com.br\/aqui\/#website"},"primaryImageOfPage":{"@id":"https:\/\/www.correiobraziliense.com.br\/aqui\/2026\/04\/27\/7-receitas-de-caldos-e-sopas-perfeitas-para-espantar-o-frio-que-vem-ai\/#primaryimage"},"image":{"@id":"https:\/\/www.correiobraziliense.com.br\/aqui\/2026\/04\/27\/7-receitas-de-caldos-e-sopas-perfeitas-para-espantar-o-frio-que-vem-ai\/#primaryimage"},"thumbnailUrl":"https:\/\/www.correiobraziliense.com.br\/aqui\/wp-content\/uploads\/2026\/04\/sopa_1777319705158.jpg","datePublished":"2026-04-27T22:54:00+00:00","author":{"@id":"https:\/\/www.correiobraziliense.com.br\/aqui\/#\/schema\/person\/5d6e4d99fecc86ab1a7ed1a0369afb65"},"description":"Com a chegada da massa de ar, nada melhor que um prato quente e reconfortante; aprenda a fazer receitas deliciosas de caldos e sopas","breadcrumb":{"@id":"https:\/\/www.correiobraziliense.com.br\/aqui\/2026\/04\/27\/7-receitas-de-caldos-e-sopas-perfeitas-para-espantar-o-frio-que-vem-ai\/#breadcrumb"},"inLanguage":"pt-BR","potentialAction":[{"@type":"ReadAction","target":["https:\/\/www.correiobraziliense.com.br\/aqui\/2026\/04\/27\/7-receitas-de-caldos-e-sopas-perfeitas-para-espantar-o-frio-que-vem-ai\/"]}]},{"@type":"ImageObject","inLanguage":"pt-BR","@id":"https:\/\/www.correiobraziliense.com.br\/aqui\/2026\/04\/27\/7-receitas-de-caldos-e-sopas-perfeitas-para-espantar-o-frio-que-vem-ai\/#primaryimage","url":"https:\/\/www.correiobraziliense.com.br\/aqui\/wp-content\/uploads\/2026\/04\/sopa_1777319705158.jpg","contentUrl":"https:\/\/www.correiobraziliense.com.br\/aqui\/wp-content\/uploads\/2026\/04\/sopa_1777319705158.jpg","width":1280,"height":720,"caption":"Cr\u00e9ditos: depositphotos.com \/ fudio"},{"@type":"BreadcrumbList","@id":"https:\/\/www.correiobraziliense.com.br\/aqui\/2026\/04\/27\/7-receitas-de-caldos-e-sopas-perfeitas-para-espantar-o-frio-que-vem-ai\/#breadcrumb","itemListElement":[{"@type":"ListItem","position":1,"name":"In\u00edcio","item":"https:\/\/www.correiobraziliense.com.br\/aqui\/"},{"@type":"ListItem","position":2,"name":"7 receitas de caldos e sopas perfeitas para espantar o frio que vem a\u00ed"}]},{"@type":"WebSite","@id":"https:\/\/www.correiobraziliense.com.br\/aqui\/#website","url":"https:\/\/www.correiobraziliense.com.br\/aqui\/","name":"Correio Braziliense - Aqui","description":"O Correio Braziliense (CB) \u00e9 o mais importante canal de not\u00edcias de Bras\u00edlia. Aqui voc\u00ea encontra as \u00faltimas not\u00edcias do DF, do Brasil e do mundo.","potentialAction":[{"@type":"SearchAction","target":{"@type":"EntryPoint","urlTemplate":"https:\/\/www.correiobraziliense.com.br\/aqui\/?s={search_term_string}"},"query-input":{"@type":"PropertyValueSpecification","valueRequired":true,"valueName":"search_term_string"}}],"inLanguage":"pt-BR"},{"@type":"Person","@id":"https:\/\/www.correiobraziliense.com.br\/aqui\/#\/schema\/person\/5d6e4d99fecc86ab1a7ed1a0369afb65","name":"Lara","image":{"@type":"ImageObject","inLanguage":"pt-BR","@id":"https:\/\/www.correiobraziliense.com.br\/aqui\/#\/schema\/person\/image\/","url":"https:\/\/secure.gravatar.com\/avatar\/57056c5c343a6d8a6669688d3d2c04916d9d280b352b6e50e66a8d39b2517e00?s=96&d=mm&r=g","contentUrl":"https:\/\/secure.gravatar.com\/avatar\/57056c5c343a6d8a6669688d3d2c04916d9d280b352b6e50e66a8d39b2517e00?s=96&d=mm&r=g","caption":"Lara"},"url":"https:\/\/www.correiobraziliense.com.br\/aqui\/author\/laraaqui\/"}]}},"_links":{"self":[{"href":"https:\/\/www.correiobraziliense.com.br\/aqui\/wp-json\/wp\/v2\/posts\/28122","targetHints":{"allow":["GET"]}}],"collection":[{"href":"https:\/\/www.correiobraziliense.com.br\/aqui\/wp-json\/wp\/v2\/posts"}],"about":[{"href":"https:\/\/www.correiobraziliense.com.br\/aqui\/wp-json\/wp\/v2\/types\/post"}],"author":[{"embeddable":true,"href":"https:\/\/www.correiobraziliense.com.br\/aqui\/wp-json\/wp\/v2\/users\/8"}],"replies":[{"embeddable":true,"href":"https:\/\/www.correiobraziliense.com.br\/aqui\/wp-json\/wp\/v2\/comments?post=28122"}],"version-history":[{"count":1,"href":"https:\/\/www.correiobraziliense.com.br\/aqui\/wp-json\/wp\/v2\/posts\/28122\/revisions"}],"predecessor-version":[{"id":28124,"href":"https:\/\/www.correiobraziliense.com.br\/aqui\/wp-json\/wp\/v2\/posts\/28122\/revisions\/28124"}],"wp:featuredmedia":[{"embeddable":true,"href":"https:\/\/www.correiobraziliense.com.br\/aqui\/wp-json\/wp\/v2\/media\/28123"}],"wp:attachment":[{"href":"https:\/\/www.correiobraziliense.com.br\/aqui\/wp-json\/wp\/v2\/media?parent=28122"}],"wp:term":[{"taxonomy":"category","embeddable":true,"href":"https:\/\/www.correiobraziliense.com.br\/aqui\/wp-json\/wp\/v2\/categories?post=28122"},{"taxonomy":"post_tag","embeddable":true,"href":"https:\/\/www.correiobraziliense.com.br\/aqui\/wp-json\/wp\/v2\/tags?post=28122"}],"curies":[{"name":"wp","href":"https:\/\/api.w.org\/{rel}","templated":true}]}}