{"id":28129,"date":"2026-05-01T15:00:00","date_gmt":"2026-05-01T18:00:00","guid":{"rendered":"https:\/\/www.correiobraziliense.com.br\/aqui\/?p=28129"},"modified":"2026-04-27T17:14:42","modified_gmt":"2026-04-27T20:14:42","slug":"o-que-fazer-em-sevilha-um-roteiro-de-3-dias-pela-capital-da-andaluzia","status":"publish","type":"post","link":"https:\/\/www.correiobraziliense.com.br\/aqui\/2026\/05\/01\/o-que-fazer-em-sevilha-um-roteiro-de-3-dias-pela-capital-da-andaluzia\/","title":{"rendered":"O que fazer em Sevilha: um roteiro de 3 dias pela capital da Andaluzia"},"content":{"rendered":"\n<p>Com uma arquitetura deslumbrante, cultura vibrante e gastronomia \u00fanica, Sevilha encanta a cada esquina. A capital da Andaluzia mistura o legado mouro com a tradi\u00e7\u00e3o espanhola, criando uma atmosfera inesquec\u00edvel. Para aproveitar o melhor que a cidade tem a oferecer, um roteiro de tr\u00eas dias \u00e9 a medida ideal.<\/p>\n\n\n\n<p>Este guia pr\u00e1tico organiza as principais atra\u00e7\u00f5es para otimizar seu tempo e garantir uma experi\u00eancia completa, mergulhando no cora\u00e7\u00e3o hist\u00f3rico e cultural de um dos destinos mais fascinantes da Espanha.<\/p>\n\n\n\n<h2 class=\"wp-block-heading\">Saiba o que fazer em Sevilha<\/h2>\n\n\n\n<p><strong>Dia 1: imers\u00e3o na hist\u00f3ria<\/strong><\/p>\n\n\n\n<p>Comece o roteiro pelo cora\u00e7\u00e3o hist\u00f3rico da cidade. A primeira parada \u00e9 a <a target=\"_blank\" rel=\"noreferrer noopener\" href=\"https:\/\/www.correiobraziliense.com.br\/turismo\/2025\/08\/7223519-templos-de-fe-e-de-beleza-uma-volta-ao-mundo-por-igrejas-incriveis.html\">Catedral de Sevilha<\/a>, a maior catedral g\u00f3tica do mundo. Dentro dela, visite o t\u00famulo de Crist\u00f3v\u00e3o Colombo e n\u00e3o deixe de subir na Giralda, a antiga torre do minarete que hoje funciona como campan\u00e1rio, para ter uma vista panor\u00e2mica da cidade.<\/p>\n\n\n\n<p>\u00c0 tarde, explore o Real Alc\u00e1zar de Sevilha, um complexo de pal\u00e1cios reais que serve como resid\u00eancia oficial da fam\u00edlia real espanhola durante suas visitas \u00e0 cidade. Suas salas e p\u00e1tios combinam estilos arquitet\u00f4nicos que v\u00e3o do mud\u00e9jar ao g\u00f3tico. Os jardins exuberantes s\u00e3o um espet\u00e1culo \u00e0 parte e serviram de cen\u00e1rio para a s\u00e9rie \u201cGame of Thrones\u201d.<\/p>\n\n\n\n<p>Para fechar o dia, perca-se pelas ruas estreitas e charmosas do Bairro de Santa Cruz. O antigo bairro judeu \u00e9 um labirinto de becos floridos, pra\u00e7as escondidas e p\u00e1tios encantadores, ideal para encontrar um bar e provar as famosas tapas sevilhanas.<\/p>\n\n\n\n<p><strong>Dia 2: arte, cultura e o rio<\/strong><\/p>\n\n\n\n<p>O segundo dia come\u00e7a na monumental Plaza de Espa\u00f1a. Constru\u00edda para a Exposi\u00e7\u00e3o Ibero-Americana de 1929, a pra\u00e7a \u00e9 um dos cart\u00f5es-postais de Sevilha. Seus bancos de azulejo representam as prov\u00edncias da Espanha, e um pequeno canal permite at\u00e9 um passeio de barco.<\/p>\n\n\n\n<p>Depois, atravesse a Ponte de Triana e descubra o bairro de mesmo nome. Conhecido como o ber\u00e7o do flamenco e da cer\u00e2mica, Triana tem uma identidade pr\u00f3pria. Visite o Mercado de Triana para sentir a atmosfera local e explore as lojas de artesanato que colorem as ruas.<\/p>\n\n\n\n<p>A noite \u00e9 o momento perfeito para assistir a um aut\u00eantico show de flamenco. Muitos dos melhores tablaos, como s\u00e3o chamadas as casas de espet\u00e1culo, est\u00e3o localizados em Triana, oferecendo uma experi\u00eancia cultural intensa e emocionante.<\/p>\n\n\n\n<p><strong>Dia 3: do moderno ao relaxante<\/strong><\/p>\n\n\n\n<p>No \u00faltimo dia, visite o Metropol Parasol, popularmente conhecido como \u201cLas Setas\u201d (os cogumelos). Considerada uma das maiores estruturas de madeira do mundo, a constru\u00e7\u00e3o oferece um contraste fascinante com a arquitetura hist\u00f3rica da cidade. Suba at\u00e9 o topo para caminhar por suas passarelas e ter uma nova perspectiva de Sevilha.<\/p>\n\n\n\n<p>\u00c0 tarde, aproveite para relaxar no Parque de Mar\u00eda Luisa. Este o\u00e1sis verde, que j\u00e1 integrou os jardins do Pal\u00e1cio de San Telmo, \u00e9 hoje o principal parque p\u00fablico da cidade. \u00c9 o lugar perfeito para uma caminhada tranquila ou um passeio de bicicleta, fugindo um pouco da agita\u00e7\u00e3o urbana.<\/p>\n","protected":false},"excerpt":{"rendered":"<p>Sevilha encanta com sua arquitetura, cultura flamenca e monumentos hist\u00f3ricos; veja um guia com atra\u00e7\u00f5es imperd\u00edveis, como o Alc\u00e1zar e a Plaza de Espa\u00f1a.<\/p>\n","protected":false},"author":8,"featured_media":28130,"comment_status":"open","ping_status":"open","sticky":false,"template":"","format":"standard","meta":{"jnews-multi-image_gallery":[],"jnews_single_post":{"format":"standard"},"jnews_primary_category":[],"jnews_social_meta":[],"jnews_override_counter":[],"footnotes":""},"categories":[148],"tags":[8824,8831,8829,1834,7965,8826,8825,8827,8828,8830,8457,8823,146],"class_list":["post-28129","post","type-post","status-publish","format-standard","has-post-thumbnail","hentry","category-turismo","tag-andaluzia","tag-bairro-de-santa-cruz","tag-catedral-de-sevilha","tag-espanha","tag-guia-de-viagem","tag-las-setas","tag-metropol-parasol","tag-plaza-de-espana","tag-ponte-de-triana","tag-real-alcazar-de-sevilha","tag-roteiro-de-viagem","tag-sevilha","tag-turismo"],"yoast_head":"<!-- This site is optimized with the Yoast SEO plugin v25.1 - https:\/\/yoast.com\/wordpress\/plugins\/seo\/ -->\n<title>O que fazer em Sevilha: um roteiro de 3 dias pela capital da Andaluzia - Correio Braziliense - Aqui<\/title>\n<meta name=\"description\" content=\"Sevilha encanta com sua arquitetura, cultura flamenca e monumentos hist\u00f3ricos; veja um guia com atra\u00e7\u00f5es imperd\u00edveis.\" \/>\n<meta name=\"robots\" content=\"index, follow, max-snippet:-1, max-image-preview:large, max-video-preview:-1\" \/>\n<link rel=\"canonical\" href=\"https:\/\/www.correiobraziliense.com.br\/aqui\/2026\/05\/01\/o-que-fazer-em-sevilha-um-roteiro-de-3-dias-pela-capital-da-andaluzia\/\" \/>\n<meta property=\"og:locale\" content=\"pt_BR\" \/>\n<meta property=\"og:type\" content=\"article\" \/>\n<meta property=\"og:title\" content=\"O que fazer em Sevilha: um roteiro de 3 dias pela capital da Andaluzia - Correio Braziliense - Aqui\" \/>\n<meta property=\"og:description\" content=\"Sevilha encanta com sua arquitetura, cultura flamenca e monumentos hist\u00f3ricos; veja um guia com atra\u00e7\u00f5es imperd\u00edveis.\" \/>\n<meta property=\"og:url\" content=\"https:\/\/www.correiobraziliense.com.br\/aqui\/2026\/05\/01\/o-que-fazer-em-sevilha-um-roteiro-de-3-dias-pela-capital-da-andaluzia\/\" \/>\n<meta property=\"og:site_name\" content=\"Correio Braziliense - Aqui\" \/>\n<meta property=\"article:published_time\" content=\"2026-05-01T18:00:00+00:00\" \/>\n<meta property=\"og:image\" content=\"https:\/\/www.correiobraziliense.com.br\/aqui\/wp-content\/uploads\/2026\/04\/sevilha_1777320717976.jpg\" \/>\n\t<meta property=\"og:image:width\" content=\"1280\" \/>\n\t<meta property=\"og:image:height\" content=\"720\" \/>\n\t<meta property=\"og:image:type\" content=\"image\/jpeg\" \/>\n<meta name=\"author\" content=\"Lara\" \/>\n<meta name=\"twitter:card\" content=\"summary_large_image\" \/>\n<meta name=\"twitter:label1\" content=\"Escrito por\" \/>\n\t<meta name=\"twitter:data1\" content=\"Lara\" \/>\n\t<meta name=\"twitter:label2\" content=\"Est. tempo de leitura\" \/>\n\t<meta name=\"twitter:data2\" content=\"3 minutos\" \/>\n<!-- \/ Yoast SEO plugin. -->","yoast_head_json":{"title":"O que fazer em Sevilha: um roteiro de 3 dias pela capital da Andaluzia - Correio Braziliense - Aqui","description":"Sevilha encanta com sua arquitetura, cultura flamenca e monumentos hist\u00f3ricos; veja um guia com atra\u00e7\u00f5es imperd\u00edveis.","robots":{"index":"index","follow":"follow","max-snippet":"max-snippet:-1","max-image-preview":"max-image-preview:large","max-video-preview":"max-video-preview:-1"},"canonical":"https:\/\/www.correiobraziliense.com.br\/aqui\/2026\/05\/01\/o-que-fazer-em-sevilha-um-roteiro-de-3-dias-pela-capital-da-andaluzia\/","og_locale":"pt_BR","og_type":"article","og_title":"O que fazer em Sevilha: um roteiro de 3 dias pela capital da Andaluzia - Correio Braziliense - Aqui","og_description":"Sevilha encanta com sua arquitetura, cultura flamenca e monumentos hist\u00f3ricos; veja um guia com atra\u00e7\u00f5es imperd\u00edveis.","og_url":"https:\/\/www.correiobraziliense.com.br\/aqui\/2026\/05\/01\/o-que-fazer-em-sevilha-um-roteiro-de-3-dias-pela-capital-da-andaluzia\/","og_site_name":"Correio Braziliense - Aqui","article_published_time":"2026-05-01T18:00:00+00:00","og_image":[{"width":1280,"height":720,"url":"https:\/\/www.correiobraziliense.com.br\/aqui\/wp-content\/uploads\/2026\/04\/sevilha_1777320717976.jpg","type":"image\/jpeg"}],"author":"Lara","twitter_card":"summary_large_image","twitter_misc":{"Escrito por":"Lara","Est. tempo de leitura":"3 minutos"},"schema":{"@context":"https:\/\/schema.org","@graph":[{"@type":"WebPage","@id":"https:\/\/www.correiobraziliense.com.br\/aqui\/2026\/05\/01\/o-que-fazer-em-sevilha-um-roteiro-de-3-dias-pela-capital-da-andaluzia\/","url":"https:\/\/www.correiobraziliense.com.br\/aqui\/2026\/05\/01\/o-que-fazer-em-sevilha-um-roteiro-de-3-dias-pela-capital-da-andaluzia\/","name":"O que fazer em Sevilha: um roteiro de 3 dias pela capital da Andaluzia - Correio Braziliense - Aqui","isPartOf":{"@id":"https:\/\/www.correiobraziliense.com.br\/aqui\/#website"},"primaryImageOfPage":{"@id":"https:\/\/www.correiobraziliense.com.br\/aqui\/2026\/05\/01\/o-que-fazer-em-sevilha-um-roteiro-de-3-dias-pela-capital-da-andaluzia\/#primaryimage"},"image":{"@id":"https:\/\/www.correiobraziliense.com.br\/aqui\/2026\/05\/01\/o-que-fazer-em-sevilha-um-roteiro-de-3-dias-pela-capital-da-andaluzia\/#primaryimage"},"thumbnailUrl":"https:\/\/www.correiobraziliense.com.br\/aqui\/wp-content\/uploads\/2026\/04\/sevilha_1777320717976.jpg","datePublished":"2026-05-01T18:00:00+00:00","author":{"@id":"https:\/\/www.correiobraziliense.com.br\/aqui\/#\/schema\/person\/5d6e4d99fecc86ab1a7ed1a0369afb65"},"description":"Sevilha encanta com sua arquitetura, cultura flamenca e monumentos hist\u00f3ricos; veja um guia com atra\u00e7\u00f5es imperd\u00edveis.","breadcrumb":{"@id":"https:\/\/www.correiobraziliense.com.br\/aqui\/2026\/05\/01\/o-que-fazer-em-sevilha-um-roteiro-de-3-dias-pela-capital-da-andaluzia\/#breadcrumb"},"inLanguage":"pt-BR","potentialAction":[{"@type":"ReadAction","target":["https:\/\/www.correiobraziliense.com.br\/aqui\/2026\/05\/01\/o-que-fazer-em-sevilha-um-roteiro-de-3-dias-pela-capital-da-andaluzia\/"]}]},{"@type":"ImageObject","inLanguage":"pt-BR","@id":"https:\/\/www.correiobraziliense.com.br\/aqui\/2026\/05\/01\/o-que-fazer-em-sevilha-um-roteiro-de-3-dias-pela-capital-da-andaluzia\/#primaryimage","url":"https:\/\/www.correiobraziliense.com.br\/aqui\/wp-content\/uploads\/2026\/04\/sevilha_1777320717976.jpg","contentUrl":"https:\/\/www.correiobraziliense.com.br\/aqui\/wp-content\/uploads\/2026\/04\/sevilha_1777320717976.jpg","width":1280,"height":720,"caption":"Cr\u00e9ditos: depositphotos.com \/ sepavone"},{"@type":"BreadcrumbList","@id":"https:\/\/www.correiobraziliense.com.br\/aqui\/2026\/05\/01\/o-que-fazer-em-sevilha-um-roteiro-de-3-dias-pela-capital-da-andaluzia\/#breadcrumb","itemListElement":[{"@type":"ListItem","position":1,"name":"In\u00edcio","item":"https:\/\/www.correiobraziliense.com.br\/aqui\/"},{"@type":"ListItem","position":2,"name":"O que fazer em Sevilha: um roteiro de 3 dias pela capital da Andaluzia"}]},{"@type":"WebSite","@id":"https:\/\/www.correiobraziliense.com.br\/aqui\/#website","url":"https:\/\/www.correiobraziliense.com.br\/aqui\/","name":"Correio Braziliense - Aqui","description":"O Correio Braziliense (CB) \u00e9 o mais importante canal de not\u00edcias de Bras\u00edlia. Aqui voc\u00ea encontra as \u00faltimas not\u00edcias do DF, do Brasil e do mundo.","potentialAction":[{"@type":"SearchAction","target":{"@type":"EntryPoint","urlTemplate":"https:\/\/www.correiobraziliense.com.br\/aqui\/?s={search_term_string}"},"query-input":{"@type":"PropertyValueSpecification","valueRequired":true,"valueName":"search_term_string"}}],"inLanguage":"pt-BR"},{"@type":"Person","@id":"https:\/\/www.correiobraziliense.com.br\/aqui\/#\/schema\/person\/5d6e4d99fecc86ab1a7ed1a0369afb65","name":"Lara","image":{"@type":"ImageObject","inLanguage":"pt-BR","@id":"https:\/\/www.correiobraziliense.com.br\/aqui\/#\/schema\/person\/image\/","url":"https:\/\/secure.gravatar.com\/avatar\/57056c5c343a6d8a6669688d3d2c04916d9d280b352b6e50e66a8d39b2517e00?s=96&d=mm&r=g","contentUrl":"https:\/\/secure.gravatar.com\/avatar\/57056c5c343a6d8a6669688d3d2c04916d9d280b352b6e50e66a8d39b2517e00?s=96&d=mm&r=g","caption":"Lara"},"url":"https:\/\/www.correiobraziliense.com.br\/aqui\/author\/laraaqui\/"}]}},"_links":{"self":[{"href":"https:\/\/www.correiobraziliense.com.br\/aqui\/wp-json\/wp\/v2\/posts\/28129","targetHints":{"allow":["GET"]}}],"collection":[{"href":"https:\/\/www.correiobraziliense.com.br\/aqui\/wp-json\/wp\/v2\/posts"}],"about":[{"href":"https:\/\/www.correiobraziliense.com.br\/aqui\/wp-json\/wp\/v2\/types\/post"}],"author":[{"embeddable":true,"href":"https:\/\/www.correiobraziliense.com.br\/aqui\/wp-json\/wp\/v2\/users\/8"}],"replies":[{"embeddable":true,"href":"https:\/\/www.correiobraziliense.com.br\/aqui\/wp-json\/wp\/v2\/comments?post=28129"}],"version-history":[{"count":1,"href":"https:\/\/www.correiobraziliense.com.br\/aqui\/wp-json\/wp\/v2\/posts\/28129\/revisions"}],"predecessor-version":[{"id":28131,"href":"https:\/\/www.correiobraziliense.com.br\/aqui\/wp-json\/wp\/v2\/posts\/28129\/revisions\/28131"}],"wp:featuredmedia":[{"embeddable":true,"href":"https:\/\/www.correiobraziliense.com.br\/aqui\/wp-json\/wp\/v2\/media\/28130"}],"wp:attachment":[{"href":"https:\/\/www.correiobraziliense.com.br\/aqui\/wp-json\/wp\/v2\/media?parent=28129"}],"wp:term":[{"taxonomy":"category","embeddable":true,"href":"https:\/\/www.correiobraziliense.com.br\/aqui\/wp-json\/wp\/v2\/categories?post=28129"},{"taxonomy":"post_tag","embeddable":true,"href":"https:\/\/www.correiobraziliense.com.br\/aqui\/wp-json\/wp\/v2\/tags?post=28129"}],"curies":[{"name":"wp","href":"https:\/\/api.w.org\/{rel}","templated":true}]}}