{"id":28139,"date":"2026-04-27T17:46:42","date_gmt":"2026-04-27T20:46:42","guid":{"rendered":"https:\/\/www.correiobraziliense.com.br\/aqui\/?p=28139"},"modified":"2026-04-27T17:46:45","modified_gmt":"2026-04-27T20:46:45","slug":"nao-regularizou-o-titulo-de-eleitor-veja-as-5-consequencias-praticas","status":"publish","type":"post","link":"https:\/\/www.correiobraziliense.com.br\/aqui\/2026\/04\/27\/nao-regularizou-o-titulo-de-eleitor-veja-as-5-consequencias-praticas\/","title":{"rendered":"N\u00e3o regularizou o t\u00edtulo de eleitor? Veja as 5 consequ\u00eancias pr\u00e1ticas"},"content":{"rendered":"\n<p>Com o prazo para regularizar o t\u00edtulo de eleitor se aproximando \u2014 a data limite \u00e9 6 de maio de 2026 \u2014, muitos brasileiros se concentram apenas na obriga\u00e7\u00e3o de votar. No entanto, ter pend\u00eancias com a Justi\u00e7a Eleitoral pode trazer uma s\u00e9rie de impedimentos pr\u00e1ticos que afetam diretamente o dia a dia, indo muito al\u00e9m das urnas.<\/p>\n\n\n\n<p>A situa\u00e7\u00e3o irregular, geralmente causada por aus\u00eancia n\u00e3o justificada em tr\u00eas elei\u00e7\u00f5es consecutivas, resulta no cancelamento do documento. As consequ\u00eancias disso impactam o acesso a servi\u00e7os essenciais e oportunidades, transformando um descuido administrativo em um grande obst\u00e1culo para a vida civil.<\/p>\n\n\n\n<p>Entender o que est\u00e1 em jogo \u00e9 fundamental para evitar transtornos. A regulariza\u00e7\u00e3o \u00e9 um processo simples, que pode ser feito online, e garante n\u00e3o apenas o direito ao voto, mas a manuten\u00e7\u00e3o de direitos b\u00e1sicos como cidad\u00e3o.<\/p>\n\n\n\n<h2 class=\"wp-block-heading\">5 impedimentos causados pelo t\u00edtulo irregular<\/h2>\n\n\n\n<p>As restri\u00e7\u00f5es impostas a quem est\u00e1 com o t\u00edtulo de eleitor cancelado ou suspenso afetam \u00e1reas importantes da vida. Conhe\u00e7a as cinco principais consequ\u00eancias pr\u00e1ticas:<\/p>\n\n\n\n<ol class=\"wp-block-list\">\n<li><strong>Obter passaporte ou carteira de identidade:<\/strong> sem a <a href=\"https:\/\/www.correiobraziliense.com.br\/brasil\/2025\/05\/7149786-termina-hoje-19-5-o-prazo-para-regularizar-titulo-de-eleitor.html\" target=\"_blank\" rel=\"noreferrer noopener\">certid\u00e3o de quita\u00e7\u00e3o eleitoral<\/a>, emitida apenas para quem est\u00e1 com a situa\u00e7\u00e3o regular, n\u00e3o \u00e9 poss\u00edvel solicitar ou renovar o passaporte. Em alguns estados, a emiss\u00e3o de uma nova carteira de identidade tamb\u00e9m pode ser bloqueada.<\/li>\n\n\n\n<li><strong>Inscrever-se em concursos p\u00fablicos:<\/strong> a comprova\u00e7\u00e3o de regularidade com a Justi\u00e7a Eleitoral \u00e9 um requisito obrigat\u00f3rio para a inscri\u00e7\u00e3o na maioria dos concursos p\u00fablicos. Al\u00e9m disso, quem for aprovado n\u00e3o poder\u00e1 tomar posse do cargo se houver pend\u00eancias.<\/li>\n\n\n\n<li><strong>Conseguir empr\u00e9stimos em institui\u00e7\u00f5es p\u00fablicas:<\/strong> a regularidade eleitoral pode ser exigida para obter empr\u00e9stimos em algumas autarquias, caixas econ\u00f4micas e institutos de previd\u00eancia social, embora as regras variem conforme a institui\u00e7\u00e3o.<\/li>\n\n\n\n<li><strong>Matricular-se em institui\u00e7\u00f5es de ensino:<\/strong> estudantes podem ser impedidos de realizar a matr\u00edcula ou a rematr\u00edcula em universidades e faculdades p\u00fablicas. A regra tamb\u00e9m pode ser aplicada por algumas institui\u00e7\u00f5es de ensino privadas como crit\u00e9rio administrativo.<\/li>\n\n\n\n<li><strong>Ter acesso limitado a alguns servi\u00e7os p\u00fablicos:<\/strong> a irregularidade pode dificultar o acesso a determinados programas e servi\u00e7os governamentais que exigem documenta\u00e7\u00e3o regular, j\u00e1 que a certid\u00e3o de quita\u00e7\u00e3o eleitoral \u00e9 requisito para diversos atos da administra\u00e7\u00e3o p\u00fablica.<\/li>\n<\/ol>\n\n\n\n<h2 class=\"wp-block-heading\">Como verificar e regularizar a situa\u00e7\u00e3o<\/h2>\n\n\n\n<p>Para saber se existe alguma pend\u00eancia, o cidad\u00e3o pode consultar sua situa\u00e7\u00e3o eleitoral no site do <a target=\"_blank\" rel=\"noreferrer noopener\" href=\"https:\/\/www.correiobraziliense.com.br\/cidades-df\/2025\/05\/7138065-mais-de-5-milhoes-de-eleitores-podem-ter-os-titulos-cancelados.html\">Tribunal Superior Eleitoral (TSE)<\/a> ou nos portais dos Tribunais Regionais Eleitorais (TREs) de cada estado. A verifica\u00e7\u00e3o \u00e9 r\u00e1pida e exige apenas o nome completo e a data de nascimento ou o n\u00famero do t\u00edtulo.<\/p>\n\n\n\n<p>Caso seja necess\u00e1rio regularizar, o procedimento pode ser feito de forma totalmente online atrav\u00e9s da plataforma de Autoatendimento Eleitoral. O sistema permite quitar multas, atualizar dados e resolver outras pend\u00eancias sem precisar sair de casa, garantindo que o cidad\u00e3o possa exercer plenamente seus direitos.<\/p>\n\n\n\n<p><\/p>\n","protected":false},"excerpt":{"rendered":"<p>Com o prazo para regularizar o t\u00edtulo de eleitor se aproximando \u2014 a data limite \u00e9 6 de maio de 2026 \u2014, muitos brasileiros se concentram apenas na obriga\u00e7\u00e3o de votar. No entanto, ter pend\u00eancias com a Justi\u00e7a Eleitoral pode trazer uma s\u00e9rie de impedimentos pr\u00e1ticos que afetam diretamente o dia a dia, indo muito [&hellip;]<\/p>\n","protected":false},"author":9,"featured_media":28140,"comment_status":"open","ping_status":"open","sticky":false,"template":"","format":"standard","meta":{"jnews-multi-image_gallery":[],"jnews_single_post":{"format":"standard"},"jnews_primary_category":[],"jnews_social_meta":[],"jnews_override_counter":[],"footnotes":""},"categories":[120],"tags":[8838,8836,8837,8835],"class_list":["post-28139","post","type-post","status-publish","format-standard","has-post-thumbnail","hentry","category-curiosidades","tag-consequencias","tag-irregular","tag-nao-regularizou","tag-titulo-de-eleitor-2"],"yoast_head":"<!-- This site is optimized with the Yoast SEO plugin v25.1 - https:\/\/yoast.com\/wordpress\/plugins\/seo\/ -->\n<title>N\u00e3o regularizou o t\u00edtulo de eleitor? Veja as 5 consequ\u00eancias pr\u00e1ticas - Correio Braziliense - Aqui<\/title>\n<meta name=\"description\" content=\"Problema vai al\u00e9m de n\u00e3o poder votar; saiba como a situa\u00e7\u00e3o irregular pode impedir voc\u00ea de tirar passaporte, prestar concursos e muito mais.\" \/>\n<meta name=\"robots\" content=\"index, follow, max-snippet:-1, max-image-preview:large, max-video-preview:-1\" \/>\n<link rel=\"canonical\" href=\"https:\/\/www.correiobraziliense.com.br\/aqui\/2026\/04\/27\/nao-regularizou-o-titulo-de-eleitor-veja-as-5-consequencias-praticas\/\" \/>\n<meta property=\"og:locale\" content=\"pt_BR\" \/>\n<meta property=\"og:type\" content=\"article\" \/>\n<meta property=\"og:title\" content=\"N\u00e3o regularizou o t\u00edtulo de eleitor? Veja as 5 consequ\u00eancias pr\u00e1ticas - Correio Braziliense - Aqui\" \/>\n<meta property=\"og:description\" content=\"Problema vai al\u00e9m de n\u00e3o poder votar; saiba como a situa\u00e7\u00e3o irregular pode impedir voc\u00ea de tirar passaporte, prestar concursos e muito mais.\" \/>\n<meta property=\"og:url\" content=\"https:\/\/www.correiobraziliense.com.br\/aqui\/2026\/04\/27\/nao-regularizou-o-titulo-de-eleitor-veja-as-5-consequencias-praticas\/\" \/>\n<meta property=\"og:site_name\" content=\"Correio Braziliense - Aqui\" \/>\n<meta property=\"article:published_time\" content=\"2026-04-27T20:46:42+00:00\" \/>\n<meta property=\"article:modified_time\" content=\"2026-04-27T20:46:45+00:00\" \/>\n<meta property=\"og:image\" content=\"https:\/\/www.correiobraziliense.com.br\/aqui\/wp-content\/uploads\/2026\/04\/titulo-de-eleitor_1777322785346.jpg\" \/>\n\t<meta property=\"og:image:width\" content=\"1280\" \/>\n\t<meta property=\"og:image:height\" content=\"720\" \/>\n\t<meta property=\"og:image:type\" content=\"image\/jpeg\" \/>\n<meta name=\"author\" content=\"Lucas\" \/>\n<meta name=\"twitter:card\" content=\"summary_large_image\" \/>\n<meta name=\"twitter:label1\" content=\"Escrito por\" \/>\n\t<meta name=\"twitter:data1\" content=\"Lucas\" \/>\n\t<meta name=\"twitter:label2\" content=\"Est. tempo de leitura\" \/>\n\t<meta name=\"twitter:data2\" content=\"3 minutos\" \/>\n<!-- \/ Yoast SEO plugin. -->","yoast_head_json":{"title":"N\u00e3o regularizou o t\u00edtulo de eleitor? Veja as 5 consequ\u00eancias pr\u00e1ticas - Correio Braziliense - Aqui","description":"Problema vai al\u00e9m de n\u00e3o poder votar; saiba como a situa\u00e7\u00e3o irregular pode impedir voc\u00ea de tirar passaporte, prestar concursos e muito mais.","robots":{"index":"index","follow":"follow","max-snippet":"max-snippet:-1","max-image-preview":"max-image-preview:large","max-video-preview":"max-video-preview:-1"},"canonical":"https:\/\/www.correiobraziliense.com.br\/aqui\/2026\/04\/27\/nao-regularizou-o-titulo-de-eleitor-veja-as-5-consequencias-praticas\/","og_locale":"pt_BR","og_type":"article","og_title":"N\u00e3o regularizou o t\u00edtulo de eleitor? Veja as 5 consequ\u00eancias pr\u00e1ticas - Correio Braziliense - Aqui","og_description":"Problema vai al\u00e9m de n\u00e3o poder votar; saiba como a situa\u00e7\u00e3o irregular pode impedir voc\u00ea de tirar passaporte, prestar concursos e muito mais.","og_url":"https:\/\/www.correiobraziliense.com.br\/aqui\/2026\/04\/27\/nao-regularizou-o-titulo-de-eleitor-veja-as-5-consequencias-praticas\/","og_site_name":"Correio Braziliense - Aqui","article_published_time":"2026-04-27T20:46:42+00:00","article_modified_time":"2026-04-27T20:46:45+00:00","og_image":[{"width":1280,"height":720,"url":"https:\/\/www.correiobraziliense.com.br\/aqui\/wp-content\/uploads\/2026\/04\/titulo-de-eleitor_1777322785346.jpg","type":"image\/jpeg"}],"author":"Lucas","twitter_card":"summary_large_image","twitter_misc":{"Escrito por":"Lucas","Est. tempo de leitura":"3 minutos"},"schema":{"@context":"https:\/\/schema.org","@graph":[{"@type":"WebPage","@id":"https:\/\/www.correiobraziliense.com.br\/aqui\/2026\/04\/27\/nao-regularizou-o-titulo-de-eleitor-veja-as-5-consequencias-praticas\/","url":"https:\/\/www.correiobraziliense.com.br\/aqui\/2026\/04\/27\/nao-regularizou-o-titulo-de-eleitor-veja-as-5-consequencias-praticas\/","name":"N\u00e3o regularizou o t\u00edtulo de eleitor? Veja as 5 consequ\u00eancias pr\u00e1ticas - Correio Braziliense - Aqui","isPartOf":{"@id":"https:\/\/www.correiobraziliense.com.br\/aqui\/#website"},"primaryImageOfPage":{"@id":"https:\/\/www.correiobraziliense.com.br\/aqui\/2026\/04\/27\/nao-regularizou-o-titulo-de-eleitor-veja-as-5-consequencias-praticas\/#primaryimage"},"image":{"@id":"https:\/\/www.correiobraziliense.com.br\/aqui\/2026\/04\/27\/nao-regularizou-o-titulo-de-eleitor-veja-as-5-consequencias-praticas\/#primaryimage"},"thumbnailUrl":"https:\/\/www.correiobraziliense.com.br\/aqui\/wp-content\/uploads\/2026\/04\/titulo-de-eleitor_1777322785346.jpg","datePublished":"2026-04-27T20:46:42+00:00","dateModified":"2026-04-27T20:46:45+00:00","author":{"@id":"https:\/\/www.correiobraziliense.com.br\/aqui\/#\/schema\/person\/36d094a725ba56bbeb370a877862a002"},"description":"Problema vai al\u00e9m de n\u00e3o poder votar; saiba como a situa\u00e7\u00e3o irregular pode impedir voc\u00ea de tirar passaporte, prestar concursos e muito mais.","breadcrumb":{"@id":"https:\/\/www.correiobraziliense.com.br\/aqui\/2026\/04\/27\/nao-regularizou-o-titulo-de-eleitor-veja-as-5-consequencias-praticas\/#breadcrumb"},"inLanguage":"pt-BR","potentialAction":[{"@type":"ReadAction","target":["https:\/\/www.correiobraziliense.com.br\/aqui\/2026\/04\/27\/nao-regularizou-o-titulo-de-eleitor-veja-as-5-consequencias-praticas\/"]}]},{"@type":"ImageObject","inLanguage":"pt-BR","@id":"https:\/\/www.correiobraziliense.com.br\/aqui\/2026\/04\/27\/nao-regularizou-o-titulo-de-eleitor-veja-as-5-consequencias-praticas\/#primaryimage","url":"https:\/\/www.correiobraziliense.com.br\/aqui\/wp-content\/uploads\/2026\/04\/titulo-de-eleitor_1777322785346.jpg","contentUrl":"https:\/\/www.correiobraziliense.com.br\/aqui\/wp-content\/uploads\/2026\/04\/titulo-de-eleitor_1777322785346.jpg","width":1280,"height":720,"caption":"Cr\u00e9ditos: depositphotos.com \/ rafapress"},{"@type":"BreadcrumbList","@id":"https:\/\/www.correiobraziliense.com.br\/aqui\/2026\/04\/27\/nao-regularizou-o-titulo-de-eleitor-veja-as-5-consequencias-praticas\/#breadcrumb","itemListElement":[{"@type":"ListItem","position":1,"name":"In\u00edcio","item":"https:\/\/www.correiobraziliense.com.br\/aqui\/"},{"@type":"ListItem","position":2,"name":"N\u00e3o regularizou o t\u00edtulo de eleitor? Veja as 5 consequ\u00eancias pr\u00e1ticas"}]},{"@type":"WebSite","@id":"https:\/\/www.correiobraziliense.com.br\/aqui\/#website","url":"https:\/\/www.correiobraziliense.com.br\/aqui\/","name":"Correio Braziliense - Aqui","description":"O Correio Braziliense (CB) \u00e9 o mais importante canal de not\u00edcias de Bras\u00edlia. Aqui voc\u00ea encontra as \u00faltimas not\u00edcias do DF, do Brasil e do mundo.","potentialAction":[{"@type":"SearchAction","target":{"@type":"EntryPoint","urlTemplate":"https:\/\/www.correiobraziliense.com.br\/aqui\/?s={search_term_string}"},"query-input":{"@type":"PropertyValueSpecification","valueRequired":true,"valueName":"search_term_string"}}],"inLanguage":"pt-BR"},{"@type":"Person","@id":"https:\/\/www.correiobraziliense.com.br\/aqui\/#\/schema\/person\/36d094a725ba56bbeb370a877862a002","name":"Lucas","image":{"@type":"ImageObject","inLanguage":"pt-BR","@id":"https:\/\/www.correiobraziliense.com.br\/aqui\/#\/schema\/person\/image\/","url":"https:\/\/secure.gravatar.com\/avatar\/eb1dd4a751dca39c233b091fb7b8ce9ef1608850325ab98ff1fbe898fcef0908?s=96&d=mm&r=g","contentUrl":"https:\/\/secure.gravatar.com\/avatar\/eb1dd4a751dca39c233b091fb7b8ce9ef1608850325ab98ff1fbe898fcef0908?s=96&d=mm&r=g","caption":"Lucas"},"url":"https:\/\/www.correiobraziliense.com.br\/aqui\/author\/lucasaqui\/"}]}},"_links":{"self":[{"href":"https:\/\/www.correiobraziliense.com.br\/aqui\/wp-json\/wp\/v2\/posts\/28139","targetHints":{"allow":["GET"]}}],"collection":[{"href":"https:\/\/www.correiobraziliense.com.br\/aqui\/wp-json\/wp\/v2\/posts"}],"about":[{"href":"https:\/\/www.correiobraziliense.com.br\/aqui\/wp-json\/wp\/v2\/types\/post"}],"author":[{"embeddable":true,"href":"https:\/\/www.correiobraziliense.com.br\/aqui\/wp-json\/wp\/v2\/users\/9"}],"replies":[{"embeddable":true,"href":"https:\/\/www.correiobraziliense.com.br\/aqui\/wp-json\/wp\/v2\/comments?post=28139"}],"version-history":[{"count":1,"href":"https:\/\/www.correiobraziliense.com.br\/aqui\/wp-json\/wp\/v2\/posts\/28139\/revisions"}],"predecessor-version":[{"id":28141,"href":"https:\/\/www.correiobraziliense.com.br\/aqui\/wp-json\/wp\/v2\/posts\/28139\/revisions\/28141"}],"wp:featuredmedia":[{"embeddable":true,"href":"https:\/\/www.correiobraziliense.com.br\/aqui\/wp-json\/wp\/v2\/media\/28140"}],"wp:attachment":[{"href":"https:\/\/www.correiobraziliense.com.br\/aqui\/wp-json\/wp\/v2\/media?parent=28139"}],"wp:term":[{"taxonomy":"category","embeddable":true,"href":"https:\/\/www.correiobraziliense.com.br\/aqui\/wp-json\/wp\/v2\/categories?post=28139"},{"taxonomy":"post_tag","embeddable":true,"href":"https:\/\/www.correiobraziliense.com.br\/aqui\/wp-json\/wp\/v2\/tags?post=28139"}],"curies":[{"name":"wp","href":"https:\/\/api.w.org\/{rel}","templated":true}]}}