{"id":28142,"date":"2026-04-27T17:48:21","date_gmt":"2026-04-27T20:48:21","guid":{"rendered":"https:\/\/www.correiobraziliense.com.br\/aqui\/?p=28142"},"modified":"2026-04-27T17:48:24","modified_gmt":"2026-04-27T20:48:24","slug":"eleicoes-2026-tse-aprova-novas-regras-para-ia-e-acessibilidade","status":"publish","type":"post","link":"https:\/\/www.correiobraziliense.com.br\/aqui\/2026\/04\/27\/eleicoes-2026-tse-aprova-novas-regras-para-ia-e-acessibilidade\/","title":{"rendered":"Elei\u00e7\u00f5es 2026: TSE aprova novas regras para IA e acessibilidade"},"content":{"rendered":"\n<p>As regras para as elei\u00e7\u00f5es de 2026, que ocorrer\u00e3o em 4 de outubro (primeiro turno) e 31 de outubro (segundo turno), j\u00e1 est\u00e3o definidas. Em fevereiro e mar\u00e7o, o Tribunal Superior Eleitoral (TSE) aprovou um conjunto de resolu\u00e7\u00f5es que modernizam o processo eleitoral, com foco principal no combate \u00e0 desinforma\u00e7\u00e3o e na amplia\u00e7\u00e3o da acessibilidade. As mudan\u00e7as valem para a disputa dos cargos de presidente, governador, senador, e deputados federal e estadual\/distrital.<\/p>\n\n\n\n<h2 class=\"wp-block-heading\">Regulamenta\u00e7\u00e3o do uso de Intelig\u00eancia Artificial<\/h2>\n\n\n\n<p>Uma das principais novidades \u00e9 a <a target=\"_blank\" rel=\"noreferrer noopener\" href=\"https:\/\/www.correiobraziliense.com.br\/politica\/2025\/05\/7156189-congresso-debate-criacao-de-marco-regulatorio-da-inteligencia-artificial.html\">regulamenta\u00e7\u00e3o do uso de IA<\/a> nas campanhas para evitar a manipula\u00e7\u00e3o do eleitorado. As principais determina\u00e7\u00f5es s\u00e3o:<\/p>\n\n\n\n<ul class=\"wp-block-list\">\n<li><strong>Rotulagem obrigat\u00f3ria:<\/strong> Todo conte\u00fado de propaganda eleitoral gerado por IA, seja \u00e1udio, v\u00eddeo ou imagem, dever\u00e1 ser claramente identificado como tal.<\/li>\n\n\n\n<li><strong>Proibi\u00e7\u00e3o de deepfakes:<\/strong> Fica vedado o uso de v\u00eddeos ou \u00e1udios manipulados para imitar a apar\u00eancia ou a voz de outra pessoa sem a devida rotulagem, com o objetivo de prejudicar ou favorecer candidaturas.<\/li>\n\n\n\n<li><strong>Puni\u00e7\u00f5es severas:<\/strong> A produ\u00e7\u00e3o ou dissemina\u00e7\u00e3o de <a href=\"https:\/\/www.correiobraziliense.com.br\/politica\/2025\/05\/7157722-presidente-da-academia-de-direito-eleitoral-alerta-para-avanco-das-ias.html\" target=\"_blank\" rel=\"noreferrer noopener\">conte\u00fado falso com uso de IA<\/a> poder\u00e1 levar a puni\u00e7\u00f5es rigorosas, incluindo a cassa\u00e7\u00e3o do registro ou do mandato.<\/li>\n<\/ul>\n\n\n\n<h2 class=\"wp-block-heading\">Programa &#8216;Seu Voto Importa&#8217;: Acessibilidade e Inclus\u00e3o<\/h2>\n\n\n\n<p>Para garantir que mais cidad\u00e3os possam exercer seu direito ao voto, o TSE criou o programa &#8220;Seu Voto Importa&#8221;. A medida mais impactante \u00e9 a garantia de transporte p\u00fablico gratuito no dia da elei\u00e7\u00e3o para eleitores com defici\u00eancia ou mobilidade reduzida, al\u00e9m de moradores de comunidades ind\u00edgenas e quilombolas.<\/p>\n\n\n\n<p>As resolu\u00e7\u00f5es tamb\u00e9m incluem outras a\u00e7\u00f5es afirmativas, como a distribui\u00e7\u00e3o proporcional de recursos do Fundo Partid\u00e1rio e do tempo de propaganda para candidaturas ind\u00edgenas, e a previs\u00e3o de custeio para a seguran\u00e7a de <a target=\"_blank\" rel=\"noreferrer noopener\" href=\"https:\/\/www.correiobraziliense.com.br\/politica\/2025\/08\/7230882-ccj-do-senado-aprova-novo-codigo-eleitoral-e-inclui-voto-impresso-no-texto.html\">candidatas mulheres<\/a>.<\/p>\n\n\n\n<p>\u00c9 importante notar que debates sobre o fim da reelei\u00e7\u00e3o e mandatos de cinco anos s\u00e3o <a target=\"_blank\" rel=\"noreferrer noopener\" href=\"https:\/\/www.correiobraziliense.com.br\/politica\/2025\/07\/7196016-votacao-do-novo-codigo-eleitoral-e-adiada-na-ccj-do-senado.html\">propostas que tramitam no Congresso Nacional<\/a> e n\u00e3o fazem parte das regras j\u00e1 aprovadas pelo TSE para o pleito de 2026.<\/p>\n\n\n\n<p><\/p>\n","protected":false},"excerpt":{"rendered":"<p>As regras para as elei\u00e7\u00f5es de 2026, que ocorrer\u00e3o em 4 de outubro (primeiro turno) e 31 de outubro (segundo turno), j\u00e1 est\u00e3o definidas. Em fevereiro e mar\u00e7o, o Tribunal Superior Eleitoral (TSE) aprovou um conjunto de resolu\u00e7\u00f5es que modernizam o processo eleitoral, com foco principal no combate \u00e0 desinforma\u00e7\u00e3o e na amplia\u00e7\u00e3o da acessibilidade. [&hellip;]<\/p>\n","protected":false},"author":9,"featured_media":28143,"comment_status":"open","ping_status":"open","sticky":false,"template":"","format":"standard","meta":{"jnews-multi-image_gallery":[],"jnews_single_post":{"format":"standard"},"jnews_primary_category":[],"jnews_social_meta":[],"jnews_override_counter":[],"footnotes":""},"categories":[120],"tags":[8839,7940,222,8104,1859],"class_list":["post-28142","post","type-post","status-publish","format-standard","has-post-thumbnail","hentry","category-curiosidades","tag-acessibilidade","tag-eleicoes","tag-ia","tag-leis","tag-regras"],"yoast_head":"<!-- This site is optimized with the Yoast SEO plugin v25.1 - https:\/\/yoast.com\/wordpress\/plugins\/seo\/ -->\n<title>Elei\u00e7\u00f5es 2026: TSE aprova novas regras para IA e acessibilidade - Correio Braziliense - Aqui<\/title>\n<meta name=\"description\" content=\"Uso de IA ser\u00e1 regulamentado e programa in\u00e9dito garantir\u00e1 transporte para eleitores com defici\u00eancia. Veja o que j\u00e1 est\u00e1 definido.\" \/>\n<meta name=\"robots\" content=\"index, follow, max-snippet:-1, max-image-preview:large, max-video-preview:-1\" \/>\n<link rel=\"canonical\" href=\"https:\/\/www.correiobraziliense.com.br\/aqui\/2026\/04\/27\/eleicoes-2026-tse-aprova-novas-regras-para-ia-e-acessibilidade\/\" \/>\n<meta property=\"og:locale\" content=\"pt_BR\" \/>\n<meta property=\"og:type\" content=\"article\" \/>\n<meta property=\"og:title\" content=\"Elei\u00e7\u00f5es 2026: TSE aprova novas regras para IA e acessibilidade - Correio Braziliense - Aqui\" \/>\n<meta property=\"og:description\" content=\"Uso de IA ser\u00e1 regulamentado e programa in\u00e9dito garantir\u00e1 transporte para eleitores com defici\u00eancia. Veja o que j\u00e1 est\u00e1 definido.\" \/>\n<meta property=\"og:url\" content=\"https:\/\/www.correiobraziliense.com.br\/aqui\/2026\/04\/27\/eleicoes-2026-tse-aprova-novas-regras-para-ia-e-acessibilidade\/\" \/>\n<meta property=\"og:site_name\" content=\"Correio Braziliense - Aqui\" \/>\n<meta property=\"article:published_time\" content=\"2026-04-27T20:48:21+00:00\" \/>\n<meta property=\"article:modified_time\" content=\"2026-04-27T20:48:24+00:00\" \/>\n<meta property=\"og:image\" content=\"https:\/\/www.correiobraziliense.com.br\/aqui\/wp-content\/uploads\/2026\/04\/urna-eletronica_1777322885689.jpg\" \/>\n\t<meta property=\"og:image:width\" content=\"1280\" \/>\n\t<meta property=\"og:image:height\" content=\"720\" \/>\n\t<meta property=\"og:image:type\" content=\"image\/jpeg\" \/>\n<meta name=\"author\" content=\"Lucas\" \/>\n<meta name=\"twitter:card\" content=\"summary_large_image\" \/>\n<meta name=\"twitter:label1\" content=\"Escrito por\" \/>\n\t<meta name=\"twitter:data1\" content=\"Lucas\" \/>\n\t<meta name=\"twitter:label2\" content=\"Est. tempo de leitura\" \/>\n\t<meta name=\"twitter:data2\" content=\"2 minutos\" \/>\n<!-- \/ Yoast SEO plugin. -->","yoast_head_json":{"title":"Elei\u00e7\u00f5es 2026: TSE aprova novas regras para IA e acessibilidade - Correio Braziliense - Aqui","description":"Uso de IA ser\u00e1 regulamentado e programa in\u00e9dito garantir\u00e1 transporte para eleitores com defici\u00eancia. Veja o que j\u00e1 est\u00e1 definido.","robots":{"index":"index","follow":"follow","max-snippet":"max-snippet:-1","max-image-preview":"max-image-preview:large","max-video-preview":"max-video-preview:-1"},"canonical":"https:\/\/www.correiobraziliense.com.br\/aqui\/2026\/04\/27\/eleicoes-2026-tse-aprova-novas-regras-para-ia-e-acessibilidade\/","og_locale":"pt_BR","og_type":"article","og_title":"Elei\u00e7\u00f5es 2026: TSE aprova novas regras para IA e acessibilidade - Correio Braziliense - Aqui","og_description":"Uso de IA ser\u00e1 regulamentado e programa in\u00e9dito garantir\u00e1 transporte para eleitores com defici\u00eancia. Veja o que j\u00e1 est\u00e1 definido.","og_url":"https:\/\/www.correiobraziliense.com.br\/aqui\/2026\/04\/27\/eleicoes-2026-tse-aprova-novas-regras-para-ia-e-acessibilidade\/","og_site_name":"Correio Braziliense - Aqui","article_published_time":"2026-04-27T20:48:21+00:00","article_modified_time":"2026-04-27T20:48:24+00:00","og_image":[{"width":1280,"height":720,"url":"https:\/\/www.correiobraziliense.com.br\/aqui\/wp-content\/uploads\/2026\/04\/urna-eletronica_1777322885689.jpg","type":"image\/jpeg"}],"author":"Lucas","twitter_card":"summary_large_image","twitter_misc":{"Escrito por":"Lucas","Est. tempo de leitura":"2 minutos"},"schema":{"@context":"https:\/\/schema.org","@graph":[{"@type":"WebPage","@id":"https:\/\/www.correiobraziliense.com.br\/aqui\/2026\/04\/27\/eleicoes-2026-tse-aprova-novas-regras-para-ia-e-acessibilidade\/","url":"https:\/\/www.correiobraziliense.com.br\/aqui\/2026\/04\/27\/eleicoes-2026-tse-aprova-novas-regras-para-ia-e-acessibilidade\/","name":"Elei\u00e7\u00f5es 2026: TSE aprova novas regras para IA e acessibilidade - Correio Braziliense - Aqui","isPartOf":{"@id":"https:\/\/www.correiobraziliense.com.br\/aqui\/#website"},"primaryImageOfPage":{"@id":"https:\/\/www.correiobraziliense.com.br\/aqui\/2026\/04\/27\/eleicoes-2026-tse-aprova-novas-regras-para-ia-e-acessibilidade\/#primaryimage"},"image":{"@id":"https:\/\/www.correiobraziliense.com.br\/aqui\/2026\/04\/27\/eleicoes-2026-tse-aprova-novas-regras-para-ia-e-acessibilidade\/#primaryimage"},"thumbnailUrl":"https:\/\/www.correiobraziliense.com.br\/aqui\/wp-content\/uploads\/2026\/04\/urna-eletronica_1777322885689.jpg","datePublished":"2026-04-27T20:48:21+00:00","dateModified":"2026-04-27T20:48:24+00:00","author":{"@id":"https:\/\/www.correiobraziliense.com.br\/aqui\/#\/schema\/person\/36d094a725ba56bbeb370a877862a002"},"description":"Uso de IA ser\u00e1 regulamentado e programa in\u00e9dito garantir\u00e1 transporte para eleitores com defici\u00eancia. Veja o que j\u00e1 est\u00e1 definido.","breadcrumb":{"@id":"https:\/\/www.correiobraziliense.com.br\/aqui\/2026\/04\/27\/eleicoes-2026-tse-aprova-novas-regras-para-ia-e-acessibilidade\/#breadcrumb"},"inLanguage":"pt-BR","potentialAction":[{"@type":"ReadAction","target":["https:\/\/www.correiobraziliense.com.br\/aqui\/2026\/04\/27\/eleicoes-2026-tse-aprova-novas-regras-para-ia-e-acessibilidade\/"]}]},{"@type":"ImageObject","inLanguage":"pt-BR","@id":"https:\/\/www.correiobraziliense.com.br\/aqui\/2026\/04\/27\/eleicoes-2026-tse-aprova-novas-regras-para-ia-e-acessibilidade\/#primaryimage","url":"https:\/\/www.correiobraziliense.com.br\/aqui\/wp-content\/uploads\/2026\/04\/urna-eletronica_1777322885689.jpg","contentUrl":"https:\/\/www.correiobraziliense.com.br\/aqui\/wp-content\/uploads\/2026\/04\/urna-eletronica_1777322885689.jpg","width":1280,"height":720,"caption":"Cr\u00e9ditos: depositphotos.com \/ rafapress"},{"@type":"BreadcrumbList","@id":"https:\/\/www.correiobraziliense.com.br\/aqui\/2026\/04\/27\/eleicoes-2026-tse-aprova-novas-regras-para-ia-e-acessibilidade\/#breadcrumb","itemListElement":[{"@type":"ListItem","position":1,"name":"In\u00edcio","item":"https:\/\/www.correiobraziliense.com.br\/aqui\/"},{"@type":"ListItem","position":2,"name":"Elei\u00e7\u00f5es 2026: TSE aprova novas regras para IA e acessibilidade"}]},{"@type":"WebSite","@id":"https:\/\/www.correiobraziliense.com.br\/aqui\/#website","url":"https:\/\/www.correiobraziliense.com.br\/aqui\/","name":"Correio Braziliense - Aqui","description":"O Correio Braziliense (CB) \u00e9 o mais importante canal de not\u00edcias de Bras\u00edlia. Aqui voc\u00ea encontra as \u00faltimas not\u00edcias do DF, do Brasil e do mundo.","potentialAction":[{"@type":"SearchAction","target":{"@type":"EntryPoint","urlTemplate":"https:\/\/www.correiobraziliense.com.br\/aqui\/?s={search_term_string}"},"query-input":{"@type":"PropertyValueSpecification","valueRequired":true,"valueName":"search_term_string"}}],"inLanguage":"pt-BR"},{"@type":"Person","@id":"https:\/\/www.correiobraziliense.com.br\/aqui\/#\/schema\/person\/36d094a725ba56bbeb370a877862a002","name":"Lucas","image":{"@type":"ImageObject","inLanguage":"pt-BR","@id":"https:\/\/www.correiobraziliense.com.br\/aqui\/#\/schema\/person\/image\/","url":"https:\/\/secure.gravatar.com\/avatar\/eb1dd4a751dca39c233b091fb7b8ce9ef1608850325ab98ff1fbe898fcef0908?s=96&d=mm&r=g","contentUrl":"https:\/\/secure.gravatar.com\/avatar\/eb1dd4a751dca39c233b091fb7b8ce9ef1608850325ab98ff1fbe898fcef0908?s=96&d=mm&r=g","caption":"Lucas"},"url":"https:\/\/www.correiobraziliense.com.br\/aqui\/author\/lucasaqui\/"}]}},"_links":{"self":[{"href":"https:\/\/www.correiobraziliense.com.br\/aqui\/wp-json\/wp\/v2\/posts\/28142","targetHints":{"allow":["GET"]}}],"collection":[{"href":"https:\/\/www.correiobraziliense.com.br\/aqui\/wp-json\/wp\/v2\/posts"}],"about":[{"href":"https:\/\/www.correiobraziliense.com.br\/aqui\/wp-json\/wp\/v2\/types\/post"}],"author":[{"embeddable":true,"href":"https:\/\/www.correiobraziliense.com.br\/aqui\/wp-json\/wp\/v2\/users\/9"}],"replies":[{"embeddable":true,"href":"https:\/\/www.correiobraziliense.com.br\/aqui\/wp-json\/wp\/v2\/comments?post=28142"}],"version-history":[{"count":1,"href":"https:\/\/www.correiobraziliense.com.br\/aqui\/wp-json\/wp\/v2\/posts\/28142\/revisions"}],"predecessor-version":[{"id":28144,"href":"https:\/\/www.correiobraziliense.com.br\/aqui\/wp-json\/wp\/v2\/posts\/28142\/revisions\/28144"}],"wp:featuredmedia":[{"embeddable":true,"href":"https:\/\/www.correiobraziliense.com.br\/aqui\/wp-json\/wp\/v2\/media\/28143"}],"wp:attachment":[{"href":"https:\/\/www.correiobraziliense.com.br\/aqui\/wp-json\/wp\/v2\/media?parent=28142"}],"wp:term":[{"taxonomy":"category","embeddable":true,"href":"https:\/\/www.correiobraziliense.com.br\/aqui\/wp-json\/wp\/v2\/categories?post=28142"},{"taxonomy":"post_tag","embeddable":true,"href":"https:\/\/www.correiobraziliense.com.br\/aqui\/wp-json\/wp\/v2\/tags?post=28142"}],"curies":[{"name":"wp","href":"https:\/\/api.w.org\/{rel}","templated":true}]}}