{"id":28154,"date":"2026-04-27T17:59:51","date_gmt":"2026-04-27T20:59:51","guid":{"rendered":"https:\/\/www.correiobraziliense.com.br\/aqui\/?p=28154"},"modified":"2026-04-27T17:59:54","modified_gmt":"2026-04-27T20:59:54","slug":"as-5-taxas-mais-curiosas-ou-polemicas-que-existem-hoje-no-brasil","status":"publish","type":"post","link":"https:\/\/www.correiobraziliense.com.br\/aqui\/2026\/04\/27\/as-5-taxas-mais-curiosas-ou-polemicas-que-existem-hoje-no-brasil\/","title":{"rendered":"As 5 taxas mais curiosas ou pol\u00eamicas que existem hoje no Brasil"},"content":{"rendered":"\n<p>O sistema tribut\u00e1rio brasileiro \u00e9 conhecido por sua complexidade, mas al\u00e9m dos impostos mais famosos, como o Imposto de Renda, existem diversas cobran\u00e7as municipais e estaduais que chamam a aten\u00e7\u00e3o. Muitas vezes inclu\u00eddas em contas do dia a dia ou no carn\u00ea do IPTU, essas taxas financiam servi\u00e7os espec\u00edficos e geram debates sobre sua real necessidade ou legalidade.<\/p>\n\n\n\n<p>Enquanto algumas s\u00e3o vistas como essenciais para a manuten\u00e7\u00e3o de servi\u00e7os p\u00fablicos, outras geram debates sobre sua legalidade e forma de aplica\u00e7\u00e3o, com decis\u00f5es judiciais recentes pacificando parte das controv\u00e9rsias. Conhecer essas cobran\u00e7as ajuda a entender melhor para onde vai o <a target=\"_blank\" rel=\"noreferrer noopener\" href=\"https:\/\/www.correiobraziliense.com.br\/economia\/2026\/01\/7325032-prefeituras-iniciam-contagem-regressiva-para-as-mudancas.html\">dinheiro pago em tributos<\/a> e como a gest\u00e3o p\u00fablica funciona em diferentes partes do pa\u00eds. Abaixo, listamos cinco exemplos que se destacam no cen\u00e1rio nacional.<\/p>\n\n\n\n<ul class=\"wp-block-list\">\n<li><strong>Taxa de Preven\u00e7\u00e3o e Extin\u00e7\u00e3o de Inc\u00eandio<\/strong><br>Presente em diversos estados, essa cobran\u00e7a custeia os servi\u00e7os do Corpo de Bombeiros. Por muito tempo, sua legalidade foi debatida, mas em uma importante mudan\u00e7a de jurisprud\u00eancia em mar\u00e7o de 2025, o Supremo Tribunal Federal (STF) considerou as taxas <strong>estaduais<\/strong> de preven\u00e7\u00e3o e combate a inc\u00eandios constitucionais. A decis\u00e3o, no entanto, mant\u00e9m a inconstitucionalidade de taxas semelhantes quando criadas por <strong>munic\u00edpios<\/strong>. Hoje, a pol\u00eamica persiste em torno dos crit\u00e9rios de c\u00e1lculo e da forma de cobran\u00e7a, mas n\u00e3o mais sobre a validade da taxa em \u00e2mbito estadual.<\/li>\n\n\n\n<li><strong>Contribui\u00e7\u00e3o para o Custeio da Ilumina\u00e7\u00e3o P\u00fablica (COSIP)<\/strong><br>Se voc\u00ea j\u00e1 olhou sua <a href=\"https:\/\/www.correiobraziliense.com.br\/economia\/2025\/07\/7198466-governo-edita-mp-com-objetivo-de-conter-alta-da-conta-de-luz.html\" target=\"_blank\" rel=\"noreferrer noopener\">conta de luz<\/a> com aten\u00e7\u00e3o, provavelmente encontrou essa contribui\u00e7\u00e3o. Inserida diretamente na fatura de energia el\u00e9trica, a COSIP financia a instala\u00e7\u00e3o, manuten\u00e7\u00e3o e melhoria da <a href=\"https:\/\/www.correiobraziliense.com.br\/cidades-df\/2025\/12\/7323779-novo-ano-taxa-nova-gdf-reajusta-taxas-de-iluminacao-e-limpeza-no-df.html\" target=\"_blank\" rel=\"noreferrer noopener\">ilumina\u00e7\u00e3o p\u00fablica<\/a> nas ruas e pra\u00e7as da cidade. Apesar de sua import\u00e2ncia, a forma de c\u00e1lculo e a transpar\u00eancia na aplica\u00e7\u00e3o dos recursos s\u00e3o frequentemente questionadas.<\/li>\n\n\n\n<li><strong>Taxa de Fiscaliza\u00e7\u00e3o de Elevadores<\/strong><br>Moradores de condom\u00ednios em grandes cidades como S\u00e3o Paulo e Rio de Janeiro costumam arcar com essa despesa. O valor serve para custear a fiscaliza\u00e7\u00e3o peri\u00f3dica dos equipamentos, garantindo a seguran\u00e7a dos usu\u00e1rios. \u00c9 uma cobran\u00e7a bastante espec\u00edfica, direcionada a um pequeno grupo de contribuintes, o que a torna curiosa para a maioria da popula\u00e7\u00e3o.<\/li>\n\n\n\n<li><strong>Taxa de Coleta Domiciliar de Lixo<\/strong><br>Embora a coleta de lixo seja um servi\u00e7o b\u00e1sico, a forma como \u00e9 cobrada varia. Em muitas cidades, a taxa vem junto com o carn\u00ea do <a href=\"https:\/\/www.correiobraziliense.com.br\/cidades-df\/2025\/05\/7134724-pagamento-do-iptu-comeca-a-vencer-a-partir-da-semana-de-12-5.html\" target=\"_blank\" rel=\"noreferrer noopener\">IPTU<\/a>, mas em outras, \u00e9 uma cobran\u00e7a separada. O debate gira em torno da justi\u00e7a do c\u00e1lculo, que geralmente se baseia no tamanho do im\u00f3vel, e n\u00e3o na quantidade de lixo produzida por seus moradores.<\/li>\n\n\n\n<li><strong>Taxa de Fiscaliza\u00e7\u00e3o de An\u00fancios (TFA)<\/strong><br>Empresas que instalam placas, letreiros ou outdoors para divulgar suas marcas precisam pagar essa taxa em muitas cidades. O objetivo \u00e9 controlar a polui\u00e7\u00e3o visual e ordenar o espa\u00e7o urbano. Para o cidad\u00e3o comum, \u00e9 uma cobran\u00e7a pouco conhecida, mas que impacta diretamente o custo operacional de estabelecimentos comerciais.<\/li>\n<\/ul>\n\n\n\n<p><\/p>\n","protected":false},"excerpt":{"rendered":"<p>O sistema tribut\u00e1rio brasileiro \u00e9 conhecido por sua complexidade, mas al\u00e9m dos impostos mais famosos, como o Imposto de Renda, existem diversas cobran\u00e7as municipais e estaduais que chamam a aten\u00e7\u00e3o. Muitas vezes inclu\u00eddas em contas do dia a dia ou no carn\u00ea do IPTU, essas taxas financiam servi\u00e7os espec\u00edficos e geram debates sobre sua real [&hellip;]<\/p>\n","protected":false},"author":9,"featured_media":28156,"comment_status":"open","ping_status":"open","sticky":false,"template":"","format":"standard","meta":{"jnews-multi-image_gallery":[],"jnews_single_post":{"format":"standard"},"jnews_primary_category":[],"jnews_social_meta":[],"jnews_override_counter":[],"footnotes":""},"categories":[120],"tags":[157,1125,8102,110],"class_list":["post-28154","post","type-post","status-publish","format-standard","has-post-thumbnail","hentry","category-curiosidades","tag-brasil","tag-curiosidades","tag-polemicas","tag-taxas"],"yoast_head":"<!-- This site is optimized with the Yoast SEO plugin v25.1 - https:\/\/yoast.com\/wordpress\/plugins\/seo\/ -->\n<title>As 5 taxas mais curiosas ou pol\u00eamicas que existem hoje no Brasil - Correio Braziliense - Aqui<\/title>\n<meta name=\"description\" content=\"Da taxa de inc\u00eandio \u00e0 de fiscaliza\u00e7\u00e3o de elevadores; conhe\u00e7a algumas cobran\u00e7as inusitadas que s\u00e3o aplicadas por munic\u00edpios e estados no pa\u00eds\" \/>\n<meta name=\"robots\" content=\"index, follow, max-snippet:-1, max-image-preview:large, max-video-preview:-1\" \/>\n<link rel=\"canonical\" href=\"https:\/\/www.correiobraziliense.com.br\/aqui\/2026\/04\/27\/as-5-taxas-mais-curiosas-ou-polemicas-que-existem-hoje-no-brasil\/\" \/>\n<meta property=\"og:locale\" content=\"pt_BR\" \/>\n<meta property=\"og:type\" content=\"article\" \/>\n<meta property=\"og:title\" content=\"As 5 taxas mais curiosas ou pol\u00eamicas que existem hoje no Brasil - Correio Braziliense - Aqui\" \/>\n<meta property=\"og:description\" content=\"Da taxa de inc\u00eandio \u00e0 de fiscaliza\u00e7\u00e3o de elevadores; conhe\u00e7a algumas cobran\u00e7as inusitadas que s\u00e3o aplicadas por munic\u00edpios e estados no pa\u00eds\" \/>\n<meta property=\"og:url\" content=\"https:\/\/www.correiobraziliense.com.br\/aqui\/2026\/04\/27\/as-5-taxas-mais-curiosas-ou-polemicas-que-existem-hoje-no-brasil\/\" \/>\n<meta property=\"og:site_name\" content=\"Correio Braziliense - Aqui\" \/>\n<meta property=\"article:published_time\" content=\"2026-04-27T20:59:51+00:00\" \/>\n<meta property=\"article:modified_time\" content=\"2026-04-27T20:59:54+00:00\" \/>\n<meta property=\"og:image\" content=\"https:\/\/www.correiobraziliense.com.br\/aqui\/wp-content\/uploads\/2026\/04\/bills_1777323577023.jpg\" \/>\n\t<meta property=\"og:image:width\" content=\"1280\" \/>\n\t<meta property=\"og:image:height\" content=\"720\" \/>\n\t<meta property=\"og:image:type\" content=\"image\/jpeg\" \/>\n<meta name=\"author\" content=\"Lucas\" \/>\n<meta name=\"twitter:card\" content=\"summary_large_image\" \/>\n<meta name=\"twitter:label1\" content=\"Escrito por\" \/>\n\t<meta name=\"twitter:data1\" content=\"Lucas\" \/>\n\t<meta name=\"twitter:label2\" content=\"Est. tempo de leitura\" \/>\n\t<meta name=\"twitter:data2\" content=\"3 minutos\" \/>\n<!-- \/ Yoast SEO plugin. -->","yoast_head_json":{"title":"As 5 taxas mais curiosas ou pol\u00eamicas que existem hoje no Brasil - Correio Braziliense - Aqui","description":"Da taxa de inc\u00eandio \u00e0 de fiscaliza\u00e7\u00e3o de elevadores; conhe\u00e7a algumas cobran\u00e7as inusitadas que s\u00e3o aplicadas por munic\u00edpios e estados no pa\u00eds","robots":{"index":"index","follow":"follow","max-snippet":"max-snippet:-1","max-image-preview":"max-image-preview:large","max-video-preview":"max-video-preview:-1"},"canonical":"https:\/\/www.correiobraziliense.com.br\/aqui\/2026\/04\/27\/as-5-taxas-mais-curiosas-ou-polemicas-que-existem-hoje-no-brasil\/","og_locale":"pt_BR","og_type":"article","og_title":"As 5 taxas mais curiosas ou pol\u00eamicas que existem hoje no Brasil - Correio Braziliense - Aqui","og_description":"Da taxa de inc\u00eandio \u00e0 de fiscaliza\u00e7\u00e3o de elevadores; conhe\u00e7a algumas cobran\u00e7as inusitadas que s\u00e3o aplicadas por munic\u00edpios e estados no pa\u00eds","og_url":"https:\/\/www.correiobraziliense.com.br\/aqui\/2026\/04\/27\/as-5-taxas-mais-curiosas-ou-polemicas-que-existem-hoje-no-brasil\/","og_site_name":"Correio Braziliense - Aqui","article_published_time":"2026-04-27T20:59:51+00:00","article_modified_time":"2026-04-27T20:59:54+00:00","og_image":[{"width":1280,"height":720,"url":"https:\/\/www.correiobraziliense.com.br\/aqui\/wp-content\/uploads\/2026\/04\/bills_1777323577023.jpg","type":"image\/jpeg"}],"author":"Lucas","twitter_card":"summary_large_image","twitter_misc":{"Escrito por":"Lucas","Est. tempo de leitura":"3 minutos"},"schema":{"@context":"https:\/\/schema.org","@graph":[{"@type":"WebPage","@id":"https:\/\/www.correiobraziliense.com.br\/aqui\/2026\/04\/27\/as-5-taxas-mais-curiosas-ou-polemicas-que-existem-hoje-no-brasil\/","url":"https:\/\/www.correiobraziliense.com.br\/aqui\/2026\/04\/27\/as-5-taxas-mais-curiosas-ou-polemicas-que-existem-hoje-no-brasil\/","name":"As 5 taxas mais curiosas ou pol\u00eamicas que existem hoje no Brasil - Correio Braziliense - Aqui","isPartOf":{"@id":"https:\/\/www.correiobraziliense.com.br\/aqui\/#website"},"primaryImageOfPage":{"@id":"https:\/\/www.correiobraziliense.com.br\/aqui\/2026\/04\/27\/as-5-taxas-mais-curiosas-ou-polemicas-que-existem-hoje-no-brasil\/#primaryimage"},"image":{"@id":"https:\/\/www.correiobraziliense.com.br\/aqui\/2026\/04\/27\/as-5-taxas-mais-curiosas-ou-polemicas-que-existem-hoje-no-brasil\/#primaryimage"},"thumbnailUrl":"https:\/\/www.correiobraziliense.com.br\/aqui\/wp-content\/uploads\/2026\/04\/bills_1777323577023.jpg","datePublished":"2026-04-27T20:59:51+00:00","dateModified":"2026-04-27T20:59:54+00:00","author":{"@id":"https:\/\/www.correiobraziliense.com.br\/aqui\/#\/schema\/person\/36d094a725ba56bbeb370a877862a002"},"description":"Da taxa de inc\u00eandio \u00e0 de fiscaliza\u00e7\u00e3o de elevadores; conhe\u00e7a algumas cobran\u00e7as inusitadas que s\u00e3o aplicadas por munic\u00edpios e estados no pa\u00eds","breadcrumb":{"@id":"https:\/\/www.correiobraziliense.com.br\/aqui\/2026\/04\/27\/as-5-taxas-mais-curiosas-ou-polemicas-que-existem-hoje-no-brasil\/#breadcrumb"},"inLanguage":"pt-BR","potentialAction":[{"@type":"ReadAction","target":["https:\/\/www.correiobraziliense.com.br\/aqui\/2026\/04\/27\/as-5-taxas-mais-curiosas-ou-polemicas-que-existem-hoje-no-brasil\/"]}]},{"@type":"ImageObject","inLanguage":"pt-BR","@id":"https:\/\/www.correiobraziliense.com.br\/aqui\/2026\/04\/27\/as-5-taxas-mais-curiosas-ou-polemicas-que-existem-hoje-no-brasil\/#primaryimage","url":"https:\/\/www.correiobraziliense.com.br\/aqui\/wp-content\/uploads\/2026\/04\/bills_1777323577023.jpg","contentUrl":"https:\/\/www.correiobraziliense.com.br\/aqui\/wp-content\/uploads\/2026\/04\/bills_1777323577023.jpg","width":1280,"height":720,"caption":"Cr\u00e9ditos: depositphotos.com \/ artistan"},{"@type":"BreadcrumbList","@id":"https:\/\/www.correiobraziliense.com.br\/aqui\/2026\/04\/27\/as-5-taxas-mais-curiosas-ou-polemicas-que-existem-hoje-no-brasil\/#breadcrumb","itemListElement":[{"@type":"ListItem","position":1,"name":"In\u00edcio","item":"https:\/\/www.correiobraziliense.com.br\/aqui\/"},{"@type":"ListItem","position":2,"name":"As 5 taxas mais curiosas ou pol\u00eamicas que existem hoje no Brasil"}]},{"@type":"WebSite","@id":"https:\/\/www.correiobraziliense.com.br\/aqui\/#website","url":"https:\/\/www.correiobraziliense.com.br\/aqui\/","name":"Correio Braziliense - Aqui","description":"O Correio Braziliense (CB) \u00e9 o mais importante canal de not\u00edcias de Bras\u00edlia. Aqui voc\u00ea encontra as \u00faltimas not\u00edcias do DF, do Brasil e do mundo.","potentialAction":[{"@type":"SearchAction","target":{"@type":"EntryPoint","urlTemplate":"https:\/\/www.correiobraziliense.com.br\/aqui\/?s={search_term_string}"},"query-input":{"@type":"PropertyValueSpecification","valueRequired":true,"valueName":"search_term_string"}}],"inLanguage":"pt-BR"},{"@type":"Person","@id":"https:\/\/www.correiobraziliense.com.br\/aqui\/#\/schema\/person\/36d094a725ba56bbeb370a877862a002","name":"Lucas","image":{"@type":"ImageObject","inLanguage":"pt-BR","@id":"https:\/\/www.correiobraziliense.com.br\/aqui\/#\/schema\/person\/image\/","url":"https:\/\/secure.gravatar.com\/avatar\/eb1dd4a751dca39c233b091fb7b8ce9ef1608850325ab98ff1fbe898fcef0908?s=96&d=mm&r=g","contentUrl":"https:\/\/secure.gravatar.com\/avatar\/eb1dd4a751dca39c233b091fb7b8ce9ef1608850325ab98ff1fbe898fcef0908?s=96&d=mm&r=g","caption":"Lucas"},"url":"https:\/\/www.correiobraziliense.com.br\/aqui\/author\/lucasaqui\/"}]}},"_links":{"self":[{"href":"https:\/\/www.correiobraziliense.com.br\/aqui\/wp-json\/wp\/v2\/posts\/28154","targetHints":{"allow":["GET"]}}],"collection":[{"href":"https:\/\/www.correiobraziliense.com.br\/aqui\/wp-json\/wp\/v2\/posts"}],"about":[{"href":"https:\/\/www.correiobraziliense.com.br\/aqui\/wp-json\/wp\/v2\/types\/post"}],"author":[{"embeddable":true,"href":"https:\/\/www.correiobraziliense.com.br\/aqui\/wp-json\/wp\/v2\/users\/9"}],"replies":[{"embeddable":true,"href":"https:\/\/www.correiobraziliense.com.br\/aqui\/wp-json\/wp\/v2\/comments?post=28154"}],"version-history":[{"count":1,"href":"https:\/\/www.correiobraziliense.com.br\/aqui\/wp-json\/wp\/v2\/posts\/28154\/revisions"}],"predecessor-version":[{"id":28157,"href":"https:\/\/www.correiobraziliense.com.br\/aqui\/wp-json\/wp\/v2\/posts\/28154\/revisions\/28157"}],"wp:featuredmedia":[{"embeddable":true,"href":"https:\/\/www.correiobraziliense.com.br\/aqui\/wp-json\/wp\/v2\/media\/28156"}],"wp:attachment":[{"href":"https:\/\/www.correiobraziliense.com.br\/aqui\/wp-json\/wp\/v2\/media?parent=28154"}],"wp:term":[{"taxonomy":"category","embeddable":true,"href":"https:\/\/www.correiobraziliense.com.br\/aqui\/wp-json\/wp\/v2\/categories?post=28154"},{"taxonomy":"post_tag","embeddable":true,"href":"https:\/\/www.correiobraziliense.com.br\/aqui\/wp-json\/wp\/v2\/tags?post=28154"}],"curies":[{"name":"wp","href":"https:\/\/api.w.org\/{rel}","templated":true}]}}