{"id":28158,"date":"2026-04-27T18:01:49","date_gmt":"2026-04-27T21:01:49","guid":{"rendered":"https:\/\/www.correiobraziliense.com.br\/aqui\/?p=28158"},"modified":"2026-04-27T18:01:53","modified_gmt":"2026-04-27T21:01:53","slug":"qual-a-diferenca-entre-taxa-imposto-e-contribuicao-entenda-de-vez","status":"publish","type":"post","link":"https:\/\/www.correiobraziliense.com.br\/aqui\/2026\/04\/27\/qual-a-diferenca-entre-taxa-imposto-e-contribuicao-entenda-de-vez\/","title":{"rendered":"Qual a diferen\u00e7a entre taxa, imposto e contribui\u00e7\u00e3o? Entenda de vez"},"content":{"rendered":"\n<p>Imposto, taxa e contribui\u00e7\u00e3o. Voc\u00ea certamente j\u00e1 ouviu essas palavras no notici\u00e1rio, mas entender a diferen\u00e7a entre elas pode ser um desafio. Embora todos sejam tributos, ou seja, valores que pagamos ao governo, o destino e a finalidade do dinheiro arrecadado s\u00e3o bem distintos. Saber o que cada um significa ajuda a compreender para onde vai o seu dinheiro e como os servi\u00e7os p\u00fablicos s\u00e3o financiados.<\/p>\n\n\n\n<p><a target=\"_blank\" rel=\"noreferrer noopener\" href=\"https:\/\/www.correiobraziliense.com.br\/direito-e-justica\/2025\/08\/7220246-o-iof-e-sua-natureza-regulatoria.html\">A principal caracter\u00edstica dos impostos<\/a> \u00e9 que o valor pago n\u00e3o est\u00e1 vinculado a um servi\u00e7o espec\u00edfico que o cidad\u00e3o recebe em troca. O dinheiro vai para um caixa \u00fanico do governo, seja ele federal, estadual ou municipal, e \u00e9 usado para custear <a target=\"_blank\" rel=\"noreferrer noopener\" href=\"https:\/\/www.correiobraziliense.com.br\/revista-do-correio\/2025\/03\/7075647-entenda-os-conceitos-e-as-classificacoes-de-despesa-publica.html\">despesas p\u00fablicas gerais<\/a>. Sa\u00fade, educa\u00e7\u00e3o, seguran\u00e7a e infraestrutura s\u00e3o alguns exemplos de \u00e1reas que dependem dessa arrecada\u00e7\u00e3o.<\/p>\n\n\n\n<p>Entre os impostos mais conhecidos est\u00e3o o <a target=\"_blank\" rel=\"noreferrer noopener\" href=\"https:\/\/www.correiobraziliense.com.br\/politica\/2025\/03\/7086147-esta-sobrando-dinheiro-projeto-permite-pagar-mais-ir-a-receita-federal.html\">Imposto de Renda (IR)<\/a>, cobrado sobre os ganhos de pessoas e empresas, o Imposto sobre Produtos Industrializados (IPI) e o Imposto sobre a Propriedade de Ve\u00edculos Automotores (IPVA).<\/p>\n\n\n\n<h2 class=\"wp-block-heading\">E a taxa, para que serve?<\/h2>\n\n\n\n<p>Diferentemente do imposto, a taxa est\u00e1 sempre ligada a um servi\u00e7o p\u00fablico espec\u00edfico, prestado diretamente ao cidad\u00e3o ou colocado \u00e0 sua disposi\u00e7\u00e3o. \u00c9 uma contrapartida clara. Se voc\u00ea paga uma taxa, \u00e9 porque est\u00e1 usando ou pode usar um servi\u00e7o oferecido pelo poder p\u00fablico. <a target=\"_blank\" rel=\"noreferrer noopener\" href=\"https:\/\/www.correiobraziliense.com.br\/cb-brands\/brandedcontent\/shein\/2025\/04\/7120061-por-tras-das-telas-como-os-tributos-afetam-o-comportamento-de-consumo.html\">O dinheiro arrecadado com ela<\/a> serve exclusivamente para cobrir os custos daquela atividade.<\/p>\n\n\n\n<p>Exemplos pr\u00e1ticos facilitam o entendimento. A taxa de emiss\u00e3o de passaporte, por exemplo, financia o servi\u00e7o de expedi\u00e7\u00e3o do documento. A taxa de coleta de lixo remunera a prefeitura pela limpeza urbana. Outros exemplos incluem as taxas cobradas em processos judiciais, conhecidas como custas processuais, e a taxa de licenciamento anual de ve\u00edculos.<\/p>\n\n\n\n<h2 class=\"wp-block-heading\">O que define uma contribui\u00e7\u00e3o?<\/h2>\n\n\n\n<p>As contribui\u00e7\u00f5es tamb\u00e9m t\u00eam uma finalidade espec\u00edfica, mas geralmente est\u00e3o ligadas a objetivos sociais ou \u00e0 interven\u00e7\u00e3o do Estado em um setor econ\u00f4mico. O dinheiro arrecadado com elas tem destino carimbado e n\u00e3o pode ser usado para outra finalidade que n\u00e3o seja a prevista em lei. \u00c9 uma arrecada\u00e7\u00e3o direcionada para um grupo ou benef\u00edcio determinado.<\/p>\n\n\n\n<p>A mais famosa \u00e9 a contribui\u00e7\u00e3o ao Instituto Nacional do Seguro Social (INSS), que financia aposentadorias, pens\u00f5es e aux\u00edlios da Previd\u00eancia Social. Outros exemplos importantes s\u00e3o o PIS\/Pasep, voltado para o pagamento do seguro-desemprego e do abono salarial, e as contribui\u00e7\u00f5es destinadas a entidades como o Sesi e o Senai.<\/p>\n\n\n\n<p><\/p>\n","protected":false},"excerpt":{"rendered":"<p>Imposto, taxa e contribui\u00e7\u00e3o. Voc\u00ea certamente j\u00e1 ouviu essas palavras no notici\u00e1rio, mas entender a diferen\u00e7a entre elas pode ser um desafio. Embora todos sejam tributos, ou seja, valores que pagamos ao governo, o destino e a finalidade do dinheiro arrecadado s\u00e3o bem distintos. Saber o que cada um significa ajuda a compreender para onde [&hellip;]<\/p>\n","protected":false},"author":9,"featured_media":28159,"comment_status":"open","ping_status":"open","sticky":false,"template":"","format":"standard","meta":{"jnews-multi-image_gallery":[],"jnews_single_post":{"format":"standard"},"jnews_primary_category":[],"jnews_social_meta":[],"jnews_override_counter":[],"footnotes":""},"categories":[120],"tags":[8690,5507,604,603],"class_list":["post-28158","post","type-post","status-publish","format-standard","has-post-thumbnail","hentry","category-curiosidades","tag-contribuicao","tag-diferenca","tag-imposto","tag-taxa"],"yoast_head":"<!-- This site is optimized with the Yoast SEO plugin v25.1 - https:\/\/yoast.com\/wordpress\/plugins\/seo\/ -->\n<title>Qual a diferen\u00e7a entre taxa, imposto e contribui\u00e7\u00e3o? Entenda de vez - Correio Braziliense - Aqui<\/title>\n<meta name=\"description\" content=\"Os termos aparecem todo dia no notici\u00e1rio, mas geram muita confus\u00e3o; saiba o que significa cada um e para onde vai o dinheiro que voc\u00ea paga\" \/>\n<meta name=\"robots\" content=\"index, follow, max-snippet:-1, max-image-preview:large, max-video-preview:-1\" \/>\n<link rel=\"canonical\" href=\"https:\/\/www.correiobraziliense.com.br\/aqui\/2026\/04\/27\/qual-a-diferenca-entre-taxa-imposto-e-contribuicao-entenda-de-vez\/\" \/>\n<meta property=\"og:locale\" content=\"pt_BR\" \/>\n<meta property=\"og:type\" content=\"article\" \/>\n<meta property=\"og:title\" content=\"Qual a diferen\u00e7a entre taxa, imposto e contribui\u00e7\u00e3o? Entenda de vez - Correio Braziliense - Aqui\" \/>\n<meta property=\"og:description\" content=\"Os termos aparecem todo dia no notici\u00e1rio, mas geram muita confus\u00e3o; saiba o que significa cada um e para onde vai o dinheiro que voc\u00ea paga\" \/>\n<meta property=\"og:url\" content=\"https:\/\/www.correiobraziliense.com.br\/aqui\/2026\/04\/27\/qual-a-diferenca-entre-taxa-imposto-e-contribuicao-entenda-de-vez\/\" \/>\n<meta property=\"og:site_name\" content=\"Correio Braziliense - Aqui\" \/>\n<meta property=\"article:published_time\" content=\"2026-04-27T21:01:49+00:00\" \/>\n<meta property=\"article:modified_time\" content=\"2026-04-27T21:01:53+00:00\" \/>\n<meta property=\"og:image\" content=\"https:\/\/www.correiobraziliense.com.br\/aqui\/wp-content\/uploads\/2026\/04\/bills_1777323689610.jpg\" \/>\n\t<meta property=\"og:image:width\" content=\"1280\" \/>\n\t<meta property=\"og:image:height\" content=\"720\" \/>\n\t<meta property=\"og:image:type\" content=\"image\/jpeg\" \/>\n<meta name=\"author\" content=\"Lucas\" \/>\n<meta name=\"twitter:card\" content=\"summary_large_image\" \/>\n<meta name=\"twitter:label1\" content=\"Escrito por\" \/>\n\t<meta name=\"twitter:data1\" content=\"Lucas\" \/>\n\t<meta name=\"twitter:label2\" content=\"Est. tempo de leitura\" \/>\n\t<meta name=\"twitter:data2\" content=\"3 minutos\" \/>\n<!-- \/ Yoast SEO plugin. -->","yoast_head_json":{"title":"Qual a diferen\u00e7a entre taxa, imposto e contribui\u00e7\u00e3o? Entenda de vez - Correio Braziliense - Aqui","description":"Os termos aparecem todo dia no notici\u00e1rio, mas geram muita confus\u00e3o; saiba o que significa cada um e para onde vai o dinheiro que voc\u00ea paga","robots":{"index":"index","follow":"follow","max-snippet":"max-snippet:-1","max-image-preview":"max-image-preview:large","max-video-preview":"max-video-preview:-1"},"canonical":"https:\/\/www.correiobraziliense.com.br\/aqui\/2026\/04\/27\/qual-a-diferenca-entre-taxa-imposto-e-contribuicao-entenda-de-vez\/","og_locale":"pt_BR","og_type":"article","og_title":"Qual a diferen\u00e7a entre taxa, imposto e contribui\u00e7\u00e3o? Entenda de vez - Correio Braziliense - Aqui","og_description":"Os termos aparecem todo dia no notici\u00e1rio, mas geram muita confus\u00e3o; saiba o que significa cada um e para onde vai o dinheiro que voc\u00ea paga","og_url":"https:\/\/www.correiobraziliense.com.br\/aqui\/2026\/04\/27\/qual-a-diferenca-entre-taxa-imposto-e-contribuicao-entenda-de-vez\/","og_site_name":"Correio Braziliense - Aqui","article_published_time":"2026-04-27T21:01:49+00:00","article_modified_time":"2026-04-27T21:01:53+00:00","og_image":[{"width":1280,"height":720,"url":"https:\/\/www.correiobraziliense.com.br\/aqui\/wp-content\/uploads\/2026\/04\/bills_1777323689610.jpg","type":"image\/jpeg"}],"author":"Lucas","twitter_card":"summary_large_image","twitter_misc":{"Escrito por":"Lucas","Est. tempo de leitura":"3 minutos"},"schema":{"@context":"https:\/\/schema.org","@graph":[{"@type":"WebPage","@id":"https:\/\/www.correiobraziliense.com.br\/aqui\/2026\/04\/27\/qual-a-diferenca-entre-taxa-imposto-e-contribuicao-entenda-de-vez\/","url":"https:\/\/www.correiobraziliense.com.br\/aqui\/2026\/04\/27\/qual-a-diferenca-entre-taxa-imposto-e-contribuicao-entenda-de-vez\/","name":"Qual a diferen\u00e7a entre taxa, imposto e contribui\u00e7\u00e3o? Entenda de vez - Correio Braziliense - Aqui","isPartOf":{"@id":"https:\/\/www.correiobraziliense.com.br\/aqui\/#website"},"primaryImageOfPage":{"@id":"https:\/\/www.correiobraziliense.com.br\/aqui\/2026\/04\/27\/qual-a-diferenca-entre-taxa-imposto-e-contribuicao-entenda-de-vez\/#primaryimage"},"image":{"@id":"https:\/\/www.correiobraziliense.com.br\/aqui\/2026\/04\/27\/qual-a-diferenca-entre-taxa-imposto-e-contribuicao-entenda-de-vez\/#primaryimage"},"thumbnailUrl":"https:\/\/www.correiobraziliense.com.br\/aqui\/wp-content\/uploads\/2026\/04\/bills_1777323689610.jpg","datePublished":"2026-04-27T21:01:49+00:00","dateModified":"2026-04-27T21:01:53+00:00","author":{"@id":"https:\/\/www.correiobraziliense.com.br\/aqui\/#\/schema\/person\/36d094a725ba56bbeb370a877862a002"},"description":"Os termos aparecem todo dia no notici\u00e1rio, mas geram muita confus\u00e3o; saiba o que significa cada um e para onde vai o dinheiro que voc\u00ea paga","breadcrumb":{"@id":"https:\/\/www.correiobraziliense.com.br\/aqui\/2026\/04\/27\/qual-a-diferenca-entre-taxa-imposto-e-contribuicao-entenda-de-vez\/#breadcrumb"},"inLanguage":"pt-BR","potentialAction":[{"@type":"ReadAction","target":["https:\/\/www.correiobraziliense.com.br\/aqui\/2026\/04\/27\/qual-a-diferenca-entre-taxa-imposto-e-contribuicao-entenda-de-vez\/"]}]},{"@type":"ImageObject","inLanguage":"pt-BR","@id":"https:\/\/www.correiobraziliense.com.br\/aqui\/2026\/04\/27\/qual-a-diferenca-entre-taxa-imposto-e-contribuicao-entenda-de-vez\/#primaryimage","url":"https:\/\/www.correiobraziliense.com.br\/aqui\/wp-content\/uploads\/2026\/04\/bills_1777323689610.jpg","contentUrl":"https:\/\/www.correiobraziliense.com.br\/aqui\/wp-content\/uploads\/2026\/04\/bills_1777323689610.jpg","width":1280,"height":720,"caption":"Cr\u00e9ditos: depositphotos.com \/ VadimVasenin"},{"@type":"BreadcrumbList","@id":"https:\/\/www.correiobraziliense.com.br\/aqui\/2026\/04\/27\/qual-a-diferenca-entre-taxa-imposto-e-contribuicao-entenda-de-vez\/#breadcrumb","itemListElement":[{"@type":"ListItem","position":1,"name":"In\u00edcio","item":"https:\/\/www.correiobraziliense.com.br\/aqui\/"},{"@type":"ListItem","position":2,"name":"Qual a diferen\u00e7a entre taxa, imposto e contribui\u00e7\u00e3o? Entenda de vez"}]},{"@type":"WebSite","@id":"https:\/\/www.correiobraziliense.com.br\/aqui\/#website","url":"https:\/\/www.correiobraziliense.com.br\/aqui\/","name":"Correio Braziliense - Aqui","description":"O Correio Braziliense (CB) \u00e9 o mais importante canal de not\u00edcias de Bras\u00edlia. Aqui voc\u00ea encontra as \u00faltimas not\u00edcias do DF, do Brasil e do mundo.","potentialAction":[{"@type":"SearchAction","target":{"@type":"EntryPoint","urlTemplate":"https:\/\/www.correiobraziliense.com.br\/aqui\/?s={search_term_string}"},"query-input":{"@type":"PropertyValueSpecification","valueRequired":true,"valueName":"search_term_string"}}],"inLanguage":"pt-BR"},{"@type":"Person","@id":"https:\/\/www.correiobraziliense.com.br\/aqui\/#\/schema\/person\/36d094a725ba56bbeb370a877862a002","name":"Lucas","image":{"@type":"ImageObject","inLanguage":"pt-BR","@id":"https:\/\/www.correiobraziliense.com.br\/aqui\/#\/schema\/person\/image\/","url":"https:\/\/secure.gravatar.com\/avatar\/eb1dd4a751dca39c233b091fb7b8ce9ef1608850325ab98ff1fbe898fcef0908?s=96&d=mm&r=g","contentUrl":"https:\/\/secure.gravatar.com\/avatar\/eb1dd4a751dca39c233b091fb7b8ce9ef1608850325ab98ff1fbe898fcef0908?s=96&d=mm&r=g","caption":"Lucas"},"url":"https:\/\/www.correiobraziliense.com.br\/aqui\/author\/lucasaqui\/"}]}},"_links":{"self":[{"href":"https:\/\/www.correiobraziliense.com.br\/aqui\/wp-json\/wp\/v2\/posts\/28158","targetHints":{"allow":["GET"]}}],"collection":[{"href":"https:\/\/www.correiobraziliense.com.br\/aqui\/wp-json\/wp\/v2\/posts"}],"about":[{"href":"https:\/\/www.correiobraziliense.com.br\/aqui\/wp-json\/wp\/v2\/types\/post"}],"author":[{"embeddable":true,"href":"https:\/\/www.correiobraziliense.com.br\/aqui\/wp-json\/wp\/v2\/users\/9"}],"replies":[{"embeddable":true,"href":"https:\/\/www.correiobraziliense.com.br\/aqui\/wp-json\/wp\/v2\/comments?post=28158"}],"version-history":[{"count":1,"href":"https:\/\/www.correiobraziliense.com.br\/aqui\/wp-json\/wp\/v2\/posts\/28158\/revisions"}],"predecessor-version":[{"id":28160,"href":"https:\/\/www.correiobraziliense.com.br\/aqui\/wp-json\/wp\/v2\/posts\/28158\/revisions\/28160"}],"wp:featuredmedia":[{"embeddable":true,"href":"https:\/\/www.correiobraziliense.com.br\/aqui\/wp-json\/wp\/v2\/media\/28159"}],"wp:attachment":[{"href":"https:\/\/www.correiobraziliense.com.br\/aqui\/wp-json\/wp\/v2\/media?parent=28158"}],"wp:term":[{"taxonomy":"category","embeddable":true,"href":"https:\/\/www.correiobraziliense.com.br\/aqui\/wp-json\/wp\/v2\/categories?post=28158"},{"taxonomy":"post_tag","embeddable":true,"href":"https:\/\/www.correiobraziliense.com.br\/aqui\/wp-json\/wp\/v2\/tags?post=28158"}],"curies":[{"name":"wp","href":"https:\/\/api.w.org\/{rel}","templated":true}]}}