{"id":28161,"date":"2026-04-27T18:03:48","date_gmt":"2026-04-27T21:03:48","guid":{"rendered":"https:\/\/www.correiobraziliense.com.br\/aqui\/?p=28161"},"modified":"2026-04-27T18:03:51","modified_gmt":"2026-04-27T21:03:51","slug":"saude-mental-na-faculdade-como-o-estudante-de-medicina-lida-com-a-pressao","status":"publish","type":"post","link":"https:\/\/www.correiobraziliense.com.br\/aqui\/2026\/04\/27\/saude-mental-na-faculdade-como-o-estudante-de-medicina-lida-com-a-pressao\/","title":{"rendered":"Sa\u00fade mental na faculdade: como o estudante de medicina lida com a press\u00e3o"},"content":{"rendered":"\n<p>Uma intensa press\u00e3o psicol\u00f3gica e emocional marca a jornada para se tornar m\u00e9dico no Brasil. A rotina dos estudantes de medicina, repleta de aulas, estudos exaustivos e plant\u00f5es, tem levado a um aumento significativo nos casos de ansiedade, depress\u00e3o e esgotamento, conhecido como burnout. O que antes era visto como um rito de passagem natural da profiss\u00e3o hoje \u00e9 encarado como um grave problema de sa\u00fade p\u00fablica dentro das universidades.<\/p>\n\n\n\n<p>O sonho de vestir o jaleco branco muitas vezes esbarra em uma realidade de competitividade extrema e uma carga de responsabilidade que come\u00e7a muito cedo. A cobran\u00e7a por notas altas e um desempenho impec\u00e1vel gera um ambiente de constante avalia\u00e7\u00e3o, onde o medo de falhar se torna um companheiro di\u00e1rio. Com pouco tempo para o lazer, atividades f\u00edsicas ou conv\u00edvio social, o isolamento se torna um risco real.<\/p>\n\n\n\n<p>A transi\u00e7\u00e3o do ciclo b\u00e1sico para o internato, quando os alunos passam a atuar em hospitais, \u00e9 um dos momentos mais cr\u00edticos. \u00c9 nessa fase que eles lidam diretamente com o sofrimento, a dor e a morte, muitas vezes sem o preparo emocional adequado. Os plant\u00f5es noturnos e a priva\u00e7\u00e3o de sono agravam o quadro, afetando n\u00e3o apenas o <a target=\"_blank\" rel=\"noreferrer noopener\" href=\"https:\/\/www.correiobraziliense.com.br\/revista-do-correio\/2025\/09\/7249046-5-dicas-praticas-para-cuidar-da-saude-mental-no-dia-a-dia.html\">bem-estar<\/a>, mas tamb\u00e9m a capacidade de aprendizado e concentra\u00e7\u00e3o.<\/p>\n\n\n\n<h2 class=\"wp-block-heading\">Sinais de alerta e como buscar ajuda<\/h2>\n\n\n\n<p>Identificar os <a target=\"_blank\" rel=\"noreferrer noopener\" href=\"https:\/\/www.correiobraziliense.com.br\/revista-do-correio\/2025\/08\/7235656-5-sinais-de-que-a-sua-saude-mental-esta-pedindo-atencao.html\">sinais de que a sa\u00fade mental est\u00e1 em risco<\/a> \u00e9 o primeiro passo para a recupera\u00e7\u00e3o. O sentimento persistente de tristeza, a perda de interesse em atividades que antes eram prazerosas, a irritabilidade constante e as altera\u00e7\u00f5es no sono ou no apetite s\u00e3o sintomas que n\u00e3o devem ser ignorados. Muitos estudantes relutam em procurar ajuda por receio de demonstrar fraqueza em um ambiente t\u00e3o competitivo.<\/p>\n\n\n\n<p>Felizmente, a conscientiza\u00e7\u00e3o sobre o tema est\u00e1 crescendo. Como resposta, uma tend\u00eancia cada vez mais consolidada nas faculdades de medicina brasileiras \u00e9 a cria\u00e7\u00e3o de n\u00facleos de apoio psicopedag\u00f3gico, que oferecem atendimento psicol\u00f3gico gratuito e confidencial. Essa iniciativa \u00e9 crucial para criar uma rede de suporte dentro do pr\u00f3prio ambiente acad\u00eamico. Al\u00e9m do suporte institucional, algumas estrat\u00e9gias individuais s\u00e3o fundamentais para atravessar essa fase de forma mais saud\u00e1vel:<\/p>\n\n\n\n<ul class=\"wp-block-list\">\n<li><strong>Terapia:<\/strong> buscar um profissional de psicologia \u00e9 essencial para desenvolver ferramentas de enfrentamento e cuidar do <a href=\"https:\/\/www.correiobraziliense.com.br\/revista-do-correio\/2025\/05\/7136980-5-dicas-praticas-para-cuidar-da-saude-mental.html\" target=\"_blank\" rel=\"noreferrer noopener\">bem-estar emocional<\/a>.<\/li>\n\n\n\n<li><strong>Rede de apoio:<\/strong> manter o contato com amigos e familiares que n\u00e3o s\u00e3o da \u00e1rea m\u00e9dica ajuda a criar um espa\u00e7o de descompress\u00e3o.<\/li>\n\n\n\n<li><strong>Atividade f\u00edsica:<\/strong> exerc\u00edcios regulares s\u00e3o comprovadamente eficazes para reduzir o estresse e a ansiedade.<\/li>\n\n\n\n<li><strong>Hobbies e lazer:<\/strong> reservar um tempo na agenda para atividades prazerosas e que n\u00e3o tenham rela\u00e7\u00e3o com os estudos \u00e9 vital para a sa\u00fade mental.<\/li>\n\n\n\n<li><strong>Estabelecer limites:<\/strong> aprender a dizer n\u00e3o e a respeitar os pr\u00f3prios limites de estudo e descanso \u00e9 uma habilidade crucial para evitar o <a href=\"https:\/\/www.correiobraziliense.com.br\/mundo\/2025\/04\/7125794-os-sinais-de-alerta-de-burnout-que-voce-nao-deve-ignorar.html\" target=\"_blank\" rel=\"noreferrer noopener\">esgotamento<\/a>.<\/li>\n<\/ul>\n\n\n\n<p><\/p>\n","protected":false},"excerpt":{"rendered":"<p>Uma intensa press\u00e3o psicol\u00f3gica e emocional marca a jornada para se tornar m\u00e9dico no Brasil. A rotina dos estudantes de medicina, repleta de aulas, estudos exaustivos e plant\u00f5es, tem levado a um aumento significativo nos casos de ansiedade, depress\u00e3o e esgotamento, conhecido como burnout. O que antes era visto como um rito de passagem natural [&hellip;]<\/p>\n","protected":false},"author":9,"featured_media":28162,"comment_status":"open","ping_status":"open","sticky":false,"template":"","format":"standard","meta":{"jnews-multi-image_gallery":[],"jnews_single_post":{"format":"standard"},"jnews_primary_category":[],"jnews_social_meta":[],"jnews_override_counter":[],"footnotes":""},"categories":[123],"tags":[7651,7668,1200,5435,8848,141,234],"class_list":["post-28161","post","type-post","status-publish","format-standard","has-post-thumbnail","hentry","category-saude","tag-estudante","tag-faculdade","tag-medicina","tag-mental","tag-pressao","tag-saude","tag-saude-mental"],"yoast_head":"<!-- This site is optimized with the Yoast SEO plugin v25.1 - https:\/\/yoast.com\/wordpress\/plugins\/seo\/ -->\n<title>Sa\u00fade mental na faculdade: como o estudante de medicina lida com a press\u00e3o - Correio Braziliense - Aqui<\/title>\n<meta name=\"description\" content=\"A jornada \u00e9 longa e exaustiva, com alta carga de estudos e plant\u00f5es; especialistas e alunos falam sobre os desafios e como se cuidar.\" \/>\n<meta name=\"robots\" content=\"index, follow, max-snippet:-1, max-image-preview:large, max-video-preview:-1\" \/>\n<link rel=\"canonical\" href=\"https:\/\/www.correiobraziliense.com.br\/aqui\/2026\/04\/27\/saude-mental-na-faculdade-como-o-estudante-de-medicina-lida-com-a-pressao\/\" \/>\n<meta property=\"og:locale\" content=\"pt_BR\" \/>\n<meta property=\"og:type\" content=\"article\" \/>\n<meta property=\"og:title\" content=\"Sa\u00fade mental na faculdade: como o estudante de medicina lida com a press\u00e3o - Correio Braziliense - Aqui\" \/>\n<meta property=\"og:description\" content=\"A jornada \u00e9 longa e exaustiva, com alta carga de estudos e plant\u00f5es; especialistas e alunos falam sobre os desafios e como se cuidar.\" \/>\n<meta property=\"og:url\" content=\"https:\/\/www.correiobraziliense.com.br\/aqui\/2026\/04\/27\/saude-mental-na-faculdade-como-o-estudante-de-medicina-lida-com-a-pressao\/\" \/>\n<meta property=\"og:site_name\" content=\"Correio Braziliense - Aqui\" \/>\n<meta property=\"article:published_time\" content=\"2026-04-27T21:03:48+00:00\" \/>\n<meta property=\"article:modified_time\" content=\"2026-04-27T21:03:51+00:00\" \/>\n<meta property=\"og:image\" content=\"https:\/\/www.correiobraziliense.com.br\/aqui\/wp-content\/uploads\/2026\/04\/estudante-medicina_1777323797050.jpg\" \/>\n\t<meta property=\"og:image:width\" content=\"1280\" \/>\n\t<meta property=\"og:image:height\" content=\"720\" \/>\n\t<meta property=\"og:image:type\" content=\"image\/jpeg\" \/>\n<meta name=\"author\" content=\"Lucas\" \/>\n<meta name=\"twitter:card\" content=\"summary_large_image\" \/>\n<meta name=\"twitter:label1\" content=\"Escrito por\" \/>\n\t<meta name=\"twitter:data1\" content=\"Lucas\" \/>\n\t<meta name=\"twitter:label2\" content=\"Est. tempo de leitura\" \/>\n\t<meta name=\"twitter:data2\" content=\"3 minutos\" \/>\n<!-- \/ Yoast SEO plugin. -->","yoast_head_json":{"title":"Sa\u00fade mental na faculdade: como o estudante de medicina lida com a press\u00e3o - Correio Braziliense - Aqui","description":"A jornada \u00e9 longa e exaustiva, com alta carga de estudos e plant\u00f5es; especialistas e alunos falam sobre os desafios e como se cuidar.","robots":{"index":"index","follow":"follow","max-snippet":"max-snippet:-1","max-image-preview":"max-image-preview:large","max-video-preview":"max-video-preview:-1"},"canonical":"https:\/\/www.correiobraziliense.com.br\/aqui\/2026\/04\/27\/saude-mental-na-faculdade-como-o-estudante-de-medicina-lida-com-a-pressao\/","og_locale":"pt_BR","og_type":"article","og_title":"Sa\u00fade mental na faculdade: como o estudante de medicina lida com a press\u00e3o - Correio Braziliense - Aqui","og_description":"A jornada \u00e9 longa e exaustiva, com alta carga de estudos e plant\u00f5es; especialistas e alunos falam sobre os desafios e como se cuidar.","og_url":"https:\/\/www.correiobraziliense.com.br\/aqui\/2026\/04\/27\/saude-mental-na-faculdade-como-o-estudante-de-medicina-lida-com-a-pressao\/","og_site_name":"Correio Braziliense - Aqui","article_published_time":"2026-04-27T21:03:48+00:00","article_modified_time":"2026-04-27T21:03:51+00:00","og_image":[{"width":1280,"height":720,"url":"https:\/\/www.correiobraziliense.com.br\/aqui\/wp-content\/uploads\/2026\/04\/estudante-medicina_1777323797050.jpg","type":"image\/jpeg"}],"author":"Lucas","twitter_card":"summary_large_image","twitter_misc":{"Escrito por":"Lucas","Est. tempo de leitura":"3 minutos"},"schema":{"@context":"https:\/\/schema.org","@graph":[{"@type":"WebPage","@id":"https:\/\/www.correiobraziliense.com.br\/aqui\/2026\/04\/27\/saude-mental-na-faculdade-como-o-estudante-de-medicina-lida-com-a-pressao\/","url":"https:\/\/www.correiobraziliense.com.br\/aqui\/2026\/04\/27\/saude-mental-na-faculdade-como-o-estudante-de-medicina-lida-com-a-pressao\/","name":"Sa\u00fade mental na faculdade: como o estudante de medicina lida com a press\u00e3o - Correio Braziliense - Aqui","isPartOf":{"@id":"https:\/\/www.correiobraziliense.com.br\/aqui\/#website"},"primaryImageOfPage":{"@id":"https:\/\/www.correiobraziliense.com.br\/aqui\/2026\/04\/27\/saude-mental-na-faculdade-como-o-estudante-de-medicina-lida-com-a-pressao\/#primaryimage"},"image":{"@id":"https:\/\/www.correiobraziliense.com.br\/aqui\/2026\/04\/27\/saude-mental-na-faculdade-como-o-estudante-de-medicina-lida-com-a-pressao\/#primaryimage"},"thumbnailUrl":"https:\/\/www.correiobraziliense.com.br\/aqui\/wp-content\/uploads\/2026\/04\/estudante-medicina_1777323797050.jpg","datePublished":"2026-04-27T21:03:48+00:00","dateModified":"2026-04-27T21:03:51+00:00","author":{"@id":"https:\/\/www.correiobraziliense.com.br\/aqui\/#\/schema\/person\/36d094a725ba56bbeb370a877862a002"},"description":"A jornada \u00e9 longa e exaustiva, com alta carga de estudos e plant\u00f5es; especialistas e alunos falam sobre os desafios e como se cuidar.","breadcrumb":{"@id":"https:\/\/www.correiobraziliense.com.br\/aqui\/2026\/04\/27\/saude-mental-na-faculdade-como-o-estudante-de-medicina-lida-com-a-pressao\/#breadcrumb"},"inLanguage":"pt-BR","potentialAction":[{"@type":"ReadAction","target":["https:\/\/www.correiobraziliense.com.br\/aqui\/2026\/04\/27\/saude-mental-na-faculdade-como-o-estudante-de-medicina-lida-com-a-pressao\/"]}]},{"@type":"ImageObject","inLanguage":"pt-BR","@id":"https:\/\/www.correiobraziliense.com.br\/aqui\/2026\/04\/27\/saude-mental-na-faculdade-como-o-estudante-de-medicina-lida-com-a-pressao\/#primaryimage","url":"https:\/\/www.correiobraziliense.com.br\/aqui\/wp-content\/uploads\/2026\/04\/estudante-medicina_1777323797050.jpg","contentUrl":"https:\/\/www.correiobraziliense.com.br\/aqui\/wp-content\/uploads\/2026\/04\/estudante-medicina_1777323797050.jpg","width":1280,"height":720,"caption":"Cr\u00e9ditos: depositphotos.com \/ AndrewLozovyi"},{"@type":"BreadcrumbList","@id":"https:\/\/www.correiobraziliense.com.br\/aqui\/2026\/04\/27\/saude-mental-na-faculdade-como-o-estudante-de-medicina-lida-com-a-pressao\/#breadcrumb","itemListElement":[{"@type":"ListItem","position":1,"name":"In\u00edcio","item":"https:\/\/www.correiobraziliense.com.br\/aqui\/"},{"@type":"ListItem","position":2,"name":"Sa\u00fade mental na faculdade: como o estudante de medicina lida com a press\u00e3o"}]},{"@type":"WebSite","@id":"https:\/\/www.correiobraziliense.com.br\/aqui\/#website","url":"https:\/\/www.correiobraziliense.com.br\/aqui\/","name":"Correio Braziliense - Aqui","description":"O Correio Braziliense (CB) \u00e9 o mais importante canal de not\u00edcias de Bras\u00edlia. Aqui voc\u00ea encontra as \u00faltimas not\u00edcias do DF, do Brasil e do mundo.","potentialAction":[{"@type":"SearchAction","target":{"@type":"EntryPoint","urlTemplate":"https:\/\/www.correiobraziliense.com.br\/aqui\/?s={search_term_string}"},"query-input":{"@type":"PropertyValueSpecification","valueRequired":true,"valueName":"search_term_string"}}],"inLanguage":"pt-BR"},{"@type":"Person","@id":"https:\/\/www.correiobraziliense.com.br\/aqui\/#\/schema\/person\/36d094a725ba56bbeb370a877862a002","name":"Lucas","image":{"@type":"ImageObject","inLanguage":"pt-BR","@id":"https:\/\/www.correiobraziliense.com.br\/aqui\/#\/schema\/person\/image\/","url":"https:\/\/secure.gravatar.com\/avatar\/eb1dd4a751dca39c233b091fb7b8ce9ef1608850325ab98ff1fbe898fcef0908?s=96&d=mm&r=g","contentUrl":"https:\/\/secure.gravatar.com\/avatar\/eb1dd4a751dca39c233b091fb7b8ce9ef1608850325ab98ff1fbe898fcef0908?s=96&d=mm&r=g","caption":"Lucas"},"url":"https:\/\/www.correiobraziliense.com.br\/aqui\/author\/lucasaqui\/"}]}},"_links":{"self":[{"href":"https:\/\/www.correiobraziliense.com.br\/aqui\/wp-json\/wp\/v2\/posts\/28161","targetHints":{"allow":["GET"]}}],"collection":[{"href":"https:\/\/www.correiobraziliense.com.br\/aqui\/wp-json\/wp\/v2\/posts"}],"about":[{"href":"https:\/\/www.correiobraziliense.com.br\/aqui\/wp-json\/wp\/v2\/types\/post"}],"author":[{"embeddable":true,"href":"https:\/\/www.correiobraziliense.com.br\/aqui\/wp-json\/wp\/v2\/users\/9"}],"replies":[{"embeddable":true,"href":"https:\/\/www.correiobraziliense.com.br\/aqui\/wp-json\/wp\/v2\/comments?post=28161"}],"version-history":[{"count":1,"href":"https:\/\/www.correiobraziliense.com.br\/aqui\/wp-json\/wp\/v2\/posts\/28161\/revisions"}],"predecessor-version":[{"id":28163,"href":"https:\/\/www.correiobraziliense.com.br\/aqui\/wp-json\/wp\/v2\/posts\/28161\/revisions\/28163"}],"wp:featuredmedia":[{"embeddable":true,"href":"https:\/\/www.correiobraziliense.com.br\/aqui\/wp-json\/wp\/v2\/media\/28162"}],"wp:attachment":[{"href":"https:\/\/www.correiobraziliense.com.br\/aqui\/wp-json\/wp\/v2\/media?parent=28161"}],"wp:term":[{"taxonomy":"category","embeddable":true,"href":"https:\/\/www.correiobraziliense.com.br\/aqui\/wp-json\/wp\/v2\/categories?post=28161"},{"taxonomy":"post_tag","embeddable":true,"href":"https:\/\/www.correiobraziliense.com.br\/aqui\/wp-json\/wp\/v2\/tags?post=28161"}],"curies":[{"name":"wp","href":"https:\/\/api.w.org\/{rel}","templated":true}]}}