{"id":28164,"date":"2026-04-27T18:06:04","date_gmt":"2026-04-27T21:06:04","guid":{"rendered":"https:\/\/www.correiobraziliense.com.br\/aqui\/?p=28164"},"modified":"2026-04-27T18:06:07","modified_gmt":"2026-04-27T21:06:07","slug":"o-que-faz-uma-giria-viralizar-entenda-os-principais-fatores","status":"publish","type":"post","link":"https:\/\/www.correiobraziliense.com.br\/aqui\/2026\/04\/27\/o-que-faz-uma-giria-viralizar-entenda-os-principais-fatores\/","title":{"rendered":"O que faz uma g\u00edria viralizar? Entenda os principais fatores"},"content":{"rendered":"\n<p>Voc\u00ea j\u00e1 se perguntou por que algumas g\u00edrias, como &#8220;top&#8221; \u2014 popularizada no Brasil principalmente na d\u00e9cada de 2010 \u2014, grudam no vocabul\u00e1rio popular enquanto outras desaparecem em poucas semanas? A resposta n\u00e3o est\u00e1 no acaso, mas em uma combina\u00e7\u00e3o de fatores sociais, cognitivos e digitais. O sucesso de uma express\u00e3o depende de sua capacidade de se adaptar e ser \u00fatil para quem a usa, quase como um organismo vivo.<\/p>\n\n\n\n<p>Estudos sobre <a target=\"_blank\" rel=\"noreferrer noopener\" href=\"https:\/\/www.correiobraziliense.com.br\/cidades-df\/2025\/06\/7167190-de-flopou-a-pode-pa-a-linguagem-da-internet-e-o-choque-geracional.html\">comunica\u00e7\u00e3o e viraliza\u00e7\u00e3o<\/a> mostram que o sucesso de uma g\u00edria n\u00e3o \u00e9 aleat\u00f3rio, mas baseado em fatores-chave. A simplicidade \u00e9 um dos principais. Termos curtos, f\u00e1ceis de pronunciar e vers\u00e1teis, como o pr\u00f3prio &#8220;top&#8221;, t\u00eam uma vantagem clara. Eles podem ser usados como adjetivo ou para expressar concord\u00e2ncia, encaixando-se em diversas situa\u00e7\u00f5es sem esfor\u00e7o.<\/p>\n\n\n\n<h2 class=\"wp-block-heading\">Os ingredientes do sucesso de uma g\u00edria<\/h2>\n\n\n\n<p>Al\u00e9m da facilidade de uso, a associa\u00e7\u00e3o com grupos de prest\u00edgio ou de grande visibilidade \u00e9 fundamental. Quando uma express\u00e3o \u00e9 adotada por celebridades, influenciadores digitais ou personagens de grande alcance, ela ganha um selo de aprova\u00e7\u00e3o social. Isso acelera sua dissemina\u00e7\u00e3o, fazendo com que mais pessoas queiram adot\u00e1-la para se sentirem parte de uma tend\u00eancia.<\/p>\n\n\n\n<p>O timing tamb\u00e9m \u00e9 crucial. Uma g\u00edria que surge no momento certo, conectada a um meme ou um evento cultural relevante, tem mais chances de decolar. Como aponta o pesquisador Jonah Berger em seu livro &#8220;Cont\u00e1gio: Por que as coisas pegam&#8221;, gatilhos e relev\u00e2ncia pr\u00e1tica s\u00e3o essenciais para uma ideia se espalhar. A velocidade da internet, especialmente em plataformas como o <a target=\"_blank\" rel=\"noreferrer noopener\" href=\"https:\/\/www.correiobraziliense.com.br\/revista-do-correio\/2025\/10\/7259397-estampando-bom-humor-a-sardinha-como-a-tendencia-da-vez.html\">TikTok<\/a>, funciona como um catalisador, espalhando o novo termo por diferentes bolhas sociais em quest\u00e3o de horas.<\/p>\n\n\n\n<p>Outro fator importante \u00e9 a sonoridade. Palavras com uma fon\u00e9tica agrad\u00e1vel ou que s\u00e3o simplesmente divertidas de dizer tendem a ser mais repetidas. Essa repeti\u00e7\u00e3o ajuda a fixar o termo na mem\u00f3ria coletiva, tornando seu uso quase autom\u00e1tico em conversas do dia a dia. Por outro lado, g\u00edrias muito complexas, longas ou restritas a um contexto muito espec\u00edfico raramente sobrevivem ao teste do tempo.<\/p>\n\n\n\n<p>No fundo, a perman\u00eancia de uma g\u00edria reflete seu valor como ferramenta de comunica\u00e7\u00e3o. Se ela preenche uma lacuna, expressa um sentimento de forma eficiente ou simplesmente fortalece la\u00e7os sociais, suas chances de entrar para o vocabul\u00e1rio aumentam. A <a target=\"_blank\" rel=\"noreferrer noopener\" href=\"https:\/\/www.correiobraziliense.com.br\/mundo\/2025\/03\/7095540-a-palavra-intraduzivel-que-resume-vontade-de-esmagar-coisas-fofas.html\">l\u00edngua est\u00e1 em constante evolu\u00e7\u00e3o<\/a>, e as g\u00edrias s\u00e3o um term\u00f4metro de como a sociedade se comunica e se reinventa.<\/p>\n\n\n\n<p><\/p>\n","protected":false},"excerpt":{"rendered":"<p>Voc\u00ea j\u00e1 se perguntou por que algumas g\u00edrias, como &#8220;top&#8221; \u2014 popularizada no Brasil principalmente na d\u00e9cada de 2010 \u2014, grudam no vocabul\u00e1rio popular enquanto outras desaparecem em poucas semanas? A resposta n\u00e3o est\u00e1 no acaso, mas em uma combina\u00e7\u00e3o de fatores sociais, cognitivos e digitais. O sucesso de uma express\u00e3o depende de sua capacidade [&hellip;]<\/p>\n","protected":false},"author":9,"featured_media":28165,"comment_status":"open","ping_status":"open","sticky":false,"template":"","format":"standard","meta":{"jnews-multi-image_gallery":[],"jnews_single_post":{"format":"standard"},"jnews_primary_category":[],"jnews_social_meta":[],"jnews_override_counter":[],"footnotes":""},"categories":[120],"tags":[1125,8849],"class_list":["post-28164","post","type-post","status-publish","format-standard","has-post-thumbnail","hentry","category-curiosidades","tag-curiosidades","tag-giria"],"yoast_head":"<!-- This site is optimized with the Yoast SEO plugin v25.1 - https:\/\/yoast.com\/wordpress\/plugins\/seo\/ -->\n<title>O que faz uma g\u00edria viralizar? Entenda os principais fatores - Correio Braziliense - Aqui<\/title>\n<meta name=\"description\" content=\"Fatores sociais, cognitivos e digitais explicam o sucesso de express\u00f5es que grudam no vocabul\u00e1rio popular.\" \/>\n<meta name=\"robots\" content=\"index, follow, max-snippet:-1, max-image-preview:large, max-video-preview:-1\" \/>\n<link rel=\"canonical\" href=\"https:\/\/www.correiobraziliense.com.br\/aqui\/2026\/04\/27\/o-que-faz-uma-giria-viralizar-entenda-os-principais-fatores\/\" \/>\n<meta property=\"og:locale\" content=\"pt_BR\" \/>\n<meta property=\"og:type\" content=\"article\" \/>\n<meta property=\"og:title\" content=\"O que faz uma g\u00edria viralizar? Entenda os principais fatores - Correio Braziliense - Aqui\" \/>\n<meta property=\"og:description\" content=\"Fatores sociais, cognitivos e digitais explicam o sucesso de express\u00f5es que grudam no vocabul\u00e1rio popular.\" \/>\n<meta property=\"og:url\" content=\"https:\/\/www.correiobraziliense.com.br\/aqui\/2026\/04\/27\/o-que-faz-uma-giria-viralizar-entenda-os-principais-fatores\/\" \/>\n<meta property=\"og:site_name\" content=\"Correio Braziliense - Aqui\" \/>\n<meta property=\"article:published_time\" content=\"2026-04-27T21:06:04+00:00\" \/>\n<meta property=\"article:modified_time\" content=\"2026-04-27T21:06:07+00:00\" \/>\n<meta property=\"og:image\" content=\"https:\/\/www.correiobraziliense.com.br\/aqui\/wp-content\/uploads\/2026\/04\/speech_1777323939158.jpg\" \/>\n\t<meta property=\"og:image:width\" content=\"1280\" \/>\n\t<meta property=\"og:image:height\" content=\"720\" \/>\n\t<meta property=\"og:image:type\" content=\"image\/jpeg\" \/>\n<meta name=\"author\" content=\"Lucas\" \/>\n<meta name=\"twitter:card\" content=\"summary_large_image\" \/>\n<meta name=\"twitter:label1\" content=\"Escrito por\" \/>\n\t<meta name=\"twitter:data1\" content=\"Lucas\" \/>\n\t<meta name=\"twitter:label2\" content=\"Est. tempo de leitura\" \/>\n\t<meta name=\"twitter:data2\" content=\"3 minutos\" \/>\n<!-- \/ Yoast SEO plugin. -->","yoast_head_json":{"title":"O que faz uma g\u00edria viralizar? Entenda os principais fatores - Correio Braziliense - Aqui","description":"Fatores sociais, cognitivos e digitais explicam o sucesso de express\u00f5es que grudam no vocabul\u00e1rio popular.","robots":{"index":"index","follow":"follow","max-snippet":"max-snippet:-1","max-image-preview":"max-image-preview:large","max-video-preview":"max-video-preview:-1"},"canonical":"https:\/\/www.correiobraziliense.com.br\/aqui\/2026\/04\/27\/o-que-faz-uma-giria-viralizar-entenda-os-principais-fatores\/","og_locale":"pt_BR","og_type":"article","og_title":"O que faz uma g\u00edria viralizar? Entenda os principais fatores - Correio Braziliense - Aqui","og_description":"Fatores sociais, cognitivos e digitais explicam o sucesso de express\u00f5es que grudam no vocabul\u00e1rio popular.","og_url":"https:\/\/www.correiobraziliense.com.br\/aqui\/2026\/04\/27\/o-que-faz-uma-giria-viralizar-entenda-os-principais-fatores\/","og_site_name":"Correio Braziliense - Aqui","article_published_time":"2026-04-27T21:06:04+00:00","article_modified_time":"2026-04-27T21:06:07+00:00","og_image":[{"width":1280,"height":720,"url":"https:\/\/www.correiobraziliense.com.br\/aqui\/wp-content\/uploads\/2026\/04\/speech_1777323939158.jpg","type":"image\/jpeg"}],"author":"Lucas","twitter_card":"summary_large_image","twitter_misc":{"Escrito por":"Lucas","Est. tempo de leitura":"3 minutos"},"schema":{"@context":"https:\/\/schema.org","@graph":[{"@type":"WebPage","@id":"https:\/\/www.correiobraziliense.com.br\/aqui\/2026\/04\/27\/o-que-faz-uma-giria-viralizar-entenda-os-principais-fatores\/","url":"https:\/\/www.correiobraziliense.com.br\/aqui\/2026\/04\/27\/o-que-faz-uma-giria-viralizar-entenda-os-principais-fatores\/","name":"O que faz uma g\u00edria viralizar? Entenda os principais fatores - Correio Braziliense - Aqui","isPartOf":{"@id":"https:\/\/www.correiobraziliense.com.br\/aqui\/#website"},"primaryImageOfPage":{"@id":"https:\/\/www.correiobraziliense.com.br\/aqui\/2026\/04\/27\/o-que-faz-uma-giria-viralizar-entenda-os-principais-fatores\/#primaryimage"},"image":{"@id":"https:\/\/www.correiobraziliense.com.br\/aqui\/2026\/04\/27\/o-que-faz-uma-giria-viralizar-entenda-os-principais-fatores\/#primaryimage"},"thumbnailUrl":"https:\/\/www.correiobraziliense.com.br\/aqui\/wp-content\/uploads\/2026\/04\/speech_1777323939158.jpg","datePublished":"2026-04-27T21:06:04+00:00","dateModified":"2026-04-27T21:06:07+00:00","author":{"@id":"https:\/\/www.correiobraziliense.com.br\/aqui\/#\/schema\/person\/36d094a725ba56bbeb370a877862a002"},"description":"Fatores sociais, cognitivos e digitais explicam o sucesso de express\u00f5es que grudam no vocabul\u00e1rio popular.","breadcrumb":{"@id":"https:\/\/www.correiobraziliense.com.br\/aqui\/2026\/04\/27\/o-que-faz-uma-giria-viralizar-entenda-os-principais-fatores\/#breadcrumb"},"inLanguage":"pt-BR","potentialAction":[{"@type":"ReadAction","target":["https:\/\/www.correiobraziliense.com.br\/aqui\/2026\/04\/27\/o-que-faz-uma-giria-viralizar-entenda-os-principais-fatores\/"]}]},{"@type":"ImageObject","inLanguage":"pt-BR","@id":"https:\/\/www.correiobraziliense.com.br\/aqui\/2026\/04\/27\/o-que-faz-uma-giria-viralizar-entenda-os-principais-fatores\/#primaryimage","url":"https:\/\/www.correiobraziliense.com.br\/aqui\/wp-content\/uploads\/2026\/04\/speech_1777323939158.jpg","contentUrl":"https:\/\/www.correiobraziliense.com.br\/aqui\/wp-content\/uploads\/2026\/04\/speech_1777323939158.jpg","width":1280,"height":720,"caption":"Cr\u00e9ditos: depositphotos.com \/ marish"},{"@type":"BreadcrumbList","@id":"https:\/\/www.correiobraziliense.com.br\/aqui\/2026\/04\/27\/o-que-faz-uma-giria-viralizar-entenda-os-principais-fatores\/#breadcrumb","itemListElement":[{"@type":"ListItem","position":1,"name":"In\u00edcio","item":"https:\/\/www.correiobraziliense.com.br\/aqui\/"},{"@type":"ListItem","position":2,"name":"O que faz uma g\u00edria viralizar? Entenda os principais fatores"}]},{"@type":"WebSite","@id":"https:\/\/www.correiobraziliense.com.br\/aqui\/#website","url":"https:\/\/www.correiobraziliense.com.br\/aqui\/","name":"Correio Braziliense - Aqui","description":"O Correio Braziliense (CB) \u00e9 o mais importante canal de not\u00edcias de Bras\u00edlia. Aqui voc\u00ea encontra as \u00faltimas not\u00edcias do DF, do Brasil e do mundo.","potentialAction":[{"@type":"SearchAction","target":{"@type":"EntryPoint","urlTemplate":"https:\/\/www.correiobraziliense.com.br\/aqui\/?s={search_term_string}"},"query-input":{"@type":"PropertyValueSpecification","valueRequired":true,"valueName":"search_term_string"}}],"inLanguage":"pt-BR"},{"@type":"Person","@id":"https:\/\/www.correiobraziliense.com.br\/aqui\/#\/schema\/person\/36d094a725ba56bbeb370a877862a002","name":"Lucas","image":{"@type":"ImageObject","inLanguage":"pt-BR","@id":"https:\/\/www.correiobraziliense.com.br\/aqui\/#\/schema\/person\/image\/","url":"https:\/\/secure.gravatar.com\/avatar\/eb1dd4a751dca39c233b091fb7b8ce9ef1608850325ab98ff1fbe898fcef0908?s=96&d=mm&r=g","contentUrl":"https:\/\/secure.gravatar.com\/avatar\/eb1dd4a751dca39c233b091fb7b8ce9ef1608850325ab98ff1fbe898fcef0908?s=96&d=mm&r=g","caption":"Lucas"},"url":"https:\/\/www.correiobraziliense.com.br\/aqui\/author\/lucasaqui\/"}]}},"_links":{"self":[{"href":"https:\/\/www.correiobraziliense.com.br\/aqui\/wp-json\/wp\/v2\/posts\/28164","targetHints":{"allow":["GET"]}}],"collection":[{"href":"https:\/\/www.correiobraziliense.com.br\/aqui\/wp-json\/wp\/v2\/posts"}],"about":[{"href":"https:\/\/www.correiobraziliense.com.br\/aqui\/wp-json\/wp\/v2\/types\/post"}],"author":[{"embeddable":true,"href":"https:\/\/www.correiobraziliense.com.br\/aqui\/wp-json\/wp\/v2\/users\/9"}],"replies":[{"embeddable":true,"href":"https:\/\/www.correiobraziliense.com.br\/aqui\/wp-json\/wp\/v2\/comments?post=28164"}],"version-history":[{"count":1,"href":"https:\/\/www.correiobraziliense.com.br\/aqui\/wp-json\/wp\/v2\/posts\/28164\/revisions"}],"predecessor-version":[{"id":28166,"href":"https:\/\/www.correiobraziliense.com.br\/aqui\/wp-json\/wp\/v2\/posts\/28164\/revisions\/28166"}],"wp:featuredmedia":[{"embeddable":true,"href":"https:\/\/www.correiobraziliense.com.br\/aqui\/wp-json\/wp\/v2\/media\/28165"}],"wp:attachment":[{"href":"https:\/\/www.correiobraziliense.com.br\/aqui\/wp-json\/wp\/v2\/media?parent=28164"}],"wp:term":[{"taxonomy":"category","embeddable":true,"href":"https:\/\/www.correiobraziliense.com.br\/aqui\/wp-json\/wp\/v2\/categories?post=28164"},{"taxonomy":"post_tag","embeddable":true,"href":"https:\/\/www.correiobraziliense.com.br\/aqui\/wp-json\/wp\/v2\/tags?post=28164"}],"curies":[{"name":"wp","href":"https:\/\/api.w.org\/{rel}","templated":true}]}}