{"id":28170,"date":"2026-04-28T08:29:00","date_gmt":"2026-04-28T11:29:00","guid":{"rendered":"https:\/\/www.correiobraziliense.com.br\/aqui\/?p=28170"},"modified":"2026-04-28T08:16:30","modified_gmt":"2026-04-28T11:16:30","slug":"titulo-de-eleitor-como-regularizar-online-antes-do-prazo-final","status":"publish","type":"post","link":"https:\/\/www.correiobraziliense.com.br\/aqui\/2026\/04\/28\/titulo-de-eleitor-como-regularizar-online-antes-do-prazo-final\/","title":{"rendered":"T\u00edtulo de eleitor: como regularizar online antes do prazo final"},"content":{"rendered":"\n<p>O prazo para regularizar o t\u00edtulo de eleitor e garantir o direito ao voto nas pr\u00f3ximas elei\u00e7\u00f5es est\u00e1 chegando ao fim. Os cidad\u00e3os t\u00eam at\u00e9 o dia 6 de maio para tirar o primeiro t\u00edtulo, transferir o domic\u00edlio eleitoral ou atualizar dados cadastrais. A boa not\u00edcia \u00e9 que a maior parte desses servi\u00e7os pode ser resolvida pela internet, de forma r\u00e1pida e sem sair de casa, atrav\u00e9s do sistema T\u00edtulo Net, disponibilizado pelo Tribunal Superior Eleitoral (TSE).<\/p>\n\n\n\n<p>Essa \u00e9 a <a target=\"_blank\" rel=\"noreferrer noopener\" href=\"https:\/\/www.correiobraziliense.com.br\/brasil\/2025\/05\/7149786-termina-hoje-19-5-o-prazo-para-regularizar-titulo-de-eleitor.html\">data-limite<\/a> estabelecida pela Justi\u00e7a Eleitoral para que o cadastro de eleitores seja fechado para as Elei\u00e7\u00f5es Gerais, que ter\u00e3o o primeiro turno em 4 de outubro. Ap\u00f3s o dia 6 de maio, nenhuma altera\u00e7\u00e3o ser\u00e1 permitida. A regulariza\u00e7\u00e3o \u00e9 obrigat\u00f3ria para quem teve o t\u00edtulo cancelado por n\u00e3o ter votado ou justificado a aus\u00eancia em tr\u00eas elei\u00e7\u00f5es consecutivas. Tamb\u00e9m \u00e9 o momento para jovens a partir de 16 anos solicitarem seu primeiro documento<\/p>\n\n\n\n<h2 class=\"wp-block-heading\">Passo a passo para a regulariza\u00e7\u00e3o online<\/h2>\n\n\n\n<p>O procedimento \u00e9 centralizado no portal do TSE e projetado para ser intuitivo. O primeiro passo \u00e9 acessar o sistema de autoatendimento T\u00edtulo Net. Na p\u00e1gina inicial, o eleitor deve selecionar a op\u00e7\u00e3o desejada, como \u201cTire seu t\u00edtulo eleitoral\u201d ou \u201cAtualize seu endere\u00e7o\u201d.<\/p>\n\n\n\n<p>Em seguida, ser\u00e1 necess\u00e1rio preencher um formul\u00e1rio com dados pessoais, como nome completo, data de nascimento, filia\u00e7\u00e3o e endere\u00e7o. O sistema tamb\u00e9m exige o envio de documentos digitalizados para comprovar as informa\u00e7\u00f5es fornecidas. \u00c9 fundamental preencher tudo com aten\u00e7\u00e3o para evitar que o pedido seja negado.<\/p>\n\n\n\n<h2 class=\"wp-block-heading\">Quais documentos s\u00e3o necess\u00e1rios?<\/h2>\n\n\n\n<p>Para concluir a solicita\u00e7\u00e3o online, \u00e9 preciso ter em m\u00e3os alguns documentos. A lista pode variar um pouco dependendo do servi\u00e7o, mas, em geral, os itens b\u00e1sicos s\u00e3o:<\/p>\n\n\n\n<ul class=\"wp-block-list\">\n<li>Documento de identifica\u00e7\u00e3o oficial com foto (RG ou CNH, por exemplo).<\/li>\n\n\n\n<li>Comprovante de resid\u00eancia recente em nome do solicitante ou de um familiar.<\/li>\n\n\n\n<li>Certificado de quita\u00e7\u00e3o do servi\u00e7o militar (para o p\u00fablico masculino que completa 19 anos no ano da solicita\u00e7\u00e3o do primeiro t\u00edtulo).<\/li>\n\n\n\n<li>Uma fotografia sua (selfie) segurando o documento de identifica\u00e7\u00e3o ao lado do rosto.<\/li>\n<\/ul>\n\n\n\n<p>Ap\u00f3s anexar todos os arquivos, basta enviar a solicita\u00e7\u00e3o e guardar o n\u00famero de protocolo. Com ele, \u00e9 poss\u00edvel acompanhar o andamento do pedido no pr\u00f3prio site do TSE. Se aprovado, o eleitor poder\u00e1 emitir a vers\u00e3o digital do t\u00edtulo pelo aplicativo e-T\u00edtulo e estar\u00e1 apto a votar.<\/p>\n","protected":false},"excerpt":{"rendered":"<p>O prazo para ficar em dia com a Justi\u00e7a Eleitoral est\u00e1 acabando; veja o guia completo para regularizar o t\u00edtulo pela internet.<\/p>\n","protected":false},"author":10,"featured_media":28174,"comment_status":"open","ping_status":"open","sticky":false,"template":"","format":"standard","meta":{"jnews-multi-image_gallery":[],"jnews_single_post":{"format":"standard"},"jnews_primary_category":[],"jnews_social_meta":[],"jnews_override_counter":[],"footnotes":""},"categories":[154],"tags":[157,6266,8141],"class_list":["post-28170","post","type-post","status-publish","format-standard","has-post-thumbnail","hentry","category-brasil","tag-brasil","tag-eleicoes-2026","tag-titulo-de-eleitor"],"yoast_head":"<!-- This site is optimized with the Yoast SEO plugin v25.1 - https:\/\/yoast.com\/wordpress\/plugins\/seo\/ -->\n<title>T\u00edtulo de eleitor: como regularizar online antes do prazo final - Correio Braziliense - Aqui<\/title>\n<meta name=\"description\" content=\"O prazo para ficar em dia com a Justi\u00e7a Eleitoral est\u00e1 acabando; veja o guia completo para regularizar o t\u00edtulo pela internet.\" \/>\n<meta name=\"robots\" content=\"index, follow, max-snippet:-1, max-image-preview:large, max-video-preview:-1\" \/>\n<link rel=\"canonical\" href=\"https:\/\/www.correiobraziliense.com.br\/aqui\/2026\/04\/28\/titulo-de-eleitor-como-regularizar-online-antes-do-prazo-final\/\" \/>\n<meta property=\"og:locale\" content=\"pt_BR\" \/>\n<meta property=\"og:type\" content=\"article\" \/>\n<meta property=\"og:title\" content=\"T\u00edtulo de eleitor: como regularizar online antes do prazo final - Correio Braziliense - Aqui\" \/>\n<meta property=\"og:description\" content=\"O prazo para ficar em dia com a Justi\u00e7a Eleitoral est\u00e1 acabando; veja o guia completo para regularizar o t\u00edtulo pela internet.\" \/>\n<meta property=\"og:url\" content=\"https:\/\/www.correiobraziliense.com.br\/aqui\/2026\/04\/28\/titulo-de-eleitor-como-regularizar-online-antes-do-prazo-final\/\" \/>\n<meta property=\"og:site_name\" content=\"Correio Braziliense - Aqui\" \/>\n<meta property=\"article:published_time\" content=\"2026-04-28T11:29:00+00:00\" \/>\n<meta property=\"og:image\" content=\"https:\/\/www.correiobraziliense.com.br\/aqui\/wp-content\/uploads\/2026\/04\/titulo-de-eleitor_1777374811079.jpg\" \/>\n\t<meta property=\"og:image:width\" content=\"1280\" \/>\n\t<meta property=\"og:image:height\" content=\"720\" \/>\n\t<meta property=\"og:image:type\" content=\"image\/jpeg\" \/>\n<meta name=\"author\" content=\"Larissa\" \/>\n<meta name=\"twitter:card\" content=\"summary_large_image\" \/>\n<meta name=\"twitter:label1\" content=\"Escrito por\" \/>\n\t<meta name=\"twitter:data1\" content=\"Larissa\" \/>\n\t<meta name=\"twitter:label2\" content=\"Est. tempo de leitura\" \/>\n\t<meta name=\"twitter:data2\" content=\"3 minutos\" \/>\n<!-- \/ Yoast SEO plugin. -->","yoast_head_json":{"title":"T\u00edtulo de eleitor: como regularizar online antes do prazo final - Correio Braziliense - Aqui","description":"O prazo para ficar em dia com a Justi\u00e7a Eleitoral est\u00e1 acabando; veja o guia completo para regularizar o t\u00edtulo pela internet.","robots":{"index":"index","follow":"follow","max-snippet":"max-snippet:-1","max-image-preview":"max-image-preview:large","max-video-preview":"max-video-preview:-1"},"canonical":"https:\/\/www.correiobraziliense.com.br\/aqui\/2026\/04\/28\/titulo-de-eleitor-como-regularizar-online-antes-do-prazo-final\/","og_locale":"pt_BR","og_type":"article","og_title":"T\u00edtulo de eleitor: como regularizar online antes do prazo final - Correio Braziliense - Aqui","og_description":"O prazo para ficar em dia com a Justi\u00e7a Eleitoral est\u00e1 acabando; veja o guia completo para regularizar o t\u00edtulo pela internet.","og_url":"https:\/\/www.correiobraziliense.com.br\/aqui\/2026\/04\/28\/titulo-de-eleitor-como-regularizar-online-antes-do-prazo-final\/","og_site_name":"Correio Braziliense - Aqui","article_published_time":"2026-04-28T11:29:00+00:00","og_image":[{"width":1280,"height":720,"url":"https:\/\/www.correiobraziliense.com.br\/aqui\/wp-content\/uploads\/2026\/04\/titulo-de-eleitor_1777374811079.jpg","type":"image\/jpeg"}],"author":"Larissa","twitter_card":"summary_large_image","twitter_misc":{"Escrito por":"Larissa","Est. tempo de leitura":"3 minutos"},"schema":{"@context":"https:\/\/schema.org","@graph":[{"@type":"WebPage","@id":"https:\/\/www.correiobraziliense.com.br\/aqui\/2026\/04\/28\/titulo-de-eleitor-como-regularizar-online-antes-do-prazo-final\/","url":"https:\/\/www.correiobraziliense.com.br\/aqui\/2026\/04\/28\/titulo-de-eleitor-como-regularizar-online-antes-do-prazo-final\/","name":"T\u00edtulo de eleitor: como regularizar online antes do prazo final - Correio Braziliense - Aqui","isPartOf":{"@id":"https:\/\/www.correiobraziliense.com.br\/aqui\/#website"},"primaryImageOfPage":{"@id":"https:\/\/www.correiobraziliense.com.br\/aqui\/2026\/04\/28\/titulo-de-eleitor-como-regularizar-online-antes-do-prazo-final\/#primaryimage"},"image":{"@id":"https:\/\/www.correiobraziliense.com.br\/aqui\/2026\/04\/28\/titulo-de-eleitor-como-regularizar-online-antes-do-prazo-final\/#primaryimage"},"thumbnailUrl":"https:\/\/www.correiobraziliense.com.br\/aqui\/wp-content\/uploads\/2026\/04\/titulo-de-eleitor_1777374811079.jpg","datePublished":"2026-04-28T11:29:00+00:00","author":{"@id":"https:\/\/www.correiobraziliense.com.br\/aqui\/#\/schema\/person\/775f50a8c1ac31704d56816e99b29041"},"description":"O prazo para ficar em dia com a Justi\u00e7a Eleitoral est\u00e1 acabando; veja o guia completo para regularizar o t\u00edtulo pela internet.","breadcrumb":{"@id":"https:\/\/www.correiobraziliense.com.br\/aqui\/2026\/04\/28\/titulo-de-eleitor-como-regularizar-online-antes-do-prazo-final\/#breadcrumb"},"inLanguage":"pt-BR","potentialAction":[{"@type":"ReadAction","target":["https:\/\/www.correiobraziliense.com.br\/aqui\/2026\/04\/28\/titulo-de-eleitor-como-regularizar-online-antes-do-prazo-final\/"]}]},{"@type":"ImageObject","inLanguage":"pt-BR","@id":"https:\/\/www.correiobraziliense.com.br\/aqui\/2026\/04\/28\/titulo-de-eleitor-como-regularizar-online-antes-do-prazo-final\/#primaryimage","url":"https:\/\/www.correiobraziliense.com.br\/aqui\/wp-content\/uploads\/2026\/04\/titulo-de-eleitor_1777374811079.jpg","contentUrl":"https:\/\/www.correiobraziliense.com.br\/aqui\/wp-content\/uploads\/2026\/04\/titulo-de-eleitor_1777374811079.jpg","width":1280,"height":720,"caption":"Cr\u00e9ditos: depositphotos.com \/ rafapress"},{"@type":"BreadcrumbList","@id":"https:\/\/www.correiobraziliense.com.br\/aqui\/2026\/04\/28\/titulo-de-eleitor-como-regularizar-online-antes-do-prazo-final\/#breadcrumb","itemListElement":[{"@type":"ListItem","position":1,"name":"In\u00edcio","item":"https:\/\/www.correiobraziliense.com.br\/aqui\/"},{"@type":"ListItem","position":2,"name":"T\u00edtulo de eleitor: como regularizar online antes do prazo final"}]},{"@type":"WebSite","@id":"https:\/\/www.correiobraziliense.com.br\/aqui\/#website","url":"https:\/\/www.correiobraziliense.com.br\/aqui\/","name":"Correio Braziliense - Aqui","description":"O Correio Braziliense (CB) \u00e9 o mais importante canal de not\u00edcias de Bras\u00edlia. Aqui voc\u00ea encontra as \u00faltimas not\u00edcias do DF, do Brasil e do mundo.","potentialAction":[{"@type":"SearchAction","target":{"@type":"EntryPoint","urlTemplate":"https:\/\/www.correiobraziliense.com.br\/aqui\/?s={search_term_string}"},"query-input":{"@type":"PropertyValueSpecification","valueRequired":true,"valueName":"search_term_string"}}],"inLanguage":"pt-BR"},{"@type":"Person","@id":"https:\/\/www.correiobraziliense.com.br\/aqui\/#\/schema\/person\/775f50a8c1ac31704d56816e99b29041","name":"Larissa","image":{"@type":"ImageObject","inLanguage":"pt-BR","@id":"https:\/\/www.correiobraziliense.com.br\/aqui\/#\/schema\/person\/image\/","url":"https:\/\/secure.gravatar.com\/avatar\/62f5b2e99de671d075ab98e19f03c3c38c80a93f5d06f51075cf4431a4e76458?s=96&d=mm&r=g","contentUrl":"https:\/\/secure.gravatar.com\/avatar\/62f5b2e99de671d075ab98e19f03c3c38c80a93f5d06f51075cf4431a4e76458?s=96&d=mm&r=g","caption":"Larissa"},"url":"https:\/\/www.correiobraziliense.com.br\/aqui\/author\/larissaaqui\/"}]}},"_links":{"self":[{"href":"https:\/\/www.correiobraziliense.com.br\/aqui\/wp-json\/wp\/v2\/posts\/28170","targetHints":{"allow":["GET"]}}],"collection":[{"href":"https:\/\/www.correiobraziliense.com.br\/aqui\/wp-json\/wp\/v2\/posts"}],"about":[{"href":"https:\/\/www.correiobraziliense.com.br\/aqui\/wp-json\/wp\/v2\/types\/post"}],"author":[{"embeddable":true,"href":"https:\/\/www.correiobraziliense.com.br\/aqui\/wp-json\/wp\/v2\/users\/10"}],"replies":[{"embeddable":true,"href":"https:\/\/www.correiobraziliense.com.br\/aqui\/wp-json\/wp\/v2\/comments?post=28170"}],"version-history":[{"count":3,"href":"https:\/\/www.correiobraziliense.com.br\/aqui\/wp-json\/wp\/v2\/posts\/28170\/revisions"}],"predecessor-version":[{"id":28173,"href":"https:\/\/www.correiobraziliense.com.br\/aqui\/wp-json\/wp\/v2\/posts\/28170\/revisions\/28173"}],"wp:featuredmedia":[{"embeddable":true,"href":"https:\/\/www.correiobraziliense.com.br\/aqui\/wp-json\/wp\/v2\/media\/28174"}],"wp:attachment":[{"href":"https:\/\/www.correiobraziliense.com.br\/aqui\/wp-json\/wp\/v2\/media?parent=28170"}],"wp:term":[{"taxonomy":"category","embeddable":true,"href":"https:\/\/www.correiobraziliense.com.br\/aqui\/wp-json\/wp\/v2\/categories?post=28170"},{"taxonomy":"post_tag","embeddable":true,"href":"https:\/\/www.correiobraziliense.com.br\/aqui\/wp-json\/wp\/v2\/tags?post=28170"}],"curies":[{"name":"wp","href":"https:\/\/api.w.org\/{rel}","templated":true}]}}