{"id":28183,"date":"2026-04-28T10:06:00","date_gmt":"2026-04-28T13:06:00","guid":{"rendered":"https:\/\/www.correiobraziliense.com.br\/aqui\/?p=28183"},"modified":"2026-04-28T08:58:16","modified_gmt":"2026-04-28T11:58:16","slug":"concurso-oficial-de-justica-2026-previsoes-e-como-se-preparar","status":"publish","type":"post","link":"https:\/\/www.correiobraziliense.com.br\/aqui\/2026\/04\/28\/concurso-oficial-de-justica-2026-previsoes-e-como-se-preparar\/","title":{"rendered":"Concurso oficial de justi\u00e7a 2026: previs\u00f5es e como se preparar"},"content":{"rendered":"\n<p>A carreira de oficial de justi\u00e7a continua sendo uma das mais cobi\u00e7adas nos tribunais brasileiros, atraindo milhares de candidatos em busca de estabilidade e boa remunera\u00e7\u00e3o. Para quem sonha com a vaga, o ano de 2026 pode reservar novas oportunidades, com a possibilidade de diversos \u00f3rg\u00e3os do Judici\u00e1rio lan\u00e7arem novos editais em todo o pa\u00eds.<\/p>\n\n\n\n<p>O <a target=\"_blank\" rel=\"noreferrer noopener\" href=\"https:\/\/www.correiobraziliense.com.br\/euestudante\/concursos\/2025\/06\/7181943-tjpa-lanca-concurso-nivel-superior-com-salarios-de-ate-rs-15-mil.html\">oficial de justi\u00e7a<\/a> \u00e9 o profissional respons\u00e1vel por dar cumprimento \u00e0s ordens judiciais fora dos tribunais. Entre suas atribui\u00e7\u00f5es est\u00e3o a realiza\u00e7\u00e3o de cita\u00e7\u00f5es, penhoras, avalia\u00e7\u00f5es e outras dilig\u00eancias essenciais para o andamento dos processos. Para concorrer ao cargo, os requisitos variam conforme o tribunal, podendo exigir bacharelado em Direito ou, em alguns casos, n\u00edvel superior em qualquer \u00e1rea de forma\u00e7\u00e3o.<\/p>\n\n\n\n<p>A <a target=\"_blank\" rel=\"noreferrer noopener\" href=\"https:\/\/www.correiobraziliense.com.br\/euestudante\/concursos\/2025\/03\/7075187-concurso-aberto-para-juiz-substituto-com-salarios-de-rs-37-mil.html\">remunera\u00e7\u00e3o inicial costuma ser atrativa<\/a> e variar entre os estados. Em 2024, por exemplo, o <a target=\"_blank\" rel=\"noreferrer noopener\" href=\"https:\/\/www.correiobraziliense.com.br\/euestudante\/concursos\/2025\/08\/7216235-tj-de-sao-paulo-abre-concurso-para-escrevente-tecnico-judiciario.html\">concurso do Tribunal de Justi\u00e7a de S\u00e3o Paulo (TJ-SP)<\/a> ofereceu um sal\u00e1rio inicial de R$ 9.157,82. Al\u00e9m do vencimento base, o servidor recebe benef\u00edcios e gratifica\u00e7\u00f5es que tornam a carreira ainda mais interessante.<\/p>\n\n\n\n<h2 class=\"wp-block-heading\">Concursos para monitorar em 2026<\/h2>\n\n\n\n<p>Embora n\u00e3o haja muitos editais confirmados para 2026, a necessidade de reposi\u00e7\u00e3o de pessoal em grandes tribunais mant\u00e9m a expectativa de novos certames. \u00c9 fundamental que os candidatos acompanhem os sites oficiais dos \u00f3rg\u00e3os para informa\u00e7\u00f5es atualizadas, pois as previs\u00f5es podem sofrer altera\u00e7\u00f5es. Alguns tribunais que merecem aten\u00e7\u00e3o s\u00e3o:<\/p>\n\n\n\n<ul class=\"wp-block-list\">\n<li><strong>Tribunal Regional Federal da 3\u00aa Regi\u00e3o (TRF-3):<\/strong> Com jurisdi\u00e7\u00e3o em S\u00e3o Paulo e Mato Grosso do Sul, o TRF-3 pode necessitar de uma nova sele\u00e7\u00e3o, visto que o \u00faltimo certame para o cargo j\u00e1 teve a validade expirada.<\/li>\n\n\n\n<li><strong>Tribunais de Justi\u00e7a Estaduais:<\/strong> \u00d3rg\u00e3os como o TJ-RJ (Rio de Janeiro) e o TJ-MG (Minas Gerais) tamb\u00e9m devem ser monitorados. Historicamente, esses tribunais realizam concursos com regularidade para suprir a demanda de seus quadros.<\/li>\n<\/ul>\n\n\n\n<h2 class=\"wp-block-heading\">Como se preparar para a prova<\/h2>\n\n\n\n<p>A prepara\u00e7\u00e3o para o cargo de oficial de justi\u00e7a exige foco e disciplina, pois a concorr\u00eancia \u00e9 acirrada. O conte\u00fado program\u00e1tico geralmente se concentra em disciplinas jur\u00eddicas essenciais, al\u00e9m de conhecimentos gerais.<\/p>\n\n\n\n<p>O primeiro passo \u00e9 montar um <a target=\"_blank\" rel=\"noreferrer noopener\" href=\"https:\/\/www.correiobraziliense.com.br\/mundo\/2026\/01\/7336094-salarios-de-ate-rs-37-mil-confira-os-concursos-publicos-de-2026.html\">plano de estudos focado no edital mais recente<\/a> do tribunal desejado, mesmo que um novo ainda n\u00e3o tenha sido publicado. As mat\u00e9rias costumam seguir um padr\u00e3o, com poucas altera\u00e7\u00f5es. Geralmente, as disciplinas mais importantes s\u00e3o:<\/p>\n\n\n\n<ul class=\"wp-block-list\">\n<li>Direito Constitucional;<\/li>\n\n\n\n<li>Direito Administrativo;<\/li>\n\n\n\n<li>Direito Processual Civil;<\/li>\n\n\n\n<li>Direito Processual Penal;<\/li>\n\n\n\n<li>L\u00edngua Portuguesa.<\/li>\n<\/ul>\n\n\n\n<p>Resolver quest\u00f5es de provas anteriores \u00e9 uma estrat\u00e9gia fundamental para entender o estilo da banca examinadora e identificar os temas mais recorrentes. Al\u00e9m da teoria, o candidato precisa treinar a gest\u00e3o do tempo para o dia da prova e desenvolver a habilidade de interpretar enunciados complexos de forma r\u00e1pida e eficiente.<\/p>\n","protected":false},"excerpt":{"rendered":"<p>A carreira de oficial de justi\u00e7a \u00e9 uma das mais disputadas nos tribunais; saiba o que esperar para 2026 e veja dicas para focar nos estudos.<\/p>\n","protected":false},"author":10,"featured_media":27711,"comment_status":"open","ping_status":"open","sticky":false,"template":"","format":"standard","meta":{"jnews-multi-image_gallery":[],"jnews_single_post":{"format":"standard"},"jnews_primary_category":[],"jnews_social_meta":[],"jnews_override_counter":[],"footnotes":""},"categories":[154],"tags":[6405,8850],"class_list":["post-28183","post","type-post","status-publish","format-standard","has-post-thumbnail","hentry","category-brasil","tag-concurso-publico","tag-oficial-de-justica"],"yoast_head":"<!-- This site is optimized with the Yoast SEO plugin v25.1 - https:\/\/yoast.com\/wordpress\/plugins\/seo\/ -->\n<title>Concurso oficial de justi\u00e7a 2026: previs\u00f5es e como se preparar - Correio Braziliense - Aqui<\/title>\n<meta name=\"description\" content=\"A carreira de oficial de justi\u00e7a \u00e9 uma das mais disputadas nos tribunais; saiba o que esperar para 2026 e veja dicas para focar nos estudos.\" \/>\n<meta name=\"robots\" content=\"index, follow, max-snippet:-1, max-image-preview:large, max-video-preview:-1\" \/>\n<link rel=\"canonical\" href=\"https:\/\/www.correiobraziliense.com.br\/aqui\/2026\/04\/28\/concurso-oficial-de-justica-2026-previsoes-e-como-se-preparar\/\" \/>\n<meta property=\"og:locale\" content=\"pt_BR\" \/>\n<meta property=\"og:type\" content=\"article\" \/>\n<meta property=\"og:title\" content=\"Concurso oficial de justi\u00e7a 2026: previs\u00f5es e como se preparar - Correio Braziliense - Aqui\" \/>\n<meta property=\"og:description\" content=\"A carreira de oficial de justi\u00e7a \u00e9 uma das mais disputadas nos tribunais; saiba o que esperar para 2026 e veja dicas para focar nos estudos.\" \/>\n<meta property=\"og:url\" content=\"https:\/\/www.correiobraziliense.com.br\/aqui\/2026\/04\/28\/concurso-oficial-de-justica-2026-previsoes-e-como-se-preparar\/\" \/>\n<meta property=\"og:site_name\" content=\"Correio Braziliense - Aqui\" \/>\n<meta property=\"article:published_time\" content=\"2026-04-28T13:06:00+00:00\" \/>\n<meta property=\"og:image\" content=\"https:\/\/www.correiobraziliense.com.br\/aqui\/wp-content\/uploads\/2026\/04\/juiz-beca_1776854808396.jpg\" \/>\n\t<meta property=\"og:image:width\" content=\"1280\" \/>\n\t<meta property=\"og:image:height\" content=\"720\" \/>\n\t<meta property=\"og:image:type\" content=\"image\/jpeg\" \/>\n<meta name=\"author\" content=\"Larissa\" \/>\n<meta name=\"twitter:card\" content=\"summary_large_image\" \/>\n<meta name=\"twitter:label1\" content=\"Escrito por\" \/>\n\t<meta name=\"twitter:data1\" content=\"Larissa\" \/>\n\t<meta name=\"twitter:label2\" content=\"Est. tempo de leitura\" \/>\n\t<meta name=\"twitter:data2\" content=\"3 minutos\" \/>\n<!-- \/ Yoast SEO plugin. -->","yoast_head_json":{"title":"Concurso oficial de justi\u00e7a 2026: previs\u00f5es e como se preparar - Correio Braziliense - Aqui","description":"A carreira de oficial de justi\u00e7a \u00e9 uma das mais disputadas nos tribunais; saiba o que esperar para 2026 e veja dicas para focar nos estudos.","robots":{"index":"index","follow":"follow","max-snippet":"max-snippet:-1","max-image-preview":"max-image-preview:large","max-video-preview":"max-video-preview:-1"},"canonical":"https:\/\/www.correiobraziliense.com.br\/aqui\/2026\/04\/28\/concurso-oficial-de-justica-2026-previsoes-e-como-se-preparar\/","og_locale":"pt_BR","og_type":"article","og_title":"Concurso oficial de justi\u00e7a 2026: previs\u00f5es e como se preparar - Correio Braziliense - Aqui","og_description":"A carreira de oficial de justi\u00e7a \u00e9 uma das mais disputadas nos tribunais; saiba o que esperar para 2026 e veja dicas para focar nos estudos.","og_url":"https:\/\/www.correiobraziliense.com.br\/aqui\/2026\/04\/28\/concurso-oficial-de-justica-2026-previsoes-e-como-se-preparar\/","og_site_name":"Correio Braziliense - Aqui","article_published_time":"2026-04-28T13:06:00+00:00","og_image":[{"width":1280,"height":720,"url":"https:\/\/www.correiobraziliense.com.br\/aqui\/wp-content\/uploads\/2026\/04\/juiz-beca_1776854808396.jpg","type":"image\/jpeg"}],"author":"Larissa","twitter_card":"summary_large_image","twitter_misc":{"Escrito por":"Larissa","Est. tempo de leitura":"3 minutos"},"schema":{"@context":"https:\/\/schema.org","@graph":[{"@type":"WebPage","@id":"https:\/\/www.correiobraziliense.com.br\/aqui\/2026\/04\/28\/concurso-oficial-de-justica-2026-previsoes-e-como-se-preparar\/","url":"https:\/\/www.correiobraziliense.com.br\/aqui\/2026\/04\/28\/concurso-oficial-de-justica-2026-previsoes-e-como-se-preparar\/","name":"Concurso oficial de justi\u00e7a 2026: previs\u00f5es e como se preparar - Correio Braziliense - Aqui","isPartOf":{"@id":"https:\/\/www.correiobraziliense.com.br\/aqui\/#website"},"primaryImageOfPage":{"@id":"https:\/\/www.correiobraziliense.com.br\/aqui\/2026\/04\/28\/concurso-oficial-de-justica-2026-previsoes-e-como-se-preparar\/#primaryimage"},"image":{"@id":"https:\/\/www.correiobraziliense.com.br\/aqui\/2026\/04\/28\/concurso-oficial-de-justica-2026-previsoes-e-como-se-preparar\/#primaryimage"},"thumbnailUrl":"https:\/\/www.correiobraziliense.com.br\/aqui\/wp-content\/uploads\/2026\/04\/juiz-beca_1776854808396.jpg","datePublished":"2026-04-28T13:06:00+00:00","author":{"@id":"https:\/\/www.correiobraziliense.com.br\/aqui\/#\/schema\/person\/775f50a8c1ac31704d56816e99b29041"},"description":"A carreira de oficial de justi\u00e7a \u00e9 uma das mais disputadas nos tribunais; saiba o que esperar para 2026 e veja dicas para focar nos estudos.","breadcrumb":{"@id":"https:\/\/www.correiobraziliense.com.br\/aqui\/2026\/04\/28\/concurso-oficial-de-justica-2026-previsoes-e-como-se-preparar\/#breadcrumb"},"inLanguage":"pt-BR","potentialAction":[{"@type":"ReadAction","target":["https:\/\/www.correiobraziliense.com.br\/aqui\/2026\/04\/28\/concurso-oficial-de-justica-2026-previsoes-e-como-se-preparar\/"]}]},{"@type":"ImageObject","inLanguage":"pt-BR","@id":"https:\/\/www.correiobraziliense.com.br\/aqui\/2026\/04\/28\/concurso-oficial-de-justica-2026-previsoes-e-como-se-preparar\/#primaryimage","url":"https:\/\/www.correiobraziliense.com.br\/aqui\/wp-content\/uploads\/2026\/04\/juiz-beca_1776854808396.jpg","contentUrl":"https:\/\/www.correiobraziliense.com.br\/aqui\/wp-content\/uploads\/2026\/04\/juiz-beca_1776854808396.jpg","width":1280,"height":720,"caption":"Cr\u00e9ditos: depositphotos.com \/ saiarlawka9@gmail.com"},{"@type":"BreadcrumbList","@id":"https:\/\/www.correiobraziliense.com.br\/aqui\/2026\/04\/28\/concurso-oficial-de-justica-2026-previsoes-e-como-se-preparar\/#breadcrumb","itemListElement":[{"@type":"ListItem","position":1,"name":"In\u00edcio","item":"https:\/\/www.correiobraziliense.com.br\/aqui\/"},{"@type":"ListItem","position":2,"name":"Concurso oficial de justi\u00e7a 2026: previs\u00f5es e como se preparar"}]},{"@type":"WebSite","@id":"https:\/\/www.correiobraziliense.com.br\/aqui\/#website","url":"https:\/\/www.correiobraziliense.com.br\/aqui\/","name":"Correio Braziliense - Aqui","description":"O Correio Braziliense (CB) \u00e9 o mais importante canal de not\u00edcias de Bras\u00edlia. Aqui voc\u00ea encontra as \u00faltimas not\u00edcias do DF, do Brasil e do mundo.","potentialAction":[{"@type":"SearchAction","target":{"@type":"EntryPoint","urlTemplate":"https:\/\/www.correiobraziliense.com.br\/aqui\/?s={search_term_string}"},"query-input":{"@type":"PropertyValueSpecification","valueRequired":true,"valueName":"search_term_string"}}],"inLanguage":"pt-BR"},{"@type":"Person","@id":"https:\/\/www.correiobraziliense.com.br\/aqui\/#\/schema\/person\/775f50a8c1ac31704d56816e99b29041","name":"Larissa","image":{"@type":"ImageObject","inLanguage":"pt-BR","@id":"https:\/\/www.correiobraziliense.com.br\/aqui\/#\/schema\/person\/image\/","url":"https:\/\/secure.gravatar.com\/avatar\/62f5b2e99de671d075ab98e19f03c3c38c80a93f5d06f51075cf4431a4e76458?s=96&d=mm&r=g","contentUrl":"https:\/\/secure.gravatar.com\/avatar\/62f5b2e99de671d075ab98e19f03c3c38c80a93f5d06f51075cf4431a4e76458?s=96&d=mm&r=g","caption":"Larissa"},"url":"https:\/\/www.correiobraziliense.com.br\/aqui\/author\/larissaaqui\/"}]}},"_links":{"self":[{"href":"https:\/\/www.correiobraziliense.com.br\/aqui\/wp-json\/wp\/v2\/posts\/28183","targetHints":{"allow":["GET"]}}],"collection":[{"href":"https:\/\/www.correiobraziliense.com.br\/aqui\/wp-json\/wp\/v2\/posts"}],"about":[{"href":"https:\/\/www.correiobraziliense.com.br\/aqui\/wp-json\/wp\/v2\/types\/post"}],"author":[{"embeddable":true,"href":"https:\/\/www.correiobraziliense.com.br\/aqui\/wp-json\/wp\/v2\/users\/10"}],"replies":[{"embeddable":true,"href":"https:\/\/www.correiobraziliense.com.br\/aqui\/wp-json\/wp\/v2\/comments?post=28183"}],"version-history":[{"count":3,"href":"https:\/\/www.correiobraziliense.com.br\/aqui\/wp-json\/wp\/v2\/posts\/28183\/revisions"}],"predecessor-version":[{"id":28186,"href":"https:\/\/www.correiobraziliense.com.br\/aqui\/wp-json\/wp\/v2\/posts\/28183\/revisions\/28186"}],"wp:featuredmedia":[{"embeddable":true,"href":"https:\/\/www.correiobraziliense.com.br\/aqui\/wp-json\/wp\/v2\/media\/27711"}],"wp:attachment":[{"href":"https:\/\/www.correiobraziliense.com.br\/aqui\/wp-json\/wp\/v2\/media?parent=28183"}],"wp:term":[{"taxonomy":"category","embeddable":true,"href":"https:\/\/www.correiobraziliense.com.br\/aqui\/wp-json\/wp\/v2\/categories?post=28183"},{"taxonomy":"post_tag","embeddable":true,"href":"https:\/\/www.correiobraziliense.com.br\/aqui\/wp-json\/wp\/v2\/tags?post=28183"}],"curies":[{"name":"wp","href":"https:\/\/api.w.org\/{rel}","templated":true}]}}