{"id":28187,"date":"2026-04-28T10:39:00","date_gmt":"2026-04-28T13:39:00","guid":{"rendered":"https:\/\/www.correiobraziliense.com.br\/aqui\/?p=28187"},"modified":"2026-04-28T09:19:37","modified_gmt":"2026-04-28T12:19:37","slug":"mapa-das-queimadas-as-regioes-do-brasil-mais-afetadas-em-2026","status":"publish","type":"post","link":"https:\/\/www.correiobraziliense.com.br\/aqui\/2026\/04\/28\/mapa-das-queimadas-as-regioes-do-brasil-mais-afetadas-em-2026\/","title":{"rendered":"Mapa das queimadas: as regi\u00f5es do Brasil mais afetadas em 2026"},"content":{"rendered":"\n<p>Dados do Instituto Nacional de Pesquisas Espaciais (INPE) revelam um aumento preocupante no n\u00famero de queimadas no Brasil no primeiro trimestre de 2026. Somente em janeiro, foram registrados 4.347 focos de inc\u00eandio, um crescimento de 46% em rela\u00e7\u00e3o ao mesmo per\u00edodo de 2025. O cen\u00e1rio reverte a tend\u00eancia de queda observada no ano anterior, quando o pa\u00eds teve uma redu\u00e7\u00e3o de 39% na \u00e1rea queimada. Os sat\u00e9lites mostram que o fogo atinge com mais for\u00e7a os biomas da Amaz\u00f4nia, Cerrado e Pantanal, em um quadro agravado pela forte estiagem.<\/p>\n\n\n\n<p>A combina\u00e7\u00e3o de baixa umidade do ar, vegeta\u00e7\u00e3o seca e ventos fortes cria as condi\u00e7\u00f5es ideais para que pequenos focos de inc\u00eandio se espalhem rapidamente. Embora alguns inc\u00eandios possam ter origem natural, a maioria est\u00e1 associada a atividades humanas, como a limpeza de terrenos para agricultura e pecu\u00e1ria ou o descarte inadequado de lixo.<\/p>\n\n\n\n<p>O monitoramento cont\u00ednuo, que pode ser acompanhado por plataformas p\u00fablicas do INPE, permite a cria\u00e7\u00e3o de mapas de calor que indicam as \u00e1reas mais cr\u00edticas. Essas informa\u00e7\u00f5es s\u00e3o essenciais para direcionar os <a target=\"_blank\" rel=\"noreferrer noopener\" href=\"https:\/\/www.correiobraziliense.com.br\/brasil\/2025\/06\/7180956-operacao-queimadas-sera-anunciada-essa-semana-pela-pf.html\">esfor\u00e7os de combate<\/a> das brigadas de inc\u00eandio e para a formula\u00e7\u00e3o de <a target=\"_blank\" rel=\"noreferrer noopener\" href=\"https:\/\/www.correiobraziliense.com.br\/opiniao\/2025\/07\/7190229-estrategia-perigosa-para-conter-as-queimadas.html\">pol\u00edticas p\u00fablicas de preven\u00e7\u00e3o<\/a>.<\/p>\n\n\n\n<h2 class=\"wp-block-heading\">Cen\u00e1rio cr\u00edtico nos principais biomas<\/h2>\n\n\n\n<p>Na Amaz\u00f4nia, o fogo frequentemente est\u00e1 ligado ao <a target=\"_blank\" rel=\"noreferrer noopener\" href=\"https:\/\/www.correiobraziliense.com.br\/mundo\/2025\/05\/7152645-destruicao-de-florestas-tropicais-bate-recorde-com-aumento-de-incendios.html\">processo de desmatamento<\/a>, onde as \u00e1reas derrubadas s\u00e3o queimadas para &#8220;limpar&#8221; o terreno. A fuma\u00e7a gerada por essas queimadas impacta a qualidade do ar em vastas regi\u00f5es, afetando a sa\u00fade de milh\u00f5es de pessoas e o regime de chuvas local.<\/p>\n\n\n\n<p><a target=\"_blank\" rel=\"noreferrer noopener\" href=\"https:\/\/www.correiobraziliense.com.br\/opiniao\/2025\/09\/7246066-preservacao-do-cerrado-exige-vigilia-constante.html\">No Cerrado<\/a>, o per\u00edodo de seca, que atinge seu pico entre agosto e setembro, torna a vegeta\u00e7\u00e3o extremamente inflam\u00e1vel. O bioma, conhecido como a savana brasileira, sofre com inc\u00eandios que destroem a biodiversidade e comprometem as nascentes de importantes bacias hidrogr\u00e1ficas do pa\u00eds.<\/p>\n\n\n\n<p>O Pantanal vive uma situa\u00e7\u00e3o particularmente delicada. A maior plan\u00edcie alag\u00e1vel do mundo enfrenta uma seca severa, que deixou extensas \u00e1reas vulner\u00e1veis ao fogo. O aumento dos focos de inc\u00eandio no in\u00edcio do ano acende um alerta para o bioma, amea\u00e7ando esp\u00e9cies de animais e plantas que s\u00e3o s\u00edmbolo da regi\u00e3o.<\/p>\n\n\n\n<p>As consequ\u00eancias das queimadas v\u00e3o al\u00e9m da perda de vegeta\u00e7\u00e3o. Elas causam a morte de animais silvestres, empobrecem o solo e contribuem para a emiss\u00e3o de gases de efeito estufa, intensificando as mudan\u00e7as clim\u00e1ticas.<\/p>\n","protected":false},"excerpt":{"rendered":"<p>Amaz\u00f4nia, Cerrado e Pantanal enfrentam condi\u00e7\u00f5es cr\u00edticas no in\u00edcio do ano; veja os dados das regi\u00f5es mais afetada pelas queimadas.<\/p>\n","protected":false},"author":10,"featured_media":28190,"comment_status":"open","ping_status":"open","sticky":false,"template":"","format":"standard","meta":{"jnews-multi-image_gallery":[],"jnews_single_post":{"format":"standard"},"jnews_primary_category":[],"jnews_social_meta":[],"jnews_override_counter":[],"footnotes":""},"categories":[154,248],"tags":[157,1417],"class_list":["post-28187","post","type-post","status-publish","format-standard","has-post-thumbnail","hentry","category-brasil","category-meio-ambiente","tag-brasil","tag-queimadas"],"yoast_head":"<!-- This site is optimized with the Yoast SEO plugin v25.1 - https:\/\/yoast.com\/wordpress\/plugins\/seo\/ -->\n<title>Mapa das queimadas: as regi\u00f5es do Brasil mais afetadas em 2026 - Correio Braziliense - Aqui<\/title>\n<meta name=\"description\" content=\"Amaz\u00f4nia, Cerrado e Pantanal enfrentam condi\u00e7\u00f5es cr\u00edticas no in\u00edcio do ano; veja os dados e as regi\u00f5es mais afetadas pelas queimadas.\" \/>\n<meta name=\"robots\" content=\"index, follow, max-snippet:-1, max-image-preview:large, max-video-preview:-1\" \/>\n<link rel=\"canonical\" href=\"https:\/\/www.correiobraziliense.com.br\/aqui\/2026\/04\/28\/mapa-das-queimadas-as-regioes-do-brasil-mais-afetadas-em-2026\/\" \/>\n<meta property=\"og:locale\" content=\"pt_BR\" \/>\n<meta property=\"og:type\" content=\"article\" \/>\n<meta property=\"og:title\" content=\"Mapa das queimadas: as regi\u00f5es do Brasil mais afetadas em 2026 - Correio Braziliense - Aqui\" \/>\n<meta property=\"og:description\" content=\"Amaz\u00f4nia, Cerrado e Pantanal enfrentam condi\u00e7\u00f5es cr\u00edticas no in\u00edcio do ano; veja os dados e as regi\u00f5es mais afetadas pelas queimadas.\" \/>\n<meta property=\"og:url\" content=\"https:\/\/www.correiobraziliense.com.br\/aqui\/2026\/04\/28\/mapa-das-queimadas-as-regioes-do-brasil-mais-afetadas-em-2026\/\" \/>\n<meta property=\"og:site_name\" content=\"Correio Braziliense - Aqui\" \/>\n<meta property=\"article:published_time\" content=\"2026-04-28T13:39:00+00:00\" \/>\n<meta property=\"og:image\" content=\"https:\/\/www.correiobraziliense.com.br\/aqui\/wp-content\/uploads\/2026\/04\/amazonia-queimadas_1777377762891.jpg\" \/>\n\t<meta property=\"og:image:width\" content=\"1280\" \/>\n\t<meta property=\"og:image:height\" content=\"720\" \/>\n\t<meta property=\"og:image:type\" content=\"image\/jpeg\" \/>\n<meta name=\"author\" content=\"Larissa\" \/>\n<meta name=\"twitter:card\" content=\"summary_large_image\" \/>\n<meta name=\"twitter:label1\" content=\"Escrito por\" \/>\n\t<meta name=\"twitter:data1\" content=\"Larissa\" \/>\n\t<meta name=\"twitter:label2\" content=\"Est. tempo de leitura\" \/>\n\t<meta name=\"twitter:data2\" content=\"3 minutos\" \/>\n<!-- \/ Yoast SEO plugin. -->","yoast_head_json":{"title":"Mapa das queimadas: as regi\u00f5es do Brasil mais afetadas em 2026 - Correio Braziliense - Aqui","description":"Amaz\u00f4nia, Cerrado e Pantanal enfrentam condi\u00e7\u00f5es cr\u00edticas no in\u00edcio do ano; veja os dados e as regi\u00f5es mais afetadas pelas queimadas.","robots":{"index":"index","follow":"follow","max-snippet":"max-snippet:-1","max-image-preview":"max-image-preview:large","max-video-preview":"max-video-preview:-1"},"canonical":"https:\/\/www.correiobraziliense.com.br\/aqui\/2026\/04\/28\/mapa-das-queimadas-as-regioes-do-brasil-mais-afetadas-em-2026\/","og_locale":"pt_BR","og_type":"article","og_title":"Mapa das queimadas: as regi\u00f5es do Brasil mais afetadas em 2026 - Correio Braziliense - Aqui","og_description":"Amaz\u00f4nia, Cerrado e Pantanal enfrentam condi\u00e7\u00f5es cr\u00edticas no in\u00edcio do ano; veja os dados e as regi\u00f5es mais afetadas pelas queimadas.","og_url":"https:\/\/www.correiobraziliense.com.br\/aqui\/2026\/04\/28\/mapa-das-queimadas-as-regioes-do-brasil-mais-afetadas-em-2026\/","og_site_name":"Correio Braziliense - Aqui","article_published_time":"2026-04-28T13:39:00+00:00","og_image":[{"width":1280,"height":720,"url":"https:\/\/www.correiobraziliense.com.br\/aqui\/wp-content\/uploads\/2026\/04\/amazonia-queimadas_1777377762891.jpg","type":"image\/jpeg"}],"author":"Larissa","twitter_card":"summary_large_image","twitter_misc":{"Escrito por":"Larissa","Est. tempo de leitura":"3 minutos"},"schema":{"@context":"https:\/\/schema.org","@graph":[{"@type":"WebPage","@id":"https:\/\/www.correiobraziliense.com.br\/aqui\/2026\/04\/28\/mapa-das-queimadas-as-regioes-do-brasil-mais-afetadas-em-2026\/","url":"https:\/\/www.correiobraziliense.com.br\/aqui\/2026\/04\/28\/mapa-das-queimadas-as-regioes-do-brasil-mais-afetadas-em-2026\/","name":"Mapa das queimadas: as regi\u00f5es do Brasil mais afetadas em 2026 - Correio Braziliense - Aqui","isPartOf":{"@id":"https:\/\/www.correiobraziliense.com.br\/aqui\/#website"},"primaryImageOfPage":{"@id":"https:\/\/www.correiobraziliense.com.br\/aqui\/2026\/04\/28\/mapa-das-queimadas-as-regioes-do-brasil-mais-afetadas-em-2026\/#primaryimage"},"image":{"@id":"https:\/\/www.correiobraziliense.com.br\/aqui\/2026\/04\/28\/mapa-das-queimadas-as-regioes-do-brasil-mais-afetadas-em-2026\/#primaryimage"},"thumbnailUrl":"https:\/\/www.correiobraziliense.com.br\/aqui\/wp-content\/uploads\/2026\/04\/amazonia-queimadas_1777377762891.jpg","datePublished":"2026-04-28T13:39:00+00:00","author":{"@id":"https:\/\/www.correiobraziliense.com.br\/aqui\/#\/schema\/person\/775f50a8c1ac31704d56816e99b29041"},"description":"Amaz\u00f4nia, Cerrado e Pantanal enfrentam condi\u00e7\u00f5es cr\u00edticas no in\u00edcio do ano; veja os dados e as regi\u00f5es mais afetadas pelas queimadas.","breadcrumb":{"@id":"https:\/\/www.correiobraziliense.com.br\/aqui\/2026\/04\/28\/mapa-das-queimadas-as-regioes-do-brasil-mais-afetadas-em-2026\/#breadcrumb"},"inLanguage":"pt-BR","potentialAction":[{"@type":"ReadAction","target":["https:\/\/www.correiobraziliense.com.br\/aqui\/2026\/04\/28\/mapa-das-queimadas-as-regioes-do-brasil-mais-afetadas-em-2026\/"]}]},{"@type":"ImageObject","inLanguage":"pt-BR","@id":"https:\/\/www.correiobraziliense.com.br\/aqui\/2026\/04\/28\/mapa-das-queimadas-as-regioes-do-brasil-mais-afetadas-em-2026\/#primaryimage","url":"https:\/\/www.correiobraziliense.com.br\/aqui\/wp-content\/uploads\/2026\/04\/amazonia-queimadas_1777377762891.jpg","contentUrl":"https:\/\/www.correiobraziliense.com.br\/aqui\/wp-content\/uploads\/2026\/04\/amazonia-queimadas_1777377762891.jpg","width":1280,"height":720,"caption":"Cr\u00e9ditos: depositphotos.com \/ pedarilhos"},{"@type":"BreadcrumbList","@id":"https:\/\/www.correiobraziliense.com.br\/aqui\/2026\/04\/28\/mapa-das-queimadas-as-regioes-do-brasil-mais-afetadas-em-2026\/#breadcrumb","itemListElement":[{"@type":"ListItem","position":1,"name":"In\u00edcio","item":"https:\/\/www.correiobraziliense.com.br\/aqui\/"},{"@type":"ListItem","position":2,"name":"Mapa das queimadas: as regi\u00f5es do Brasil mais afetadas em 2026"}]},{"@type":"WebSite","@id":"https:\/\/www.correiobraziliense.com.br\/aqui\/#website","url":"https:\/\/www.correiobraziliense.com.br\/aqui\/","name":"Correio Braziliense - Aqui","description":"O Correio Braziliense (CB) \u00e9 o mais importante canal de not\u00edcias de Bras\u00edlia. Aqui voc\u00ea encontra as \u00faltimas not\u00edcias do DF, do Brasil e do mundo.","potentialAction":[{"@type":"SearchAction","target":{"@type":"EntryPoint","urlTemplate":"https:\/\/www.correiobraziliense.com.br\/aqui\/?s={search_term_string}"},"query-input":{"@type":"PropertyValueSpecification","valueRequired":true,"valueName":"search_term_string"}}],"inLanguage":"pt-BR"},{"@type":"Person","@id":"https:\/\/www.correiobraziliense.com.br\/aqui\/#\/schema\/person\/775f50a8c1ac31704d56816e99b29041","name":"Larissa","image":{"@type":"ImageObject","inLanguage":"pt-BR","@id":"https:\/\/www.correiobraziliense.com.br\/aqui\/#\/schema\/person\/image\/","url":"https:\/\/secure.gravatar.com\/avatar\/62f5b2e99de671d075ab98e19f03c3c38c80a93f5d06f51075cf4431a4e76458?s=96&d=mm&r=g","contentUrl":"https:\/\/secure.gravatar.com\/avatar\/62f5b2e99de671d075ab98e19f03c3c38c80a93f5d06f51075cf4431a4e76458?s=96&d=mm&r=g","caption":"Larissa"},"url":"https:\/\/www.correiobraziliense.com.br\/aqui\/author\/larissaaqui\/"}]}},"_links":{"self":[{"href":"https:\/\/www.correiobraziliense.com.br\/aqui\/wp-json\/wp\/v2\/posts\/28187","targetHints":{"allow":["GET"]}}],"collection":[{"href":"https:\/\/www.correiobraziliense.com.br\/aqui\/wp-json\/wp\/v2\/posts"}],"about":[{"href":"https:\/\/www.correiobraziliense.com.br\/aqui\/wp-json\/wp\/v2\/types\/post"}],"author":[{"embeddable":true,"href":"https:\/\/www.correiobraziliense.com.br\/aqui\/wp-json\/wp\/v2\/users\/10"}],"replies":[{"embeddable":true,"href":"https:\/\/www.correiobraziliense.com.br\/aqui\/wp-json\/wp\/v2\/comments?post=28187"}],"version-history":[{"count":2,"href":"https:\/\/www.correiobraziliense.com.br\/aqui\/wp-json\/wp\/v2\/posts\/28187\/revisions"}],"predecessor-version":[{"id":28189,"href":"https:\/\/www.correiobraziliense.com.br\/aqui\/wp-json\/wp\/v2\/posts\/28187\/revisions\/28189"}],"wp:featuredmedia":[{"embeddable":true,"href":"https:\/\/www.correiobraziliense.com.br\/aqui\/wp-json\/wp\/v2\/media\/28190"}],"wp:attachment":[{"href":"https:\/\/www.correiobraziliense.com.br\/aqui\/wp-json\/wp\/v2\/media?parent=28187"}],"wp:term":[{"taxonomy":"category","embeddable":true,"href":"https:\/\/www.correiobraziliense.com.br\/aqui\/wp-json\/wp\/v2\/categories?post=28187"},{"taxonomy":"post_tag","embeddable":true,"href":"https:\/\/www.correiobraziliense.com.br\/aqui\/wp-json\/wp\/v2\/tags?post=28187"}],"curies":[{"name":"wp","href":"https:\/\/api.w.org\/{rel}","templated":true}]}}