{"id":28191,"date":"2026-04-28T11:14:00","date_gmt":"2026-04-28T14:14:00","guid":{"rendered":"https:\/\/www.correiobraziliense.com.br\/aqui\/?p=28191"},"modified":"2026-04-28T09:28:31","modified_gmt":"2026-04-28T12:28:31","slug":"como-a-ia-vai-combater-as-fake-news-nas-eleicoes-de-2026","status":"publish","type":"post","link":"https:\/\/www.correiobraziliense.com.br\/aqui\/2026\/04\/28\/como-a-ia-vai-combater-as-fake-news-nas-eleicoes-de-2026\/","title":{"rendered":"Como a IA vai combater as fake news nas elei\u00e7\u00f5es de 2026?"},"content":{"rendered":"\n<p>A Justi\u00e7a Eleitoral vai usar intelig\u00eancia artificial para combater a dissemina\u00e7\u00e3o de fake news e o uso de deepfakes nas elei\u00e7\u00f5es gerais de 2026, marcadas para 4 de outubro. Ap\u00f3s uma primeira aplica\u00e7\u00e3o nas elei\u00e7\u00f5es municipais de 2024, a iniciativa foi aprimorada para garantir a integridade do processo democr\u00e1tico que envolver\u00e1 mais de 155 milh\u00f5es de eleitores, buscando identificar e remover conte\u00fados enganosos com mais agilidade.<\/p>\n\n\n\n<p>O plano \u00e9 utilizar sistemas automatizados para monitorar o ambiente digital, como redes sociais e aplicativos de mensagens, em busca de padr\u00f5es que indiquem campanhas de desinforma\u00e7\u00e3o. A tecnologia \u00e9 capaz de analisar um volume de dados muito maior do que equipes humanas, identificando a origem e a velocidade de propaga\u00e7\u00e3o de conte\u00fados suspeitos. Ferramentas como o Sistema de Alertas de Desinforma\u00e7\u00e3o Eleitoral (SIADE) tamb\u00e9m est\u00e3o dispon\u00edveis para den\u00fancias da sociedade.<\/p>\n\n\n\n<p>Um dos principais alvos da nova estrat\u00e9gia s\u00e3o os <a target=\"_blank\" rel=\"noreferrer noopener\" href=\"https:\/\/www.correiobraziliense.com.br\/direito-e-justica\/2025\/05\/7136758-deepfake-e-crimes-digitais-quando-a-realidade-se-torna-uma-arma.html\">deepfakes<\/a> \u2014 v\u00eddeos ou \u00e1udios manipulados por IA para criar situa\u00e7\u00f5es que nunca ocorreram. As montagens est\u00e3o cada vez mais realistas e representam uma amea\u00e7a s\u00e9ria. A regulamenta\u00e7\u00e3o do TSE, expressa na Resolu\u00e7\u00e3o n\u00ba 23.732\/2024, pro\u00edbe explicitamente o uso de deepfakes para criar ou alterar a voz ou imagem de candidatos para prejudicar ou favorecer candidaturas.<\/p>\n\n\n\n<h2 class=\"wp-block-heading\">Como a tecnologia vai funcionar<\/h2>\n\n\n\n<p>O combate \u00e0 desinforma\u00e7\u00e3o ser\u00e1 estruturado em algumas frentes principais. A primeira delas \u00e9 a identifica\u00e7\u00e3o proativa de conte\u00fado. Ferramentas de IA ser\u00e3o treinadas para reconhecer caracter\u00edsticas t\u00edpicas de manipula\u00e7\u00f5es digitais, como microexpress\u00f5es faciais inconsistentes, piscadas de olhos n\u00e3o naturais ou falhas na sincronia labial em v\u00eddeos.<\/p>\n\n\n\n<p>Outro pilar \u00e9 a an\u00e1lise de comportamento em rede. Os algoritmos podem identificar a a\u00e7\u00e3o coordenada de perfis falsos, conhecidos como <a target=\"_blank\" rel=\"noreferrer noopener\" href=\"https:\/\/www.correiobraziliense.com.br\/cidades-df\/2025\/06\/7179092-em-tempos-de-ia-comeca-a-preparacao-para-a-guerra-contra-as-fake-news.html\">rob\u00f4s<\/a>, que trabalham para impulsionar artificialmente uma publica\u00e7\u00e3o e criar a falsa impress\u00e3o de que um tema \u00e9 muito popular ou que uma informa\u00e7\u00e3o \u00e9 amplamente aceita.<\/p>\n\n\n\n<p>O trabalho ser\u00e1 feito em colabora\u00e7\u00e3o com as pr\u00f3prias <a target=\"_blank\" rel=\"noreferrer noopener\" href=\"https:\/\/www.correiobraziliense.com.br\/politica\/2025\/05\/7156189-congresso-debate-criacao-de-marco-regulatorio-da-inteligencia-artificial.html\">plataformas digitais<\/a>, que s\u00e3o obrigadas a apresentar planos de conformidade. Uma vez que um conte\u00fado \u00e9 sinalizado pelo sistema da Justi\u00e7a Eleitoral como potencialmente falso ou manipulado, as empresas respons\u00e1veis pela rede social s\u00e3o notificadas para que possam aplicar suas pol\u00edticas de uso e, se for o caso, remover o material do ar rapidamente.<\/p>\n\n\n\n<p>A velocidade \u00e9 um fator cr\u00edtico. O objetivo \u00e9 que a identifica\u00e7\u00e3o e a derrubada de uma fake news ocorram em poucas horas, diminuindo drasticamente seu alcance viral. A ado\u00e7\u00e3o dessas ferramentas representa um passo importante na adapta\u00e7\u00e3o das <a target=\"_blank\" rel=\"noreferrer noopener\" href=\"https:\/\/www.correiobraziliense.com.br\/direito-e-justica\/2025\/06\/7175569-o-novo-codigo-eleitoral-e-a-inteligencia-artificial.html\">regras eleitorais<\/a> a um cen\u00e1rio de comunica\u00e7\u00e3o cada vez mais complexo e desafiador.<\/p>\n","protected":false},"excerpt":{"rendered":"<p>Justi\u00e7a Eleitoral aprimora uso de tecnologia para identificar e derrubar desinforma\u00e7\u00e3o nas elei\u00e7\u00f5es gerais. <\/p>\n","protected":false},"author":10,"featured_media":26906,"comment_status":"open","ping_status":"open","sticky":false,"template":"","format":"standard","meta":{"jnews-multi-image_gallery":[],"jnews_single_post":{"format":"standard"},"jnews_primary_category":[],"jnews_social_meta":[],"jnews_override_counter":[],"footnotes":""},"categories":[154,244],"tags":[6266,1168,222,224],"class_list":["post-28191","post","type-post","status-publish","format-standard","has-post-thumbnail","hentry","category-brasil","category-tecnologia-2","tag-eleicoes-2026","tag-fake-news","tag-ia","tag-tecnologia"],"yoast_head":"<!-- This site is optimized with the Yoast SEO plugin v25.1 - https:\/\/yoast.com\/wordpress\/plugins\/seo\/ -->\n<title>Como a IA vai combater as fake news nas elei\u00e7\u00f5es de 2026? - Correio Braziliense - Aqui<\/title>\n<meta name=\"description\" content=\"Justi\u00e7a Eleitoral aprimora uso de tecnologia para identificar e derrubar as fake news nas elei\u00e7\u00f5es gerais.\" \/>\n<meta name=\"robots\" content=\"index, follow, max-snippet:-1, max-image-preview:large, max-video-preview:-1\" \/>\n<link rel=\"canonical\" href=\"https:\/\/www.correiobraziliense.com.br\/aqui\/2026\/04\/28\/como-a-ia-vai-combater-as-fake-news-nas-eleicoes-de-2026\/\" \/>\n<meta property=\"og:locale\" content=\"pt_BR\" \/>\n<meta property=\"og:type\" content=\"article\" \/>\n<meta property=\"og:title\" content=\"Como a IA vai combater as fake news nas elei\u00e7\u00f5es de 2026? - Correio Braziliense - Aqui\" \/>\n<meta property=\"og:description\" content=\"Justi\u00e7a Eleitoral aprimora uso de tecnologia para identificar e derrubar as fake news nas elei\u00e7\u00f5es gerais.\" \/>\n<meta property=\"og:url\" content=\"https:\/\/www.correiobraziliense.com.br\/aqui\/2026\/04\/28\/como-a-ia-vai-combater-as-fake-news-nas-eleicoes-de-2026\/\" \/>\n<meta property=\"og:site_name\" content=\"Correio Braziliense - Aqui\" \/>\n<meta property=\"article:published_time\" content=\"2026-04-28T14:14:00+00:00\" \/>\n<meta property=\"og:image\" content=\"https:\/\/www.correiobraziliense.com.br\/aqui\/wp-content\/uploads\/2026\/04\/politica-brasileira_1776080440701.jpg\" \/>\n\t<meta property=\"og:image:width\" content=\"1280\" \/>\n\t<meta property=\"og:image:height\" content=\"720\" \/>\n\t<meta property=\"og:image:type\" content=\"image\/jpeg\" \/>\n<meta name=\"author\" content=\"Larissa\" \/>\n<meta name=\"twitter:card\" content=\"summary_large_image\" \/>\n<meta name=\"twitter:label1\" content=\"Escrito por\" \/>\n\t<meta name=\"twitter:data1\" content=\"Larissa\" \/>\n\t<meta name=\"twitter:label2\" content=\"Est. tempo de leitura\" \/>\n\t<meta name=\"twitter:data2\" content=\"3 minutos\" \/>\n<!-- \/ Yoast SEO plugin. -->","yoast_head_json":{"title":"Como a IA vai combater as fake news nas elei\u00e7\u00f5es de 2026? - Correio Braziliense - Aqui","description":"Justi\u00e7a Eleitoral aprimora uso de tecnologia para identificar e derrubar as fake news nas elei\u00e7\u00f5es gerais.","robots":{"index":"index","follow":"follow","max-snippet":"max-snippet:-1","max-image-preview":"max-image-preview:large","max-video-preview":"max-video-preview:-1"},"canonical":"https:\/\/www.correiobraziliense.com.br\/aqui\/2026\/04\/28\/como-a-ia-vai-combater-as-fake-news-nas-eleicoes-de-2026\/","og_locale":"pt_BR","og_type":"article","og_title":"Como a IA vai combater as fake news nas elei\u00e7\u00f5es de 2026? - Correio Braziliense - Aqui","og_description":"Justi\u00e7a Eleitoral aprimora uso de tecnologia para identificar e derrubar as fake news nas elei\u00e7\u00f5es gerais.","og_url":"https:\/\/www.correiobraziliense.com.br\/aqui\/2026\/04\/28\/como-a-ia-vai-combater-as-fake-news-nas-eleicoes-de-2026\/","og_site_name":"Correio Braziliense - Aqui","article_published_time":"2026-04-28T14:14:00+00:00","og_image":[{"width":1280,"height":720,"url":"https:\/\/www.correiobraziliense.com.br\/aqui\/wp-content\/uploads\/2026\/04\/politica-brasileira_1776080440701.jpg","type":"image\/jpeg"}],"author":"Larissa","twitter_card":"summary_large_image","twitter_misc":{"Escrito por":"Larissa","Est. tempo de leitura":"3 minutos"},"schema":{"@context":"https:\/\/schema.org","@graph":[{"@type":"WebPage","@id":"https:\/\/www.correiobraziliense.com.br\/aqui\/2026\/04\/28\/como-a-ia-vai-combater-as-fake-news-nas-eleicoes-de-2026\/","url":"https:\/\/www.correiobraziliense.com.br\/aqui\/2026\/04\/28\/como-a-ia-vai-combater-as-fake-news-nas-eleicoes-de-2026\/","name":"Como a IA vai combater as fake news nas elei\u00e7\u00f5es de 2026? - Correio Braziliense - Aqui","isPartOf":{"@id":"https:\/\/www.correiobraziliense.com.br\/aqui\/#website"},"primaryImageOfPage":{"@id":"https:\/\/www.correiobraziliense.com.br\/aqui\/2026\/04\/28\/como-a-ia-vai-combater-as-fake-news-nas-eleicoes-de-2026\/#primaryimage"},"image":{"@id":"https:\/\/www.correiobraziliense.com.br\/aqui\/2026\/04\/28\/como-a-ia-vai-combater-as-fake-news-nas-eleicoes-de-2026\/#primaryimage"},"thumbnailUrl":"https:\/\/www.correiobraziliense.com.br\/aqui\/wp-content\/uploads\/2026\/04\/politica-brasileira_1776080440701.jpg","datePublished":"2026-04-28T14:14:00+00:00","author":{"@id":"https:\/\/www.correiobraziliense.com.br\/aqui\/#\/schema\/person\/775f50a8c1ac31704d56816e99b29041"},"description":"Justi\u00e7a Eleitoral aprimora uso de tecnologia para identificar e derrubar as fake news nas elei\u00e7\u00f5es gerais.","breadcrumb":{"@id":"https:\/\/www.correiobraziliense.com.br\/aqui\/2026\/04\/28\/como-a-ia-vai-combater-as-fake-news-nas-eleicoes-de-2026\/#breadcrumb"},"inLanguage":"pt-BR","potentialAction":[{"@type":"ReadAction","target":["https:\/\/www.correiobraziliense.com.br\/aqui\/2026\/04\/28\/como-a-ia-vai-combater-as-fake-news-nas-eleicoes-de-2026\/"]}]},{"@type":"ImageObject","inLanguage":"pt-BR","@id":"https:\/\/www.correiobraziliense.com.br\/aqui\/2026\/04\/28\/como-a-ia-vai-combater-as-fake-news-nas-eleicoes-de-2026\/#primaryimage","url":"https:\/\/www.correiobraziliense.com.br\/aqui\/wp-content\/uploads\/2026\/04\/politica-brasileira_1776080440701.jpg","contentUrl":"https:\/\/www.correiobraziliense.com.br\/aqui\/wp-content\/uploads\/2026\/04\/politica-brasileira_1776080440701.jpg","width":1280,"height":720,"caption":"Cr\u00e9ditos: depositphotos.com \/ Ranimiro"},{"@type":"BreadcrumbList","@id":"https:\/\/www.correiobraziliense.com.br\/aqui\/2026\/04\/28\/como-a-ia-vai-combater-as-fake-news-nas-eleicoes-de-2026\/#breadcrumb","itemListElement":[{"@type":"ListItem","position":1,"name":"In\u00edcio","item":"https:\/\/www.correiobraziliense.com.br\/aqui\/"},{"@type":"ListItem","position":2,"name":"Como a IA vai combater as fake news nas elei\u00e7\u00f5es de 2026?"}]},{"@type":"WebSite","@id":"https:\/\/www.correiobraziliense.com.br\/aqui\/#website","url":"https:\/\/www.correiobraziliense.com.br\/aqui\/","name":"Correio Braziliense - Aqui","description":"O Correio Braziliense (CB) \u00e9 o mais importante canal de not\u00edcias de Bras\u00edlia. Aqui voc\u00ea encontra as \u00faltimas not\u00edcias do DF, do Brasil e do mundo.","potentialAction":[{"@type":"SearchAction","target":{"@type":"EntryPoint","urlTemplate":"https:\/\/www.correiobraziliense.com.br\/aqui\/?s={search_term_string}"},"query-input":{"@type":"PropertyValueSpecification","valueRequired":true,"valueName":"search_term_string"}}],"inLanguage":"pt-BR"},{"@type":"Person","@id":"https:\/\/www.correiobraziliense.com.br\/aqui\/#\/schema\/person\/775f50a8c1ac31704d56816e99b29041","name":"Larissa","image":{"@type":"ImageObject","inLanguage":"pt-BR","@id":"https:\/\/www.correiobraziliense.com.br\/aqui\/#\/schema\/person\/image\/","url":"https:\/\/secure.gravatar.com\/avatar\/62f5b2e99de671d075ab98e19f03c3c38c80a93f5d06f51075cf4431a4e76458?s=96&d=mm&r=g","contentUrl":"https:\/\/secure.gravatar.com\/avatar\/62f5b2e99de671d075ab98e19f03c3c38c80a93f5d06f51075cf4431a4e76458?s=96&d=mm&r=g","caption":"Larissa"},"url":"https:\/\/www.correiobraziliense.com.br\/aqui\/author\/larissaaqui\/"}]}},"_links":{"self":[{"href":"https:\/\/www.correiobraziliense.com.br\/aqui\/wp-json\/wp\/v2\/posts\/28191","targetHints":{"allow":["GET"]}}],"collection":[{"href":"https:\/\/www.correiobraziliense.com.br\/aqui\/wp-json\/wp\/v2\/posts"}],"about":[{"href":"https:\/\/www.correiobraziliense.com.br\/aqui\/wp-json\/wp\/v2\/types\/post"}],"author":[{"embeddable":true,"href":"https:\/\/www.correiobraziliense.com.br\/aqui\/wp-json\/wp\/v2\/users\/10"}],"replies":[{"embeddable":true,"href":"https:\/\/www.correiobraziliense.com.br\/aqui\/wp-json\/wp\/v2\/comments?post=28191"}],"version-history":[{"count":2,"href":"https:\/\/www.correiobraziliense.com.br\/aqui\/wp-json\/wp\/v2\/posts\/28191\/revisions"}],"predecessor-version":[{"id":28193,"href":"https:\/\/www.correiobraziliense.com.br\/aqui\/wp-json\/wp\/v2\/posts\/28191\/revisions\/28193"}],"wp:featuredmedia":[{"embeddable":true,"href":"https:\/\/www.correiobraziliense.com.br\/aqui\/wp-json\/wp\/v2\/media\/26906"}],"wp:attachment":[{"href":"https:\/\/www.correiobraziliense.com.br\/aqui\/wp-json\/wp\/v2\/media?parent=28191"}],"wp:term":[{"taxonomy":"category","embeddable":true,"href":"https:\/\/www.correiobraziliense.com.br\/aqui\/wp-json\/wp\/v2\/categories?post=28191"},{"taxonomy":"post_tag","embeddable":true,"href":"https:\/\/www.correiobraziliense.com.br\/aqui\/wp-json\/wp\/v2\/tags?post=28191"}],"curies":[{"name":"wp","href":"https:\/\/api.w.org\/{rel}","templated":true}]}}