{"id":28194,"date":"2026-04-28T11:45:00","date_gmt":"2026-04-28T14:45:00","guid":{"rendered":"https:\/\/www.correiobraziliense.com.br\/aqui\/?p=28194"},"modified":"2026-04-28T09:34:15","modified_gmt":"2026-04-28T12:34:15","slug":"aposentadoria-como-planejar-uma-previdencia-privada","status":"publish","type":"post","link":"https:\/\/www.correiobraziliense.com.br\/aqui\/2026\/04\/28\/aposentadoria-como-planejar-uma-previdencia-privada\/","title":{"rendered":"Aposentadoria: como planejar uma previd\u00eancia privada"},"content":{"rendered":"\n<p>Pensar na aposentadoria \u00e9 um passo fundamental para garantir tranquilidade no futuro. Com as mudan\u00e7as nas regras do Instituto Nacional do Seguro Social (INSS), que implementaram novos crit\u00e9rios em 2026 como parte da transi\u00e7\u00e3o da Reforma da Previd\u00eancia de 2019, muitos brasileiros se perguntam se a previd\u00eancia p\u00fablica ser\u00e1 suficiente para manter o padr\u00e3o de vida. Este ano, por exemplo, a idade m\u00ednima progressiva para se aposentar aumentou para 59 anos e 6 meses para mulheres e 64 anos e 6 meses para homens. Nesse cen\u00e1rio, os planos de previd\u00eancia privada se consolidam como uma alternativa segura para complementar a renda.<\/p>\n\n\n\n<p>A <a target=\"_blank\" rel=\"noreferrer noopener\" href=\"https:\/\/www.correiobraziliense.com.br\/revista-do-correio\/2025\/09\/7250916-6-dicas-para-planejar-a-previdencia-privada-com-seguranca.html\">previd\u00eancia privada<\/a> funciona como uma poupan\u00e7a de longo prazo. Voc\u00ea realiza contribui\u00e7\u00f5es peri\u00f3dicas que s\u00e3o investidas por uma institui\u00e7\u00e3o financeira, como um banco ou uma seguradora. O objetivo \u00e9 acumular um montante que, no futuro, poder\u00e1 ser resgatado de uma vez ou convertido em uma renda mensal vital\u00edcia ou por um per\u00edodo determinado.<\/p>\n\n\n\n<h2 class=\"wp-block-heading\">PGBL ou VGBL: qual escolher?<\/h2>\n\n\n\n<p>Existem dois tipos principais de planos dispon\u00edveis no mercado: o Plano Gerador de Benef\u00edcio Livre (PGBL) e o Vida Gerador de Benef\u00edcio Livre (VGBL). A principal diferen\u00e7a entre eles est\u00e1 na forma de tributa\u00e7\u00e3o, o que torna a escolha muito pessoal e ligada ao seu perfil de declara\u00e7\u00e3o de Imposto de Renda (IR).<\/p>\n\n\n\n<p>O PGBL \u00e9 mais indicado para quem faz a declara\u00e7\u00e3o completa do IR. Nele, \u00e9 poss\u00edvel deduzir as contribui\u00e7\u00f5es da base de c\u00e1lculo do imposto, com um limite de at\u00e9 12% da sua renda bruta anual. No momento do resgate, por\u00e9m, o imposto incide sobre o valor total acumulado, incluindo o principal e os rendimentos.<\/p>\n\n\n\n<p>J\u00e1 o VGBL \u00e9 a melhor op\u00e7\u00e3o para quem entrega a declara\u00e7\u00e3o simplificada ou \u00e9 isento. Este plano n\u00e3o oferece o benef\u00edcio fiscal durante a fase de acumula\u00e7\u00e3o, mas a tributa\u00e7\u00e3o no resgate acontece apenas sobre os rendimentos obtidos, o que representa uma grande vantagem.<\/p>\n\n\n\n<p>Outro ponto de aten\u00e7\u00e3o \u00e9 a escolha do regime de tributa\u00e7\u00e3o: progressivo ou regressivo. Na tabela progressiva, as al\u00edquotas seguem a mesma l\u00f3gica do IR sobre sal\u00e1rios. J\u00e1 a tabela regressiva beneficia o longo prazo, com al\u00edquotas que diminuem com o tempo, podendo chegar a 10% ap\u00f3s 10 anos de <a target=\"_blank\" rel=\"noreferrer noopener\" href=\"https:\/\/www.correiobraziliense.com.br\/revista-do-correio\/2025\/11\/7296804-quer-aproveitar-a-aposentadoria-veja-como-os-fundos-de-investimento-podem-ajudar.html\">investimento<\/a>.<\/p>\n\n\n\n<h2 class=\"wp-block-heading\">Como dar o primeiro passo?<\/h2>\n\n\n\n<p>Come\u00e7ar a planejar a previd\u00eancia complementar \u00e9 mais simples do que parece e pode ser feito com alguns passos pr\u00e1ticos:<\/p>\n\n\n\n<ul class=\"wp-block-list\">\n<li><strong>Defina seus objetivos:<\/strong> calcule qual seria a renda mensal ideal para voc\u00ea viver com conforto na aposentadoria. Isso ajudar\u00e1 a determinar o valor das contribui\u00e7\u00f5es.<\/li>\n\n\n\n<li><a href=\"https:\/\/www.correiobraziliense.com.br\/economia\/2025\/12\/7320205-diante-de-incertezas-jovens-investem-em-renda-para-aposentadoria.html\" target=\"_blank\" rel=\"noreferrer noopener\"><strong>Comece o quanto antes<\/strong><\/a><strong>:<\/strong> o tempo \u00e9 o maior aliado do investidor. Gra\u00e7as ao poder dos juros compostos, mesmo pequenas contribui\u00e7\u00f5es feitas desde cedo se transformam em um patrim\u00f4nio significativo no futuro.<\/li>\n\n\n\n<li><strong>Analise as taxas:<\/strong> verifique as taxas de administra\u00e7\u00e3o e de carregamento do plano. Custos elevados podem comprometer a <a href=\"https:\/\/www.correiobraziliense.com.br\/economia\/2025\/10\/7272348-rentabilidade-media-da-previdencia-fechada-atinge-648-no-1-semestre-de-2025.html\" target=\"_blank\" rel=\"noreferrer noopener\">rentabilidade<\/a> final do seu investimento a longo prazo.<\/li>\n\n\n\n<li><strong>Seja consistente:<\/strong> a disciplina nos aportes \u00e9 mais importante do que o valor inicial. Muitos planos permitem contribui\u00e7\u00f5es mensais acess\u00edveis, facilitando o in\u00edcio do planejamento para todos os perfis financeiros.<\/li>\n<\/ul>\n","protected":false},"excerpt":{"rendered":"<p>O INSS pode n\u00e3o ser suficiente para garantir o padr\u00e3o de vida desejado; especialistas explicam como criar um plano de aposentadoria privada, <\/p>\n","protected":false},"author":10,"featured_media":27827,"comment_status":"open","ping_status":"open","sticky":false,"template":"","format":"standard","meta":{"jnews-multi-image_gallery":[],"jnews_single_post":{"format":"standard"},"jnews_primary_category":[],"jnews_social_meta":[],"jnews_override_counter":[],"footnotes":""},"categories":[122],"tags":[2174,157,5491],"class_list":["post-28194","post","type-post","status-publish","format-standard","has-post-thumbnail","hentry","category-financas","tag-aposentadoria","tag-brasil","tag-inss"],"yoast_head":"<!-- This site is optimized with the Yoast SEO plugin v25.1 - https:\/\/yoast.com\/wordpress\/plugins\/seo\/ -->\n<title>Aposentadoria: como planejar uma previd\u00eancia privada - Correio Braziliense - Aqui<\/title>\n<meta name=\"description\" content=\"O INSS pode n\u00e3o ser suficiente para garantir o padr\u00e3o de vida desejado; especialistas explicam como criar um plano de previd\u00eancia privada.\" \/>\n<meta name=\"robots\" content=\"index, follow, max-snippet:-1, max-image-preview:large, max-video-preview:-1\" \/>\n<link rel=\"canonical\" href=\"https:\/\/www.correiobraziliense.com.br\/aqui\/2026\/04\/28\/aposentadoria-como-planejar-uma-previdencia-privada\/\" \/>\n<meta property=\"og:locale\" content=\"pt_BR\" \/>\n<meta property=\"og:type\" content=\"article\" \/>\n<meta property=\"og:title\" content=\"Aposentadoria: como planejar uma previd\u00eancia privada - Correio Braziliense - Aqui\" \/>\n<meta property=\"og:description\" content=\"O INSS pode n\u00e3o ser suficiente para garantir o padr\u00e3o de vida desejado; especialistas explicam como criar um plano de previd\u00eancia privada.\" \/>\n<meta property=\"og:url\" content=\"https:\/\/www.correiobraziliense.com.br\/aqui\/2026\/04\/28\/aposentadoria-como-planejar-uma-previdencia-privada\/\" \/>\n<meta property=\"og:site_name\" content=\"Correio Braziliense - Aqui\" \/>\n<meta property=\"article:published_time\" content=\"2026-04-28T14:45:00+00:00\" \/>\n<meta property=\"og:image\" content=\"https:\/\/www.correiobraziliense.com.br\/aqui\/wp-content\/uploads\/2026\/04\/imposto-de-renda_1776943973488.jpg\" \/>\n\t<meta property=\"og:image:width\" content=\"1280\" \/>\n\t<meta property=\"og:image:height\" content=\"720\" \/>\n\t<meta property=\"og:image:type\" content=\"image\/jpeg\" \/>\n<meta name=\"author\" content=\"Larissa\" \/>\n<meta name=\"twitter:card\" content=\"summary_large_image\" \/>\n<meta name=\"twitter:label1\" content=\"Escrito por\" \/>\n\t<meta name=\"twitter:data1\" content=\"Larissa\" \/>\n\t<meta name=\"twitter:label2\" content=\"Est. tempo de leitura\" \/>\n\t<meta name=\"twitter:data2\" content=\"3 minutos\" \/>\n<!-- \/ Yoast SEO plugin. -->","yoast_head_json":{"title":"Aposentadoria: como planejar uma previd\u00eancia privada - Correio Braziliense - Aqui","description":"O INSS pode n\u00e3o ser suficiente para garantir o padr\u00e3o de vida desejado; especialistas explicam como criar um plano de previd\u00eancia privada.","robots":{"index":"index","follow":"follow","max-snippet":"max-snippet:-1","max-image-preview":"max-image-preview:large","max-video-preview":"max-video-preview:-1"},"canonical":"https:\/\/www.correiobraziliense.com.br\/aqui\/2026\/04\/28\/aposentadoria-como-planejar-uma-previdencia-privada\/","og_locale":"pt_BR","og_type":"article","og_title":"Aposentadoria: como planejar uma previd\u00eancia privada - Correio Braziliense - Aqui","og_description":"O INSS pode n\u00e3o ser suficiente para garantir o padr\u00e3o de vida desejado; especialistas explicam como criar um plano de previd\u00eancia privada.","og_url":"https:\/\/www.correiobraziliense.com.br\/aqui\/2026\/04\/28\/aposentadoria-como-planejar-uma-previdencia-privada\/","og_site_name":"Correio Braziliense - Aqui","article_published_time":"2026-04-28T14:45:00+00:00","og_image":[{"width":1280,"height":720,"url":"https:\/\/www.correiobraziliense.com.br\/aqui\/wp-content\/uploads\/2026\/04\/imposto-de-renda_1776943973488.jpg","type":"image\/jpeg"}],"author":"Larissa","twitter_card":"summary_large_image","twitter_misc":{"Escrito por":"Larissa","Est. tempo de leitura":"3 minutos"},"schema":{"@context":"https:\/\/schema.org","@graph":[{"@type":"WebPage","@id":"https:\/\/www.correiobraziliense.com.br\/aqui\/2026\/04\/28\/aposentadoria-como-planejar-uma-previdencia-privada\/","url":"https:\/\/www.correiobraziliense.com.br\/aqui\/2026\/04\/28\/aposentadoria-como-planejar-uma-previdencia-privada\/","name":"Aposentadoria: como planejar uma previd\u00eancia privada - Correio Braziliense - Aqui","isPartOf":{"@id":"https:\/\/www.correiobraziliense.com.br\/aqui\/#website"},"primaryImageOfPage":{"@id":"https:\/\/www.correiobraziliense.com.br\/aqui\/2026\/04\/28\/aposentadoria-como-planejar-uma-previdencia-privada\/#primaryimage"},"image":{"@id":"https:\/\/www.correiobraziliense.com.br\/aqui\/2026\/04\/28\/aposentadoria-como-planejar-uma-previdencia-privada\/#primaryimage"},"thumbnailUrl":"https:\/\/www.correiobraziliense.com.br\/aqui\/wp-content\/uploads\/2026\/04\/imposto-de-renda_1776943973488.jpg","datePublished":"2026-04-28T14:45:00+00:00","author":{"@id":"https:\/\/www.correiobraziliense.com.br\/aqui\/#\/schema\/person\/775f50a8c1ac31704d56816e99b29041"},"description":"O INSS pode n\u00e3o ser suficiente para garantir o padr\u00e3o de vida desejado; especialistas explicam como criar um plano de previd\u00eancia privada.","breadcrumb":{"@id":"https:\/\/www.correiobraziliense.com.br\/aqui\/2026\/04\/28\/aposentadoria-como-planejar-uma-previdencia-privada\/#breadcrumb"},"inLanguage":"pt-BR","potentialAction":[{"@type":"ReadAction","target":["https:\/\/www.correiobraziliense.com.br\/aqui\/2026\/04\/28\/aposentadoria-como-planejar-uma-previdencia-privada\/"]}]},{"@type":"ImageObject","inLanguage":"pt-BR","@id":"https:\/\/www.correiobraziliense.com.br\/aqui\/2026\/04\/28\/aposentadoria-como-planejar-uma-previdencia-privada\/#primaryimage","url":"https:\/\/www.correiobraziliense.com.br\/aqui\/wp-content\/uploads\/2026\/04\/imposto-de-renda_1776943973488.jpg","contentUrl":"https:\/\/www.correiobraziliense.com.br\/aqui\/wp-content\/uploads\/2026\/04\/imposto-de-renda_1776943973488.jpg","width":1280,"height":720,"caption":"Cr\u00e9ditos: depositphotos.com \/ AndrewLozovyi"},{"@type":"BreadcrumbList","@id":"https:\/\/www.correiobraziliense.com.br\/aqui\/2026\/04\/28\/aposentadoria-como-planejar-uma-previdencia-privada\/#breadcrumb","itemListElement":[{"@type":"ListItem","position":1,"name":"In\u00edcio","item":"https:\/\/www.correiobraziliense.com.br\/aqui\/"},{"@type":"ListItem","position":2,"name":"Aposentadoria: como planejar uma previd\u00eancia privada"}]},{"@type":"WebSite","@id":"https:\/\/www.correiobraziliense.com.br\/aqui\/#website","url":"https:\/\/www.correiobraziliense.com.br\/aqui\/","name":"Correio Braziliense - Aqui","description":"O Correio Braziliense (CB) \u00e9 o mais importante canal de not\u00edcias de Bras\u00edlia. Aqui voc\u00ea encontra as \u00faltimas not\u00edcias do DF, do Brasil e do mundo.","potentialAction":[{"@type":"SearchAction","target":{"@type":"EntryPoint","urlTemplate":"https:\/\/www.correiobraziliense.com.br\/aqui\/?s={search_term_string}"},"query-input":{"@type":"PropertyValueSpecification","valueRequired":true,"valueName":"search_term_string"}}],"inLanguage":"pt-BR"},{"@type":"Person","@id":"https:\/\/www.correiobraziliense.com.br\/aqui\/#\/schema\/person\/775f50a8c1ac31704d56816e99b29041","name":"Larissa","image":{"@type":"ImageObject","inLanguage":"pt-BR","@id":"https:\/\/www.correiobraziliense.com.br\/aqui\/#\/schema\/person\/image\/","url":"https:\/\/secure.gravatar.com\/avatar\/62f5b2e99de671d075ab98e19f03c3c38c80a93f5d06f51075cf4431a4e76458?s=96&d=mm&r=g","contentUrl":"https:\/\/secure.gravatar.com\/avatar\/62f5b2e99de671d075ab98e19f03c3c38c80a93f5d06f51075cf4431a4e76458?s=96&d=mm&r=g","caption":"Larissa"},"url":"https:\/\/www.correiobraziliense.com.br\/aqui\/author\/larissaaqui\/"}]}},"_links":{"self":[{"href":"https:\/\/www.correiobraziliense.com.br\/aqui\/wp-json\/wp\/v2\/posts\/28194","targetHints":{"allow":["GET"]}}],"collection":[{"href":"https:\/\/www.correiobraziliense.com.br\/aqui\/wp-json\/wp\/v2\/posts"}],"about":[{"href":"https:\/\/www.correiobraziliense.com.br\/aqui\/wp-json\/wp\/v2\/types\/post"}],"author":[{"embeddable":true,"href":"https:\/\/www.correiobraziliense.com.br\/aqui\/wp-json\/wp\/v2\/users\/10"}],"replies":[{"embeddable":true,"href":"https:\/\/www.correiobraziliense.com.br\/aqui\/wp-json\/wp\/v2\/comments?post=28194"}],"version-history":[{"count":3,"href":"https:\/\/www.correiobraziliense.com.br\/aqui\/wp-json\/wp\/v2\/posts\/28194\/revisions"}],"predecessor-version":[{"id":28197,"href":"https:\/\/www.correiobraziliense.com.br\/aqui\/wp-json\/wp\/v2\/posts\/28194\/revisions\/28197"}],"wp:featuredmedia":[{"embeddable":true,"href":"https:\/\/www.correiobraziliense.com.br\/aqui\/wp-json\/wp\/v2\/media\/27827"}],"wp:attachment":[{"href":"https:\/\/www.correiobraziliense.com.br\/aqui\/wp-json\/wp\/v2\/media?parent=28194"}],"wp:term":[{"taxonomy":"category","embeddable":true,"href":"https:\/\/www.correiobraziliense.com.br\/aqui\/wp-json\/wp\/v2\/categories?post=28194"},{"taxonomy":"post_tag","embeddable":true,"href":"https:\/\/www.correiobraziliense.com.br\/aqui\/wp-json\/wp\/v2\/tags?post=28194"}],"curies":[{"name":"wp","href":"https:\/\/api.w.org\/{rel}","templated":true}]}}