{"id":28198,"date":"2026-04-28T12:20:00","date_gmt":"2026-04-28T15:20:00","guid":{"rendered":"https:\/\/www.correiobraziliense.com.br\/aqui\/?p=28198"},"modified":"2026-04-28T09:41:37","modified_gmt":"2026-04-28T12:41:37","slug":"eleicoes-2026-os-principais-nomes-cotados-para-a-presidencia","status":"publish","type":"post","link":"https:\/\/www.correiobraziliense.com.br\/aqui\/2026\/04\/28\/eleicoes-2026-os-principais-nomes-cotados-para-a-presidencia\/","title":{"rendered":"Elei\u00e7\u00f5es 2026: os principais nomes cotados para a Presid\u00eancia"},"content":{"rendered":"\n<p>A corrida das elei\u00e7\u00f5es 2026 j\u00e1 come\u00e7ou nos bastidores da pol\u00edtica brasileira. Mesmo a mais de dois anos do pleito, os principais partidos e lideran\u00e7as articulam alian\u00e7as, testam nomes e medem a temperatura do eleitorado. As movimenta\u00e7\u00f5es desenham um cen\u00e1rio pulverizado, com nomes que v\u00e3o desde a busca pela reelei\u00e7\u00e3o at\u00e9 novas apostas da oposi\u00e7\u00e3o e da chamada terceira via.<\/p>\n\n\n\n<p>O cen\u00e1rio atual \u00e9 influenciado diretamente pelo resultado de 2022. De um lado, o <a target=\"_blank\" rel=\"noreferrer noopener\" href=\"https:\/\/www.correiobraziliense.com.br\/politica\/2025\/04\/7110770-lula-lidera-cenarios-para-eleicoes-2026-diz-instituto-opiniao.html\">presidente Luiz In\u00e1cio Lula da Silva (PT)<\/a> \u00e9 o nome natural para tentar a reelei\u00e7\u00e3o. Do outro, a pris\u00e3o e inelegibilidade de Jair Bolsonaro (PL) abriram espa\u00e7o para que novas lideran\u00e7as de direita disputem o posto de principal antagonista.<\/p>\n\n\n\n<p>Veja a seguir a lista com os principais nomes cotados para disputar as elei\u00e7\u00f5es 2026:<\/p>\n\n\n\n<p><strong>Luiz In\u00e1cio Lula da Silva (PT):<\/strong> O atual presidente \u00e9 o candidato mais prov\u00e1vel do campo da esquerda. A viabilidade de sua candidatura depender\u00e1 da aprova\u00e7\u00e3o de seu governo, especialmente na \u00e1rea econ\u00f4mica, e de sua pr\u00f3pria disposi\u00e7\u00e3o para enfrentar mais uma campanha.<\/p>\n\n\n\n<p><a target=\"_blank\" rel=\"noreferrer noopener\" href=\"https:\/\/www.correiobraziliense.com.br\/politica\/2025\/02\/7072740-analise-rejeicao-de-lula-alavanca-candidatura-de-tarcisio.html\"><strong>Tarc\u00edsio de Freitas (Republicanos)<\/strong><\/a><strong>:<\/strong> O governador de S\u00e3o Paulo desponta como o principal herdeiro do capital pol\u00edtico de Bolsonaro. Sua gest\u00e3o no estado mais rico do pa\u00eds serve como uma vitrine nacional, mas ele precisa equilibrar o apoio do bolsonarismo com a atra\u00e7\u00e3o de eleitores de centro.<\/p>\n\n\n\n<p><strong>Ciro Gomes (PDT):<\/strong> Ap\u00f3s quatro tentativas, o ex-governador do Cear\u00e1 busca se manter relevante no debate nacional. Seu desafio \u00e9 reconstruir sua base pol\u00edtica e encontrar um discurso que o diferencie tanto do PT quanto da direita.<\/p>\n\n\n\n<p><strong>Simone Tebet (MDB):<\/strong> Atual ministra do Planejamento, Tebet ganhou proje\u00e7\u00e3o na elei\u00e7\u00e3o de 2022. Sua posi\u00e7\u00e3o no governo Lula a coloca em evid\u00eancia, mas tamb\u00e9m pode dificultar a constru\u00e7\u00e3o de uma candidatura independente de centro.<\/p>\n\n\n\n<p><strong>Ronaldo Caiado (PSD):<\/strong> Em seu segundo mandato como governador de Goi\u00e1s, Caiado tem investido em uma agenda de seguran\u00e7a p\u00fablica com repercuss\u00e3o nacional. Ele se posiciona como um nome da direita tradicional, menos ligado ao bolsonarismo radical.<\/p>\n\n\n\n<p><strong>Eduardo Leite (PSD):<\/strong> O governador do Rio Grande do Sul busca se posicionar como um nome de centro dentro do novo partido, que j\u00e1 abriga outros pr\u00e9-candidatos. Sua capacidade de unificar um campo fragmentado e superar a polariza\u00e7\u00e3o ser\u00e1 seu maior teste.<\/p>\n\n\n\n<p><strong>Ratinho J\u00fanior (PSD):<\/strong> Com alta aprova\u00e7\u00e3o como governador do Paran\u00e1, Ratinho J\u00fanior \u00e9 visto como um nome moderno e de gest\u00e3o na centro-direita. Sua discri\u00e7\u00e3o no cen\u00e1rio nacional, no entanto, \u00e9 um obst\u00e1culo a ser superado.<\/p>\n\n\n\n<p><strong>Helder Barbalho (MDB):<\/strong> O governador do Par\u00e1 se destaca pela gest\u00e3o e pela articula\u00e7\u00e3o pol\u00edtica na regi\u00e3o Norte. Seu nome corre como uma poss\u00edvel alternativa dentro do MDB, caso Tebet n\u00e3o se viabilize.<\/p>\n\n\n\n<p><strong>Fernando Haddad (PT):<\/strong> O ministro da Fazenda \u00e9 o plano B mais evidente do PT. Se a economia apresentar bons resultados e Lula decidir n\u00e3o concorrer, Haddad surge como o sucessor natural para a disputa.<\/p>\n\n\n\n<p><strong>Fl\u00e1vio Bolsonaro (PL):<\/strong> O senador e filho do ex-presidente surge como herdeiro natural do voto bolsonarista. Com o apoio declarado do pai, Fl\u00e1vio tenta nacionalizar seu nome e unificar a <a target=\"_blank\" rel=\"noreferrer noopener\" href=\"https:\/\/www.correiobraziliense.com.br\/politica\/2025\/10\/7263202-tarcisio-ratinho-jr-eduardo-bolsonaro-direita-busca-consenso-para-plano-b-em-2026.html\">direita<\/a> em torno de sua candidatura.<\/p>\n\n\n\n<p><\/p>\n","protected":false},"excerpt":{"rendered":"<p>A corrida das elei\u00e7\u00f5es 2026 j\u00e1 come\u00e7ou nos bastidores da pol\u00edtica brasileira. Mesmo a mais de dois anos do pleito, os principais partidos e lideran\u00e7as articulam alian\u00e7as, testam nomes e medem a temperatura do eleitorado. As movimenta\u00e7\u00f5es desenham um cen\u00e1rio pulverizado, com nomes que v\u00e3o desde a busca pela reelei\u00e7\u00e3o at\u00e9 novas apostas da oposi\u00e7\u00e3o [&hellip;]<\/p>\n","protected":false},"author":10,"featured_media":25551,"comment_status":"open","ping_status":"open","sticky":false,"template":"","format":"standard","meta":{"jnews-multi-image_gallery":[],"jnews_single_post":{"format":"standard"},"jnews_primary_category":[],"jnews_social_meta":[],"jnews_override_counter":[],"footnotes":""},"categories":[154],"tags":[6266,8213,6421],"class_list":["post-28198","post","type-post","status-publish","format-standard","has-post-thumbnail","hentry","category-brasil","tag-eleicoes-2026","tag-flavio-bolsonaro","tag-lula"],"yoast_head":"<!-- This site is optimized with the Yoast SEO plugin v25.1 - https:\/\/yoast.com\/wordpress\/plugins\/seo\/ -->\n<title>Elei\u00e7\u00f5es 2026: os principais nomes cotados para a Presid\u00eancia - Correio Braziliense - Aqui<\/title>\n<meta name=\"description\" content=\"De Lula a Tarc\u00edsio, de Ciro a Bolsonaro; veja a lista dos pol\u00edticos que j\u00e1 se movimentam a disputa das elei\u00e7\u00f5es 2026.\" \/>\n<meta name=\"robots\" content=\"index, follow, max-snippet:-1, max-image-preview:large, max-video-preview:-1\" \/>\n<link rel=\"canonical\" href=\"https:\/\/www.correiobraziliense.com.br\/aqui\/2026\/04\/28\/eleicoes-2026-os-principais-nomes-cotados-para-a-presidencia\/\" \/>\n<meta property=\"og:locale\" content=\"pt_BR\" \/>\n<meta property=\"og:type\" content=\"article\" \/>\n<meta property=\"og:title\" content=\"Elei\u00e7\u00f5es 2026: os principais nomes cotados para a Presid\u00eancia - Correio Braziliense - Aqui\" \/>\n<meta property=\"og:description\" content=\"De Lula a Tarc\u00edsio, de Ciro a Bolsonaro; veja a lista dos pol\u00edticos que j\u00e1 se movimentam a disputa das elei\u00e7\u00f5es 2026.\" \/>\n<meta property=\"og:url\" content=\"https:\/\/www.correiobraziliense.com.br\/aqui\/2026\/04\/28\/eleicoes-2026-os-principais-nomes-cotados-para-a-presidencia\/\" \/>\n<meta property=\"og:site_name\" content=\"Correio Braziliense - Aqui\" \/>\n<meta property=\"article:published_time\" content=\"2026-04-28T15:20:00+00:00\" \/>\n<meta property=\"og:image\" content=\"https:\/\/www.correiobraziliense.com.br\/aqui\/wp-content\/uploads\/2026\/03\/flavio-bolsonaro_1774527448864.jpg\" \/>\n\t<meta property=\"og:image:width\" content=\"1280\" \/>\n\t<meta property=\"og:image:height\" content=\"720\" \/>\n\t<meta property=\"og:image:type\" content=\"image\/jpeg\" \/>\n<meta name=\"author\" content=\"Larissa\" \/>\n<meta name=\"twitter:card\" content=\"summary_large_image\" \/>\n<meta name=\"twitter:label1\" content=\"Escrito por\" \/>\n\t<meta name=\"twitter:data1\" content=\"Larissa\" \/>\n\t<meta name=\"twitter:label2\" content=\"Est. tempo de leitura\" \/>\n\t<meta name=\"twitter:data2\" content=\"4 minutos\" \/>\n<!-- \/ Yoast SEO plugin. -->","yoast_head_json":{"title":"Elei\u00e7\u00f5es 2026: os principais nomes cotados para a Presid\u00eancia - Correio Braziliense - Aqui","description":"De Lula a Tarc\u00edsio, de Ciro a Bolsonaro; veja a lista dos pol\u00edticos que j\u00e1 se movimentam a disputa das elei\u00e7\u00f5es 2026.","robots":{"index":"index","follow":"follow","max-snippet":"max-snippet:-1","max-image-preview":"max-image-preview:large","max-video-preview":"max-video-preview:-1"},"canonical":"https:\/\/www.correiobraziliense.com.br\/aqui\/2026\/04\/28\/eleicoes-2026-os-principais-nomes-cotados-para-a-presidencia\/","og_locale":"pt_BR","og_type":"article","og_title":"Elei\u00e7\u00f5es 2026: os principais nomes cotados para a Presid\u00eancia - Correio Braziliense - Aqui","og_description":"De Lula a Tarc\u00edsio, de Ciro a Bolsonaro; veja a lista dos pol\u00edticos que j\u00e1 se movimentam a disputa das elei\u00e7\u00f5es 2026.","og_url":"https:\/\/www.correiobraziliense.com.br\/aqui\/2026\/04\/28\/eleicoes-2026-os-principais-nomes-cotados-para-a-presidencia\/","og_site_name":"Correio Braziliense - Aqui","article_published_time":"2026-04-28T15:20:00+00:00","og_image":[{"width":1280,"height":720,"url":"https:\/\/www.correiobraziliense.com.br\/aqui\/wp-content\/uploads\/2026\/03\/flavio-bolsonaro_1774527448864.jpg","type":"image\/jpeg"}],"author":"Larissa","twitter_card":"summary_large_image","twitter_misc":{"Escrito por":"Larissa","Est. tempo de leitura":"4 minutos"},"schema":{"@context":"https:\/\/schema.org","@graph":[{"@type":"WebPage","@id":"https:\/\/www.correiobraziliense.com.br\/aqui\/2026\/04\/28\/eleicoes-2026-os-principais-nomes-cotados-para-a-presidencia\/","url":"https:\/\/www.correiobraziliense.com.br\/aqui\/2026\/04\/28\/eleicoes-2026-os-principais-nomes-cotados-para-a-presidencia\/","name":"Elei\u00e7\u00f5es 2026: os principais nomes cotados para a Presid\u00eancia - Correio Braziliense - Aqui","isPartOf":{"@id":"https:\/\/www.correiobraziliense.com.br\/aqui\/#website"},"primaryImageOfPage":{"@id":"https:\/\/www.correiobraziliense.com.br\/aqui\/2026\/04\/28\/eleicoes-2026-os-principais-nomes-cotados-para-a-presidencia\/#primaryimage"},"image":{"@id":"https:\/\/www.correiobraziliense.com.br\/aqui\/2026\/04\/28\/eleicoes-2026-os-principais-nomes-cotados-para-a-presidencia\/#primaryimage"},"thumbnailUrl":"https:\/\/www.correiobraziliense.com.br\/aqui\/wp-content\/uploads\/2026\/03\/flavio-bolsonaro_1774527448864.jpg","datePublished":"2026-04-28T15:20:00+00:00","author":{"@id":"https:\/\/www.correiobraziliense.com.br\/aqui\/#\/schema\/person\/775f50a8c1ac31704d56816e99b29041"},"description":"De Lula a Tarc\u00edsio, de Ciro a Bolsonaro; veja a lista dos pol\u00edticos que j\u00e1 se movimentam a disputa das elei\u00e7\u00f5es 2026.","breadcrumb":{"@id":"https:\/\/www.correiobraziliense.com.br\/aqui\/2026\/04\/28\/eleicoes-2026-os-principais-nomes-cotados-para-a-presidencia\/#breadcrumb"},"inLanguage":"pt-BR","potentialAction":[{"@type":"ReadAction","target":["https:\/\/www.correiobraziliense.com.br\/aqui\/2026\/04\/28\/eleicoes-2026-os-principais-nomes-cotados-para-a-presidencia\/"]}]},{"@type":"ImageObject","inLanguage":"pt-BR","@id":"https:\/\/www.correiobraziliense.com.br\/aqui\/2026\/04\/28\/eleicoes-2026-os-principais-nomes-cotados-para-a-presidencia\/#primaryimage","url":"https:\/\/www.correiobraziliense.com.br\/aqui\/wp-content\/uploads\/2026\/03\/flavio-bolsonaro_1774527448864.jpg","contentUrl":"https:\/\/www.correiobraziliense.com.br\/aqui\/wp-content\/uploads\/2026\/03\/flavio-bolsonaro_1774527448864.jpg","width":1280,"height":720,"caption":"Cr\u00e9ditos: depositphotos.com \/ thenews2.com"},{"@type":"BreadcrumbList","@id":"https:\/\/www.correiobraziliense.com.br\/aqui\/2026\/04\/28\/eleicoes-2026-os-principais-nomes-cotados-para-a-presidencia\/#breadcrumb","itemListElement":[{"@type":"ListItem","position":1,"name":"In\u00edcio","item":"https:\/\/www.correiobraziliense.com.br\/aqui\/"},{"@type":"ListItem","position":2,"name":"Elei\u00e7\u00f5es 2026: os principais nomes cotados para a Presid\u00eancia"}]},{"@type":"WebSite","@id":"https:\/\/www.correiobraziliense.com.br\/aqui\/#website","url":"https:\/\/www.correiobraziliense.com.br\/aqui\/","name":"Correio Braziliense - Aqui","description":"O Correio Braziliense (CB) \u00e9 o mais importante canal de not\u00edcias de Bras\u00edlia. Aqui voc\u00ea encontra as \u00faltimas not\u00edcias do DF, do Brasil e do mundo.","potentialAction":[{"@type":"SearchAction","target":{"@type":"EntryPoint","urlTemplate":"https:\/\/www.correiobraziliense.com.br\/aqui\/?s={search_term_string}"},"query-input":{"@type":"PropertyValueSpecification","valueRequired":true,"valueName":"search_term_string"}}],"inLanguage":"pt-BR"},{"@type":"Person","@id":"https:\/\/www.correiobraziliense.com.br\/aqui\/#\/schema\/person\/775f50a8c1ac31704d56816e99b29041","name":"Larissa","image":{"@type":"ImageObject","inLanguage":"pt-BR","@id":"https:\/\/www.correiobraziliense.com.br\/aqui\/#\/schema\/person\/image\/","url":"https:\/\/secure.gravatar.com\/avatar\/62f5b2e99de671d075ab98e19f03c3c38c80a93f5d06f51075cf4431a4e76458?s=96&d=mm&r=g","contentUrl":"https:\/\/secure.gravatar.com\/avatar\/62f5b2e99de671d075ab98e19f03c3c38c80a93f5d06f51075cf4431a4e76458?s=96&d=mm&r=g","caption":"Larissa"},"url":"https:\/\/www.correiobraziliense.com.br\/aqui\/author\/larissaaqui\/"}]}},"_links":{"self":[{"href":"https:\/\/www.correiobraziliense.com.br\/aqui\/wp-json\/wp\/v2\/posts\/28198","targetHints":{"allow":["GET"]}}],"collection":[{"href":"https:\/\/www.correiobraziliense.com.br\/aqui\/wp-json\/wp\/v2\/posts"}],"about":[{"href":"https:\/\/www.correiobraziliense.com.br\/aqui\/wp-json\/wp\/v2\/types\/post"}],"author":[{"embeddable":true,"href":"https:\/\/www.correiobraziliense.com.br\/aqui\/wp-json\/wp\/v2\/users\/10"}],"replies":[{"embeddable":true,"href":"https:\/\/www.correiobraziliense.com.br\/aqui\/wp-json\/wp\/v2\/comments?post=28198"}],"version-history":[{"count":3,"href":"https:\/\/www.correiobraziliense.com.br\/aqui\/wp-json\/wp\/v2\/posts\/28198\/revisions"}],"predecessor-version":[{"id":28201,"href":"https:\/\/www.correiobraziliense.com.br\/aqui\/wp-json\/wp\/v2\/posts\/28198\/revisions\/28201"}],"wp:featuredmedia":[{"embeddable":true,"href":"https:\/\/www.correiobraziliense.com.br\/aqui\/wp-json\/wp\/v2\/media\/25551"}],"wp:attachment":[{"href":"https:\/\/www.correiobraziliense.com.br\/aqui\/wp-json\/wp\/v2\/media?parent=28198"}],"wp:term":[{"taxonomy":"category","embeddable":true,"href":"https:\/\/www.correiobraziliense.com.br\/aqui\/wp-json\/wp\/v2\/categories?post=28198"},{"taxonomy":"post_tag","embeddable":true,"href":"https:\/\/www.correiobraziliense.com.br\/aqui\/wp-json\/wp\/v2\/tags?post=28198"}],"curies":[{"name":"wp","href":"https:\/\/api.w.org\/{rel}","templated":true}]}}