{"id":28225,"date":"2026-04-28T17:20:00","date_gmt":"2026-04-28T20:20:00","guid":{"rendered":"https:\/\/www.correiobraziliense.com.br\/aqui\/?p=28225"},"modified":"2026-04-28T15:54:37","modified_gmt":"2026-04-28T18:54:37","slug":"imposto-de-renda-veja-a-lista-de-documentos-que-voce-precisa-separar","status":"publish","type":"post","link":"https:\/\/www.correiobraziliense.com.br\/aqui\/2026\/04\/28\/imposto-de-renda-veja-a-lista-de-documentos-que-voce-precisa-separar\/","title":{"rendered":"Imposto de Renda: veja a lista de documentos que voc\u00ea precisa separar"},"content":{"rendered":"\n<p>O prazo para a entrega da declara\u00e7\u00e3o do Imposto de Renda se aproxima e organizar os documentos com anteced\u00eancia \u00e9 o segredo para evitar a correria de \u00faltima hora. Reunir todos os comprovantes e informes corretamente diminui o risco de erros que podem levar \u00e0 malha fina da Receita Federal.<\/p>\n\n\n\n<p>Para ajudar nessa tarefa, separamos uma lista completa com tudo o que voc\u00ea precisa ter em m\u00e3os antes de come\u00e7ar a preencher o programa. Ter essa <a target=\"_blank\" rel=\"noreferrer noopener\" href=\"https:\/\/www.correiobraziliense.com.br\/economia\/2025\/03\/7097146-organizacao-e-fundamental-e-fundamental-na-hora-de-declarar-imposto-de-renda.html\">documenta\u00e7\u00e3o organizada<\/a> facilita o processo e garante que nenhuma informa\u00e7\u00e3o importante seja esquecida.<\/p>\n\n\n\n<h2 class=\"wp-block-heading\">Imposto de Renda: saiba quais documentos separar<\/h2>\n\n\n\n<p><strong>Documentos pessoais<\/strong><\/p>\n\n\n\n<p>A primeira etapa \u00e9 reunir os documentos b\u00e1sicos de identifica\u00e7\u00e3o. Eles s\u00e3o essenciais para o <a target=\"_blank\" rel=\"noreferrer noopener\" href=\"https:\/\/www.correiobraziliense.com.br\/economia\/2025\/04\/7098668-ir-declaracao-pre-preenchida-esta-disponivel-saiba-como-usar.html\">preenchimento dos dados cadastrais<\/a> do titular e de seus dependentes, se houver.<\/p>\n\n\n\n<ul class=\"wp-block-list\">\n<li>RG e CPF;<\/li>\n\n\n\n<li>Comprovante de resid\u00eancia atualizado;<\/li>\n\n\n\n<li>Dados da conta banc\u00e1ria para restitui\u00e7\u00e3o ou d\u00e9bito;<\/li>\n\n\n\n<li>CPF de todos os dependentes e alimentandos;<\/li>\n\n\n\n<li>C\u00f3pia da declara\u00e7\u00e3o do ano anterior, se tiver.<\/li>\n<\/ul>\n\n\n\n<p><strong>Comprova\u00e7\u00e3o de rendas<\/strong><\/p>\n\n\n\n<p>Esta \u00e9 uma das partes mais importantes da declara\u00e7\u00e3o. \u00c9 fundamental reunir todos os informes de rendimentos recebidos ao longo do ano anterior, de todas as fontes pagadoras.<\/p>\n\n\n\n<ul class=\"wp-block-list\">\n<li>Informes de rendimentos de sal\u00e1rios, fornecidos pelas empresas;<\/li>\n\n\n\n<li>Informes de rendimentos de aposentadoria ou pens\u00e3o do INSS;<\/li>\n\n\n\n<li>Comprovantes de rendimentos de alugu\u00e9is;<\/li>\n\n\n\n<li>Informes de rendimentos de institui\u00e7\u00f5es financeiras, incluindo saldos e aplica\u00e7\u00f5es;<\/li>\n\n\n\n<li>Comprovantes de distribui\u00e7\u00e3o de lucros, para s\u00f3cios de empresas;<\/li>\n\n\n\n<li>Recibos de pagamentos de trabalho aut\u00f4nomo, como RPA;<\/li>\n\n\n\n<li>Documenta\u00e7\u00e3o de rendimentos no exterior, se aplic\u00e1vel.<\/li>\n<\/ul>\n\n\n\n<p><strong>Recibos para dedu\u00e7\u00f5es<\/strong><\/p>\n\n\n\n<p>Para aproveitar as dedu\u00e7\u00f5es permitidas por lei e potencialmente reduzir o imposto a pagar ou aumentar a <a target=\"_blank\" rel=\"noreferrer noopener\" href=\"https:\/\/www.correiobraziliense.com.br\/economia\/2025\/05\/7153322-consulta-ao-maior-lote-da-restituicao-do-irpf-comeca-sexta-feira.html\">restitui\u00e7\u00e3o<\/a>, \u00e9 preciso ter os comprovantes de todas as despesas dedut\u00edveis. Lembre-se que todos os recibos e notas devem conter o CPF ou CNPJ de quem prestou o servi\u00e7o.<\/p>\n\n\n\n<ul class=\"wp-block-list\">\n<li>Recibos de despesas m\u00e9dicas, como consultas, exames, interna\u00e7\u00f5es e planos de sa\u00fade;<\/li>\n\n\n\n<li>Comprovantes de despesas com educa\u00e7\u00e3o (ensino infantil, fundamental, m\u00e9dio, superior ou t\u00e9cnico);<\/li>\n\n\n\n<li>Comprovantes de doa\u00e7\u00f5es para institui\u00e7\u00f5es autorizadas;<\/li>\n\n\n\n<li>Recibos de pagamento de pens\u00e3o aliment\u00edcia, definidos por decis\u00e3o judicial;<\/li>\n\n\n\n<li>Comprovantes de contribui\u00e7\u00e3o para previd\u00eancia privada (PGBL).<\/li>\n<\/ul>\n\n\n\n<p><strong>Bens e direitos<\/strong><\/p>\n\n\n\n<p>Por fim, \u00e9 necess\u00e1rio declarar a posse de bens e direitos, como im\u00f3veis, ve\u00edculos e investimentos. A documenta\u00e7\u00e3o correta comprova a evolu\u00e7\u00e3o do seu patrim\u00f4nio.<\/p>\n\n\n\n<ul class=\"wp-block-list\">\n<li>Documentos de compra e venda de im\u00f3veis e ve\u00edculos ocorridas no ano anterior;<\/li>\n\n\n\n<li>Escrituras de im\u00f3veis e documento de registro do ve\u00edculo (CRLV);<\/li>\n\n\n\n<li>Comprovante de saldos em cons\u00f3rcios n\u00e3o contemplados.<\/li>\n<\/ul>\n","protected":false},"excerpt":{"rendered":"<p>N\u00e3o deixe para a \u00faltima hora; organize seu imposto de renda com checklist de informes, recibos e comprovantes da declara\u00e7\u00e3o.<\/p>\n","protected":false},"author":8,"featured_media":28226,"comment_status":"open","ping_status":"open","sticky":false,"template":"","format":"standard","meta":{"jnews-multi-image_gallery":[],"jnews_single_post":{"format":"standard"},"jnews_primary_category":[],"jnews_social_meta":[],"jnews_override_counter":[],"footnotes":""},"categories":[1512],"tags":[8566,473,6635,6636,7485,8871],"class_list":["post-28225","post","type-post","status-publish","format-standard","has-post-thumbnail","hentry","category-economia","tag-documentacao","tag-economia","tag-imposto-de-renda","tag-imposto-de-renda-2026","tag-ir-2026","tag-lista-de-documentos"],"yoast_head":"<!-- This site is optimized with the Yoast SEO plugin v25.1 - https:\/\/yoast.com\/wordpress\/plugins\/seo\/ -->\n<title>Imposto de Renda: veja a lista de documentos que voc\u00ea precisa separar - Correio Braziliense - Aqui<\/title>\n<meta name=\"description\" content=\"N\u00e3o deixe para a \u00faltima hora; organize seu imposto de renda com checklist de informes, recibos e comprovantes da declara\u00e7\u00e3o.\" \/>\n<meta name=\"robots\" content=\"index, follow, max-snippet:-1, max-image-preview:large, max-video-preview:-1\" \/>\n<link rel=\"canonical\" href=\"https:\/\/www.correiobraziliense.com.br\/aqui\/2026\/04\/28\/imposto-de-renda-veja-a-lista-de-documentos-que-voce-precisa-separar\/\" \/>\n<meta property=\"og:locale\" content=\"pt_BR\" \/>\n<meta property=\"og:type\" content=\"article\" \/>\n<meta property=\"og:title\" content=\"Imposto de Renda: veja a lista de documentos que voc\u00ea precisa separar - Correio Braziliense - Aqui\" \/>\n<meta property=\"og:description\" content=\"N\u00e3o deixe para a \u00faltima hora; organize seu imposto de renda com checklist de informes, recibos e comprovantes da declara\u00e7\u00e3o.\" \/>\n<meta property=\"og:url\" content=\"https:\/\/www.correiobraziliense.com.br\/aqui\/2026\/04\/28\/imposto-de-renda-veja-a-lista-de-documentos-que-voce-precisa-separar\/\" \/>\n<meta property=\"og:site_name\" content=\"Correio Braziliense - Aqui\" \/>\n<meta property=\"article:published_time\" content=\"2026-04-28T20:20:00+00:00\" \/>\n<meta property=\"og:image\" content=\"https:\/\/www.correiobraziliense.com.br\/aqui\/wp-content\/uploads\/2026\/04\/imposto-de-renda-brasil_1777402254513.jpg\" \/>\n\t<meta property=\"og:image:width\" content=\"1280\" \/>\n\t<meta property=\"og:image:height\" content=\"720\" \/>\n\t<meta property=\"og:image:type\" content=\"image\/jpeg\" \/>\n<meta name=\"author\" content=\"Lara\" \/>\n<meta name=\"twitter:card\" content=\"summary_large_image\" \/>\n<meta name=\"twitter:label1\" content=\"Escrito por\" \/>\n\t<meta name=\"twitter:data1\" content=\"Lara\" \/>\n\t<meta name=\"twitter:label2\" content=\"Est. tempo de leitura\" \/>\n\t<meta name=\"twitter:data2\" content=\"3 minutos\" \/>\n<!-- \/ Yoast SEO plugin. -->","yoast_head_json":{"title":"Imposto de Renda: veja a lista de documentos que voc\u00ea precisa separar - Correio Braziliense - Aqui","description":"N\u00e3o deixe para a \u00faltima hora; organize seu imposto de renda com checklist de informes, recibos e comprovantes da declara\u00e7\u00e3o.","robots":{"index":"index","follow":"follow","max-snippet":"max-snippet:-1","max-image-preview":"max-image-preview:large","max-video-preview":"max-video-preview:-1"},"canonical":"https:\/\/www.correiobraziliense.com.br\/aqui\/2026\/04\/28\/imposto-de-renda-veja-a-lista-de-documentos-que-voce-precisa-separar\/","og_locale":"pt_BR","og_type":"article","og_title":"Imposto de Renda: veja a lista de documentos que voc\u00ea precisa separar - Correio Braziliense - Aqui","og_description":"N\u00e3o deixe para a \u00faltima hora; organize seu imposto de renda com checklist de informes, recibos e comprovantes da declara\u00e7\u00e3o.","og_url":"https:\/\/www.correiobraziliense.com.br\/aqui\/2026\/04\/28\/imposto-de-renda-veja-a-lista-de-documentos-que-voce-precisa-separar\/","og_site_name":"Correio Braziliense - Aqui","article_published_time":"2026-04-28T20:20:00+00:00","og_image":[{"width":1280,"height":720,"url":"https:\/\/www.correiobraziliense.com.br\/aqui\/wp-content\/uploads\/2026\/04\/imposto-de-renda-brasil_1777402254513.jpg","type":"image\/jpeg"}],"author":"Lara","twitter_card":"summary_large_image","twitter_misc":{"Escrito por":"Lara","Est. tempo de leitura":"3 minutos"},"schema":{"@context":"https:\/\/schema.org","@graph":[{"@type":"WebPage","@id":"https:\/\/www.correiobraziliense.com.br\/aqui\/2026\/04\/28\/imposto-de-renda-veja-a-lista-de-documentos-que-voce-precisa-separar\/","url":"https:\/\/www.correiobraziliense.com.br\/aqui\/2026\/04\/28\/imposto-de-renda-veja-a-lista-de-documentos-que-voce-precisa-separar\/","name":"Imposto de Renda: veja a lista de documentos que voc\u00ea precisa separar - Correio Braziliense - Aqui","isPartOf":{"@id":"https:\/\/www.correiobraziliense.com.br\/aqui\/#website"},"primaryImageOfPage":{"@id":"https:\/\/www.correiobraziliense.com.br\/aqui\/2026\/04\/28\/imposto-de-renda-veja-a-lista-de-documentos-que-voce-precisa-separar\/#primaryimage"},"image":{"@id":"https:\/\/www.correiobraziliense.com.br\/aqui\/2026\/04\/28\/imposto-de-renda-veja-a-lista-de-documentos-que-voce-precisa-separar\/#primaryimage"},"thumbnailUrl":"https:\/\/www.correiobraziliense.com.br\/aqui\/wp-content\/uploads\/2026\/04\/imposto-de-renda-brasil_1777402254513.jpg","datePublished":"2026-04-28T20:20:00+00:00","author":{"@id":"https:\/\/www.correiobraziliense.com.br\/aqui\/#\/schema\/person\/5d6e4d99fecc86ab1a7ed1a0369afb65"},"description":"N\u00e3o deixe para a \u00faltima hora; organize seu imposto de renda com checklist de informes, recibos e comprovantes da declara\u00e7\u00e3o.","breadcrumb":{"@id":"https:\/\/www.correiobraziliense.com.br\/aqui\/2026\/04\/28\/imposto-de-renda-veja-a-lista-de-documentos-que-voce-precisa-separar\/#breadcrumb"},"inLanguage":"pt-BR","potentialAction":[{"@type":"ReadAction","target":["https:\/\/www.correiobraziliense.com.br\/aqui\/2026\/04\/28\/imposto-de-renda-veja-a-lista-de-documentos-que-voce-precisa-separar\/"]}]},{"@type":"ImageObject","inLanguage":"pt-BR","@id":"https:\/\/www.correiobraziliense.com.br\/aqui\/2026\/04\/28\/imposto-de-renda-veja-a-lista-de-documentos-que-voce-precisa-separar\/#primaryimage","url":"https:\/\/www.correiobraziliense.com.br\/aqui\/wp-content\/uploads\/2026\/04\/imposto-de-renda-brasil_1777402254513.jpg","contentUrl":"https:\/\/www.correiobraziliense.com.br\/aqui\/wp-content\/uploads\/2026\/04\/imposto-de-renda-brasil_1777402254513.jpg","width":1280,"height":720,"caption":"Cr\u00e9ditos: depositphotos.com \/ rmcarvalhobsb"},{"@type":"BreadcrumbList","@id":"https:\/\/www.correiobraziliense.com.br\/aqui\/2026\/04\/28\/imposto-de-renda-veja-a-lista-de-documentos-que-voce-precisa-separar\/#breadcrumb","itemListElement":[{"@type":"ListItem","position":1,"name":"In\u00edcio","item":"https:\/\/www.correiobraziliense.com.br\/aqui\/"},{"@type":"ListItem","position":2,"name":"Imposto de Renda: veja a lista de documentos que voc\u00ea precisa separar"}]},{"@type":"WebSite","@id":"https:\/\/www.correiobraziliense.com.br\/aqui\/#website","url":"https:\/\/www.correiobraziliense.com.br\/aqui\/","name":"Correio Braziliense - Aqui","description":"O Correio Braziliense (CB) \u00e9 o mais importante canal de not\u00edcias de Bras\u00edlia. Aqui voc\u00ea encontra as \u00faltimas not\u00edcias do DF, do Brasil e do mundo.","potentialAction":[{"@type":"SearchAction","target":{"@type":"EntryPoint","urlTemplate":"https:\/\/www.correiobraziliense.com.br\/aqui\/?s={search_term_string}"},"query-input":{"@type":"PropertyValueSpecification","valueRequired":true,"valueName":"search_term_string"}}],"inLanguage":"pt-BR"},{"@type":"Person","@id":"https:\/\/www.correiobraziliense.com.br\/aqui\/#\/schema\/person\/5d6e4d99fecc86ab1a7ed1a0369afb65","name":"Lara","image":{"@type":"ImageObject","inLanguage":"pt-BR","@id":"https:\/\/www.correiobraziliense.com.br\/aqui\/#\/schema\/person\/image\/","url":"https:\/\/secure.gravatar.com\/avatar\/57056c5c343a6d8a6669688d3d2c04916d9d280b352b6e50e66a8d39b2517e00?s=96&d=mm&r=g","contentUrl":"https:\/\/secure.gravatar.com\/avatar\/57056c5c343a6d8a6669688d3d2c04916d9d280b352b6e50e66a8d39b2517e00?s=96&d=mm&r=g","caption":"Lara"},"url":"https:\/\/www.correiobraziliense.com.br\/aqui\/author\/laraaqui\/"}]}},"_links":{"self":[{"href":"https:\/\/www.correiobraziliense.com.br\/aqui\/wp-json\/wp\/v2\/posts\/28225","targetHints":{"allow":["GET"]}}],"collection":[{"href":"https:\/\/www.correiobraziliense.com.br\/aqui\/wp-json\/wp\/v2\/posts"}],"about":[{"href":"https:\/\/www.correiobraziliense.com.br\/aqui\/wp-json\/wp\/v2\/types\/post"}],"author":[{"embeddable":true,"href":"https:\/\/www.correiobraziliense.com.br\/aqui\/wp-json\/wp\/v2\/users\/8"}],"replies":[{"embeddable":true,"href":"https:\/\/www.correiobraziliense.com.br\/aqui\/wp-json\/wp\/v2\/comments?post=28225"}],"version-history":[{"count":1,"href":"https:\/\/www.correiobraziliense.com.br\/aqui\/wp-json\/wp\/v2\/posts\/28225\/revisions"}],"predecessor-version":[{"id":28227,"href":"https:\/\/www.correiobraziliense.com.br\/aqui\/wp-json\/wp\/v2\/posts\/28225\/revisions\/28227"}],"wp:featuredmedia":[{"embeddable":true,"href":"https:\/\/www.correiobraziliense.com.br\/aqui\/wp-json\/wp\/v2\/media\/28226"}],"wp:attachment":[{"href":"https:\/\/www.correiobraziliense.com.br\/aqui\/wp-json\/wp\/v2\/media?parent=28225"}],"wp:term":[{"taxonomy":"category","embeddable":true,"href":"https:\/\/www.correiobraziliense.com.br\/aqui\/wp-json\/wp\/v2\/categories?post=28225"},{"taxonomy":"post_tag","embeddable":true,"href":"https:\/\/www.correiobraziliense.com.br\/aqui\/wp-json\/wp\/v2\/tags?post=28225"}],"curies":[{"name":"wp","href":"https:\/\/api.w.org\/{rel}","templated":true}]}}