{"id":28237,"date":"2026-04-28T18:49:00","date_gmt":"2026-04-28T21:49:00","guid":{"rendered":"https:\/\/www.correiobraziliense.com.br\/aqui\/?p=28237"},"modified":"2026-04-28T16:13:07","modified_gmt":"2026-04-28T19:13:07","slug":"reconhecimento-facial-como-a-tecnologia-ja-mudou-a-sua-vida","status":"publish","type":"post","link":"https:\/\/www.correiobraziliense.com.br\/aqui\/2026\/04\/28\/reconhecimento-facial-como-a-tecnologia-ja-mudou-a-sua-vida\/","title":{"rendered":"Reconhecimento facial: como a tecnologia j\u00e1 mudou a sua vida"},"content":{"rendered":"\n<p>Desbloquear o celular com o rosto j\u00e1 se tornou um gesto t\u00e3o comum que mal paramos para pensar na tecnologia por tr\u00e1s dele. O reconhecimento facial, no entanto, deixou de ser um recurso de fic\u00e7\u00e3o cient\u00edfica ou um mero item de conveni\u00eancia em smartphones. A tecnologia avan\u00e7ou e hoje est\u00e1 integrada a sistemas de seguran\u00e7a, transa\u00e7\u00f5es banc\u00e1rias e at\u00e9 ao controle de acesso em aeroportos e est\u00e1dios no Brasil e no mundo.<\/p>\n\n\n\n<p>Essa ferramenta funciona a partir de algoritmos que mapeiam as caracter\u00edsticas \u00fanicas de um rosto, como a dist\u00e2ncia entre os olhos, o formato do nariz e o contorno da mand\u00edbula. Cada rosto gera uma esp\u00e9cie de \u201cassinatura\u201d digital, que \u00e9 ent\u00e3o comparada com um banco de dados para verificar ou identificar uma pessoa. O processo \u00e9 r\u00e1pido e cada vez mais preciso.<\/p>\n\n\n\n<h2 class=\"wp-block-heading\">Onde o reconhecimento facial \u00e9 usado<\/h2>\n\n\n\n<p>A aplica\u00e7\u00e3o da tecnologia vai muito al\u00e9m do que a maioria das pessoas imagina. Sua presen\u00e7a \u00e9 crescente em diversas \u00e1reas do cotidiano, muitas vezes de forma discreta. Veja alguns exemplos pr\u00e1ticos de como o reconhecimento facial j\u00e1 est\u00e1 operando:<\/p>\n\n\n\n<ul class=\"wp-block-list\">\n<li><a href=\"https:\/\/www.correiobraziliense.com.br\/cidades-df\/2025\/06\/7159781-reconhecimento-facial-e-um-aliado-da-seguranca-publica-do-df.html\" target=\"_blank\" rel=\"noreferrer noopener\"><strong>Seguran\u00e7a p\u00fablica<\/strong><\/a><strong>:<\/strong> c\u00e2meras em ruas, metr\u00f4s e outros locais p\u00fablicos s\u00e3o usadas por for\u00e7as policiais para identificar suspeitos ou pessoas desaparecidas em meio a multid\u00f5es.<\/li>\n\n\n\n<li><strong>Controle de fronteiras:<\/strong> aeroportos utilizam o sistema para agilizar o processo de embarque e a verifica\u00e7\u00e3o de passaportes, comparando o rosto do passageiro com a foto do documento.<\/li>\n\n\n\n<li><strong>Acesso a locais:<\/strong> empresas, condom\u00ednios e at\u00e9 eventos de grande porte substitu\u00edram crach\u00e1s e ingressos por sistemas de reconhecimento facial para liberar a entrada de pessoas autorizadas.<\/li>\n\n\n\n<li><a href=\"https:\/\/www.correiobraziliense.com.br\/holofote\/2025\/05\/7157885-como-identificar-e-se-proteger-dos-golpes-do-reconhecimento-facial.html\" target=\"_blank\" rel=\"noreferrer noopener\"><strong>Preven\u00e7\u00e3o a fraudes<\/strong><\/a><strong>:<\/strong> institui\u00e7\u00f5es financeiras e aplicativos de servi\u00e7os adotam a biometria facial como uma camada extra de seguran\u00e7a para autorizar transa\u00e7\u00f5es ou validar a identidade do usu\u00e1rio.<\/li>\n<\/ul>\n\n\n\n<h2 class=\"wp-block-heading\">Privacidade e os perigos envolvidos<\/h2>\n\n\n\n<p>A expans\u00e3o do reconhecimento facial tamb\u00e9m acende um alerta sobre privacidade e seguran\u00e7a. A principal preocupa\u00e7\u00e3o \u00e9 o uso de <a target=\"_blank\" rel=\"noreferrer noopener\" href=\"https:\/\/www.correiobraziliense.com.br\/brasil\/2025\/07\/7208910-cadastro-biometrico-passa-a-ser-obrigatorio-no-brasil.html\">dados biom\u00e9tricos<\/a> sem o consentimento claro dos cidad\u00e3os, criando um cen\u00e1rio de vigil\u00e2ncia constante por parte de governos e empresas.<\/p>\n\n\n\n<p>Outro ponto cr\u00edtico s\u00e3o as falhas dos algoritmos. Sistemas de reconhecimento facial podem apresentar taxas de erro mais altas com mulheres e pessoas n\u00e3o-brancas, o que pode levar a identifica\u00e7\u00f5es incorretas e acusa\u00e7\u00f5es injustas. Al\u00e9m disso, o armazenamento centralizado dessas informa\u00e7\u00f5es cria um alvo valioso para ataques cibern\u00e9ticos, com o risco de vazamento de dados que s\u00e3o imposs\u00edveis de trocar, como uma senha.<\/p>\n","protected":false},"excerpt":{"rendered":"<p>Do celular aos aeroportos, o reconhecimento facial est\u00e1 mais presente do que imagina; conhe\u00e7a usos e perigos.<\/p>\n","protected":false},"author":8,"featured_media":28238,"comment_status":"open","ping_status":"open","sticky":false,"template":"","format":"standard","meta":{"jnews-multi-image_gallery":[],"jnews_single_post":{"format":"standard"},"jnews_primary_category":[],"jnews_social_meta":[],"jnews_override_counter":[],"footnotes":""},"categories":[244],"tags":[8878,224],"class_list":["post-28237","post","type-post","status-publish","format-standard","has-post-thumbnail","hentry","category-tecnologia-2","tag-reconhecimento-facial","tag-tecnologia"],"yoast_head":"<!-- This site is optimized with the Yoast SEO plugin v25.1 - https:\/\/yoast.com\/wordpress\/plugins\/seo\/ -->\n<title>Reconhecimento facial: como a tecnologia j\u00e1 mudou a sua vida - Correio Braziliense - Aqui<\/title>\n<meta name=\"description\" content=\"Do celular aos aeroportos, o reconhecimento facial est\u00e1 mais presente do que imagina; conhe\u00e7a usos e perigos.\" \/>\n<meta name=\"robots\" content=\"index, follow, max-snippet:-1, max-image-preview:large, max-video-preview:-1\" \/>\n<link rel=\"canonical\" href=\"https:\/\/www.correiobraziliense.com.br\/aqui\/2026\/04\/28\/reconhecimento-facial-como-a-tecnologia-ja-mudou-a-sua-vida\/\" \/>\n<meta property=\"og:locale\" content=\"pt_BR\" \/>\n<meta property=\"og:type\" content=\"article\" \/>\n<meta property=\"og:title\" content=\"Reconhecimento facial: como a tecnologia j\u00e1 mudou a sua vida - Correio Braziliense - Aqui\" \/>\n<meta property=\"og:description\" content=\"Do celular aos aeroportos, o reconhecimento facial est\u00e1 mais presente do que imagina; conhe\u00e7a usos e perigos.\" \/>\n<meta property=\"og:url\" content=\"https:\/\/www.correiobraziliense.com.br\/aqui\/2026\/04\/28\/reconhecimento-facial-como-a-tecnologia-ja-mudou-a-sua-vida\/\" \/>\n<meta property=\"og:site_name\" content=\"Correio Braziliense - Aqui\" \/>\n<meta property=\"article:published_time\" content=\"2026-04-28T21:49:00+00:00\" \/>\n<meta property=\"og:image\" content=\"https:\/\/www.correiobraziliense.com.br\/aqui\/wp-content\/uploads\/2026\/04\/reconhecimento-facial_1777403531046.jpg\" \/>\n\t<meta property=\"og:image:width\" content=\"1280\" \/>\n\t<meta property=\"og:image:height\" content=\"720\" \/>\n\t<meta property=\"og:image:type\" content=\"image\/jpeg\" \/>\n<meta name=\"author\" content=\"Lara\" \/>\n<meta name=\"twitter:card\" content=\"summary_large_image\" \/>\n<meta name=\"twitter:label1\" content=\"Escrito por\" \/>\n\t<meta name=\"twitter:data1\" content=\"Lara\" \/>\n\t<meta name=\"twitter:label2\" content=\"Est. tempo de leitura\" \/>\n\t<meta name=\"twitter:data2\" content=\"3 minutos\" \/>\n<!-- \/ Yoast SEO plugin. -->","yoast_head_json":{"title":"Reconhecimento facial: como a tecnologia j\u00e1 mudou a sua vida - Correio Braziliense - Aqui","description":"Do celular aos aeroportos, o reconhecimento facial est\u00e1 mais presente do que imagina; conhe\u00e7a usos e perigos.","robots":{"index":"index","follow":"follow","max-snippet":"max-snippet:-1","max-image-preview":"max-image-preview:large","max-video-preview":"max-video-preview:-1"},"canonical":"https:\/\/www.correiobraziliense.com.br\/aqui\/2026\/04\/28\/reconhecimento-facial-como-a-tecnologia-ja-mudou-a-sua-vida\/","og_locale":"pt_BR","og_type":"article","og_title":"Reconhecimento facial: como a tecnologia j\u00e1 mudou a sua vida - Correio Braziliense - Aqui","og_description":"Do celular aos aeroportos, o reconhecimento facial est\u00e1 mais presente do que imagina; conhe\u00e7a usos e perigos.","og_url":"https:\/\/www.correiobraziliense.com.br\/aqui\/2026\/04\/28\/reconhecimento-facial-como-a-tecnologia-ja-mudou-a-sua-vida\/","og_site_name":"Correio Braziliense - Aqui","article_published_time":"2026-04-28T21:49:00+00:00","og_image":[{"width":1280,"height":720,"url":"https:\/\/www.correiobraziliense.com.br\/aqui\/wp-content\/uploads\/2026\/04\/reconhecimento-facial_1777403531046.jpg","type":"image\/jpeg"}],"author":"Lara","twitter_card":"summary_large_image","twitter_misc":{"Escrito por":"Lara","Est. tempo de leitura":"3 minutos"},"schema":{"@context":"https:\/\/schema.org","@graph":[{"@type":"WebPage","@id":"https:\/\/www.correiobraziliense.com.br\/aqui\/2026\/04\/28\/reconhecimento-facial-como-a-tecnologia-ja-mudou-a-sua-vida\/","url":"https:\/\/www.correiobraziliense.com.br\/aqui\/2026\/04\/28\/reconhecimento-facial-como-a-tecnologia-ja-mudou-a-sua-vida\/","name":"Reconhecimento facial: como a tecnologia j\u00e1 mudou a sua vida - Correio Braziliense - Aqui","isPartOf":{"@id":"https:\/\/www.correiobraziliense.com.br\/aqui\/#website"},"primaryImageOfPage":{"@id":"https:\/\/www.correiobraziliense.com.br\/aqui\/2026\/04\/28\/reconhecimento-facial-como-a-tecnologia-ja-mudou-a-sua-vida\/#primaryimage"},"image":{"@id":"https:\/\/www.correiobraziliense.com.br\/aqui\/2026\/04\/28\/reconhecimento-facial-como-a-tecnologia-ja-mudou-a-sua-vida\/#primaryimage"},"thumbnailUrl":"https:\/\/www.correiobraziliense.com.br\/aqui\/wp-content\/uploads\/2026\/04\/reconhecimento-facial_1777403531046.jpg","datePublished":"2026-04-28T21:49:00+00:00","author":{"@id":"https:\/\/www.correiobraziliense.com.br\/aqui\/#\/schema\/person\/5d6e4d99fecc86ab1a7ed1a0369afb65"},"description":"Do celular aos aeroportos, o reconhecimento facial est\u00e1 mais presente do que imagina; conhe\u00e7a usos e perigos.","breadcrumb":{"@id":"https:\/\/www.correiobraziliense.com.br\/aqui\/2026\/04\/28\/reconhecimento-facial-como-a-tecnologia-ja-mudou-a-sua-vida\/#breadcrumb"},"inLanguage":"pt-BR","potentialAction":[{"@type":"ReadAction","target":["https:\/\/www.correiobraziliense.com.br\/aqui\/2026\/04\/28\/reconhecimento-facial-como-a-tecnologia-ja-mudou-a-sua-vida\/"]}]},{"@type":"ImageObject","inLanguage":"pt-BR","@id":"https:\/\/www.correiobraziliense.com.br\/aqui\/2026\/04\/28\/reconhecimento-facial-como-a-tecnologia-ja-mudou-a-sua-vida\/#primaryimage","url":"https:\/\/www.correiobraziliense.com.br\/aqui\/wp-content\/uploads\/2026\/04\/reconhecimento-facial_1777403531046.jpg","contentUrl":"https:\/\/www.correiobraziliense.com.br\/aqui\/wp-content\/uploads\/2026\/04\/reconhecimento-facial_1777403531046.jpg","width":1280,"height":720,"caption":"Cr\u00e9ditos: depositphotos.com \/ Milkos"},{"@type":"BreadcrumbList","@id":"https:\/\/www.correiobraziliense.com.br\/aqui\/2026\/04\/28\/reconhecimento-facial-como-a-tecnologia-ja-mudou-a-sua-vida\/#breadcrumb","itemListElement":[{"@type":"ListItem","position":1,"name":"In\u00edcio","item":"https:\/\/www.correiobraziliense.com.br\/aqui\/"},{"@type":"ListItem","position":2,"name":"Reconhecimento facial: como a tecnologia j\u00e1 mudou a sua vida"}]},{"@type":"WebSite","@id":"https:\/\/www.correiobraziliense.com.br\/aqui\/#website","url":"https:\/\/www.correiobraziliense.com.br\/aqui\/","name":"Correio Braziliense - Aqui","description":"O Correio Braziliense (CB) \u00e9 o mais importante canal de not\u00edcias de Bras\u00edlia. Aqui voc\u00ea encontra as \u00faltimas not\u00edcias do DF, do Brasil e do mundo.","potentialAction":[{"@type":"SearchAction","target":{"@type":"EntryPoint","urlTemplate":"https:\/\/www.correiobraziliense.com.br\/aqui\/?s={search_term_string}"},"query-input":{"@type":"PropertyValueSpecification","valueRequired":true,"valueName":"search_term_string"}}],"inLanguage":"pt-BR"},{"@type":"Person","@id":"https:\/\/www.correiobraziliense.com.br\/aqui\/#\/schema\/person\/5d6e4d99fecc86ab1a7ed1a0369afb65","name":"Lara","image":{"@type":"ImageObject","inLanguage":"pt-BR","@id":"https:\/\/www.correiobraziliense.com.br\/aqui\/#\/schema\/person\/image\/","url":"https:\/\/secure.gravatar.com\/avatar\/57056c5c343a6d8a6669688d3d2c04916d9d280b352b6e50e66a8d39b2517e00?s=96&d=mm&r=g","contentUrl":"https:\/\/secure.gravatar.com\/avatar\/57056c5c343a6d8a6669688d3d2c04916d9d280b352b6e50e66a8d39b2517e00?s=96&d=mm&r=g","caption":"Lara"},"url":"https:\/\/www.correiobraziliense.com.br\/aqui\/author\/laraaqui\/"}]}},"_links":{"self":[{"href":"https:\/\/www.correiobraziliense.com.br\/aqui\/wp-json\/wp\/v2\/posts\/28237","targetHints":{"allow":["GET"]}}],"collection":[{"href":"https:\/\/www.correiobraziliense.com.br\/aqui\/wp-json\/wp\/v2\/posts"}],"about":[{"href":"https:\/\/www.correiobraziliense.com.br\/aqui\/wp-json\/wp\/v2\/types\/post"}],"author":[{"embeddable":true,"href":"https:\/\/www.correiobraziliense.com.br\/aqui\/wp-json\/wp\/v2\/users\/8"}],"replies":[{"embeddable":true,"href":"https:\/\/www.correiobraziliense.com.br\/aqui\/wp-json\/wp\/v2\/comments?post=28237"}],"version-history":[{"count":1,"href":"https:\/\/www.correiobraziliense.com.br\/aqui\/wp-json\/wp\/v2\/posts\/28237\/revisions"}],"predecessor-version":[{"id":28239,"href":"https:\/\/www.correiobraziliense.com.br\/aqui\/wp-json\/wp\/v2\/posts\/28237\/revisions\/28239"}],"wp:featuredmedia":[{"embeddable":true,"href":"https:\/\/www.correiobraziliense.com.br\/aqui\/wp-json\/wp\/v2\/media\/28238"}],"wp:attachment":[{"href":"https:\/\/www.correiobraziliense.com.br\/aqui\/wp-json\/wp\/v2\/media?parent=28237"}],"wp:term":[{"taxonomy":"category","embeddable":true,"href":"https:\/\/www.correiobraziliense.com.br\/aqui\/wp-json\/wp\/v2\/categories?post=28237"},{"taxonomy":"post_tag","embeddable":true,"href":"https:\/\/www.correiobraziliense.com.br\/aqui\/wp-json\/wp\/v2\/tags?post=28237"}],"curies":[{"name":"wp","href":"https:\/\/api.w.org\/{rel}","templated":true}]}}