{"id":28240,"date":"2026-04-28T19:43:00","date_gmt":"2026-04-28T22:43:00","guid":{"rendered":"https:\/\/www.correiobraziliense.com.br\/aqui\/?p=28240"},"modified":"2026-04-28T16:17:55","modified_gmt":"2026-04-28T19:17:55","slug":"energia-eolica-e-solar-os-mitos-e-verdades-sobre-as-fontes-limpas","status":"publish","type":"post","link":"https:\/\/www.correiobraziliense.com.br\/aqui\/2026\/04\/28\/energia-eolica-e-solar-os-mitos-e-verdades-sobre-as-fontes-limpas\/","title":{"rendered":"Energia e\u00f3lica e solar: os mitos e verdades sobre as fontes limpas"},"content":{"rendered":"\n<p>A expans\u00e3o da energia e\u00f3lica e solar no Brasil e no mundo \u00e9 uma realidade que transforma a paisagem e a conta de luz de muitos consumidores. Com o avan\u00e7o dessas tecnologias, surgem tamb\u00e9m d\u00favidas e informa\u00e7\u00f5es desencontradas sobre seu custo, efici\u00eancia e o verdadeiro impacto no meio ambiente. Entender o que \u00e9 mito e o que \u00e9 verdade \u00e9 fundamental para acompanhar essa transi\u00e7\u00e3o.<\/p>\n\n\n\n<h2 class=\"wp-block-heading\">O custo ainda \u00e9 um obst\u00e1culo?<\/h2>\n\n\n\n<p>Um dos debates mais comuns gira em torno do pre\u00e7o. \u00c9 verdade que, no passado, instalar pain\u00e9is solares era um investimento para poucos. No entanto, os custos de produ\u00e7\u00e3o ca\u00edram drasticamente na \u00faltima d\u00e9cada, tornando a tecnologia muito mais acess\u00edvel para resid\u00eancias e empresas.<\/p>\n\n\n\n<p>Hoje, existem linhas de financiamento espec\u00edficas e o retorno do investimento acontece, em m\u00e9dia, entre 3,5 e 5 anos para resid\u00eancias e estabelecimentos de m\u00e9dio porte, com a economia gerada na <a target=\"_blank\" rel=\"noreferrer noopener\" href=\"https:\/\/www.correiobraziliense.com.br\/economia\/2025\/03\/7074312-cortes-de-energia-renovavel-podem-pesar-na-conta-de-luz.html\">fatura de energia<\/a>. No caso da <a target=\"_blank\" rel=\"noreferrer noopener\" href=\"https:\/\/www.correiobraziliense.com.br\/mundo\/2025\/05\/7146631-roubo-de-vento-o-efeito-misterioso-que-assola-os-parques-de-energia-eolica.html\">energia e\u00f3lica<\/a>, os projetos s\u00e3o de grande escala, mas o custo por megawatt-hora j\u00e1 compete diretamente com fontes tradicionais, como as hidrel\u00e9tricas.<\/p>\n\n\n\n<h2 class=\"wp-block-heading\">Energia e\u00f3lica e solar: elas acabam quando n\u00e3o h\u00e1 sol ou vento?<\/h2>\n\n\n\n<p>A ideia de que a energia acaba durante a noite ou em dias sem vento \u00e9 um dos mitos mais persistentes. A gera\u00e7\u00e3o a partir dessas fontes \u00e9, de fato, intermitente, mas o sistema el\u00e9trico nacional \u00e9 interligado e diversificado para garantir o fornecimento cont\u00ednuo.<\/p>\n\n\n\n<p>Quando a produ\u00e7\u00e3o solar ou e\u00f3lica diminui, outras fontes, como as hidrel\u00e9tricas, t\u00e9rmicas ou a biomassa, compensam essa varia\u00e7\u00e3o. Al\u00e9m disso, o desenvolvimento de <a target=\"_blank\" rel=\"noreferrer noopener\" href=\"https:\/\/www.correiobraziliense.com.br\/brasil\/2025\/10\/7270380-horario-de-verao-nao-volta-em-2025-afirma-ministro-de-minas-e-energia.html\">tecnologias de armazenamento<\/a>, como as baterias, permite guardar o excesso de energia gerada nos momentos de pico para ser usado quando a demanda \u00e9 maior que a oferta.<\/p>\n\n\n\n<h2 class=\"wp-block-heading\">O impacto ambiental \u00e9 nulo?<\/h2>\n\n\n\n<p>Embora sejam chamadas de &#8220;energia limpa&#8221;, nenhuma fonte de gera\u00e7\u00e3o est\u00e1 totalmente isenta de impacto ambiental. A fabrica\u00e7\u00e3o de pain\u00e9is solares e turbinas e\u00f3licas consome recursos naturais e energia. A instala\u00e7\u00e3o de grandes parques e\u00f3licos e usinas solares tamb\u00e9m exige o uso de extensas \u00e1reas de terra.<\/p>\n\n\n\n<p>No entanto, o impacto dessas fontes \u00e9 incomparavelmente menor ao longo de sua vida \u00fatil quando comparado aos combust\u00edveis f\u00f3sseis. Elas n\u00e3o emitem gases de efeito estufa durante a opera\u00e7\u00e3o, fator crucial para o <a target=\"_blank\" rel=\"noreferrer noopener\" href=\"https:\/\/www.correiobraziliense.com.br\/mundo\/2025\/10\/7264936-renovaveis-ultrapassam-carvao-e-se-tornam-maior-fonte-de-energia-eletrica-pela-1-vez-na-historia.html\">combate \u00e0s mudan\u00e7as clim\u00e1ticas<\/a>. O desafio atual \u00e9 aprimorar os processos de reciclagem dos equipamentos ao fim de sua vida \u00fatil, tornando o ciclo ainda mais sustent\u00e1vel.<\/p>\n","protected":false},"excerpt":{"rendered":"<p>Cruciais para o futuro do planeta, as energias e\u00f3lica e solar geram debates sobre custo, efici\u00eancia e impacto ambiental.<\/p>\n","protected":false},"author":8,"featured_media":28241,"comment_status":"open","ping_status":"open","sticky":false,"template":"","format":"standard","meta":{"jnews-multi-image_gallery":[],"jnews_single_post":{"format":"standard"},"jnews_primary_category":[],"jnews_social_meta":[],"jnews_override_counter":[],"footnotes":""},"categories":[120],"tags":[1125,8879,8719,4857,8880,3630,8720],"class_list":["post-28240","post","type-post","status-publish","format-standard","has-post-thumbnail","hentry","category-curiosidades","tag-curiosidades","tag-energia-eolica","tag-energia-limpa","tag-energia-solar","tag-energias-renovaveis","tag-mitos","tag-verdades"],"yoast_head":"<!-- This site is optimized with the Yoast SEO plugin v25.1 - https:\/\/yoast.com\/wordpress\/plugins\/seo\/ -->\n<title>Energia e\u00f3lica e solar: os mitos e verdades sobre as fontes limpas - Correio Braziliense - Aqui<\/title>\n<meta name=\"description\" content=\"Cruciais para o futuro do planeta, as energias e\u00f3lica e solar geram debates sobre custo, efici\u00eancia e impacto ambiental.\" \/>\n<meta name=\"robots\" content=\"index, follow, max-snippet:-1, max-image-preview:large, max-video-preview:-1\" \/>\n<link rel=\"canonical\" href=\"https:\/\/www.correiobraziliense.com.br\/aqui\/2026\/04\/28\/energia-eolica-e-solar-os-mitos-e-verdades-sobre-as-fontes-limpas\/\" \/>\n<meta property=\"og:locale\" content=\"pt_BR\" \/>\n<meta property=\"og:type\" content=\"article\" \/>\n<meta property=\"og:title\" content=\"Energia e\u00f3lica e solar: os mitos e verdades sobre as fontes limpas - Correio Braziliense - Aqui\" \/>\n<meta property=\"og:description\" content=\"Cruciais para o futuro do planeta, as energias e\u00f3lica e solar geram debates sobre custo, efici\u00eancia e impacto ambiental.\" \/>\n<meta property=\"og:url\" content=\"https:\/\/www.correiobraziliense.com.br\/aqui\/2026\/04\/28\/energia-eolica-e-solar-os-mitos-e-verdades-sobre-as-fontes-limpas\/\" \/>\n<meta property=\"og:site_name\" content=\"Correio Braziliense - Aqui\" \/>\n<meta property=\"article:published_time\" content=\"2026-04-28T22:43:00+00:00\" \/>\n<meta property=\"og:image\" content=\"https:\/\/www.correiobraziliense.com.br\/aqui\/wp-content\/uploads\/2026\/04\/Energia-eolica_1777403689750.jpg\" \/>\n\t<meta property=\"og:image:width\" content=\"1280\" \/>\n\t<meta property=\"og:image:height\" content=\"720\" \/>\n\t<meta property=\"og:image:type\" content=\"image\/jpeg\" \/>\n<meta name=\"author\" content=\"Lara\" \/>\n<meta name=\"twitter:card\" content=\"summary_large_image\" \/>\n<meta name=\"twitter:label1\" content=\"Escrito por\" \/>\n\t<meta name=\"twitter:data1\" content=\"Lara\" \/>\n\t<meta name=\"twitter:label2\" content=\"Est. tempo de leitura\" \/>\n\t<meta name=\"twitter:data2\" content=\"3 minutos\" \/>\n<!-- \/ Yoast SEO plugin. -->","yoast_head_json":{"title":"Energia e\u00f3lica e solar: os mitos e verdades sobre as fontes limpas - Correio Braziliense - Aqui","description":"Cruciais para o futuro do planeta, as energias e\u00f3lica e solar geram debates sobre custo, efici\u00eancia e impacto ambiental.","robots":{"index":"index","follow":"follow","max-snippet":"max-snippet:-1","max-image-preview":"max-image-preview:large","max-video-preview":"max-video-preview:-1"},"canonical":"https:\/\/www.correiobraziliense.com.br\/aqui\/2026\/04\/28\/energia-eolica-e-solar-os-mitos-e-verdades-sobre-as-fontes-limpas\/","og_locale":"pt_BR","og_type":"article","og_title":"Energia e\u00f3lica e solar: os mitos e verdades sobre as fontes limpas - Correio Braziliense - Aqui","og_description":"Cruciais para o futuro do planeta, as energias e\u00f3lica e solar geram debates sobre custo, efici\u00eancia e impacto ambiental.","og_url":"https:\/\/www.correiobraziliense.com.br\/aqui\/2026\/04\/28\/energia-eolica-e-solar-os-mitos-e-verdades-sobre-as-fontes-limpas\/","og_site_name":"Correio Braziliense - Aqui","article_published_time":"2026-04-28T22:43:00+00:00","og_image":[{"width":1280,"height":720,"url":"https:\/\/www.correiobraziliense.com.br\/aqui\/wp-content\/uploads\/2026\/04\/Energia-eolica_1777403689750.jpg","type":"image\/jpeg"}],"author":"Lara","twitter_card":"summary_large_image","twitter_misc":{"Escrito por":"Lara","Est. tempo de leitura":"3 minutos"},"schema":{"@context":"https:\/\/schema.org","@graph":[{"@type":"WebPage","@id":"https:\/\/www.correiobraziliense.com.br\/aqui\/2026\/04\/28\/energia-eolica-e-solar-os-mitos-e-verdades-sobre-as-fontes-limpas\/","url":"https:\/\/www.correiobraziliense.com.br\/aqui\/2026\/04\/28\/energia-eolica-e-solar-os-mitos-e-verdades-sobre-as-fontes-limpas\/","name":"Energia e\u00f3lica e solar: os mitos e verdades sobre as fontes limpas - Correio Braziliense - Aqui","isPartOf":{"@id":"https:\/\/www.correiobraziliense.com.br\/aqui\/#website"},"primaryImageOfPage":{"@id":"https:\/\/www.correiobraziliense.com.br\/aqui\/2026\/04\/28\/energia-eolica-e-solar-os-mitos-e-verdades-sobre-as-fontes-limpas\/#primaryimage"},"image":{"@id":"https:\/\/www.correiobraziliense.com.br\/aqui\/2026\/04\/28\/energia-eolica-e-solar-os-mitos-e-verdades-sobre-as-fontes-limpas\/#primaryimage"},"thumbnailUrl":"https:\/\/www.correiobraziliense.com.br\/aqui\/wp-content\/uploads\/2026\/04\/Energia-eolica_1777403689750.jpg","datePublished":"2026-04-28T22:43:00+00:00","author":{"@id":"https:\/\/www.correiobraziliense.com.br\/aqui\/#\/schema\/person\/5d6e4d99fecc86ab1a7ed1a0369afb65"},"description":"Cruciais para o futuro do planeta, as energias e\u00f3lica e solar geram debates sobre custo, efici\u00eancia e impacto ambiental.","breadcrumb":{"@id":"https:\/\/www.correiobraziliense.com.br\/aqui\/2026\/04\/28\/energia-eolica-e-solar-os-mitos-e-verdades-sobre-as-fontes-limpas\/#breadcrumb"},"inLanguage":"pt-BR","potentialAction":[{"@type":"ReadAction","target":["https:\/\/www.correiobraziliense.com.br\/aqui\/2026\/04\/28\/energia-eolica-e-solar-os-mitos-e-verdades-sobre-as-fontes-limpas\/"]}]},{"@type":"ImageObject","inLanguage":"pt-BR","@id":"https:\/\/www.correiobraziliense.com.br\/aqui\/2026\/04\/28\/energia-eolica-e-solar-os-mitos-e-verdades-sobre-as-fontes-limpas\/#primaryimage","url":"https:\/\/www.correiobraziliense.com.br\/aqui\/wp-content\/uploads\/2026\/04\/Energia-eolica_1777403689750.jpg","contentUrl":"https:\/\/www.correiobraziliense.com.br\/aqui\/wp-content\/uploads\/2026\/04\/Energia-eolica_1777403689750.jpg","width":1280,"height":720,"caption":"Cr\u00e9ditos: depositphotos.com \/ JohanSwanepoel"},{"@type":"BreadcrumbList","@id":"https:\/\/www.correiobraziliense.com.br\/aqui\/2026\/04\/28\/energia-eolica-e-solar-os-mitos-e-verdades-sobre-as-fontes-limpas\/#breadcrumb","itemListElement":[{"@type":"ListItem","position":1,"name":"In\u00edcio","item":"https:\/\/www.correiobraziliense.com.br\/aqui\/"},{"@type":"ListItem","position":2,"name":"Energia e\u00f3lica e solar: os mitos e verdades sobre as fontes limpas"}]},{"@type":"WebSite","@id":"https:\/\/www.correiobraziliense.com.br\/aqui\/#website","url":"https:\/\/www.correiobraziliense.com.br\/aqui\/","name":"Correio Braziliense - Aqui","description":"O Correio Braziliense (CB) \u00e9 o mais importante canal de not\u00edcias de Bras\u00edlia. Aqui voc\u00ea encontra as \u00faltimas not\u00edcias do DF, do Brasil e do mundo.","potentialAction":[{"@type":"SearchAction","target":{"@type":"EntryPoint","urlTemplate":"https:\/\/www.correiobraziliense.com.br\/aqui\/?s={search_term_string}"},"query-input":{"@type":"PropertyValueSpecification","valueRequired":true,"valueName":"search_term_string"}}],"inLanguage":"pt-BR"},{"@type":"Person","@id":"https:\/\/www.correiobraziliense.com.br\/aqui\/#\/schema\/person\/5d6e4d99fecc86ab1a7ed1a0369afb65","name":"Lara","image":{"@type":"ImageObject","inLanguage":"pt-BR","@id":"https:\/\/www.correiobraziliense.com.br\/aqui\/#\/schema\/person\/image\/","url":"https:\/\/secure.gravatar.com\/avatar\/57056c5c343a6d8a6669688d3d2c04916d9d280b352b6e50e66a8d39b2517e00?s=96&d=mm&r=g","contentUrl":"https:\/\/secure.gravatar.com\/avatar\/57056c5c343a6d8a6669688d3d2c04916d9d280b352b6e50e66a8d39b2517e00?s=96&d=mm&r=g","caption":"Lara"},"url":"https:\/\/www.correiobraziliense.com.br\/aqui\/author\/laraaqui\/"}]}},"_links":{"self":[{"href":"https:\/\/www.correiobraziliense.com.br\/aqui\/wp-json\/wp\/v2\/posts\/28240","targetHints":{"allow":["GET"]}}],"collection":[{"href":"https:\/\/www.correiobraziliense.com.br\/aqui\/wp-json\/wp\/v2\/posts"}],"about":[{"href":"https:\/\/www.correiobraziliense.com.br\/aqui\/wp-json\/wp\/v2\/types\/post"}],"author":[{"embeddable":true,"href":"https:\/\/www.correiobraziliense.com.br\/aqui\/wp-json\/wp\/v2\/users\/8"}],"replies":[{"embeddable":true,"href":"https:\/\/www.correiobraziliense.com.br\/aqui\/wp-json\/wp\/v2\/comments?post=28240"}],"version-history":[{"count":2,"href":"https:\/\/www.correiobraziliense.com.br\/aqui\/wp-json\/wp\/v2\/posts\/28240\/revisions"}],"predecessor-version":[{"id":28243,"href":"https:\/\/www.correiobraziliense.com.br\/aqui\/wp-json\/wp\/v2\/posts\/28240\/revisions\/28243"}],"wp:featuredmedia":[{"embeddable":true,"href":"https:\/\/www.correiobraziliense.com.br\/aqui\/wp-json\/wp\/v2\/media\/28241"}],"wp:attachment":[{"href":"https:\/\/www.correiobraziliense.com.br\/aqui\/wp-json\/wp\/v2\/media?parent=28240"}],"wp:term":[{"taxonomy":"category","embeddable":true,"href":"https:\/\/www.correiobraziliense.com.br\/aqui\/wp-json\/wp\/v2\/categories?post=28240"},{"taxonomy":"post_tag","embeddable":true,"href":"https:\/\/www.correiobraziliense.com.br\/aqui\/wp-json\/wp\/v2\/tags?post=28240"}],"curies":[{"name":"wp","href":"https:\/\/api.w.org\/{rel}","templated":true}]}}