{"id":28257,"date":"2026-04-28T17:41:52","date_gmt":"2026-04-28T20:41:52","guid":{"rendered":"https:\/\/www.correiobraziliense.com.br\/aqui\/?p=28257"},"modified":"2026-04-28T17:41:56","modified_gmt":"2026-04-28T20:41:56","slug":"caldos-e-memorias-a-sopa-que-conforta-a-alma-e-atravessa-geracoes","status":"publish","type":"post","link":"https:\/\/www.correiobraziliense.com.br\/aqui\/2026\/04\/28\/caldos-e-memorias-a-sopa-que-conforta-a-alma-e-atravessa-geracoes\/","title":{"rendered":"Caldos e mem\u00f3rias: a sopa que conforta a alma e atravessa gera\u00e7\u00f5es"},"content":{"rendered":"\n<p>A queda nas temperaturas desperta um desejo quase universal por um prato quente e reconfortante. Nesse cen\u00e1rio, a sopa se destaca n\u00e3o apenas como uma refei\u00e7\u00e3o, mas como um abra\u00e7o em forma de alimento, carregado de conforto e mem\u00f3ria afetiva. Para muitas pessoas, o simples aroma de um caldo cozinhando lentamente \u00e9 o suficiente para transportar a mente de volta \u00e0 inf\u00e2ncia, \u00e0 cozinha da av\u00f3 ou a um momento de cuidado durante um resfriado.<\/p>\n\n\n\n<p>Essa conex\u00e3o emocional transforma a sopa em uma experi\u00eancia que vai al\u00e9m do paladar. Cada colherada pode reavivar lembran\u00e7as de encontros familiares, celebra\u00e7\u00f5es ou simplesmente do dia a dia. \u00c9 o prato que une gera\u00e7\u00f5es, com <a target=\"_blank\" rel=\"noreferrer noopener\" href=\"https:\/\/www.correiobraziliense.com.br\/revista-do-correio\/2025\/06\/7188003-2-receitas-de-sopas-saborosas-e-nutritivas-para-o-inverno.html\">receitas<\/a> como a tradicional canja, o caldo verde ou a sopa de feij\u00e3o, passadas de m\u00e3e para filha e adaptadas ao longo do tempo, mas que mant\u00eam a ess\u00eancia do carinho e da tradi\u00e7\u00e3o.<\/p>\n\n\n\n<p>O preparo de uma sopa \u00e9, muitas vezes, um ritual. A escolha dos vegetais frescos na feira, o corte dos ingredientes e o cozimento lento s\u00e3o etapas que constroem o sabor e a hist\u00f3ria do prato. \u00c9 uma forma de demonstrar afeto, de nutrir o corpo e a alma de quem se ama, transformando ingredientes simples em algo verdadeiramente especial.<\/p>\n\n\n\n<p>Nos dias de hoje, essa tradi\u00e7\u00e3o ganha novos contornos. A busca por uma alimenta\u00e7\u00e3o equilibrada e funcional fez com que as sopas fossem repaginadas para se encaixar em rotinas modernas e atender a diferentes <a target=\"_blank\" rel=\"noreferrer noopener\" href=\"https:\/\/www.correiobraziliense.com.br\/revista-do-correio\/2025\/07\/7194578-7-receitas-de-sopas-leves-para-manter-a-dieta-nos-dias-frios.html\">necessidades nutricionais<\/a>, sem perder o sabor de casa.<\/p>\n\n\n\n<h2 class=\"wp-block-heading\">Como aliar sabor e sa\u00fade nas sopas<\/h2>\n\n\n\n<p>Unir a tradi\u00e7\u00e3o das receitas de fam\u00edlia com as demandas de uma dieta saud\u00e1vel \u00e9 mais simples do que parece. Pequenos ajustes nos ingredientes podem transformar um caldo saboroso em uma <a target=\"_blank\" rel=\"noreferrer noopener\" href=\"https:\/\/www.correiobraziliense.com.br\/revista-do-correio\/2025\/06\/7182174-8-sopas-nutritivas-e-saborosas-para-o-almoco-nos-dias-frios.html\">refei\u00e7\u00e3o completa e nutritiva<\/a>, ideal para os dias mais frios.<\/p>\n\n\n\n<p>A base de tudo \u00e9 um bom caldo caseiro. Substituir os tabletes industrializados por um caldo feito com legumes, ossos e ervas frescas eleva o sabor e elimina o excesso de s\u00f3dio e conservantes. Essa \u00e9 a tela em branco para criar pratos incr\u00edveis.<\/p>\n\n\n\n<p>Para aumentar o <a target=\"_blank\" rel=\"noreferrer noopener\" href=\"https:\/\/www.correiobraziliense.com.br\/revista-do-correio\/2025\/05\/7158959-7-sopas-proteicas-para-os-dias-frios.html\">valor proteico<\/a>, adicione fontes magras como frango desfiado, lentilha, gr\u00e3o-de-bico ou quinoa. Esses ingredientes garantem mais saciedade e ajudam na manuten\u00e7\u00e3o da massa muscular, tornando a sopa uma refei\u00e7\u00e3o robusta.<\/p>\n\n\n\n<p>Na hora de engrossar, troque a farinha de trigo ou o creme de leite por vegetais como batata-doce, ab\u00f3bora ou mandioquinha. Eles adicionam cremosidade, fibras e vitaminas de forma natural. Finalize com azeite de oliva, sementes e ervas frescas para um toque de sabor e gorduras boas.<\/p>\n\n\n\n<p><\/p>\n","protected":false},"excerpt":{"rendered":"<p>A queda nas temperaturas desperta um desejo quase universal por um prato quente e reconfortante. Nesse cen\u00e1rio, a sopa se destaca n\u00e3o apenas como uma refei\u00e7\u00e3o, mas como um abra\u00e7o em forma de alimento, carregado de conforto e mem\u00f3ria afetiva. Para muitas pessoas, o simples aroma de um caldo cozinhando lentamente \u00e9 o suficiente para [&hellip;]<\/p>\n","protected":false},"author":9,"featured_media":28258,"comment_status":"open","ping_status":"open","sticky":false,"template":"","format":"standard","meta":{"jnews-multi-image_gallery":[],"jnews_single_post":{"format":"standard"},"jnews_primary_category":[],"jnews_social_meta":[],"jnews_override_counter":[],"footnotes":""},"categories":[121],"tags":[8809,5501,299,8810],"class_list":["post-28257","post","type-post","status-publish","format-standard","has-post-thumbnail","hentry","category-gastronomia","tag-caldos","tag-memorias","tag-receita","tag-sopas"],"yoast_head":"<!-- This site is optimized with the Yoast SEO plugin v25.1 - https:\/\/yoast.com\/wordpress\/plugins\/seo\/ -->\n<title>Caldos e mem\u00f3rias: a sopa que conforta a alma e atravessa gera\u00e7\u00f5es - Correio Braziliense - Aqui<\/title>\n<meta name=\"description\" content=\"Mais que um prato, a sopa evoca mem\u00f3ria afetiva e se adapta \u00e0s demandas nutricionais modernas. Saiba mais sobre esta del\u00edcia.\" \/>\n<meta name=\"robots\" content=\"index, follow, max-snippet:-1, max-image-preview:large, max-video-preview:-1\" \/>\n<link rel=\"canonical\" href=\"https:\/\/www.correiobraziliense.com.br\/aqui\/2026\/04\/28\/caldos-e-memorias-a-sopa-que-conforta-a-alma-e-atravessa-geracoes\/\" \/>\n<meta property=\"og:locale\" content=\"pt_BR\" \/>\n<meta property=\"og:type\" content=\"article\" \/>\n<meta property=\"og:title\" content=\"Caldos e mem\u00f3rias: a sopa que conforta a alma e atravessa gera\u00e7\u00f5es - Correio Braziliense - Aqui\" \/>\n<meta property=\"og:description\" content=\"Mais que um prato, a sopa evoca mem\u00f3ria afetiva e se adapta \u00e0s demandas nutricionais modernas. Saiba mais sobre esta del\u00edcia.\" \/>\n<meta property=\"og:url\" content=\"https:\/\/www.correiobraziliense.com.br\/aqui\/2026\/04\/28\/caldos-e-memorias-a-sopa-que-conforta-a-alma-e-atravessa-geracoes\/\" \/>\n<meta property=\"og:site_name\" content=\"Correio Braziliense - Aqui\" \/>\n<meta property=\"article:published_time\" content=\"2026-04-28T20:41:52+00:00\" \/>\n<meta property=\"article:modified_time\" content=\"2026-04-28T20:41:56+00:00\" \/>\n<meta property=\"og:image\" content=\"https:\/\/www.correiobraziliense.com.br\/aqui\/wp-content\/uploads\/2026\/04\/Sopa_1777408874963.jpg\" \/>\n\t<meta property=\"og:image:width\" content=\"1280\" \/>\n\t<meta property=\"og:image:height\" content=\"720\" \/>\n\t<meta property=\"og:image:type\" content=\"image\/jpeg\" \/>\n<meta name=\"author\" content=\"Lucas\" \/>\n<meta name=\"twitter:card\" content=\"summary_large_image\" \/>\n<meta name=\"twitter:label1\" content=\"Escrito por\" \/>\n\t<meta name=\"twitter:data1\" content=\"Lucas\" \/>\n\t<meta name=\"twitter:label2\" content=\"Est. tempo de leitura\" \/>\n\t<meta name=\"twitter:data2\" content=\"3 minutos\" \/>\n<!-- \/ Yoast SEO plugin. -->","yoast_head_json":{"title":"Caldos e mem\u00f3rias: a sopa que conforta a alma e atravessa gera\u00e7\u00f5es - Correio Braziliense - Aqui","description":"Mais que um prato, a sopa evoca mem\u00f3ria afetiva e se adapta \u00e0s demandas nutricionais modernas. Saiba mais sobre esta del\u00edcia.","robots":{"index":"index","follow":"follow","max-snippet":"max-snippet:-1","max-image-preview":"max-image-preview:large","max-video-preview":"max-video-preview:-1"},"canonical":"https:\/\/www.correiobraziliense.com.br\/aqui\/2026\/04\/28\/caldos-e-memorias-a-sopa-que-conforta-a-alma-e-atravessa-geracoes\/","og_locale":"pt_BR","og_type":"article","og_title":"Caldos e mem\u00f3rias: a sopa que conforta a alma e atravessa gera\u00e7\u00f5es - Correio Braziliense - Aqui","og_description":"Mais que um prato, a sopa evoca mem\u00f3ria afetiva e se adapta \u00e0s demandas nutricionais modernas. Saiba mais sobre esta del\u00edcia.","og_url":"https:\/\/www.correiobraziliense.com.br\/aqui\/2026\/04\/28\/caldos-e-memorias-a-sopa-que-conforta-a-alma-e-atravessa-geracoes\/","og_site_name":"Correio Braziliense - Aqui","article_published_time":"2026-04-28T20:41:52+00:00","article_modified_time":"2026-04-28T20:41:56+00:00","og_image":[{"width":1280,"height":720,"url":"https:\/\/www.correiobraziliense.com.br\/aqui\/wp-content\/uploads\/2026\/04\/Sopa_1777408874963.jpg","type":"image\/jpeg"}],"author":"Lucas","twitter_card":"summary_large_image","twitter_misc":{"Escrito por":"Lucas","Est. tempo de leitura":"3 minutos"},"schema":{"@context":"https:\/\/schema.org","@graph":[{"@type":"WebPage","@id":"https:\/\/www.correiobraziliense.com.br\/aqui\/2026\/04\/28\/caldos-e-memorias-a-sopa-que-conforta-a-alma-e-atravessa-geracoes\/","url":"https:\/\/www.correiobraziliense.com.br\/aqui\/2026\/04\/28\/caldos-e-memorias-a-sopa-que-conforta-a-alma-e-atravessa-geracoes\/","name":"Caldos e mem\u00f3rias: a sopa que conforta a alma e atravessa gera\u00e7\u00f5es - Correio Braziliense - Aqui","isPartOf":{"@id":"https:\/\/www.correiobraziliense.com.br\/aqui\/#website"},"primaryImageOfPage":{"@id":"https:\/\/www.correiobraziliense.com.br\/aqui\/2026\/04\/28\/caldos-e-memorias-a-sopa-que-conforta-a-alma-e-atravessa-geracoes\/#primaryimage"},"image":{"@id":"https:\/\/www.correiobraziliense.com.br\/aqui\/2026\/04\/28\/caldos-e-memorias-a-sopa-que-conforta-a-alma-e-atravessa-geracoes\/#primaryimage"},"thumbnailUrl":"https:\/\/www.correiobraziliense.com.br\/aqui\/wp-content\/uploads\/2026\/04\/Sopa_1777408874963.jpg","datePublished":"2026-04-28T20:41:52+00:00","dateModified":"2026-04-28T20:41:56+00:00","author":{"@id":"https:\/\/www.correiobraziliense.com.br\/aqui\/#\/schema\/person\/36d094a725ba56bbeb370a877862a002"},"description":"Mais que um prato, a sopa evoca mem\u00f3ria afetiva e se adapta \u00e0s demandas nutricionais modernas. Saiba mais sobre esta del\u00edcia.","breadcrumb":{"@id":"https:\/\/www.correiobraziliense.com.br\/aqui\/2026\/04\/28\/caldos-e-memorias-a-sopa-que-conforta-a-alma-e-atravessa-geracoes\/#breadcrumb"},"inLanguage":"pt-BR","potentialAction":[{"@type":"ReadAction","target":["https:\/\/www.correiobraziliense.com.br\/aqui\/2026\/04\/28\/caldos-e-memorias-a-sopa-que-conforta-a-alma-e-atravessa-geracoes\/"]}]},{"@type":"ImageObject","inLanguage":"pt-BR","@id":"https:\/\/www.correiobraziliense.com.br\/aqui\/2026\/04\/28\/caldos-e-memorias-a-sopa-que-conforta-a-alma-e-atravessa-geracoes\/#primaryimage","url":"https:\/\/www.correiobraziliense.com.br\/aqui\/wp-content\/uploads\/2026\/04\/Sopa_1777408874963.jpg","contentUrl":"https:\/\/www.correiobraziliense.com.br\/aqui\/wp-content\/uploads\/2026\/04\/Sopa_1777408874963.jpg","width":1280,"height":720,"caption":"Cr\u00e9ditos: depositphotos.com \/ VadimVasenin"},{"@type":"BreadcrumbList","@id":"https:\/\/www.correiobraziliense.com.br\/aqui\/2026\/04\/28\/caldos-e-memorias-a-sopa-que-conforta-a-alma-e-atravessa-geracoes\/#breadcrumb","itemListElement":[{"@type":"ListItem","position":1,"name":"In\u00edcio","item":"https:\/\/www.correiobraziliense.com.br\/aqui\/"},{"@type":"ListItem","position":2,"name":"Caldos e mem\u00f3rias: a sopa que conforta a alma e atravessa gera\u00e7\u00f5es"}]},{"@type":"WebSite","@id":"https:\/\/www.correiobraziliense.com.br\/aqui\/#website","url":"https:\/\/www.correiobraziliense.com.br\/aqui\/","name":"Correio Braziliense - Aqui","description":"O Correio Braziliense (CB) \u00e9 o mais importante canal de not\u00edcias de Bras\u00edlia. Aqui voc\u00ea encontra as \u00faltimas not\u00edcias do DF, do Brasil e do mundo.","potentialAction":[{"@type":"SearchAction","target":{"@type":"EntryPoint","urlTemplate":"https:\/\/www.correiobraziliense.com.br\/aqui\/?s={search_term_string}"},"query-input":{"@type":"PropertyValueSpecification","valueRequired":true,"valueName":"search_term_string"}}],"inLanguage":"pt-BR"},{"@type":"Person","@id":"https:\/\/www.correiobraziliense.com.br\/aqui\/#\/schema\/person\/36d094a725ba56bbeb370a877862a002","name":"Lucas","image":{"@type":"ImageObject","inLanguage":"pt-BR","@id":"https:\/\/www.correiobraziliense.com.br\/aqui\/#\/schema\/person\/image\/","url":"https:\/\/secure.gravatar.com\/avatar\/eb1dd4a751dca39c233b091fb7b8ce9ef1608850325ab98ff1fbe898fcef0908?s=96&d=mm&r=g","contentUrl":"https:\/\/secure.gravatar.com\/avatar\/eb1dd4a751dca39c233b091fb7b8ce9ef1608850325ab98ff1fbe898fcef0908?s=96&d=mm&r=g","caption":"Lucas"},"url":"https:\/\/www.correiobraziliense.com.br\/aqui\/author\/lucasaqui\/"}]}},"_links":{"self":[{"href":"https:\/\/www.correiobraziliense.com.br\/aqui\/wp-json\/wp\/v2\/posts\/28257","targetHints":{"allow":["GET"]}}],"collection":[{"href":"https:\/\/www.correiobraziliense.com.br\/aqui\/wp-json\/wp\/v2\/posts"}],"about":[{"href":"https:\/\/www.correiobraziliense.com.br\/aqui\/wp-json\/wp\/v2\/types\/post"}],"author":[{"embeddable":true,"href":"https:\/\/www.correiobraziliense.com.br\/aqui\/wp-json\/wp\/v2\/users\/9"}],"replies":[{"embeddable":true,"href":"https:\/\/www.correiobraziliense.com.br\/aqui\/wp-json\/wp\/v2\/comments?post=28257"}],"version-history":[{"count":1,"href":"https:\/\/www.correiobraziliense.com.br\/aqui\/wp-json\/wp\/v2\/posts\/28257\/revisions"}],"predecessor-version":[{"id":28259,"href":"https:\/\/www.correiobraziliense.com.br\/aqui\/wp-json\/wp\/v2\/posts\/28257\/revisions\/28259"}],"wp:featuredmedia":[{"embeddable":true,"href":"https:\/\/www.correiobraziliense.com.br\/aqui\/wp-json\/wp\/v2\/media\/28258"}],"wp:attachment":[{"href":"https:\/\/www.correiobraziliense.com.br\/aqui\/wp-json\/wp\/v2\/media?parent=28257"}],"wp:term":[{"taxonomy":"category","embeddable":true,"href":"https:\/\/www.correiobraziliense.com.br\/aqui\/wp-json\/wp\/v2\/categories?post=28257"},{"taxonomy":"post_tag","embeddable":true,"href":"https:\/\/www.correiobraziliense.com.br\/aqui\/wp-json\/wp\/v2\/tags?post=28257"}],"curies":[{"name":"wp","href":"https:\/\/api.w.org\/{rel}","templated":true}]}}