{"id":28263,"date":"2026-04-28T17:46:27","date_gmt":"2026-04-28T20:46:27","guid":{"rendered":"https:\/\/www.correiobraziliense.com.br\/aqui\/?p=28263"},"modified":"2026-04-28T17:46:31","modified_gmt":"2026-04-28T20:46:31","slug":"carro-eletrico-popular-4-modelos-cotados-para-o-mercado-brasileiro","status":"publish","type":"post","link":"https:\/\/www.correiobraziliense.com.br\/aqui\/2026\/04\/28\/carro-eletrico-popular-4-modelos-cotados-para-o-mercado-brasileiro\/","title":{"rendered":"Carro el\u00e9trico popular: 4 modelos cotados para o mercado brasileiro"},"content":{"rendered":"\n<p>A chegada de novas marcas chinesas ao Brasil est\u00e1 acelerando a corrida por um carro el\u00e9trico mais acess\u00edvel. A recente estreia da Leapmotor, somada \u00e0 consolida\u00e7\u00e3o de outras montadoras, aumenta a expectativa por modelos que combinem tecnologia e pre\u00e7o competitivo, capazes de rivalizar com os ve\u00edculos a combust\u00e3o mais vendidos no pa\u00eds.<\/p>\n\n\n\n<p>A ofensiva de gigantes como BYD e GWM j\u00e1 mudou o cen\u00e1rio nacional, for\u00e7ando uma nova realidade de pre\u00e7os e equipamentos. A entrada de novos competidores promete intensificar essa disputa, tornando o sonho do carro el\u00e9trico uma possibilidade real para mais brasileiros. Conhe\u00e7a quatro modelos que est\u00e3o cotados para desembarcar por aqui em breve.<\/p>\n\n\n\n<h2 class=\"wp-block-heading\">Wuling Bingo EV<\/h2>\n\n\n\n<p>Produzido por uma joint-venture que inclui a General Motors, o Bingo EV \u00e9 um sucesso de vendas na China e um dos el\u00e9tricos mais aguardados no Brasil. Seu estilo retr\u00f4 e o bom espa\u00e7o interno s\u00e3o seus principais atrativos. O modelo \u00e9 oferecido com diferentes op\u00e7\u00f5es de bateria, o que permite posicion\u00e1-lo em diversas faixas de pre\u00e7o. A autonomia pode chegar a 410 km (ciclo CLTC), e seu acabamento interno \u00e9 considerado um diferencial no segmento de compactos.<\/p>\n\n\n\n<h2 class=\"wp-block-heading\">Changan Lumin<\/h2>\n\n\n\n<p>Com um visual carism\u00e1tico e arredondado, o Changan Lumin \u00e9 um microcarro el\u00e9trico focado no essencial. \u00c9 uma op\u00e7\u00e3o para quem busca um ve\u00edculo para trajetos curtos no dia a dia. Com capacidade para quatro ocupantes, ele prioriza a agilidade e a facilidade de estacionar em grandes cidades. Sua autonomia chega a cerca de 300 km (ciclo CLTC), mais do que suficiente para o uso estritamente urbano a que se prop\u00f5e.<\/p>\n\n\n\n<h2 class=\"wp-block-heading\">Geely Panda Mini<\/h2>\n\n\n\n<p>Outro forte candidato na categoria de compactos urbanos, o Panda Mini da Geely chama a aten\u00e7\u00e3o pelo design quadrado e robusto. O modelo foi pensado para ser pr\u00e1tico e barato de manter, com uma proposta de mobilidade simples e eficiente. A autonomia de cerca de 200 km (ciclo CLTC) o direciona para o uso em grandes centros, mas seu pre\u00e7o extremamente competitivo na China o torna uma aposta interessante para o Brasil.<\/p>\n\n\n\n<h2 class=\"wp-block-heading\">Neta Aya<\/h2>\n\n\n\n<p>Substituto do Neta V, o Aya \u00e9 um SUV compacto que deve chegar ao Brasil com pre\u00e7o agressivo para brigar com modelos como o Fiat Pulse e o Renault Kardian. A marca Neta j\u00e1 confirmou sua opera\u00e7\u00e3o no mercado nacional e este modelo \u00e9 cotado como porta de entrada. Com visual moderno e bom pacote de equipamentos, o Neta Aya oferece autonomia de at\u00e9 401 km (ciclo CLTC) e um porte maior que o dos subcompactos el\u00e9tricos.<\/p>\n\n\n\n<p><\/p>\n","protected":false},"excerpt":{"rendered":"<p>A chegada de novas marcas chinesas ao Brasil est\u00e1 acelerando a corrida por um carro el\u00e9trico mais acess\u00edvel. A recente estreia da Leapmotor, somada \u00e0 consolida\u00e7\u00e3o de outras montadoras, aumenta a expectativa por modelos que combinem tecnologia e pre\u00e7o competitivo, capazes de rivalizar com os ve\u00edculos a combust\u00e3o mais vendidos no pa\u00eds. A ofensiva de [&hellip;]<\/p>\n","protected":false},"author":9,"featured_media":28264,"comment_status":"open","ping_status":"open","sticky":false,"template":"","format":"standard","meta":{"jnews-multi-image_gallery":[],"jnews_single_post":{"format":"standard"},"jnews_primary_category":[],"jnews_social_meta":[],"jnews_override_counter":[],"footnotes":""},"categories":[1848],"tags":[868,8902,8901],"class_list":["post-28263","post","type-post","status-publish","format-standard","has-post-thumbnail","hentry","category-carros","tag-carro-eletrico","tag-mercado-brasileiro","tag-modelos"],"yoast_head":"<!-- This site is optimized with the Yoast SEO plugin v25.1 - https:\/\/yoast.com\/wordpress\/plugins\/seo\/ -->\n<title>Carro el\u00e9trico popular: 4 modelos cotados para o mercado brasileiro - Correio Braziliense - Aqui<\/title>\n<meta name=\"description\" content=\"Com a ofensiva de marcas chinesas, a expectativa \u00e9 de que o consumidor tenha acesso a ve\u00edculos el\u00e9tricos cada vez mais acess\u00edveis.\" \/>\n<meta name=\"robots\" content=\"index, follow, max-snippet:-1, max-image-preview:large, max-video-preview:-1\" \/>\n<link rel=\"canonical\" href=\"https:\/\/www.correiobraziliense.com.br\/aqui\/2026\/04\/28\/carro-eletrico-popular-4-modelos-cotados-para-o-mercado-brasileiro\/\" \/>\n<meta property=\"og:locale\" content=\"pt_BR\" \/>\n<meta property=\"og:type\" content=\"article\" \/>\n<meta property=\"og:title\" content=\"Carro el\u00e9trico popular: 4 modelos cotados para o mercado brasileiro - Correio Braziliense - Aqui\" \/>\n<meta property=\"og:description\" content=\"Com a ofensiva de marcas chinesas, a expectativa \u00e9 de que o consumidor tenha acesso a ve\u00edculos el\u00e9tricos cada vez mais acess\u00edveis.\" \/>\n<meta property=\"og:url\" content=\"https:\/\/www.correiobraziliense.com.br\/aqui\/2026\/04\/28\/carro-eletrico-popular-4-modelos-cotados-para-o-mercado-brasileiro\/\" \/>\n<meta property=\"og:site_name\" content=\"Correio Braziliense - Aqui\" \/>\n<meta property=\"article:published_time\" content=\"2026-04-28T20:46:27+00:00\" \/>\n<meta property=\"article:modified_time\" content=\"2026-04-28T20:46:31+00:00\" \/>\n<meta property=\"og:image\" content=\"https:\/\/www.correiobraziliense.com.br\/aqui\/wp-content\/uploads\/2026\/04\/carro-eletrico_1777409142566.jpg\" \/>\n\t<meta property=\"og:image:width\" content=\"1280\" \/>\n\t<meta property=\"og:image:height\" content=\"720\" \/>\n\t<meta property=\"og:image:type\" content=\"image\/jpeg\" \/>\n<meta name=\"author\" content=\"Lucas\" \/>\n<meta name=\"twitter:card\" content=\"summary_large_image\" \/>\n<meta name=\"twitter:label1\" content=\"Escrito por\" \/>\n\t<meta name=\"twitter:data1\" content=\"Lucas\" \/>\n\t<meta name=\"twitter:label2\" content=\"Est. tempo de leitura\" \/>\n\t<meta name=\"twitter:data2\" content=\"3 minutos\" \/>\n<!-- \/ Yoast SEO plugin. -->","yoast_head_json":{"title":"Carro el\u00e9trico popular: 4 modelos cotados para o mercado brasileiro - Correio Braziliense - Aqui","description":"Com a ofensiva de marcas chinesas, a expectativa \u00e9 de que o consumidor tenha acesso a ve\u00edculos el\u00e9tricos cada vez mais acess\u00edveis.","robots":{"index":"index","follow":"follow","max-snippet":"max-snippet:-1","max-image-preview":"max-image-preview:large","max-video-preview":"max-video-preview:-1"},"canonical":"https:\/\/www.correiobraziliense.com.br\/aqui\/2026\/04\/28\/carro-eletrico-popular-4-modelos-cotados-para-o-mercado-brasileiro\/","og_locale":"pt_BR","og_type":"article","og_title":"Carro el\u00e9trico popular: 4 modelos cotados para o mercado brasileiro - Correio Braziliense - Aqui","og_description":"Com a ofensiva de marcas chinesas, a expectativa \u00e9 de que o consumidor tenha acesso a ve\u00edculos el\u00e9tricos cada vez mais acess\u00edveis.","og_url":"https:\/\/www.correiobraziliense.com.br\/aqui\/2026\/04\/28\/carro-eletrico-popular-4-modelos-cotados-para-o-mercado-brasileiro\/","og_site_name":"Correio Braziliense - Aqui","article_published_time":"2026-04-28T20:46:27+00:00","article_modified_time":"2026-04-28T20:46:31+00:00","og_image":[{"width":1280,"height":720,"url":"https:\/\/www.correiobraziliense.com.br\/aqui\/wp-content\/uploads\/2026\/04\/carro-eletrico_1777409142566.jpg","type":"image\/jpeg"}],"author":"Lucas","twitter_card":"summary_large_image","twitter_misc":{"Escrito por":"Lucas","Est. tempo de leitura":"3 minutos"},"schema":{"@context":"https:\/\/schema.org","@graph":[{"@type":"WebPage","@id":"https:\/\/www.correiobraziliense.com.br\/aqui\/2026\/04\/28\/carro-eletrico-popular-4-modelos-cotados-para-o-mercado-brasileiro\/","url":"https:\/\/www.correiobraziliense.com.br\/aqui\/2026\/04\/28\/carro-eletrico-popular-4-modelos-cotados-para-o-mercado-brasileiro\/","name":"Carro el\u00e9trico popular: 4 modelos cotados para o mercado brasileiro - Correio Braziliense - Aqui","isPartOf":{"@id":"https:\/\/www.correiobraziliense.com.br\/aqui\/#website"},"primaryImageOfPage":{"@id":"https:\/\/www.correiobraziliense.com.br\/aqui\/2026\/04\/28\/carro-eletrico-popular-4-modelos-cotados-para-o-mercado-brasileiro\/#primaryimage"},"image":{"@id":"https:\/\/www.correiobraziliense.com.br\/aqui\/2026\/04\/28\/carro-eletrico-popular-4-modelos-cotados-para-o-mercado-brasileiro\/#primaryimage"},"thumbnailUrl":"https:\/\/www.correiobraziliense.com.br\/aqui\/wp-content\/uploads\/2026\/04\/carro-eletrico_1777409142566.jpg","datePublished":"2026-04-28T20:46:27+00:00","dateModified":"2026-04-28T20:46:31+00:00","author":{"@id":"https:\/\/www.correiobraziliense.com.br\/aqui\/#\/schema\/person\/36d094a725ba56bbeb370a877862a002"},"description":"Com a ofensiva de marcas chinesas, a expectativa \u00e9 de que o consumidor tenha acesso a ve\u00edculos el\u00e9tricos cada vez mais acess\u00edveis.","breadcrumb":{"@id":"https:\/\/www.correiobraziliense.com.br\/aqui\/2026\/04\/28\/carro-eletrico-popular-4-modelos-cotados-para-o-mercado-brasileiro\/#breadcrumb"},"inLanguage":"pt-BR","potentialAction":[{"@type":"ReadAction","target":["https:\/\/www.correiobraziliense.com.br\/aqui\/2026\/04\/28\/carro-eletrico-popular-4-modelos-cotados-para-o-mercado-brasileiro\/"]}]},{"@type":"ImageObject","inLanguage":"pt-BR","@id":"https:\/\/www.correiobraziliense.com.br\/aqui\/2026\/04\/28\/carro-eletrico-popular-4-modelos-cotados-para-o-mercado-brasileiro\/#primaryimage","url":"https:\/\/www.correiobraziliense.com.br\/aqui\/wp-content\/uploads\/2026\/04\/carro-eletrico_1777409142566.jpg","contentUrl":"https:\/\/www.correiobraziliense.com.br\/aqui\/wp-content\/uploads\/2026\/04\/carro-eletrico_1777409142566.jpg","width":1280,"height":720,"caption":"Cr\u00e9ditos: depositphotos.com \/ kristt"},{"@type":"BreadcrumbList","@id":"https:\/\/www.correiobraziliense.com.br\/aqui\/2026\/04\/28\/carro-eletrico-popular-4-modelos-cotados-para-o-mercado-brasileiro\/#breadcrumb","itemListElement":[{"@type":"ListItem","position":1,"name":"In\u00edcio","item":"https:\/\/www.correiobraziliense.com.br\/aqui\/"},{"@type":"ListItem","position":2,"name":"Carro el\u00e9trico popular: 4 modelos cotados para o mercado brasileiro"}]},{"@type":"WebSite","@id":"https:\/\/www.correiobraziliense.com.br\/aqui\/#website","url":"https:\/\/www.correiobraziliense.com.br\/aqui\/","name":"Correio Braziliense - Aqui","description":"O Correio Braziliense (CB) \u00e9 o mais importante canal de not\u00edcias de Bras\u00edlia. Aqui voc\u00ea encontra as \u00faltimas not\u00edcias do DF, do Brasil e do mundo.","potentialAction":[{"@type":"SearchAction","target":{"@type":"EntryPoint","urlTemplate":"https:\/\/www.correiobraziliense.com.br\/aqui\/?s={search_term_string}"},"query-input":{"@type":"PropertyValueSpecification","valueRequired":true,"valueName":"search_term_string"}}],"inLanguage":"pt-BR"},{"@type":"Person","@id":"https:\/\/www.correiobraziliense.com.br\/aqui\/#\/schema\/person\/36d094a725ba56bbeb370a877862a002","name":"Lucas","image":{"@type":"ImageObject","inLanguage":"pt-BR","@id":"https:\/\/www.correiobraziliense.com.br\/aqui\/#\/schema\/person\/image\/","url":"https:\/\/secure.gravatar.com\/avatar\/eb1dd4a751dca39c233b091fb7b8ce9ef1608850325ab98ff1fbe898fcef0908?s=96&d=mm&r=g","contentUrl":"https:\/\/secure.gravatar.com\/avatar\/eb1dd4a751dca39c233b091fb7b8ce9ef1608850325ab98ff1fbe898fcef0908?s=96&d=mm&r=g","caption":"Lucas"},"url":"https:\/\/www.correiobraziliense.com.br\/aqui\/author\/lucasaqui\/"}]}},"_links":{"self":[{"href":"https:\/\/www.correiobraziliense.com.br\/aqui\/wp-json\/wp\/v2\/posts\/28263","targetHints":{"allow":["GET"]}}],"collection":[{"href":"https:\/\/www.correiobraziliense.com.br\/aqui\/wp-json\/wp\/v2\/posts"}],"about":[{"href":"https:\/\/www.correiobraziliense.com.br\/aqui\/wp-json\/wp\/v2\/types\/post"}],"author":[{"embeddable":true,"href":"https:\/\/www.correiobraziliense.com.br\/aqui\/wp-json\/wp\/v2\/users\/9"}],"replies":[{"embeddable":true,"href":"https:\/\/www.correiobraziliense.com.br\/aqui\/wp-json\/wp\/v2\/comments?post=28263"}],"version-history":[{"count":1,"href":"https:\/\/www.correiobraziliense.com.br\/aqui\/wp-json\/wp\/v2\/posts\/28263\/revisions"}],"predecessor-version":[{"id":28265,"href":"https:\/\/www.correiobraziliense.com.br\/aqui\/wp-json\/wp\/v2\/posts\/28263\/revisions\/28265"}],"wp:featuredmedia":[{"embeddable":true,"href":"https:\/\/www.correiobraziliense.com.br\/aqui\/wp-json\/wp\/v2\/media\/28264"}],"wp:attachment":[{"href":"https:\/\/www.correiobraziliense.com.br\/aqui\/wp-json\/wp\/v2\/media?parent=28263"}],"wp:term":[{"taxonomy":"category","embeddable":true,"href":"https:\/\/www.correiobraziliense.com.br\/aqui\/wp-json\/wp\/v2\/categories?post=28263"},{"taxonomy":"post_tag","embeddable":true,"href":"https:\/\/www.correiobraziliense.com.br\/aqui\/wp-json\/wp\/v2\/tags?post=28263"}],"curies":[{"name":"wp","href":"https:\/\/api.w.org\/{rel}","templated":true}]}}