{"id":28266,"date":"2026-04-28T17:48:26","date_gmt":"2026-04-28T20:48:26","guid":{"rendered":"https:\/\/www.correiobraziliense.com.br\/aqui\/?p=28266"},"modified":"2026-04-28T17:48:29","modified_gmt":"2026-04-28T20:48:29","slug":"direitos-do-trabalhador-7-beneficios-da-clt-que-talvez-voce-nao-conheca","status":"publish","type":"post","link":"https:\/\/www.correiobraziliense.com.br\/aqui\/2026\/04\/28\/direitos-do-trabalhador-7-beneficios-da-clt-que-talvez-voce-nao-conheca\/","title":{"rendered":"Direitos do trabalhador: 7 benef\u00edcios da CLT que talvez voc\u00ea n\u00e3o conhe\u00e7a"},"content":{"rendered":"\n<p>F\u00e9rias, 13\u00ba sal\u00e1rio e Fundo de Garantia (FGTS) s\u00e3o os direitos mais lembrados por quem trabalha com carteira assinada. Contudo, a Consolida\u00e7\u00e3o das Leis do Trabalho (CLT) vai muito al\u00e9m, garantindo uma s\u00e9rie de prote\u00e7\u00f5es que nem sempre s\u00e3o conhecidas por todos os empregados.<\/p>\n\n\n\n<p>Essas garantias extras s\u00e3o projetadas para <a target=\"_blank\" rel=\"noreferrer noopener\" href=\"https:\/\/www.correiobraziliense.com.br\/direito-e-justica\/2025\/05\/7131056-dia-do-trabalhador-especialista-tira-duvidas-sobre-direitos-trabalhistas.html\">proteger o trabalhador<\/a> em diversas situa\u00e7\u00f5es, desde quest\u00f5es de sa\u00fade e seguran\u00e7a at\u00e9 momentos importantes da vida pessoal. Conhecer esses benef\u00edcios \u00e9 fundamental para assegurar um ambiente de trabalho justo e equilibrado, permitindo que o profissional exija o que lhe \u00e9 devido por lei.<\/p>\n\n\n\n<h2 class=\"wp-block-heading\">Conhe\u00e7a 7 direitos garantidos pela CLT<\/h2>\n\n\n\n<ol class=\"wp-block-list\">\n<li><strong>Aviso pr\u00e9vio proporcional<\/strong>: quando ocorre uma demiss\u00e3o sem justa causa, a empresa deve comunicar o funcion\u00e1rio com 30 dias de anteced\u00eancia. A cada ano trabalhado, s\u00e3o acrescidos tr\u00eas dias a esse per\u00edodo, com um limite m\u00e1ximo de 90 dias de aviso. Importante: este direito n\u00e3o se aplica quando o empregado pede demiss\u00e3o. Nesse caso, o aviso pr\u00e9vio \u00e9 fixo em 30 dias, independentemente do tempo de servi\u00e7o.<\/li>\n\n\n\n<li><strong>Adicional noturno<\/strong>: quem trabalha entre 22h e 5h tem direito a receber um acr\u00e9scimo de, no m\u00ednimo, 20% sobre o valor da hora normal. Al\u00e9m disso, a hora de trabalho noturna \u00e9 computada como 52 minutos e 30 segundos, o que significa que a jornada \u00e9 reduzida.<\/li>\n\n\n\n<li><strong>Adicionais de insalubridade e periculosidade<\/strong>: trabalhadores expostos a agentes nocivos \u00e0 sa\u00fade (qu\u00edmicos, ru\u00eddos, calor) t\u00eam direito ao adicional de insalubridade, que varia de 10% a 40% do sal\u00e1rio m\u00ednimo. J\u00e1 quem atua em atividades perigosas, como com explosivos ou eletricidade, recebe o adicional de periculosidade, um acr\u00e9scimo de 30% sobre o sal\u00e1rio-base. Importante: os dois benef\u00edcios n\u00e3o podem ser acumulados.<\/li>\n\n\n\n<li><a href=\"https:\/\/www.correiobraziliense.com.br\/brasil\/2025\/08\/7219732-amamentacao-e-trabalho-veja-os-direitos-das-trabalhadoras-que-amamentam.html\" target=\"_blank\" rel=\"noreferrer noopener\"><strong>Intervalo para amamenta\u00e7\u00e3o<\/strong><\/a>: a m\u00e3e tem direito a dois descansos especiais de meia hora cada um durante a jornada de trabalho para amamentar o filho at\u00e9 que ele complete seis meses de idade, conforme previsto no Art. 396 da CLT. Esses intervalos podem ser negociados com o empregador para, por exemplo, unific\u00e1-los e permitir que a funcion\u00e1ria chegue mais tarde ou saia mais cedo.<\/li>\n\n\n\n<li><a href=\"https:\/\/www.correiobraziliense.com.br\/opiniao\/2025\/08\/7232162-paternidade-licenca-volta-aos-holofotes.html\" target=\"_blank\" rel=\"noreferrer noopener\"><strong>Licen\u00e7as remuneradas espec\u00edficas<\/strong><\/a>: a CLT (Art. 473) prev\u00ea folgas remuneradas em situa\u00e7\u00f5es particulares. O trabalhador pode se ausentar por at\u00e9 tr\u00eas dias consecutivos em caso de casamento (licen\u00e7a-gala) e por at\u00e9 dois dias em caso de falecimento de c\u00f4njuge, pais, filhos ou irm\u00e3os (licen\u00e7a-nojo).<\/li>\n\n\n\n<li><strong>Descanso Semanal Remunerado (DSR)<\/strong>: todo empregado tem direito a um descanso de 24 horas consecutivas por semana, que deve ser pago pela empresa e, <a href=\"https:\/\/www.correiobraziliense.com.br\/direito-e-justica\/2025\/07\/7214725-nova-regra-para-trabalho-aos-domingos-e-feriados-o-prazo-mudou-mas-o-desafio-continua.html\" target=\"_blank\" rel=\"noreferrer noopener\">preferencialmente, ocorrer aos domingos<\/a>. Esse \u00e9 um direito b\u00e1sico para garantir o repouso e o conv\u00edvio social do trabalhador.<\/li>\n\n\n\n<li><strong>Folga para doa\u00e7\u00e3o de sangue<\/strong>: a legisla\u00e7\u00e3o trabalhista garante ao empregado o direito de se ausentar do servi\u00e7o por um dia, a cada 12 meses, para realizar a doa\u00e7\u00e3o volunt\u00e1ria de sangue, desde que devidamente comprovada. A medida busca incentivar essa importante a\u00e7\u00e3o social.<\/li>\n<\/ol>\n\n\n\n<p><\/p>\n","protected":false},"excerpt":{"rendered":"<p>F\u00e9rias, 13\u00ba sal\u00e1rio e Fundo de Garantia (FGTS) s\u00e3o os direitos mais lembrados por quem trabalha com carteira assinada. Contudo, a Consolida\u00e7\u00e3o das Leis do Trabalho (CLT) vai muito al\u00e9m, garantindo uma s\u00e9rie de prote\u00e7\u00f5es que nem sempre s\u00e3o conhecidas por todos os empregados. Essas garantias extras s\u00e3o projetadas para proteger o trabalhador em diversas [&hellip;]<\/p>\n","protected":false},"author":9,"featured_media":28267,"comment_status":"open","ping_status":"open","sticky":false,"template":"","format":"standard","meta":{"jnews-multi-image_gallery":[],"jnews_single_post":{"format":"standard"},"jnews_primary_category":[],"jnews_social_meta":[],"jnews_override_counter":[],"footnotes":""},"categories":[120],"tags":[535,8903,7847,8904],"class_list":["post-28266","post","type-post","status-publish","format-standard","has-post-thumbnail","hentry","category-curiosidades","tag-beneficios","tag-carteira-de-trabalho","tag-clt","tag-dia-do-trabalhador"],"yoast_head":"<!-- This site is optimized with the Yoast SEO plugin v25.1 - https:\/\/yoast.com\/wordpress\/plugins\/seo\/ -->\n<title>Direitos do trabalhador: 7 benef\u00edcios da CLT que talvez voc\u00ea n\u00e3o conhe\u00e7a - Correio Braziliense - Aqui<\/title>\n<meta name=\"description\" content=\"Al\u00e9m de f\u00e9rias e 13\u00ba sal\u00e1rio, a legisla\u00e7\u00e3o trabalhista brasileira garante outros direitos importantes para o empregado com carteira assinada.\" \/>\n<meta name=\"robots\" content=\"index, follow, max-snippet:-1, max-image-preview:large, max-video-preview:-1\" \/>\n<link rel=\"canonical\" href=\"https:\/\/www.correiobraziliense.com.br\/aqui\/2026\/04\/28\/direitos-do-trabalhador-7-beneficios-da-clt-que-talvez-voce-nao-conheca\/\" \/>\n<meta property=\"og:locale\" content=\"pt_BR\" \/>\n<meta property=\"og:type\" content=\"article\" \/>\n<meta property=\"og:title\" content=\"Direitos do trabalhador: 7 benef\u00edcios da CLT que talvez voc\u00ea n\u00e3o conhe\u00e7a - Correio Braziliense - Aqui\" \/>\n<meta property=\"og:description\" content=\"Al\u00e9m de f\u00e9rias e 13\u00ba sal\u00e1rio, a legisla\u00e7\u00e3o trabalhista brasileira garante outros direitos importantes para o empregado com carteira assinada.\" \/>\n<meta property=\"og:url\" content=\"https:\/\/www.correiobraziliense.com.br\/aqui\/2026\/04\/28\/direitos-do-trabalhador-7-beneficios-da-clt-que-talvez-voce-nao-conheca\/\" \/>\n<meta property=\"og:site_name\" content=\"Correio Braziliense - Aqui\" \/>\n<meta property=\"article:published_time\" content=\"2026-04-28T20:48:26+00:00\" \/>\n<meta property=\"article:modified_time\" content=\"2026-04-28T20:48:29+00:00\" \/>\n<meta property=\"og:image\" content=\"https:\/\/www.correiobraziliense.com.br\/aqui\/wp-content\/uploads\/2026\/04\/carteira-de-trabalho_1777409280005.jpg\" \/>\n\t<meta property=\"og:image:width\" content=\"1280\" \/>\n\t<meta property=\"og:image:height\" content=\"720\" \/>\n\t<meta property=\"og:image:type\" content=\"image\/jpeg\" \/>\n<meta name=\"author\" content=\"Lucas\" \/>\n<meta name=\"twitter:card\" content=\"summary_large_image\" \/>\n<meta name=\"twitter:label1\" content=\"Escrito por\" \/>\n\t<meta name=\"twitter:data1\" content=\"Lucas\" \/>\n\t<meta name=\"twitter:label2\" content=\"Est. tempo de leitura\" \/>\n\t<meta name=\"twitter:data2\" content=\"3 minutos\" \/>\n<!-- \/ Yoast SEO plugin. -->","yoast_head_json":{"title":"Direitos do trabalhador: 7 benef\u00edcios da CLT que talvez voc\u00ea n\u00e3o conhe\u00e7a - Correio Braziliense - Aqui","description":"Al\u00e9m de f\u00e9rias e 13\u00ba sal\u00e1rio, a legisla\u00e7\u00e3o trabalhista brasileira garante outros direitos importantes para o empregado com carteira assinada.","robots":{"index":"index","follow":"follow","max-snippet":"max-snippet:-1","max-image-preview":"max-image-preview:large","max-video-preview":"max-video-preview:-1"},"canonical":"https:\/\/www.correiobraziliense.com.br\/aqui\/2026\/04\/28\/direitos-do-trabalhador-7-beneficios-da-clt-que-talvez-voce-nao-conheca\/","og_locale":"pt_BR","og_type":"article","og_title":"Direitos do trabalhador: 7 benef\u00edcios da CLT que talvez voc\u00ea n\u00e3o conhe\u00e7a - Correio Braziliense - Aqui","og_description":"Al\u00e9m de f\u00e9rias e 13\u00ba sal\u00e1rio, a legisla\u00e7\u00e3o trabalhista brasileira garante outros direitos importantes para o empregado com carteira assinada.","og_url":"https:\/\/www.correiobraziliense.com.br\/aqui\/2026\/04\/28\/direitos-do-trabalhador-7-beneficios-da-clt-que-talvez-voce-nao-conheca\/","og_site_name":"Correio Braziliense - Aqui","article_published_time":"2026-04-28T20:48:26+00:00","article_modified_time":"2026-04-28T20:48:29+00:00","og_image":[{"width":1280,"height":720,"url":"https:\/\/www.correiobraziliense.com.br\/aqui\/wp-content\/uploads\/2026\/04\/carteira-de-trabalho_1777409280005.jpg","type":"image\/jpeg"}],"author":"Lucas","twitter_card":"summary_large_image","twitter_misc":{"Escrito por":"Lucas","Est. tempo de leitura":"3 minutos"},"schema":{"@context":"https:\/\/schema.org","@graph":[{"@type":"WebPage","@id":"https:\/\/www.correiobraziliense.com.br\/aqui\/2026\/04\/28\/direitos-do-trabalhador-7-beneficios-da-clt-que-talvez-voce-nao-conheca\/","url":"https:\/\/www.correiobraziliense.com.br\/aqui\/2026\/04\/28\/direitos-do-trabalhador-7-beneficios-da-clt-que-talvez-voce-nao-conheca\/","name":"Direitos do trabalhador: 7 benef\u00edcios da CLT que talvez voc\u00ea n\u00e3o conhe\u00e7a - Correio Braziliense - Aqui","isPartOf":{"@id":"https:\/\/www.correiobraziliense.com.br\/aqui\/#website"},"primaryImageOfPage":{"@id":"https:\/\/www.correiobraziliense.com.br\/aqui\/2026\/04\/28\/direitos-do-trabalhador-7-beneficios-da-clt-que-talvez-voce-nao-conheca\/#primaryimage"},"image":{"@id":"https:\/\/www.correiobraziliense.com.br\/aqui\/2026\/04\/28\/direitos-do-trabalhador-7-beneficios-da-clt-que-talvez-voce-nao-conheca\/#primaryimage"},"thumbnailUrl":"https:\/\/www.correiobraziliense.com.br\/aqui\/wp-content\/uploads\/2026\/04\/carteira-de-trabalho_1777409280005.jpg","datePublished":"2026-04-28T20:48:26+00:00","dateModified":"2026-04-28T20:48:29+00:00","author":{"@id":"https:\/\/www.correiobraziliense.com.br\/aqui\/#\/schema\/person\/36d094a725ba56bbeb370a877862a002"},"description":"Al\u00e9m de f\u00e9rias e 13\u00ba sal\u00e1rio, a legisla\u00e7\u00e3o trabalhista brasileira garante outros direitos importantes para o empregado com carteira assinada.","breadcrumb":{"@id":"https:\/\/www.correiobraziliense.com.br\/aqui\/2026\/04\/28\/direitos-do-trabalhador-7-beneficios-da-clt-que-talvez-voce-nao-conheca\/#breadcrumb"},"inLanguage":"pt-BR","potentialAction":[{"@type":"ReadAction","target":["https:\/\/www.correiobraziliense.com.br\/aqui\/2026\/04\/28\/direitos-do-trabalhador-7-beneficios-da-clt-que-talvez-voce-nao-conheca\/"]}]},{"@type":"ImageObject","inLanguage":"pt-BR","@id":"https:\/\/www.correiobraziliense.com.br\/aqui\/2026\/04\/28\/direitos-do-trabalhador-7-beneficios-da-clt-que-talvez-voce-nao-conheca\/#primaryimage","url":"https:\/\/www.correiobraziliense.com.br\/aqui\/wp-content\/uploads\/2026\/04\/carteira-de-trabalho_1777409280005.jpg","contentUrl":"https:\/\/www.correiobraziliense.com.br\/aqui\/wp-content\/uploads\/2026\/04\/carteira-de-trabalho_1777409280005.jpg","width":1280,"height":720,"caption":"Cr\u00e9ditos: depositphotos.com \/ gustavomello162.hotmail.com"},{"@type":"BreadcrumbList","@id":"https:\/\/www.correiobraziliense.com.br\/aqui\/2026\/04\/28\/direitos-do-trabalhador-7-beneficios-da-clt-que-talvez-voce-nao-conheca\/#breadcrumb","itemListElement":[{"@type":"ListItem","position":1,"name":"In\u00edcio","item":"https:\/\/www.correiobraziliense.com.br\/aqui\/"},{"@type":"ListItem","position":2,"name":"Direitos do trabalhador: 7 benef\u00edcios da CLT que talvez voc\u00ea n\u00e3o conhe\u00e7a"}]},{"@type":"WebSite","@id":"https:\/\/www.correiobraziliense.com.br\/aqui\/#website","url":"https:\/\/www.correiobraziliense.com.br\/aqui\/","name":"Correio Braziliense - Aqui","description":"O Correio Braziliense (CB) \u00e9 o mais importante canal de not\u00edcias de Bras\u00edlia. Aqui voc\u00ea encontra as \u00faltimas not\u00edcias do DF, do Brasil e do mundo.","potentialAction":[{"@type":"SearchAction","target":{"@type":"EntryPoint","urlTemplate":"https:\/\/www.correiobraziliense.com.br\/aqui\/?s={search_term_string}"},"query-input":{"@type":"PropertyValueSpecification","valueRequired":true,"valueName":"search_term_string"}}],"inLanguage":"pt-BR"},{"@type":"Person","@id":"https:\/\/www.correiobraziliense.com.br\/aqui\/#\/schema\/person\/36d094a725ba56bbeb370a877862a002","name":"Lucas","image":{"@type":"ImageObject","inLanguage":"pt-BR","@id":"https:\/\/www.correiobraziliense.com.br\/aqui\/#\/schema\/person\/image\/","url":"https:\/\/secure.gravatar.com\/avatar\/eb1dd4a751dca39c233b091fb7b8ce9ef1608850325ab98ff1fbe898fcef0908?s=96&d=mm&r=g","contentUrl":"https:\/\/secure.gravatar.com\/avatar\/eb1dd4a751dca39c233b091fb7b8ce9ef1608850325ab98ff1fbe898fcef0908?s=96&d=mm&r=g","caption":"Lucas"},"url":"https:\/\/www.correiobraziliense.com.br\/aqui\/author\/lucasaqui\/"}]}},"_links":{"self":[{"href":"https:\/\/www.correiobraziliense.com.br\/aqui\/wp-json\/wp\/v2\/posts\/28266","targetHints":{"allow":["GET"]}}],"collection":[{"href":"https:\/\/www.correiobraziliense.com.br\/aqui\/wp-json\/wp\/v2\/posts"}],"about":[{"href":"https:\/\/www.correiobraziliense.com.br\/aqui\/wp-json\/wp\/v2\/types\/post"}],"author":[{"embeddable":true,"href":"https:\/\/www.correiobraziliense.com.br\/aqui\/wp-json\/wp\/v2\/users\/9"}],"replies":[{"embeddable":true,"href":"https:\/\/www.correiobraziliense.com.br\/aqui\/wp-json\/wp\/v2\/comments?post=28266"}],"version-history":[{"count":1,"href":"https:\/\/www.correiobraziliense.com.br\/aqui\/wp-json\/wp\/v2\/posts\/28266\/revisions"}],"predecessor-version":[{"id":28268,"href":"https:\/\/www.correiobraziliense.com.br\/aqui\/wp-json\/wp\/v2\/posts\/28266\/revisions\/28268"}],"wp:featuredmedia":[{"embeddable":true,"href":"https:\/\/www.correiobraziliense.com.br\/aqui\/wp-json\/wp\/v2\/media\/28267"}],"wp:attachment":[{"href":"https:\/\/www.correiobraziliense.com.br\/aqui\/wp-json\/wp\/v2\/media?parent=28266"}],"wp:term":[{"taxonomy":"category","embeddable":true,"href":"https:\/\/www.correiobraziliense.com.br\/aqui\/wp-json\/wp\/v2\/categories?post=28266"},{"taxonomy":"post_tag","embeddable":true,"href":"https:\/\/www.correiobraziliense.com.br\/aqui\/wp-json\/wp\/v2\/tags?post=28266"}],"curies":[{"name":"wp","href":"https:\/\/api.w.org\/{rel}","templated":true}]}}