{"id":28269,"date":"2026-04-28T17:50:24","date_gmt":"2026-04-28T20:50:24","guid":{"rendered":"https:\/\/www.correiobraziliense.com.br\/aqui\/?p=28269"},"modified":"2026-04-28T17:50:27","modified_gmt":"2026-04-28T20:50:27","slug":"tiro-na-cabeca-e-legitima-defesa-o-que-a-lei-brasileira-diz-sobre-isso","status":"publish","type":"post","link":"https:\/\/www.correiobraziliense.com.br\/aqui\/2026\/04\/28\/tiro-na-cabeca-e-legitima-defesa-o-que-a-lei-brasileira-diz-sobre-isso\/","title":{"rendered":"Tiro na cabe\u00e7a e leg\u00edtima defesa: o que a lei brasileira diz sobre isso"},"content":{"rendered":"\n<p>A leg\u00edtima defesa \u00e9 um recurso previsto no C\u00f3digo Penal brasileiro que permite a uma pessoa usar a for\u00e7a para se proteger de uma agress\u00e3o injusta. No entanto, sua aplica\u00e7\u00e3o \u00e9 cercada por regras r\u00edgidas que determinam os limites da rea\u00e7\u00e3o. Entender esses crit\u00e9rios \u00e9 fundamental, pois uma a\u00e7\u00e3o considerada desproporcional, como um tiro na cabe\u00e7a, pode transformar a v\u00edtima em agressor perante a lei.<\/p>\n\n\n\n<p>Para que uma a\u00e7\u00e3o seja configurada como leg\u00edtima defesa, \u00e9 preciso que todos os requisitos legais sejam atendidos simultaneamente. A aus\u00eancia de apenas um deles pode descaracterizar o ato e levar a uma acusa\u00e7\u00e3o criminal por les\u00e3o corporal ou homic\u00eddio. A an\u00e1lise judicial considera cada detalhe do ocorrido para definir se a rea\u00e7\u00e3o foi, de fato, justific\u00e1vel.<\/p>\n\n\n\n<h2 class=\"wp-block-heading\">Quais s\u00e3o os requisitos da leg\u00edtima defesa?<\/h2>\n\n\n\n<p>O <a target=\"_blank\" rel=\"noreferrer noopener\" href=\"https:\/\/www.correiobraziliense.com.br\/direito-e-justica\/2025\/06\/7180852-legitima-defesa-bullying-e-a-lei-henry-borelanalise-do-caso-da-agressao-em-festa-junina.html\">artigo 25 do C\u00f3digo Penal<\/a> estabelece que age em leg\u00edtima defesa quem, usando moderadamente dos meios necess\u00e1rios, repele injusta agress\u00e3o, atual ou iminente, a direito seu ou de outrem. Na pr\u00e1tica, isso se desdobra nos seguintes pontos:<\/p>\n\n\n\n<ul class=\"wp-block-list\">\n<li><strong>Agress\u00e3o injusta:<\/strong> a amea\u00e7a deve ser ilegal e n\u00e3o provocada pela pessoa que se defende. Reagir a uma a\u00e7\u00e3o legal, como uma pris\u00e3o em flagrante, n\u00e3o se enquadra.<\/li>\n\n\n\n<li><strong>Atual ou iminente:<\/strong> a amea\u00e7a precisa estar acontecendo no momento da rea\u00e7\u00e3o ou prestes a ocorrer. N\u00e3o \u00e9 permitido agir em leg\u00edtima defesa por uma agress\u00e3o que j\u00e1 passou ou que pode acontecer no futuro.<\/li>\n\n\n\n<li><strong>Uso dos meios necess\u00e1rios:<\/strong> a pessoa deve utilizar os recursos dispon\u00edveis e suficientes para cessar a agress\u00e3o. Se for poss\u00edvel conter a amea\u00e7a sem o <a href=\"https:\/\/www.correiobraziliense.com.br\/politica\/2025\/04\/7118723-projeto-permite-armar-moradores-de-zonas-rurais.html\" target=\"_blank\" rel=\"noreferrer noopener\">uso de uma arma<\/a>, por exemplo, o disparo pode ser considerado excessivo.<\/li>\n\n\n\n<li><strong>Modera\u00e7\u00e3o na rea\u00e7\u00e3o:<\/strong> este \u00e9 o crit\u00e9rio mais sens\u00edvel. A defesa deve ser proporcional ao ataque. A rea\u00e7\u00e3o deve parar assim que a amea\u00e7a for neutralizada. Continuar agredindo algu\u00e9m j\u00e1 rendido ou incapacitado configura excesso.<\/li>\n<\/ul>\n\n\n\n<h2 class=\"wp-block-heading\">O que acontece em caso de excesso?<\/h2>\n\n\n\n<p>Quando a rea\u00e7\u00e3o ultrapassa o estritamente necess\u00e1rio para conter a agress\u00e3o, a lei prev\u00ea que o autor <a target=\"_blank\" rel=\"noreferrer noopener\" href=\"https:\/\/www.correiobraziliense.com.br\/politica\/2025\/07\/7188580-comissao-do-senado-aprova-projetos-que-ampliam-acoes-em-legitima-defesa.html\">responder\u00e1 pelo excesso<\/a>, seja de forma dolosa (com inten\u00e7\u00e3o) ou culposa (sem inten\u00e7\u00e3o). Um tiro na cabe\u00e7a de um agressor j\u00e1 imobilizado ou que representava uma amea\u00e7a menor, por exemplo, dificilmente seria interpretado como uma a\u00e7\u00e3o moderada. A defesa deve cessar no momento em que o perigo \u00e9 neutralizado; continuar o ataque contra algu\u00e9m j\u00e1 incapacitado de agredir deixa de ser leg\u00edtima defesa.<\/p>\n\n\n\n<p>A Justi\u00e7a avalia cada situa\u00e7\u00e3o de forma individual, levando em conta o contexto, o estado emocional da pessoa sob ataque e a proporcionalidade entre a amea\u00e7a e a defesa. A decis\u00e3o final sobre a legalidade da a\u00e7\u00e3o depender\u00e1 sempre da an\u00e1lise detalhada das provas e das circunst\u00e2ncias do caso concreto. Por isso, a interpreta\u00e7\u00e3o do que \u00e9 ou n\u00e3o leg\u00edtima defesa pode variar, sendo essencial a consulta a um advogado criminalista em situa\u00e7\u00f5es reais.<\/p>\n\n\n\n<p><\/p>\n\n\n\n<p><\/p>\n","protected":false},"excerpt":{"rendered":"<p>A leg\u00edtima defesa \u00e9 um recurso previsto no C\u00f3digo Penal brasileiro que permite a uma pessoa usar a for\u00e7a para se proteger de uma agress\u00e3o injusta. No entanto, sua aplica\u00e7\u00e3o \u00e9 cercada por regras r\u00edgidas que determinam os limites da rea\u00e7\u00e3o. Entender esses crit\u00e9rios \u00e9 fundamental, pois uma a\u00e7\u00e3o considerada desproporcional, como um tiro na [&hellip;]<\/p>\n","protected":false},"author":9,"featured_media":28270,"comment_status":"open","ping_status":"open","sticky":false,"template":"","format":"standard","meta":{"jnews-multi-image_gallery":[],"jnews_single_post":{"format":"standard"},"jnews_primary_category":[],"jnews_social_meta":[],"jnews_override_counter":[],"footnotes":""},"categories":[260],"tags":[8906,7709,1990,8104,8905],"class_list":["post-28269","post","type-post","status-publish","format-standard","has-post-thumbnail","hentry","category-sociedade","tag-codigo-penal","tag-legitima-defesa","tag-lei-brasileira","tag-leis","tag-tiro-na-cabeca"],"yoast_head":"<!-- This site is optimized with the Yoast SEO plugin v25.1 - https:\/\/yoast.com\/wordpress\/plugins\/seo\/ -->\n<title>Tiro na cabe\u00e7a e leg\u00edtima defesa: o que a lei brasileira diz sobre isso - Correio Braziliense - Aqui<\/title>\n<meta name=\"description\" content=\"Entenda os limites legais para o uso da for\u00e7a em situa\u00e7\u00f5es de perigo e como a Justi\u00e7a interpreta os casos que resultam em morte.\" \/>\n<meta name=\"robots\" content=\"index, follow, max-snippet:-1, max-image-preview:large, max-video-preview:-1\" \/>\n<link rel=\"canonical\" href=\"https:\/\/www.correiobraziliense.com.br\/aqui\/2026\/04\/28\/tiro-na-cabeca-e-legitima-defesa-o-que-a-lei-brasileira-diz-sobre-isso\/\" \/>\n<meta property=\"og:locale\" content=\"pt_BR\" \/>\n<meta property=\"og:type\" content=\"article\" \/>\n<meta property=\"og:title\" content=\"Tiro na cabe\u00e7a e leg\u00edtima defesa: o que a lei brasileira diz sobre isso - Correio Braziliense - Aqui\" \/>\n<meta property=\"og:description\" content=\"Entenda os limites legais para o uso da for\u00e7a em situa\u00e7\u00f5es de perigo e como a Justi\u00e7a interpreta os casos que resultam em morte.\" \/>\n<meta property=\"og:url\" content=\"https:\/\/www.correiobraziliense.com.br\/aqui\/2026\/04\/28\/tiro-na-cabeca-e-legitima-defesa-o-que-a-lei-brasileira-diz-sobre-isso\/\" \/>\n<meta property=\"og:site_name\" content=\"Correio Braziliense - Aqui\" \/>\n<meta property=\"article:published_time\" content=\"2026-04-28T20:50:24+00:00\" \/>\n<meta property=\"article:modified_time\" content=\"2026-04-28T20:50:27+00:00\" \/>\n<meta property=\"og:image\" content=\"https:\/\/www.correiobraziliense.com.br\/aqui\/wp-content\/uploads\/2026\/04\/tribunal_1777409411070.jpg\" \/>\n\t<meta property=\"og:image:width\" content=\"1280\" \/>\n\t<meta property=\"og:image:height\" content=\"720\" \/>\n\t<meta property=\"og:image:type\" content=\"image\/jpeg\" \/>\n<meta name=\"author\" content=\"Lucas\" \/>\n<meta name=\"twitter:card\" content=\"summary_large_image\" \/>\n<meta name=\"twitter:label1\" content=\"Escrito por\" \/>\n\t<meta name=\"twitter:data1\" content=\"Lucas\" \/>\n\t<meta name=\"twitter:label2\" content=\"Est. tempo de leitura\" \/>\n\t<meta name=\"twitter:data2\" content=\"3 minutos\" \/>\n<!-- \/ Yoast SEO plugin. -->","yoast_head_json":{"title":"Tiro na cabe\u00e7a e leg\u00edtima defesa: o que a lei brasileira diz sobre isso - Correio Braziliense - Aqui","description":"Entenda os limites legais para o uso da for\u00e7a em situa\u00e7\u00f5es de perigo e como a Justi\u00e7a interpreta os casos que resultam em morte.","robots":{"index":"index","follow":"follow","max-snippet":"max-snippet:-1","max-image-preview":"max-image-preview:large","max-video-preview":"max-video-preview:-1"},"canonical":"https:\/\/www.correiobraziliense.com.br\/aqui\/2026\/04\/28\/tiro-na-cabeca-e-legitima-defesa-o-que-a-lei-brasileira-diz-sobre-isso\/","og_locale":"pt_BR","og_type":"article","og_title":"Tiro na cabe\u00e7a e leg\u00edtima defesa: o que a lei brasileira diz sobre isso - Correio Braziliense - Aqui","og_description":"Entenda os limites legais para o uso da for\u00e7a em situa\u00e7\u00f5es de perigo e como a Justi\u00e7a interpreta os casos que resultam em morte.","og_url":"https:\/\/www.correiobraziliense.com.br\/aqui\/2026\/04\/28\/tiro-na-cabeca-e-legitima-defesa-o-que-a-lei-brasileira-diz-sobre-isso\/","og_site_name":"Correio Braziliense - Aqui","article_published_time":"2026-04-28T20:50:24+00:00","article_modified_time":"2026-04-28T20:50:27+00:00","og_image":[{"width":1280,"height":720,"url":"https:\/\/www.correiobraziliense.com.br\/aqui\/wp-content\/uploads\/2026\/04\/tribunal_1777409411070.jpg","type":"image\/jpeg"}],"author":"Lucas","twitter_card":"summary_large_image","twitter_misc":{"Escrito por":"Lucas","Est. tempo de leitura":"3 minutos"},"schema":{"@context":"https:\/\/schema.org","@graph":[{"@type":"WebPage","@id":"https:\/\/www.correiobraziliense.com.br\/aqui\/2026\/04\/28\/tiro-na-cabeca-e-legitima-defesa-o-que-a-lei-brasileira-diz-sobre-isso\/","url":"https:\/\/www.correiobraziliense.com.br\/aqui\/2026\/04\/28\/tiro-na-cabeca-e-legitima-defesa-o-que-a-lei-brasileira-diz-sobre-isso\/","name":"Tiro na cabe\u00e7a e leg\u00edtima defesa: o que a lei brasileira diz sobre isso - Correio Braziliense - Aqui","isPartOf":{"@id":"https:\/\/www.correiobraziliense.com.br\/aqui\/#website"},"primaryImageOfPage":{"@id":"https:\/\/www.correiobraziliense.com.br\/aqui\/2026\/04\/28\/tiro-na-cabeca-e-legitima-defesa-o-que-a-lei-brasileira-diz-sobre-isso\/#primaryimage"},"image":{"@id":"https:\/\/www.correiobraziliense.com.br\/aqui\/2026\/04\/28\/tiro-na-cabeca-e-legitima-defesa-o-que-a-lei-brasileira-diz-sobre-isso\/#primaryimage"},"thumbnailUrl":"https:\/\/www.correiobraziliense.com.br\/aqui\/wp-content\/uploads\/2026\/04\/tribunal_1777409411070.jpg","datePublished":"2026-04-28T20:50:24+00:00","dateModified":"2026-04-28T20:50:27+00:00","author":{"@id":"https:\/\/www.correiobraziliense.com.br\/aqui\/#\/schema\/person\/36d094a725ba56bbeb370a877862a002"},"description":"Entenda os limites legais para o uso da for\u00e7a em situa\u00e7\u00f5es de perigo e como a Justi\u00e7a interpreta os casos que resultam em morte.","breadcrumb":{"@id":"https:\/\/www.correiobraziliense.com.br\/aqui\/2026\/04\/28\/tiro-na-cabeca-e-legitima-defesa-o-que-a-lei-brasileira-diz-sobre-isso\/#breadcrumb"},"inLanguage":"pt-BR","potentialAction":[{"@type":"ReadAction","target":["https:\/\/www.correiobraziliense.com.br\/aqui\/2026\/04\/28\/tiro-na-cabeca-e-legitima-defesa-o-que-a-lei-brasileira-diz-sobre-isso\/"]}]},{"@type":"ImageObject","inLanguage":"pt-BR","@id":"https:\/\/www.correiobraziliense.com.br\/aqui\/2026\/04\/28\/tiro-na-cabeca-e-legitima-defesa-o-que-a-lei-brasileira-diz-sobre-isso\/#primaryimage","url":"https:\/\/www.correiobraziliense.com.br\/aqui\/wp-content\/uploads\/2026\/04\/tribunal_1777409411070.jpg","contentUrl":"https:\/\/www.correiobraziliense.com.br\/aqui\/wp-content\/uploads\/2026\/04\/tribunal_1777409411070.jpg","width":1280,"height":720,"caption":"Cr\u00e9ditos: depositphotos.com \/ AndreyPopov"},{"@type":"BreadcrumbList","@id":"https:\/\/www.correiobraziliense.com.br\/aqui\/2026\/04\/28\/tiro-na-cabeca-e-legitima-defesa-o-que-a-lei-brasileira-diz-sobre-isso\/#breadcrumb","itemListElement":[{"@type":"ListItem","position":1,"name":"In\u00edcio","item":"https:\/\/www.correiobraziliense.com.br\/aqui\/"},{"@type":"ListItem","position":2,"name":"Tiro na cabe\u00e7a e leg\u00edtima defesa: o que a lei brasileira diz sobre isso"}]},{"@type":"WebSite","@id":"https:\/\/www.correiobraziliense.com.br\/aqui\/#website","url":"https:\/\/www.correiobraziliense.com.br\/aqui\/","name":"Correio Braziliense - Aqui","description":"O Correio Braziliense (CB) \u00e9 o mais importante canal de not\u00edcias de Bras\u00edlia. Aqui voc\u00ea encontra as \u00faltimas not\u00edcias do DF, do Brasil e do mundo.","potentialAction":[{"@type":"SearchAction","target":{"@type":"EntryPoint","urlTemplate":"https:\/\/www.correiobraziliense.com.br\/aqui\/?s={search_term_string}"},"query-input":{"@type":"PropertyValueSpecification","valueRequired":true,"valueName":"search_term_string"}}],"inLanguage":"pt-BR"},{"@type":"Person","@id":"https:\/\/www.correiobraziliense.com.br\/aqui\/#\/schema\/person\/36d094a725ba56bbeb370a877862a002","name":"Lucas","image":{"@type":"ImageObject","inLanguage":"pt-BR","@id":"https:\/\/www.correiobraziliense.com.br\/aqui\/#\/schema\/person\/image\/","url":"https:\/\/secure.gravatar.com\/avatar\/eb1dd4a751dca39c233b091fb7b8ce9ef1608850325ab98ff1fbe898fcef0908?s=96&d=mm&r=g","contentUrl":"https:\/\/secure.gravatar.com\/avatar\/eb1dd4a751dca39c233b091fb7b8ce9ef1608850325ab98ff1fbe898fcef0908?s=96&d=mm&r=g","caption":"Lucas"},"url":"https:\/\/www.correiobraziliense.com.br\/aqui\/author\/lucasaqui\/"}]}},"_links":{"self":[{"href":"https:\/\/www.correiobraziliense.com.br\/aqui\/wp-json\/wp\/v2\/posts\/28269","targetHints":{"allow":["GET"]}}],"collection":[{"href":"https:\/\/www.correiobraziliense.com.br\/aqui\/wp-json\/wp\/v2\/posts"}],"about":[{"href":"https:\/\/www.correiobraziliense.com.br\/aqui\/wp-json\/wp\/v2\/types\/post"}],"author":[{"embeddable":true,"href":"https:\/\/www.correiobraziliense.com.br\/aqui\/wp-json\/wp\/v2\/users\/9"}],"replies":[{"embeddable":true,"href":"https:\/\/www.correiobraziliense.com.br\/aqui\/wp-json\/wp\/v2\/comments?post=28269"}],"version-history":[{"count":1,"href":"https:\/\/www.correiobraziliense.com.br\/aqui\/wp-json\/wp\/v2\/posts\/28269\/revisions"}],"predecessor-version":[{"id":28271,"href":"https:\/\/www.correiobraziliense.com.br\/aqui\/wp-json\/wp\/v2\/posts\/28269\/revisions\/28271"}],"wp:featuredmedia":[{"embeddable":true,"href":"https:\/\/www.correiobraziliense.com.br\/aqui\/wp-json\/wp\/v2\/media\/28270"}],"wp:attachment":[{"href":"https:\/\/www.correiobraziliense.com.br\/aqui\/wp-json\/wp\/v2\/media?parent=28269"}],"wp:term":[{"taxonomy":"category","embeddable":true,"href":"https:\/\/www.correiobraziliense.com.br\/aqui\/wp-json\/wp\/v2\/categories?post=28269"},{"taxonomy":"post_tag","embeddable":true,"href":"https:\/\/www.correiobraziliense.com.br\/aqui\/wp-json\/wp\/v2\/tags?post=28269"}],"curies":[{"name":"wp","href":"https:\/\/api.w.org\/{rel}","templated":true}]}}