{"id":28272,"date":"2026-04-28T17:51:58","date_gmt":"2026-04-28T20:51:58","guid":{"rendered":"https:\/\/www.correiobraziliense.com.br\/aqui\/?p=28272"},"modified":"2026-04-28T17:52:02","modified_gmt":"2026-04-28T20:52:02","slug":"desenrola-2-0-como-usar-o-fgts-para-quitar-dividas-e-limpar-o-nome","status":"publish","type":"post","link":"https:\/\/www.correiobraziliense.com.br\/aqui\/2026\/04\/28\/desenrola-2-0-como-usar-o-fgts-para-quitar-dividas-e-limpar-o-nome\/","title":{"rendered":"Desenrola 2.0: como usar o FGTS para quitar d\u00edvidas e limpar o nome"},"content":{"rendered":"\n<p>O governo federal deve anunciar, ainda esta semana, uma nova etapa do programa de renegocia\u00e7\u00e3o de d\u00edvidas, apelidada de &#8220;Desenrola 2.0&#8221;. A principal novidade ser\u00e1 a permiss\u00e3o para que trabalhadores com carteira assinada utilizem recursos do Fundo de Garantia do Tempo de Servi\u00e7o (FGTS) para quitar d\u00e9bitos e limpar o nome, oferecendo um al\u00edvio financeiro para milh\u00f5es de brasileiros.<\/p>\n\n\n\n<p>A proposta permitir\u00e1 o saque de um percentual do saldo do FGTS, que ser\u00e1 vinculado diretamente ao pagamento das d\u00edvidas. O foco da iniciativa s\u00e3o os d\u00e9bitos de consumo, como faturas de cart\u00e3o de cr\u00e9dito, cheque especial e Cr\u00e9dito Direto ao Consumidor (CDC), que costumam ter as taxas de juros mais altas do mercado.<\/p>\n\n\n\n<h2 class=\"wp-block-heading\">Como vai funcionar a nova etapa?<\/h2>\n\n\n\n<p>O mecanismo permitir\u00e1 que o trabalhador use uma parte do seu saldo no FGTS para liquidar as pend\u00eancias financeiras. O valor sacado ser\u00e1 transferido diretamente para a institui\u00e7\u00e3o credora. Para dar sustenta\u00e7\u00e3o aos acordos, o governo tamb\u00e9m planeja um aporte ao Fundo Garantidor de Opera\u00e7\u00f5es (FGO), que <a target=\"_blank\" rel=\"noreferrer noopener\" href=\"https:\/\/www.correiobraziliense.com.br\/mundo\/2025\/03\/7089962-como-pegar-emprestimo-consignado-usando-fgts-como-garantia.html\">servir\u00e1 como garantia para as renegocia\u00e7\u00f5es<\/a>. Segundo o Ministro da Fazenda, os descontos sobre o valor original das d\u00edvidas poder\u00e3o chegar a at\u00e9 90%.<\/p>\n\n\n\n<h2 class=\"wp-block-heading\">Quem poder\u00e1 participar?<\/h2>\n\n\n\n<p>Os detalhes e crit\u00e9rios de elegibilidade ser\u00e3o oficialmente divulgados ap\u00f3s o an\u00fancio do presidente. No entanto, a expectativa \u00e9 que o programa seja direcionado a <a target=\"_blank\" rel=\"noreferrer noopener\" href=\"https:\/\/www.correiobraziliense.com.br\/mundo\/2025\/02\/7071382-o-que-muda-no-saque-do-ftgs-e-no-novo-consignado-para-clt.html\">trabalhadores com carteira assinada<\/a> que possuem d\u00edvidas. Os principais pontos em discuss\u00e3o incluem:<\/p>\n\n\n\n<ul class=\"wp-block-list\">\n<li>Ter saldo em contas ativas ou inativas do FGTS;<\/li>\n\n\n\n<li>Foco em d\u00edvidas de consumo de menor valor, para atingir a popula\u00e7\u00e3o de baixa renda;<\/li>\n\n\n\n<li>Ser uma medida pontual, sem previs\u00e3o de se tornar recorrente.<\/li>\n<\/ul>\n\n\n\n<p>Crit\u00e9rios espec\u00edficos, como limites de renda e teto para o valor das d\u00edvidas, ainda ser\u00e3o confirmados pelo governo.<\/p>\n\n\n\n<p>O an\u00fancio oficial do programa \u00e9 esperado para esta semana. Somente ap\u00f3s a divulga\u00e7\u00e3o, o governo detalhar\u00e1 o calend\u00e1rio e o passo a passo para a ades\u00e3o. A iniciativa d\u00e1 sequ\u00eancia \u00e0 primeira fase do Desenrola Brasil, lan\u00e7ada em 2023, que beneficiou cerca de 15 milh\u00f5es de pessoas e renegociou R$ 53,2 bilh\u00f5es em d\u00edvidas, buscando reinserir um grande n\u00famero de consumidores no mercado e aquecer a economia.<\/p>\n\n\n\n<p><\/p>\n","protected":false},"excerpt":{"rendered":"<p>O governo federal deve anunciar, ainda esta semana, uma nova etapa do programa de renegocia\u00e7\u00e3o de d\u00edvidas, apelidada de &#8220;Desenrola 2.0&#8221;. A principal novidade ser\u00e1 a permiss\u00e3o para que trabalhadores com carteira assinada utilizem recursos do Fundo de Garantia do Tempo de Servi\u00e7o (FGTS) para quitar d\u00e9bitos e limpar o nome, oferecendo um al\u00edvio financeiro [&hellip;]<\/p>\n","protected":false},"author":9,"featured_media":28273,"comment_status":"open","ping_status":"open","sticky":false,"template":"","format":"standard","meta":{"jnews-multi-image_gallery":[],"jnews_single_post":{"format":"standard"},"jnews_primary_category":[],"jnews_social_meta":[],"jnews_override_counter":[],"footnotes":""},"categories":[122],"tags":[8908,5606,6234,8909,8907],"class_list":["post-28272","post","type-post","status-publish","format-standard","has-post-thumbnail","hentry","category-financas","tag-desenrola","tag-dividas","tag-fgts","tag-limpar-o-nome","tag-quitar-dividas"],"yoast_head":"<!-- This site is optimized with the Yoast SEO plugin v25.1 - https:\/\/yoast.com\/wordpress\/plugins\/seo\/ -->\n<title>Desenrola 2.0: como usar o FGTS para quitar d\u00edvidas e limpar o nome - Correio Braziliense - Aqui<\/title>\n<meta name=\"description\" content=\"Governo deve anunciar esta semana nova fase do programa de renegocia\u00e7\u00e3o; entenda como o uso do FGTS poder\u00e1 ajudar a sair do vermelho.\" \/>\n<meta name=\"robots\" content=\"index, follow, max-snippet:-1, max-image-preview:large, max-video-preview:-1\" \/>\n<link rel=\"canonical\" href=\"https:\/\/www.correiobraziliense.com.br\/aqui\/2026\/04\/28\/desenrola-2-0-como-usar-o-fgts-para-quitar-dividas-e-limpar-o-nome\/\" \/>\n<meta property=\"og:locale\" content=\"pt_BR\" \/>\n<meta property=\"og:type\" content=\"article\" \/>\n<meta property=\"og:title\" content=\"Desenrola 2.0: como usar o FGTS para quitar d\u00edvidas e limpar o nome - Correio Braziliense - Aqui\" \/>\n<meta property=\"og:description\" content=\"Governo deve anunciar esta semana nova fase do programa de renegocia\u00e7\u00e3o; entenda como o uso do FGTS poder\u00e1 ajudar a sair do vermelho.\" \/>\n<meta property=\"og:url\" content=\"https:\/\/www.correiobraziliense.com.br\/aqui\/2026\/04\/28\/desenrola-2-0-como-usar-o-fgts-para-quitar-dividas-e-limpar-o-nome\/\" \/>\n<meta property=\"og:site_name\" content=\"Correio Braziliense - Aqui\" \/>\n<meta property=\"article:published_time\" content=\"2026-04-28T20:51:58+00:00\" \/>\n<meta property=\"article:modified_time\" content=\"2026-04-28T20:52:02+00:00\" \/>\n<meta property=\"og:image\" content=\"https:\/\/www.correiobraziliense.com.br\/aqui\/wp-content\/uploads\/2026\/04\/bills_1777409506233.jpg\" \/>\n\t<meta property=\"og:image:width\" content=\"1280\" \/>\n\t<meta property=\"og:image:height\" content=\"720\" \/>\n\t<meta property=\"og:image:type\" content=\"image\/jpeg\" \/>\n<meta name=\"author\" content=\"Lucas\" \/>\n<meta name=\"twitter:card\" content=\"summary_large_image\" \/>\n<meta name=\"twitter:label1\" content=\"Escrito por\" \/>\n\t<meta name=\"twitter:data1\" content=\"Lucas\" \/>\n\t<meta name=\"twitter:label2\" content=\"Est. tempo de leitura\" \/>\n\t<meta name=\"twitter:data2\" content=\"3 minutos\" \/>\n<!-- \/ Yoast SEO plugin. -->","yoast_head_json":{"title":"Desenrola 2.0: como usar o FGTS para quitar d\u00edvidas e limpar o nome - Correio Braziliense - Aqui","description":"Governo deve anunciar esta semana nova fase do programa de renegocia\u00e7\u00e3o; entenda como o uso do FGTS poder\u00e1 ajudar a sair do vermelho.","robots":{"index":"index","follow":"follow","max-snippet":"max-snippet:-1","max-image-preview":"max-image-preview:large","max-video-preview":"max-video-preview:-1"},"canonical":"https:\/\/www.correiobraziliense.com.br\/aqui\/2026\/04\/28\/desenrola-2-0-como-usar-o-fgts-para-quitar-dividas-e-limpar-o-nome\/","og_locale":"pt_BR","og_type":"article","og_title":"Desenrola 2.0: como usar o FGTS para quitar d\u00edvidas e limpar o nome - Correio Braziliense - Aqui","og_description":"Governo deve anunciar esta semana nova fase do programa de renegocia\u00e7\u00e3o; entenda como o uso do FGTS poder\u00e1 ajudar a sair do vermelho.","og_url":"https:\/\/www.correiobraziliense.com.br\/aqui\/2026\/04\/28\/desenrola-2-0-como-usar-o-fgts-para-quitar-dividas-e-limpar-o-nome\/","og_site_name":"Correio Braziliense - Aqui","article_published_time":"2026-04-28T20:51:58+00:00","article_modified_time":"2026-04-28T20:52:02+00:00","og_image":[{"width":1280,"height":720,"url":"https:\/\/www.correiobraziliense.com.br\/aqui\/wp-content\/uploads\/2026\/04\/bills_1777409506233.jpg","type":"image\/jpeg"}],"author":"Lucas","twitter_card":"summary_large_image","twitter_misc":{"Escrito por":"Lucas","Est. tempo de leitura":"3 minutos"},"schema":{"@context":"https:\/\/schema.org","@graph":[{"@type":"WebPage","@id":"https:\/\/www.correiobraziliense.com.br\/aqui\/2026\/04\/28\/desenrola-2-0-como-usar-o-fgts-para-quitar-dividas-e-limpar-o-nome\/","url":"https:\/\/www.correiobraziliense.com.br\/aqui\/2026\/04\/28\/desenrola-2-0-como-usar-o-fgts-para-quitar-dividas-e-limpar-o-nome\/","name":"Desenrola 2.0: como usar o FGTS para quitar d\u00edvidas e limpar o nome - Correio Braziliense - Aqui","isPartOf":{"@id":"https:\/\/www.correiobraziliense.com.br\/aqui\/#website"},"primaryImageOfPage":{"@id":"https:\/\/www.correiobraziliense.com.br\/aqui\/2026\/04\/28\/desenrola-2-0-como-usar-o-fgts-para-quitar-dividas-e-limpar-o-nome\/#primaryimage"},"image":{"@id":"https:\/\/www.correiobraziliense.com.br\/aqui\/2026\/04\/28\/desenrola-2-0-como-usar-o-fgts-para-quitar-dividas-e-limpar-o-nome\/#primaryimage"},"thumbnailUrl":"https:\/\/www.correiobraziliense.com.br\/aqui\/wp-content\/uploads\/2026\/04\/bills_1777409506233.jpg","datePublished":"2026-04-28T20:51:58+00:00","dateModified":"2026-04-28T20:52:02+00:00","author":{"@id":"https:\/\/www.correiobraziliense.com.br\/aqui\/#\/schema\/person\/36d094a725ba56bbeb370a877862a002"},"description":"Governo deve anunciar esta semana nova fase do programa de renegocia\u00e7\u00e3o; entenda como o uso do FGTS poder\u00e1 ajudar a sair do vermelho.","breadcrumb":{"@id":"https:\/\/www.correiobraziliense.com.br\/aqui\/2026\/04\/28\/desenrola-2-0-como-usar-o-fgts-para-quitar-dividas-e-limpar-o-nome\/#breadcrumb"},"inLanguage":"pt-BR","potentialAction":[{"@type":"ReadAction","target":["https:\/\/www.correiobraziliense.com.br\/aqui\/2026\/04\/28\/desenrola-2-0-como-usar-o-fgts-para-quitar-dividas-e-limpar-o-nome\/"]}]},{"@type":"ImageObject","inLanguage":"pt-BR","@id":"https:\/\/www.correiobraziliense.com.br\/aqui\/2026\/04\/28\/desenrola-2-0-como-usar-o-fgts-para-quitar-dividas-e-limpar-o-nome\/#primaryimage","url":"https:\/\/www.correiobraziliense.com.br\/aqui\/wp-content\/uploads\/2026\/04\/bills_1777409506233.jpg","contentUrl":"https:\/\/www.correiobraziliense.com.br\/aqui\/wp-content\/uploads\/2026\/04\/bills_1777409506233.jpg","width":1280,"height":720,"caption":"Cr\u00e9ditos: depositphotos.com \/ AlexShadyuk"},{"@type":"BreadcrumbList","@id":"https:\/\/www.correiobraziliense.com.br\/aqui\/2026\/04\/28\/desenrola-2-0-como-usar-o-fgts-para-quitar-dividas-e-limpar-o-nome\/#breadcrumb","itemListElement":[{"@type":"ListItem","position":1,"name":"In\u00edcio","item":"https:\/\/www.correiobraziliense.com.br\/aqui\/"},{"@type":"ListItem","position":2,"name":"Desenrola 2.0: como usar o FGTS para quitar d\u00edvidas e limpar o nome"}]},{"@type":"WebSite","@id":"https:\/\/www.correiobraziliense.com.br\/aqui\/#website","url":"https:\/\/www.correiobraziliense.com.br\/aqui\/","name":"Correio Braziliense - Aqui","description":"O Correio Braziliense (CB) \u00e9 o mais importante canal de not\u00edcias de Bras\u00edlia. Aqui voc\u00ea encontra as \u00faltimas not\u00edcias do DF, do Brasil e do mundo.","potentialAction":[{"@type":"SearchAction","target":{"@type":"EntryPoint","urlTemplate":"https:\/\/www.correiobraziliense.com.br\/aqui\/?s={search_term_string}"},"query-input":{"@type":"PropertyValueSpecification","valueRequired":true,"valueName":"search_term_string"}}],"inLanguage":"pt-BR"},{"@type":"Person","@id":"https:\/\/www.correiobraziliense.com.br\/aqui\/#\/schema\/person\/36d094a725ba56bbeb370a877862a002","name":"Lucas","image":{"@type":"ImageObject","inLanguage":"pt-BR","@id":"https:\/\/www.correiobraziliense.com.br\/aqui\/#\/schema\/person\/image\/","url":"https:\/\/secure.gravatar.com\/avatar\/eb1dd4a751dca39c233b091fb7b8ce9ef1608850325ab98ff1fbe898fcef0908?s=96&d=mm&r=g","contentUrl":"https:\/\/secure.gravatar.com\/avatar\/eb1dd4a751dca39c233b091fb7b8ce9ef1608850325ab98ff1fbe898fcef0908?s=96&d=mm&r=g","caption":"Lucas"},"url":"https:\/\/www.correiobraziliense.com.br\/aqui\/author\/lucasaqui\/"}]}},"_links":{"self":[{"href":"https:\/\/www.correiobraziliense.com.br\/aqui\/wp-json\/wp\/v2\/posts\/28272","targetHints":{"allow":["GET"]}}],"collection":[{"href":"https:\/\/www.correiobraziliense.com.br\/aqui\/wp-json\/wp\/v2\/posts"}],"about":[{"href":"https:\/\/www.correiobraziliense.com.br\/aqui\/wp-json\/wp\/v2\/types\/post"}],"author":[{"embeddable":true,"href":"https:\/\/www.correiobraziliense.com.br\/aqui\/wp-json\/wp\/v2\/users\/9"}],"replies":[{"embeddable":true,"href":"https:\/\/www.correiobraziliense.com.br\/aqui\/wp-json\/wp\/v2\/comments?post=28272"}],"version-history":[{"count":1,"href":"https:\/\/www.correiobraziliense.com.br\/aqui\/wp-json\/wp\/v2\/posts\/28272\/revisions"}],"predecessor-version":[{"id":28274,"href":"https:\/\/www.correiobraziliense.com.br\/aqui\/wp-json\/wp\/v2\/posts\/28272\/revisions\/28274"}],"wp:featuredmedia":[{"embeddable":true,"href":"https:\/\/www.correiobraziliense.com.br\/aqui\/wp-json\/wp\/v2\/media\/28273"}],"wp:attachment":[{"href":"https:\/\/www.correiobraziliense.com.br\/aqui\/wp-json\/wp\/v2\/media?parent=28272"}],"wp:term":[{"taxonomy":"category","embeddable":true,"href":"https:\/\/www.correiobraziliense.com.br\/aqui\/wp-json\/wp\/v2\/categories?post=28272"},{"taxonomy":"post_tag","embeddable":true,"href":"https:\/\/www.correiobraziliense.com.br\/aqui\/wp-json\/wp\/v2\/tags?post=28272"}],"curies":[{"name":"wp","href":"https:\/\/api.w.org\/{rel}","templated":true}]}}