{"id":28278,"date":"2026-04-28T17:56:17","date_gmt":"2026-04-28T20:56:17","guid":{"rendered":"https:\/\/www.correiobraziliense.com.br\/aqui\/?p=28278"},"modified":"2026-04-28T17:56:36","modified_gmt":"2026-04-28T20:56:36","slug":"como-ser-mesario-voluntario-e-garantir-ate-dois-dias-de-folga-no-trabalho","status":"publish","type":"post","link":"https:\/\/www.correiobraziliense.com.br\/aqui\/2026\/04\/28\/como-ser-mesario-voluntario-e-garantir-ate-dois-dias-de-folga-no-trabalho\/","title":{"rendered":"Como ser mes\u00e1rio volunt\u00e1rio e garantir at\u00e9 dois dias de folga no trabalho"},"content":{"rendered":"\n<p>A Justi\u00e7a Eleitoral j\u00e1 iniciou a convoca\u00e7\u00e3o de cidad\u00e3os para atuarem como mes\u00e1rios nas Elei\u00e7\u00f5es Gerais de 2026, que acontecem em outubro para eleger presidente, governadores, senadores e deputados. A participa\u00e7\u00e3o volunt\u00e1ria \u00e9 uma forma de contribuir com o processo democr\u00e1tico e tamb\u00e9m garante vantagens, como o direito a dias de folga remunerada no trabalho.<\/p>\n\n\n\n<p>O principal atrativo \u00e9 a dispensa do servi\u00e7o. Para cada dia de convoca\u00e7\u00e3o, o mes\u00e1rio ganha dois dias de descanso, sem qualquer desconto no sal\u00e1rio. A regra se aplica tanto para os dias de vota\u00e7\u00e3o quanto para os treinamentos (presenciais ou online). Este direito \u00e9 v\u00e1lido para <a target=\"_blank\" rel=\"noreferrer noopener\" href=\"https:\/\/www.correiobraziliense.com.br\/politica\/2026\/01\/7331276-lula-tem-ate-hoje-para-sancionar-lei-que-garante-retroativos-a-servidores.html\">funcion\u00e1rios do setor p\u00fablico e privado<\/a>.<\/p>\n\n\n\n<p>Para comprovar a participa\u00e7\u00e3o e solicitar a folga, o colaborador recebe uma declara\u00e7\u00e3o oficial emitida pela Justi\u00e7a Eleitoral. A data para usufruir do descanso deve ser acordada diretamente com o empregador.<\/p>\n\n\n\n<h2 class=\"wp-block-heading\">Outras vantagens de ser mes\u00e1rio<\/h2>\n\n\n\n<p>Al\u00e9m da folga, quem atua como mes\u00e1rio volunt\u00e1rio tem acesso a outros benef\u00edcios. No dia da elei\u00e7\u00e3o, \u00e9 fornecido um aux\u00edlio-alimenta\u00e7\u00e3o no valor de R$ 65,00 por turno de trabalho, conforme definido pelo Tribunal Superior Eleitoral (TSE).<\/p>\n\n\n\n<p>A atua\u00e7\u00e3o tamb\u00e9m pode servir como crit\u00e9rio de desempate em <a target=\"_blank\" rel=\"noreferrer noopener\" href=\"https:\/\/www.correiobraziliense.com.br\/euestudante\/trabalho-e-formacao\/2026\/01\/7314499-loa-preve-a-criacao-de-mais-de-85-mil-vagas-e-78-674-cargos-em-concursos-publicos.html\">concursos p\u00fablicos<\/a>, desde que essa possibilidade esteja prevista no edital. Para estudantes universit\u00e1rios de institui\u00e7\u00f5es conveniadas, as horas trabalhadas podem ser convertidas em atividades extracurriculares.<\/p>\n\n\n\n<h2 class=\"wp-block-heading\">Quem pode se inscrever?<\/h2>\n\n\n\n<p>Qualquer eleitor maior de 18 anos e em <a target=\"_blank\" rel=\"noreferrer noopener\" href=\"https:\/\/www.correiobraziliense.com.br\/politica\/2025\/12\/7320497-tse-realizara-audiencias-publicas-para-aprimorar-regras-eleitorais-de-2026.html\">situa\u00e7\u00e3o regular com a Justi\u00e7a Eleitoral<\/a> pode se voluntariar. N\u00e3o \u00e9 preciso ter experi\u00eancia anterior, pois todos os selecionados passam por um treinamento completo, que geralmente ocorre de forma online.<\/p>\n\n\n\n<p>Existem, no entanto, algumas restri\u00e7\u00f5es. N\u00e3o podem ser mes\u00e1rios os candidatos e seus parentes at\u00e9 o segundo grau, membros de diret\u00f3rios de partidos pol\u00edticos e pessoas que ocupam cargos de confian\u00e7a no Executivo ou que perten\u00e7am ao servi\u00e7o eleitoral.<\/p>\n\n\n\n<h2 class=\"wp-block-heading\">Como se cadastrar para ser volunt\u00e1rio<\/h2>\n\n\n\n<p>O processo de inscri\u00e7\u00e3o \u00e9 simples e r\u00e1pido. O interessado deve acessar o site do Tribunal Regional Eleitoral (TRE) do seu estado e procurar pela se\u00e7\u00e3o \u201cMes\u00e1rio Volunt\u00e1rio\u201d. L\u00e1, basta preencher um formul\u00e1rio com dados pessoais, como nome, data de nascimento e n\u00famero do t\u00edtulo de eleitor.<\/p>\n\n\n\n<p>Outra op\u00e7\u00e3o \u00e9 realizar o cadastro pelo aplicativo e-T\u00edtulo, dispon\u00edvel para Android e iOS. Ap\u00f3s a inscri\u00e7\u00e3o, o eleitor aguarda o contato da sua zona eleitoral, que far\u00e1 a convoca\u00e7\u00e3o oficial e passar\u00e1 todas as instru\u00e7\u00f5es necess\u00e1rias para o dia da vota\u00e7\u00e3o.<\/p>\n\n\n\n<p><\/p>\n","protected":false},"excerpt":{"rendered":"<p>A Justi\u00e7a Eleitoral j\u00e1 iniciou a convoca\u00e7\u00e3o de cidad\u00e3os para atuarem como mes\u00e1rios nas Elei\u00e7\u00f5es Gerais de 2026, que acontecem em outubro para eleger presidente, governadores, senadores e deputados. A participa\u00e7\u00e3o volunt\u00e1ria \u00e9 uma forma de contribuir com o processo democr\u00e1tico e tamb\u00e9m garante vantagens, como o direito a dias de folga remunerada no trabalho. [&hellip;]<\/p>\n","protected":false},"author":9,"featured_media":28279,"comment_status":"open","ping_status":"open","sticky":false,"template":"","format":"standard","meta":{"jnews-multi-image_gallery":[],"jnews_single_post":{"format":"standard"},"jnews_primary_category":[],"jnews_social_meta":[],"jnews_override_counter":[],"footnotes":""},"categories":[120],"tags":[8912,8914,7940,8915,8913,1016],"class_list":["post-28278","post","type-post","status-publish","format-standard","has-post-thumbnail","hentry","category-curiosidades","tag-como-ser-mesario","tag-dias-de-folga","tag-eleicoes","tag-folga","tag-mesario","tag-politica"],"yoast_head":"<!-- This site is optimized with the Yoast SEO plugin v25.1 - https:\/\/yoast.com\/wordpress\/plugins\/seo\/ -->\n<title>Como ser mes\u00e1rio volunt\u00e1rio e garantir at\u00e9 dois dias de folga no trabalho - Correio Braziliense - Aqui<\/title>\n<meta name=\"description\" content=\"A Justi\u00e7a Eleitoral j\u00e1 est\u00e1 convocando mes\u00e1rios para as pr\u00f3ximas elei\u00e7\u00f5es; saiba as vantagens de ser volunt\u00e1rio e como se inscrever.\" \/>\n<meta name=\"robots\" content=\"index, follow, max-snippet:-1, max-image-preview:large, max-video-preview:-1\" \/>\n<link rel=\"canonical\" href=\"https:\/\/www.correiobraziliense.com.br\/aqui\/2026\/04\/28\/como-ser-mesario-voluntario-e-garantir-ate-dois-dias-de-folga-no-trabalho\/\" \/>\n<meta property=\"og:locale\" content=\"pt_BR\" \/>\n<meta property=\"og:type\" content=\"article\" \/>\n<meta property=\"og:title\" content=\"Como ser mes\u00e1rio volunt\u00e1rio e garantir at\u00e9 dois dias de folga no trabalho - Correio Braziliense - Aqui\" \/>\n<meta property=\"og:description\" content=\"A Justi\u00e7a Eleitoral j\u00e1 est\u00e1 convocando mes\u00e1rios para as pr\u00f3ximas elei\u00e7\u00f5es; saiba as vantagens de ser volunt\u00e1rio e como se inscrever.\" \/>\n<meta property=\"og:url\" content=\"https:\/\/www.correiobraziliense.com.br\/aqui\/2026\/04\/28\/como-ser-mesario-voluntario-e-garantir-ate-dois-dias-de-folga-no-trabalho\/\" \/>\n<meta property=\"og:site_name\" content=\"Correio Braziliense - Aqui\" \/>\n<meta property=\"article:published_time\" content=\"2026-04-28T20:56:17+00:00\" \/>\n<meta property=\"article:modified_time\" content=\"2026-04-28T20:56:36+00:00\" \/>\n<meta property=\"og:image\" content=\"https:\/\/www.correiobraziliense.com.br\/aqui\/wp-content\/uploads\/2026\/04\/urna-eletronica_1777409765146.jpg\" \/>\n\t<meta property=\"og:image:width\" content=\"1280\" \/>\n\t<meta property=\"og:image:height\" content=\"720\" \/>\n\t<meta property=\"og:image:type\" content=\"image\/jpeg\" \/>\n<meta name=\"author\" content=\"Lucas\" \/>\n<meta name=\"twitter:card\" content=\"summary_large_image\" \/>\n<meta name=\"twitter:label1\" content=\"Escrito por\" \/>\n\t<meta name=\"twitter:data1\" content=\"Lucas\" \/>\n\t<meta name=\"twitter:label2\" content=\"Est. tempo de leitura\" \/>\n\t<meta name=\"twitter:data2\" content=\"3 minutos\" \/>\n<!-- \/ Yoast SEO plugin. -->","yoast_head_json":{"title":"Como ser mes\u00e1rio volunt\u00e1rio e garantir at\u00e9 dois dias de folga no trabalho - Correio Braziliense - Aqui","description":"A Justi\u00e7a Eleitoral j\u00e1 est\u00e1 convocando mes\u00e1rios para as pr\u00f3ximas elei\u00e7\u00f5es; saiba as vantagens de ser volunt\u00e1rio e como se inscrever.","robots":{"index":"index","follow":"follow","max-snippet":"max-snippet:-1","max-image-preview":"max-image-preview:large","max-video-preview":"max-video-preview:-1"},"canonical":"https:\/\/www.correiobraziliense.com.br\/aqui\/2026\/04\/28\/como-ser-mesario-voluntario-e-garantir-ate-dois-dias-de-folga-no-trabalho\/","og_locale":"pt_BR","og_type":"article","og_title":"Como ser mes\u00e1rio volunt\u00e1rio e garantir at\u00e9 dois dias de folga no trabalho - Correio Braziliense - Aqui","og_description":"A Justi\u00e7a Eleitoral j\u00e1 est\u00e1 convocando mes\u00e1rios para as pr\u00f3ximas elei\u00e7\u00f5es; saiba as vantagens de ser volunt\u00e1rio e como se inscrever.","og_url":"https:\/\/www.correiobraziliense.com.br\/aqui\/2026\/04\/28\/como-ser-mesario-voluntario-e-garantir-ate-dois-dias-de-folga-no-trabalho\/","og_site_name":"Correio Braziliense - Aqui","article_published_time":"2026-04-28T20:56:17+00:00","article_modified_time":"2026-04-28T20:56:36+00:00","og_image":[{"width":1280,"height":720,"url":"https:\/\/www.correiobraziliense.com.br\/aqui\/wp-content\/uploads\/2026\/04\/urna-eletronica_1777409765146.jpg","type":"image\/jpeg"}],"author":"Lucas","twitter_card":"summary_large_image","twitter_misc":{"Escrito por":"Lucas","Est. tempo de leitura":"3 minutos"},"schema":{"@context":"https:\/\/schema.org","@graph":[{"@type":"WebPage","@id":"https:\/\/www.correiobraziliense.com.br\/aqui\/2026\/04\/28\/como-ser-mesario-voluntario-e-garantir-ate-dois-dias-de-folga-no-trabalho\/","url":"https:\/\/www.correiobraziliense.com.br\/aqui\/2026\/04\/28\/como-ser-mesario-voluntario-e-garantir-ate-dois-dias-de-folga-no-trabalho\/","name":"Como ser mes\u00e1rio volunt\u00e1rio e garantir at\u00e9 dois dias de folga no trabalho - Correio Braziliense - Aqui","isPartOf":{"@id":"https:\/\/www.correiobraziliense.com.br\/aqui\/#website"},"primaryImageOfPage":{"@id":"https:\/\/www.correiobraziliense.com.br\/aqui\/2026\/04\/28\/como-ser-mesario-voluntario-e-garantir-ate-dois-dias-de-folga-no-trabalho\/#primaryimage"},"image":{"@id":"https:\/\/www.correiobraziliense.com.br\/aqui\/2026\/04\/28\/como-ser-mesario-voluntario-e-garantir-ate-dois-dias-de-folga-no-trabalho\/#primaryimage"},"thumbnailUrl":"https:\/\/www.correiobraziliense.com.br\/aqui\/wp-content\/uploads\/2026\/04\/urna-eletronica_1777409765146.jpg","datePublished":"2026-04-28T20:56:17+00:00","dateModified":"2026-04-28T20:56:36+00:00","author":{"@id":"https:\/\/www.correiobraziliense.com.br\/aqui\/#\/schema\/person\/36d094a725ba56bbeb370a877862a002"},"description":"A Justi\u00e7a Eleitoral j\u00e1 est\u00e1 convocando mes\u00e1rios para as pr\u00f3ximas elei\u00e7\u00f5es; saiba as vantagens de ser volunt\u00e1rio e como se inscrever.","breadcrumb":{"@id":"https:\/\/www.correiobraziliense.com.br\/aqui\/2026\/04\/28\/como-ser-mesario-voluntario-e-garantir-ate-dois-dias-de-folga-no-trabalho\/#breadcrumb"},"inLanguage":"pt-BR","potentialAction":[{"@type":"ReadAction","target":["https:\/\/www.correiobraziliense.com.br\/aqui\/2026\/04\/28\/como-ser-mesario-voluntario-e-garantir-ate-dois-dias-de-folga-no-trabalho\/"]}]},{"@type":"ImageObject","inLanguage":"pt-BR","@id":"https:\/\/www.correiobraziliense.com.br\/aqui\/2026\/04\/28\/como-ser-mesario-voluntario-e-garantir-ate-dois-dias-de-folga-no-trabalho\/#primaryimage","url":"https:\/\/www.correiobraziliense.com.br\/aqui\/wp-content\/uploads\/2026\/04\/urna-eletronica_1777409765146.jpg","contentUrl":"https:\/\/www.correiobraziliense.com.br\/aqui\/wp-content\/uploads\/2026\/04\/urna-eletronica_1777409765146.jpg","width":1280,"height":720,"caption":"Como ser mes\u00e1rio volunt\u00e1rio e garantir at\u00e9 dois dias de folga no trabalho"},{"@type":"BreadcrumbList","@id":"https:\/\/www.correiobraziliense.com.br\/aqui\/2026\/04\/28\/como-ser-mesario-voluntario-e-garantir-ate-dois-dias-de-folga-no-trabalho\/#breadcrumb","itemListElement":[{"@type":"ListItem","position":1,"name":"In\u00edcio","item":"https:\/\/www.correiobraziliense.com.br\/aqui\/"},{"@type":"ListItem","position":2,"name":"Como ser mes\u00e1rio volunt\u00e1rio e garantir at\u00e9 dois dias de folga no trabalho"}]},{"@type":"WebSite","@id":"https:\/\/www.correiobraziliense.com.br\/aqui\/#website","url":"https:\/\/www.correiobraziliense.com.br\/aqui\/","name":"Correio Braziliense - Aqui","description":"O Correio Braziliense (CB) \u00e9 o mais importante canal de not\u00edcias de Bras\u00edlia. Aqui voc\u00ea encontra as \u00faltimas not\u00edcias do DF, do Brasil e do mundo.","potentialAction":[{"@type":"SearchAction","target":{"@type":"EntryPoint","urlTemplate":"https:\/\/www.correiobraziliense.com.br\/aqui\/?s={search_term_string}"},"query-input":{"@type":"PropertyValueSpecification","valueRequired":true,"valueName":"search_term_string"}}],"inLanguage":"pt-BR"},{"@type":"Person","@id":"https:\/\/www.correiobraziliense.com.br\/aqui\/#\/schema\/person\/36d094a725ba56bbeb370a877862a002","name":"Lucas","image":{"@type":"ImageObject","inLanguage":"pt-BR","@id":"https:\/\/www.correiobraziliense.com.br\/aqui\/#\/schema\/person\/image\/","url":"https:\/\/secure.gravatar.com\/avatar\/eb1dd4a751dca39c233b091fb7b8ce9ef1608850325ab98ff1fbe898fcef0908?s=96&d=mm&r=g","contentUrl":"https:\/\/secure.gravatar.com\/avatar\/eb1dd4a751dca39c233b091fb7b8ce9ef1608850325ab98ff1fbe898fcef0908?s=96&d=mm&r=g","caption":"Lucas"},"url":"https:\/\/www.correiobraziliense.com.br\/aqui\/author\/lucasaqui\/"}]}},"_links":{"self":[{"href":"https:\/\/www.correiobraziliense.com.br\/aqui\/wp-json\/wp\/v2\/posts\/28278","targetHints":{"allow":["GET"]}}],"collection":[{"href":"https:\/\/www.correiobraziliense.com.br\/aqui\/wp-json\/wp\/v2\/posts"}],"about":[{"href":"https:\/\/www.correiobraziliense.com.br\/aqui\/wp-json\/wp\/v2\/types\/post"}],"author":[{"embeddable":true,"href":"https:\/\/www.correiobraziliense.com.br\/aqui\/wp-json\/wp\/v2\/users\/9"}],"replies":[{"embeddable":true,"href":"https:\/\/www.correiobraziliense.com.br\/aqui\/wp-json\/wp\/v2\/comments?post=28278"}],"version-history":[{"count":1,"href":"https:\/\/www.correiobraziliense.com.br\/aqui\/wp-json\/wp\/v2\/posts\/28278\/revisions"}],"predecessor-version":[{"id":28280,"href":"https:\/\/www.correiobraziliense.com.br\/aqui\/wp-json\/wp\/v2\/posts\/28278\/revisions\/28280"}],"wp:featuredmedia":[{"embeddable":true,"href":"https:\/\/www.correiobraziliense.com.br\/aqui\/wp-json\/wp\/v2\/media\/28279"}],"wp:attachment":[{"href":"https:\/\/www.correiobraziliense.com.br\/aqui\/wp-json\/wp\/v2\/media?parent=28278"}],"wp:term":[{"taxonomy":"category","embeddable":true,"href":"https:\/\/www.correiobraziliense.com.br\/aqui\/wp-json\/wp\/v2\/categories?post=28278"},{"taxonomy":"post_tag","embeddable":true,"href":"https:\/\/www.correiobraziliense.com.br\/aqui\/wp-json\/wp\/v2\/tags?post=28278"}],"curies":[{"name":"wp","href":"https:\/\/api.w.org\/{rel}","templated":true}]}}