{"id":28295,"date":"2026-04-29T08:50:00","date_gmt":"2026-04-29T11:50:00","guid":{"rendered":"https:\/\/www.correiobraziliense.com.br\/aqui\/?p=28295"},"modified":"2026-04-29T08:23:24","modified_gmt":"2026-04-29T11:23:24","slug":"atlas-o-que-pesquisa-diz-sobre-o-futuro-de-lula-e-bolsonaro","status":"publish","type":"post","link":"https:\/\/www.correiobraziliense.com.br\/aqui\/2026\/04\/29\/atlas-o-que-pesquisa-diz-sobre-o-futuro-de-lula-e-bolsonaro\/","title":{"rendered":"Atlas: o que pesquisa diz sobre o futuro de Lula e Bolsonaro"},"content":{"rendered":"\n<p>A corrida para a elei\u00e7\u00e3o presidencial de 2026 j\u00e1 apresenta um cen\u00e1rio de forte equil\u00edbrio. Uma nova pesquisa<strong> Atlas<\/strong>, em parceria com a Bloomberg, divulgada neste m\u00eas, mostra que o presidente Luiz In\u00e1cio Lula da Silva (PT) enfrenta um empate t\u00e9cnico em simula\u00e7\u00f5es de segundo turno contra os principais nomes da oposi\u00e7\u00e3o, refletindo um pa\u00eds politicamente dividido.<\/p>\n\n\n\n<p>Os n\u00fameros indicam que, hoje, o presidente n\u00e3o teria uma vit\u00f3ria garantida contra o ex-presidente <a target=\"_blank\" rel=\"noreferrer noopener\" href=\"https:\/\/www.correiobraziliense.com.br\/politica\/2025\/08\/7217085-lula-tem-39-e-jair-bolsonaro-33-em-cenario-eleitoral-para-2026-mostra-datafolha.html\">Jair Bolsonaro<\/a>, o senador <a target=\"_blank\" rel=\"noreferrer noopener\" href=\"https:\/\/www.correiobraziliense.com.br\/politica\/2025\/12\/7308267-pesquisa-datafolha-eleicao-entre-lula-e-flavio-bolsonaro.html\">Fl\u00e1vio Bolsonaro<\/a> (PL-RJ) ou o ex-governador de Minas Gerais, Romeu Zema (Novo). Em todos os confrontos diretos simulados, a diferen\u00e7a entre Lula e seus advers\u00e1rios est\u00e1 dentro da margem de erro, que \u00e9 de um ponto percentual.<\/p>\n\n\n\n<p>Para <a target=\"_blank\" rel=\"noreferrer noopener\" href=\"https:\/\/www.correiobraziliense.com.br\/politica\/2025\/04\/7103148-datafolha-lula-lidera-em-todos-os-cenarios-para-2026.html\">Lula<\/a>, os dados acendem um alerta. Apesar de estar no poder, o levantamento sugere uma dificuldade em ampliar sua base de eleitores para al\u00e9m do campo da esquerda. O principal desafio do atual governo ser\u00e1 reconquistar a confian\u00e7a de uma parcela do eleitorado que se mostra insatisfeita, principalmente em temas como economia e seguran\u00e7a p\u00fablica.<\/p>\n\n\n\n<p>Do lado da oposi\u00e7\u00e3o, a pesquisa refor\u00e7a a for\u00e7a pol\u00edtica de Jair Bolsonaro, mesmo estando ineleg\u00edvel por decis\u00e3o do Tribunal Superior Eleitoral (TSE). Sua capacidade de transferir votos para aliados, como seu filho ou um nome como Zema, fica evidente nos resultados. O obst\u00e1culo para este campo \u00e9 definir um candidato \u00fanico que consiga unificar a direita sem gerar divis\u00f5es internas.<\/p>\n\n\n\n<h2 class=\"wp-block-heading\">Cen\u00e1rios do segundo turno<\/h2>\n\n\n\n<p>A pesquisa Atlas\/Bloomberg detalhou os confrontos diretos, que apontam para uma disputa acirrada. Os resultados foram:<\/p>\n\n\n\n<ul class=\"wp-block-list\">\n<li><strong>Lula x Jair Bolsonaro:<\/strong> empate t\u00e9cnico, com Lula registrando 48% contra 46,8% de Bolsonaro, dentro da margem de erro.<\/li>\n\n\n\n<li><strong>Lula x Fl\u00e1vio Bolsonaro:<\/strong> outro cen\u00e1rio de empate, com 47,5% para Lula contra 47,8% para Fl\u00e1vio Bolsonaro, mostrando que o sobrenome Bolsonaro mant\u00e9m um capital pol\u00edtico relevante na disputa.<\/li>\n\n\n\n<li><strong>Lula x Romeu Zema:<\/strong> o ex-governador mineiro, visto como uma alternativa da direita, tamb\u00e9m aparece em situa\u00e7\u00e3o de empate com o atual presidente, com 47,4% para Lula contra 46,5% para Zema.<\/li>\n<\/ul>\n\n\n\n<p>Esses dados refletem um pa\u00eds com dois polos ideol\u00f3gicos bem definidos e com pouca mobilidade entre eles. A polariza\u00e7\u00e3o que marcou as elei\u00e7\u00f5es de 2022 parece se manter como o principal fator para o pleito de 2026, antecipando um debate intenso nos pr\u00f3ximos dois anos. Qualquer movimento do governo ou da oposi\u00e7\u00e3o passar\u00e1 a ser analisado sob a \u00f3tica da futura disputa presidencial.<\/p>\n","protected":false},"excerpt":{"rendered":"<p>Analistas pol\u00edticos decifram os n\u00fameros da nova pesquisa para 2026 e apontam os principais desafios para os dois maiores l\u00edderes do pa\u00eds hoje<\/p>\n","protected":false},"author":10,"featured_media":26623,"comment_status":"open","ping_status":"open","sticky":false,"template":"","format":"standard","meta":{"jnews-multi-image_gallery":[],"jnews_single_post":{"format":"standard"},"jnews_primary_category":[],"jnews_social_meta":[],"jnews_override_counter":[],"footnotes":""},"categories":[154],"tags":[7708,157,7940,6421,1016],"class_list":["post-28295","post","type-post","status-publish","format-standard","has-post-thumbnail","hentry","category-brasil","tag-bolsonaro","tag-brasil","tag-eleicoes","tag-lula","tag-politica"],"yoast_head":"<!-- This site is optimized with the Yoast SEO plugin v25.1 - https:\/\/yoast.com\/wordpress\/plugins\/seo\/ -->\n<title>Atlas: o que pesquisa diz sobre o futuro de Lula e Bolsonaro - Correio Braziliense - Aqui<\/title>\n<meta name=\"description\" content=\"Analistas pol\u00edticos decifram os n\u00fameros da nova pesquisa para 2026 e apontam os principais desafios para os dois maiores l\u00edderes do pa\u00eds hoje\" \/>\n<meta name=\"robots\" content=\"index, follow, max-snippet:-1, max-image-preview:large, max-video-preview:-1\" \/>\n<link rel=\"canonical\" href=\"https:\/\/www.correiobraziliense.com.br\/aqui\/2026\/04\/29\/atlas-o-que-pesquisa-diz-sobre-o-futuro-de-lula-e-bolsonaro\/\" \/>\n<meta property=\"og:locale\" content=\"pt_BR\" \/>\n<meta property=\"og:type\" content=\"article\" \/>\n<meta property=\"og:title\" content=\"Atlas: o que pesquisa diz sobre o futuro de Lula e Bolsonaro - Correio Braziliense - Aqui\" \/>\n<meta property=\"og:description\" content=\"Analistas pol\u00edticos decifram os n\u00fameros da nova pesquisa para 2026 e apontam os principais desafios para os dois maiores l\u00edderes do pa\u00eds hoje\" \/>\n<meta property=\"og:url\" content=\"https:\/\/www.correiobraziliense.com.br\/aqui\/2026\/04\/29\/atlas-o-que-pesquisa-diz-sobre-o-futuro-de-lula-e-bolsonaro\/\" \/>\n<meta property=\"og:site_name\" content=\"Correio Braziliense - Aqui\" \/>\n<meta property=\"article:published_time\" content=\"2026-04-29T11:50:00+00:00\" \/>\n<meta property=\"og:image\" content=\"https:\/\/www.correiobraziliense.com.br\/aqui\/wp-content\/uploads\/2026\/04\/imagem_1280x720_sem_distorcao.png\" \/>\n\t<meta property=\"og:image:width\" content=\"1280\" \/>\n\t<meta property=\"og:image:height\" content=\"720\" \/>\n\t<meta property=\"og:image:type\" content=\"image\/png\" \/>\n<meta name=\"author\" content=\"Larissa\" \/>\n<meta name=\"twitter:card\" content=\"summary_large_image\" \/>\n<meta name=\"twitter:label1\" content=\"Escrito por\" \/>\n\t<meta name=\"twitter:data1\" content=\"Larissa\" \/>\n\t<meta name=\"twitter:label2\" content=\"Est. tempo de leitura\" \/>\n\t<meta name=\"twitter:data2\" content=\"3 minutos\" \/>\n<!-- \/ Yoast SEO plugin. -->","yoast_head_json":{"title":"Atlas: o que pesquisa diz sobre o futuro de Lula e Bolsonaro - Correio Braziliense - Aqui","description":"Analistas pol\u00edticos decifram os n\u00fameros da nova pesquisa para 2026 e apontam os principais desafios para os dois maiores l\u00edderes do pa\u00eds hoje","robots":{"index":"index","follow":"follow","max-snippet":"max-snippet:-1","max-image-preview":"max-image-preview:large","max-video-preview":"max-video-preview:-1"},"canonical":"https:\/\/www.correiobraziliense.com.br\/aqui\/2026\/04\/29\/atlas-o-que-pesquisa-diz-sobre-o-futuro-de-lula-e-bolsonaro\/","og_locale":"pt_BR","og_type":"article","og_title":"Atlas: o que pesquisa diz sobre o futuro de Lula e Bolsonaro - Correio Braziliense - Aqui","og_description":"Analistas pol\u00edticos decifram os n\u00fameros da nova pesquisa para 2026 e apontam os principais desafios para os dois maiores l\u00edderes do pa\u00eds hoje","og_url":"https:\/\/www.correiobraziliense.com.br\/aqui\/2026\/04\/29\/atlas-o-que-pesquisa-diz-sobre-o-futuro-de-lula-e-bolsonaro\/","og_site_name":"Correio Braziliense - Aqui","article_published_time":"2026-04-29T11:50:00+00:00","og_image":[{"width":1280,"height":720,"url":"https:\/\/www.correiobraziliense.com.br\/aqui\/wp-content\/uploads\/2026\/04\/imagem_1280x720_sem_distorcao.png","type":"image\/png"}],"author":"Larissa","twitter_card":"summary_large_image","twitter_misc":{"Escrito por":"Larissa","Est. tempo de leitura":"3 minutos"},"schema":{"@context":"https:\/\/schema.org","@graph":[{"@type":"WebPage","@id":"https:\/\/www.correiobraziliense.com.br\/aqui\/2026\/04\/29\/atlas-o-que-pesquisa-diz-sobre-o-futuro-de-lula-e-bolsonaro\/","url":"https:\/\/www.correiobraziliense.com.br\/aqui\/2026\/04\/29\/atlas-o-que-pesquisa-diz-sobre-o-futuro-de-lula-e-bolsonaro\/","name":"Atlas: o que pesquisa diz sobre o futuro de Lula e Bolsonaro - Correio Braziliense - Aqui","isPartOf":{"@id":"https:\/\/www.correiobraziliense.com.br\/aqui\/#website"},"primaryImageOfPage":{"@id":"https:\/\/www.correiobraziliense.com.br\/aqui\/2026\/04\/29\/atlas-o-que-pesquisa-diz-sobre-o-futuro-de-lula-e-bolsonaro\/#primaryimage"},"image":{"@id":"https:\/\/www.correiobraziliense.com.br\/aqui\/2026\/04\/29\/atlas-o-que-pesquisa-diz-sobre-o-futuro-de-lula-e-bolsonaro\/#primaryimage"},"thumbnailUrl":"https:\/\/www.correiobraziliense.com.br\/aqui\/wp-content\/uploads\/2026\/04\/imagem_1280x720_sem_distorcao.png","datePublished":"2026-04-29T11:50:00+00:00","author":{"@id":"https:\/\/www.correiobraziliense.com.br\/aqui\/#\/schema\/person\/775f50a8c1ac31704d56816e99b29041"},"description":"Analistas pol\u00edticos decifram os n\u00fameros da nova pesquisa para 2026 e apontam os principais desafios para os dois maiores l\u00edderes do pa\u00eds hoje","breadcrumb":{"@id":"https:\/\/www.correiobraziliense.com.br\/aqui\/2026\/04\/29\/atlas-o-que-pesquisa-diz-sobre-o-futuro-de-lula-e-bolsonaro\/#breadcrumb"},"inLanguage":"pt-BR","potentialAction":[{"@type":"ReadAction","target":["https:\/\/www.correiobraziliense.com.br\/aqui\/2026\/04\/29\/atlas-o-que-pesquisa-diz-sobre-o-futuro-de-lula-e-bolsonaro\/"]}]},{"@type":"ImageObject","inLanguage":"pt-BR","@id":"https:\/\/www.correiobraziliense.com.br\/aqui\/2026\/04\/29\/atlas-o-que-pesquisa-diz-sobre-o-futuro-de-lula-e-bolsonaro\/#primaryimage","url":"https:\/\/www.correiobraziliense.com.br\/aqui\/wp-content\/uploads\/2026\/04\/imagem_1280x720_sem_distorcao.png","contentUrl":"https:\/\/www.correiobraziliense.com.br\/aqui\/wp-content\/uploads\/2026\/04\/imagem_1280x720_sem_distorcao.png","width":1280,"height":720,"caption":"Cr\u00e9ditos: depositphotos.com \/ fredpinheiro64@gmail.com e thenews2.com"},{"@type":"BreadcrumbList","@id":"https:\/\/www.correiobraziliense.com.br\/aqui\/2026\/04\/29\/atlas-o-que-pesquisa-diz-sobre-o-futuro-de-lula-e-bolsonaro\/#breadcrumb","itemListElement":[{"@type":"ListItem","position":1,"name":"In\u00edcio","item":"https:\/\/www.correiobraziliense.com.br\/aqui\/"},{"@type":"ListItem","position":2,"name":"Atlas: o que pesquisa diz sobre o futuro de Lula e Bolsonaro"}]},{"@type":"WebSite","@id":"https:\/\/www.correiobraziliense.com.br\/aqui\/#website","url":"https:\/\/www.correiobraziliense.com.br\/aqui\/","name":"Correio Braziliense - Aqui","description":"O Correio Braziliense (CB) \u00e9 o mais importante canal de not\u00edcias de Bras\u00edlia. Aqui voc\u00ea encontra as \u00faltimas not\u00edcias do DF, do Brasil e do mundo.","potentialAction":[{"@type":"SearchAction","target":{"@type":"EntryPoint","urlTemplate":"https:\/\/www.correiobraziliense.com.br\/aqui\/?s={search_term_string}"},"query-input":{"@type":"PropertyValueSpecification","valueRequired":true,"valueName":"search_term_string"}}],"inLanguage":"pt-BR"},{"@type":"Person","@id":"https:\/\/www.correiobraziliense.com.br\/aqui\/#\/schema\/person\/775f50a8c1ac31704d56816e99b29041","name":"Larissa","image":{"@type":"ImageObject","inLanguage":"pt-BR","@id":"https:\/\/www.correiobraziliense.com.br\/aqui\/#\/schema\/person\/image\/","url":"https:\/\/secure.gravatar.com\/avatar\/62f5b2e99de671d075ab98e19f03c3c38c80a93f5d06f51075cf4431a4e76458?s=96&d=mm&r=g","contentUrl":"https:\/\/secure.gravatar.com\/avatar\/62f5b2e99de671d075ab98e19f03c3c38c80a93f5d06f51075cf4431a4e76458?s=96&d=mm&r=g","caption":"Larissa"},"url":"https:\/\/www.correiobraziliense.com.br\/aqui\/author\/larissaaqui\/"}]}},"_links":{"self":[{"href":"https:\/\/www.correiobraziliense.com.br\/aqui\/wp-json\/wp\/v2\/posts\/28295","targetHints":{"allow":["GET"]}}],"collection":[{"href":"https:\/\/www.correiobraziliense.com.br\/aqui\/wp-json\/wp\/v2\/posts"}],"about":[{"href":"https:\/\/www.correiobraziliense.com.br\/aqui\/wp-json\/wp\/v2\/types\/post"}],"author":[{"embeddable":true,"href":"https:\/\/www.correiobraziliense.com.br\/aqui\/wp-json\/wp\/v2\/users\/10"}],"replies":[{"embeddable":true,"href":"https:\/\/www.correiobraziliense.com.br\/aqui\/wp-json\/wp\/v2\/comments?post=28295"}],"version-history":[{"count":2,"href":"https:\/\/www.correiobraziliense.com.br\/aqui\/wp-json\/wp\/v2\/posts\/28295\/revisions"}],"predecessor-version":[{"id":28297,"href":"https:\/\/www.correiobraziliense.com.br\/aqui\/wp-json\/wp\/v2\/posts\/28295\/revisions\/28297"}],"wp:featuredmedia":[{"embeddable":true,"href":"https:\/\/www.correiobraziliense.com.br\/aqui\/wp-json\/wp\/v2\/media\/26623"}],"wp:attachment":[{"href":"https:\/\/www.correiobraziliense.com.br\/aqui\/wp-json\/wp\/v2\/media?parent=28295"}],"wp:term":[{"taxonomy":"category","embeddable":true,"href":"https:\/\/www.correiobraziliense.com.br\/aqui\/wp-json\/wp\/v2\/categories?post=28295"},{"taxonomy":"post_tag","embeddable":true,"href":"https:\/\/www.correiobraziliense.com.br\/aqui\/wp-json\/wp\/v2\/tags?post=28295"}],"curies":[{"name":"wp","href":"https:\/\/api.w.org\/{rel}","templated":true}]}}