{"id":28305,"date":"2026-04-29T09:42:00","date_gmt":"2026-04-29T12:42:00","guid":{"rendered":"https:\/\/www.correiobraziliense.com.br\/aqui\/?p=28305"},"modified":"2026-04-29T09:40:12","modified_gmt":"2026-04-29T12:40:12","slug":"carreiras-juridicas-5-areas-promissoras-para-o-futuro-da-advocacia","status":"publish","type":"post","link":"https:\/\/www.correiobraziliense.com.br\/aqui\/2026\/04\/29\/carreiras-juridicas-5-areas-promissoras-para-o-futuro-da-advocacia\/","title":{"rendered":"Carreiras jur\u00eddicas: 5 \u00e1reas promissoras para o futuro da advocacia"},"content":{"rendered":"\n<p>O universo jur\u00eddico est\u00e1 em constante transforma\u00e7\u00e3o, impulsionado por novas tecnologias e demandas sociais. Casos de grande repercuss\u00e3o e a atua\u00e7\u00e3o de advogados em \u00e1reas inovadoras despertam a aten\u00e7\u00e3o para um mercado de trabalho que vai muito al\u00e9m dos tribunais tradicionais. Para quem busca uma carreira s\u00f3lida e com futuro, entender quais especialidades est\u00e3o em alta \u00e9 o primeiro passo.<\/p>\n\n\n\n<p>Essa mudan\u00e7a abre espa\u00e7o para novos campos que exigem um perfil profissional atualizado. Quest\u00f5es como a <a target=\"_blank\" rel=\"noreferrer noopener\" href=\"https:\/\/www.correiobraziliense.com.br\/revista-do-correio\/2025\/04\/7104242-veja-como-trabalhar-com-ciberseguranca-e-engenharia-de-dados.html\">prote\u00e7\u00e3o de dados na internet<\/a>, a sustentabilidade e a \u00e9tica nos neg\u00f3cios est\u00e3o no centro das discuss\u00f5es, criando oportunidades para advogados que se aprofundam nesses temas. O profissional do futuro precisa aliar o conhecimento t\u00e9cnico a uma vis\u00e3o estrat\u00e9gica do mundo digital.<\/p>\n\n\n\n<p>Confira cinco \u00e1reas do Direito que s\u00e3o promissoras e oferecem excelentes oportunidades no mercado atual.<\/p>\n\n\n\n<h2 class=\"wp-block-heading\">Direito Digital e Prote\u00e7\u00e3o de Dados<\/h2>\n\n\n\n<p>Com a <a target=\"_blank\" rel=\"noreferrer noopener\" href=\"https:\/\/www.correiobraziliense.com.br\/direito-e-justica\/2025\/10\/7246625-lgpd-em-2025-balanco-dos-cinco-anos-de-plena-vigencia.html\">Lei Geral de Prote\u00e7\u00e3o de Dados (LGPD)<\/a> em pleno vigor, a demanda por especialistas que entendem de privacidade e seguran\u00e7a digital disparou. Esses profissionais ajudam empresas a se adequarem \u00e0s normas, evitando multas pesadas. A atua\u00e7\u00e3o envolve desde a elabora\u00e7\u00e3o de pol\u00edticas de privacidade at\u00e9 a resposta a incidentes de vazamento de dados.<\/p>\n\n\n\n<h2 class=\"wp-block-heading\">Compliance e Governan\u00e7a Corporativa<\/h2>\n\n\n\n<p>Manter a integridade e a transpar\u00eancia se tornou vital para as empresas. O <a target=\"_blank\" rel=\"noreferrer noopener\" href=\"https:\/\/www.correiobraziliense.com.br\/euestudante\/trabalho-e-formacao\/2025\/06\/7173216-area-de-compliance-enfrenta-escassez-de-profissionais-qualificados.html\">advogado de compliance<\/a> atua na cria\u00e7\u00e3o e implementa\u00e7\u00e3o de programas de conformidade, garantindo que a companhia siga as leis e regulamentos. O trabalho inclui a preven\u00e7\u00e3o de fraudes, a gest\u00e3o de riscos e a promo\u00e7\u00e3o de uma cultura \u00e9tica, protegendo a reputa\u00e7\u00e3o da marca.<\/p>\n\n\n\n<h2 class=\"wp-block-heading\">Direito Ambiental e ESG<\/h2>\n\n\n\n<p>A sigla ESG, que se refere a pr\u00e1ticas ambientais, sociais e de governan\u00e7a, deixou de ser uma tend\u00eancia para se tornar uma exig\u00eancia do mercado. Profissionais dessa \u00e1rea auxiliam empresas a desenvolver projetos sustent\u00e1veis, a cumprir a legisla\u00e7\u00e3o ambiental e a se posicionar de forma respons\u00e1vel perante investidores e consumidores. \u00c9 um campo em plena expans\u00e3o.<\/p>\n\n\n\n<h2 class=\"wp-block-heading\">Propriedade Intelectual no Ambiente Digital<\/h2>\n\n\n\n<p>A <a target=\"_blank\" rel=\"noreferrer noopener\" href=\"https:\/\/www.correiobraziliense.com.br\/euestudante\/trabalho-e-formacao\/2025\/03\/7071644-economias-verde-e-criativa-permitem-inclusao-de-jovens-no-mercado.html\">economia criativa digital<\/a> cresce a cada dia, e com ela a necessidade de proteger marcas, patentes e direitos autorais online. Este campo abrange desde o registro de softwares e aplicativos at\u00e9 a defesa dos direitos de imagem de influenciadores digitais e a regulamenta\u00e7\u00e3o de novos ativos, como os tokens n\u00e3o fung\u00edveis (NFTs).<\/p>\n\n\n\n<h2 class=\"wp-block-heading\">Direito Tribut\u00e1rio com Foco em Tecnologia<\/h2>\n\n\n\n<p>O Direito Tribut\u00e1rio \u00e9 uma \u00e1rea cl\u00e1ssica, mas sua intersec\u00e7\u00e3o com a tecnologia abre novas fronteiras. Advogados especializados orientam startups, fintechs e empresas de e-commerce sobre a complexa legisla\u00e7\u00e3o fiscal de transa\u00e7\u00f5es digitais, criptoativos e neg\u00f3cios que operam sem fronteiras f\u00edsicas. \u00c9 um setor que exige constante atualiza\u00e7\u00e3o e conhecimento multidisciplinar.<\/p>\n","protected":false},"excerpt":{"rendered":"<p>Com casos de grande repercuss\u00e3o despertando interesse, veja quais carreiras jur\u00eddicas est\u00e3o em alta e oferecem as melhores oportunidades.<\/p>\n","protected":false},"author":10,"featured_media":27711,"comment_status":"open","ping_status":"open","sticky":false,"template":"","format":"standard","meta":{"jnews-multi-image_gallery":[],"jnews_single_post":{"format":"standard"},"jnews_primary_category":[],"jnews_social_meta":[],"jnews_override_counter":[],"footnotes":""},"categories":[120],"tags":[469,3092],"class_list":["post-28305","post","type-post","status-publish","format-standard","has-post-thumbnail","hentry","category-curiosidades","tag-carreira","tag-direito"],"yoast_head":"<!-- This site is optimized with the Yoast SEO plugin v25.1 - https:\/\/yoast.com\/wordpress\/plugins\/seo\/ -->\n<title>Carreiras jur\u00eddicas: 5 \u00e1reas promissoras para o futuro da advocacia - Correio Braziliense - Aqui<\/title>\n<meta name=\"description\" content=\"Com casos de grande repercuss\u00e3o despertando interesse, veja quais carreiras jur\u00eddicas est\u00e3o em alta e oferecem as melhores oportunidades.\" \/>\n<meta name=\"robots\" content=\"index, follow, max-snippet:-1, max-image-preview:large, max-video-preview:-1\" \/>\n<link rel=\"canonical\" href=\"https:\/\/www.correiobraziliense.com.br\/aqui\/2026\/04\/29\/carreiras-juridicas-5-areas-promissoras-para-o-futuro-da-advocacia\/\" \/>\n<meta property=\"og:locale\" content=\"pt_BR\" \/>\n<meta property=\"og:type\" content=\"article\" \/>\n<meta property=\"og:title\" content=\"Carreiras jur\u00eddicas: 5 \u00e1reas promissoras para o futuro da advocacia - Correio Braziliense - Aqui\" \/>\n<meta property=\"og:description\" content=\"Com casos de grande repercuss\u00e3o despertando interesse, veja quais carreiras jur\u00eddicas est\u00e3o em alta e oferecem as melhores oportunidades.\" \/>\n<meta property=\"og:url\" content=\"https:\/\/www.correiobraziliense.com.br\/aqui\/2026\/04\/29\/carreiras-juridicas-5-areas-promissoras-para-o-futuro-da-advocacia\/\" \/>\n<meta property=\"og:site_name\" content=\"Correio Braziliense - Aqui\" \/>\n<meta property=\"article:published_time\" content=\"2026-04-29T12:42:00+00:00\" \/>\n<meta property=\"og:image\" content=\"https:\/\/www.correiobraziliense.com.br\/aqui\/wp-content\/uploads\/2026\/04\/juiz-beca_1776854808396.jpg\" \/>\n\t<meta property=\"og:image:width\" content=\"1280\" \/>\n\t<meta property=\"og:image:height\" content=\"720\" \/>\n\t<meta property=\"og:image:type\" content=\"image\/jpeg\" \/>\n<meta name=\"author\" content=\"Larissa\" \/>\n<meta name=\"twitter:card\" content=\"summary_large_image\" \/>\n<meta name=\"twitter:label1\" content=\"Escrito por\" \/>\n\t<meta name=\"twitter:data1\" content=\"Larissa\" \/>\n\t<meta name=\"twitter:label2\" content=\"Est. tempo de leitura\" \/>\n\t<meta name=\"twitter:data2\" content=\"3 minutos\" \/>\n<!-- \/ Yoast SEO plugin. -->","yoast_head_json":{"title":"Carreiras jur\u00eddicas: 5 \u00e1reas promissoras para o futuro da advocacia - Correio Braziliense - Aqui","description":"Com casos de grande repercuss\u00e3o despertando interesse, veja quais carreiras jur\u00eddicas est\u00e3o em alta e oferecem as melhores oportunidades.","robots":{"index":"index","follow":"follow","max-snippet":"max-snippet:-1","max-image-preview":"max-image-preview:large","max-video-preview":"max-video-preview:-1"},"canonical":"https:\/\/www.correiobraziliense.com.br\/aqui\/2026\/04\/29\/carreiras-juridicas-5-areas-promissoras-para-o-futuro-da-advocacia\/","og_locale":"pt_BR","og_type":"article","og_title":"Carreiras jur\u00eddicas: 5 \u00e1reas promissoras para o futuro da advocacia - Correio Braziliense - Aqui","og_description":"Com casos de grande repercuss\u00e3o despertando interesse, veja quais carreiras jur\u00eddicas est\u00e3o em alta e oferecem as melhores oportunidades.","og_url":"https:\/\/www.correiobraziliense.com.br\/aqui\/2026\/04\/29\/carreiras-juridicas-5-areas-promissoras-para-o-futuro-da-advocacia\/","og_site_name":"Correio Braziliense - Aqui","article_published_time":"2026-04-29T12:42:00+00:00","og_image":[{"width":1280,"height":720,"url":"https:\/\/www.correiobraziliense.com.br\/aqui\/wp-content\/uploads\/2026\/04\/juiz-beca_1776854808396.jpg","type":"image\/jpeg"}],"author":"Larissa","twitter_card":"summary_large_image","twitter_misc":{"Escrito por":"Larissa","Est. tempo de leitura":"3 minutos"},"schema":{"@context":"https:\/\/schema.org","@graph":[{"@type":"WebPage","@id":"https:\/\/www.correiobraziliense.com.br\/aqui\/2026\/04\/29\/carreiras-juridicas-5-areas-promissoras-para-o-futuro-da-advocacia\/","url":"https:\/\/www.correiobraziliense.com.br\/aqui\/2026\/04\/29\/carreiras-juridicas-5-areas-promissoras-para-o-futuro-da-advocacia\/","name":"Carreiras jur\u00eddicas: 5 \u00e1reas promissoras para o futuro da advocacia - Correio Braziliense - Aqui","isPartOf":{"@id":"https:\/\/www.correiobraziliense.com.br\/aqui\/#website"},"primaryImageOfPage":{"@id":"https:\/\/www.correiobraziliense.com.br\/aqui\/2026\/04\/29\/carreiras-juridicas-5-areas-promissoras-para-o-futuro-da-advocacia\/#primaryimage"},"image":{"@id":"https:\/\/www.correiobraziliense.com.br\/aqui\/2026\/04\/29\/carreiras-juridicas-5-areas-promissoras-para-o-futuro-da-advocacia\/#primaryimage"},"thumbnailUrl":"https:\/\/www.correiobraziliense.com.br\/aqui\/wp-content\/uploads\/2026\/04\/juiz-beca_1776854808396.jpg","datePublished":"2026-04-29T12:42:00+00:00","author":{"@id":"https:\/\/www.correiobraziliense.com.br\/aqui\/#\/schema\/person\/775f50a8c1ac31704d56816e99b29041"},"description":"Com casos de grande repercuss\u00e3o despertando interesse, veja quais carreiras jur\u00eddicas est\u00e3o em alta e oferecem as melhores oportunidades.","breadcrumb":{"@id":"https:\/\/www.correiobraziliense.com.br\/aqui\/2026\/04\/29\/carreiras-juridicas-5-areas-promissoras-para-o-futuro-da-advocacia\/#breadcrumb"},"inLanguage":"pt-BR","potentialAction":[{"@type":"ReadAction","target":["https:\/\/www.correiobraziliense.com.br\/aqui\/2026\/04\/29\/carreiras-juridicas-5-areas-promissoras-para-o-futuro-da-advocacia\/"]}]},{"@type":"ImageObject","inLanguage":"pt-BR","@id":"https:\/\/www.correiobraziliense.com.br\/aqui\/2026\/04\/29\/carreiras-juridicas-5-areas-promissoras-para-o-futuro-da-advocacia\/#primaryimage","url":"https:\/\/www.correiobraziliense.com.br\/aqui\/wp-content\/uploads\/2026\/04\/juiz-beca_1776854808396.jpg","contentUrl":"https:\/\/www.correiobraziliense.com.br\/aqui\/wp-content\/uploads\/2026\/04\/juiz-beca_1776854808396.jpg","width":1280,"height":720,"caption":"Cr\u00e9ditos: depositphotos.com \/ saiarlawka9@gmail.com"},{"@type":"BreadcrumbList","@id":"https:\/\/www.correiobraziliense.com.br\/aqui\/2026\/04\/29\/carreiras-juridicas-5-areas-promissoras-para-o-futuro-da-advocacia\/#breadcrumb","itemListElement":[{"@type":"ListItem","position":1,"name":"In\u00edcio","item":"https:\/\/www.correiobraziliense.com.br\/aqui\/"},{"@type":"ListItem","position":2,"name":"Carreiras jur\u00eddicas: 5 \u00e1reas promissoras para o futuro da advocacia"}]},{"@type":"WebSite","@id":"https:\/\/www.correiobraziliense.com.br\/aqui\/#website","url":"https:\/\/www.correiobraziliense.com.br\/aqui\/","name":"Correio Braziliense - Aqui","description":"O Correio Braziliense (CB) \u00e9 o mais importante canal de not\u00edcias de Bras\u00edlia. Aqui voc\u00ea encontra as \u00faltimas not\u00edcias do DF, do Brasil e do mundo.","potentialAction":[{"@type":"SearchAction","target":{"@type":"EntryPoint","urlTemplate":"https:\/\/www.correiobraziliense.com.br\/aqui\/?s={search_term_string}"},"query-input":{"@type":"PropertyValueSpecification","valueRequired":true,"valueName":"search_term_string"}}],"inLanguage":"pt-BR"},{"@type":"Person","@id":"https:\/\/www.correiobraziliense.com.br\/aqui\/#\/schema\/person\/775f50a8c1ac31704d56816e99b29041","name":"Larissa","image":{"@type":"ImageObject","inLanguage":"pt-BR","@id":"https:\/\/www.correiobraziliense.com.br\/aqui\/#\/schema\/person\/image\/","url":"https:\/\/secure.gravatar.com\/avatar\/62f5b2e99de671d075ab98e19f03c3c38c80a93f5d06f51075cf4431a4e76458?s=96&d=mm&r=g","contentUrl":"https:\/\/secure.gravatar.com\/avatar\/62f5b2e99de671d075ab98e19f03c3c38c80a93f5d06f51075cf4431a4e76458?s=96&d=mm&r=g","caption":"Larissa"},"url":"https:\/\/www.correiobraziliense.com.br\/aqui\/author\/larissaaqui\/"}]}},"_links":{"self":[{"href":"https:\/\/www.correiobraziliense.com.br\/aqui\/wp-json\/wp\/v2\/posts\/28305","targetHints":{"allow":["GET"]}}],"collection":[{"href":"https:\/\/www.correiobraziliense.com.br\/aqui\/wp-json\/wp\/v2\/posts"}],"about":[{"href":"https:\/\/www.correiobraziliense.com.br\/aqui\/wp-json\/wp\/v2\/types\/post"}],"author":[{"embeddable":true,"href":"https:\/\/www.correiobraziliense.com.br\/aqui\/wp-json\/wp\/v2\/users\/10"}],"replies":[{"embeddable":true,"href":"https:\/\/www.correiobraziliense.com.br\/aqui\/wp-json\/wp\/v2\/comments?post=28305"}],"version-history":[{"count":3,"href":"https:\/\/www.correiobraziliense.com.br\/aqui\/wp-json\/wp\/v2\/posts\/28305\/revisions"}],"predecessor-version":[{"id":28308,"href":"https:\/\/www.correiobraziliense.com.br\/aqui\/wp-json\/wp\/v2\/posts\/28305\/revisions\/28308"}],"wp:featuredmedia":[{"embeddable":true,"href":"https:\/\/www.correiobraziliense.com.br\/aqui\/wp-json\/wp\/v2\/media\/27711"}],"wp:attachment":[{"href":"https:\/\/www.correiobraziliense.com.br\/aqui\/wp-json\/wp\/v2\/media?parent=28305"}],"wp:term":[{"taxonomy":"category","embeddable":true,"href":"https:\/\/www.correiobraziliense.com.br\/aqui\/wp-json\/wp\/v2\/categories?post=28305"},{"taxonomy":"post_tag","embeddable":true,"href":"https:\/\/www.correiobraziliense.com.br\/aqui\/wp-json\/wp\/v2\/tags?post=28305"}],"curies":[{"name":"wp","href":"https:\/\/api.w.org\/{rel}","templated":true}]}}