{"id":28309,"date":"2026-04-29T10:22:00","date_gmt":"2026-04-29T13:22:00","guid":{"rendered":"https:\/\/www.correiobraziliense.com.br\/aqui\/?p=28309"},"modified":"2026-04-29T10:06:50","modified_gmt":"2026-04-29T13:06:50","slug":"os-maiores-duelos-entre-psg-e-bayern-na-champions-league","status":"publish","type":"post","link":"https:\/\/www.correiobraziliense.com.br\/aqui\/2026\/04\/29\/os-maiores-duelos-entre-psg-e-bayern-na-champions-league\/","title":{"rendered":"Os maiores duelos entre PSG e Bayern na Champions League"},"content":{"rendered":"\n<p>Os confrontos entre Paris Saint-Germain e Bayern de Munique pela Champions League constru\u00edram uma das rivalidades mais intensas e equilibradas do futebol europeu recente. Cada novo duelo \u00e9 um cap\u00edtulo \u00e0 parte em uma hist\u00f3ria marcada por vingan\u00e7as, goleadas e uma final inesquec\u00edvel, que transformaram este embate em um cl\u00e1ssico moderno.<\/p>\n\n\n\n<p>Cada jogo entre os gigantes da Fran\u00e7a e da Alemanha parece criar uma nova narrativa. De atua\u00e7\u00f5es de gala de estrelas como Mbapp\u00e9 e Neymar a vit\u00f3rias t\u00e1ticas do lado b\u00e1varo, os encontros quase sempre entregam alta tens\u00e3o e futebol de primeira linha. Relembre cinco cap\u00edtulos marcantes dessa hist\u00f3ria.<\/p>\n\n\n\n<h2 class=\"wp-block-heading\">A final para a hist\u00f3ria (2020)<\/h2>\n\n\n\n<p>O palco era o Est\u00e1dio da Luz, em Lisboa, para a grande decis\u00e3o da <a target=\"_blank\" rel=\"noreferrer noopener\" href=\"https:\/\/www.correiobraziliense.com.br\/esportes\/2025\/05\/7160282-veja-a-campanha-do-psg-ate-alcancar-a-final-da-champions.html\">Champions League de 2020<\/a>. Em uma partida tensa e de poucas chances claras, o Bayern de Munique levou a melhor com uma vit\u00f3ria por 1 a 0. O gol do t\u00edtulo foi marcado por Kingsley Coman, um franc\u00eas revelado justamente pelo PSG, tornando o resultado ainda mais doloroso para o time parisiense.<\/p>\n\n\n\n<h2 class=\"wp-block-heading\">A vingan\u00e7a de Neymar e Mbapp\u00e9 (2021)<\/h2>\n\n\n\n<p>Menos de um ano depois, o destino colocou os dois frente a frente nas quartas de final. O primeiro jogo, em uma Munique coberta de neve, foi \u00e9pico. O PSG conseguiu uma vit\u00f3ria por 3 a 2, com uma atua\u00e7\u00e3o brilhante de <a target=\"_blank\" rel=\"noreferrer noopener\" href=\"https:\/\/www.correiobraziliense.com.br\/esportes\/2025\/07\/7194597-fifa-destaca-reencontro-de-mbappe-com-o-psg.html\">Kylian Mbapp\u00e9<\/a>, que marcou dois gols. O resultado foi fundamental para o time franc\u00eas avan\u00e7ar, eliminando o ent\u00e3o campe\u00e3o europeu.<\/p>\n\n\n\n<h2 class=\"wp-block-heading\">O show que derrubou um t\u00e9cnico (2017)<\/h2>\n\n\n\n<p>Na fase de grupos de 2017, o PSG recebeu o Bayern <a target=\"_blank\" rel=\"noreferrer noopener\" href=\"https:\/\/www.correiobraziliense.com.br\/esportes\/2025\/11\/7285620-com-um-a-menos-bayern-vence-o-psg-fora-de-casa-e-vira-lider-da-champions.html\">no Parque dos Pr\u00edncipes<\/a> e n\u00e3o tomou conhecimento do advers\u00e1rio. Com seu trio de ataque formado por <a target=\"_blank\" rel=\"noreferrer noopener\" href=\"https:\/\/www.correiobraziliense.com.br\/esportes\/2025\/05\/7159997-dolo-do-psg-analisa-final-da-champions-e-aponta-melhora-apos-saida-de-neymar-messi-e-mbappe.html\">Neymar<\/a>, Mbapp\u00e9 e Cavani em noite inspirada, a equipe francesa aplicou um sonoro 3 a 0. A derrota foi t\u00e3o impactante que resultou na demiss\u00e3o do t\u00e9cnico Carlo Ancelotti do comando do time alem\u00e3o.<\/p>\n\n\n\n<h2 class=\"wp-block-heading\">O troco b\u00e1varo no mesmo ano (2017)<\/h2>\n\n\n\n<p>A rivalidade tamb\u00e9m \u00e9 feita de respostas r\u00e1pidas. No jogo de volta da mesma fase de grupos, em Munique, o Bayern deu o troco. Com uma atua\u00e7\u00e3o s\u00f3lida, venceu por 3 a 1, com gols de Lewandowski e Tolisso, que marcou duas vezes. A vit\u00f3ria serviu para mostrar a for\u00e7a do elenco b\u00e1varo e devolver a confian\u00e7a ao clube.<\/p>\n\n\n\n<h2 class=\"wp-block-heading\">O primeiro encontro (1994)<\/h2>\n\n\n\n<p>A hist\u00f3ria do confronto come\u00e7ou bem antes da era dos investimentos bilion\u00e1rios. Em setembro de 1994, tamb\u00e9m pela fase de grupos, o PSG venceu o Bayern por 2 a 0 em Paris. Os gols foram marcados pelo liberiano George Weah, que viria a ser eleito o melhor jogador do mundo no ano seguinte, e por Daniel Bravo, estabelecendo o primeiro cap\u00edtulo de uma longa rivalidade.<\/p>\n","protected":false},"excerpt":{"rendered":"<p>Os confrontos entre Paris Saint-Germain e Bayern de Munique pela Champions League constru\u00edram uma das rivalidades mais intensas e equilibradas do futebol europeu recente. Cada novo duelo \u00e9 um cap\u00edtulo \u00e0 parte em uma hist\u00f3ria marcada por vingan\u00e7as, goleadas e uma final inesquec\u00edvel, que transformaram este embate em um cl\u00e1ssico moderno. Cada jogo entre os [&hellip;]<\/p>\n","protected":false},"author":10,"featured_media":28310,"comment_status":"open","ping_status":"open","sticky":false,"template":"","format":"standard","meta":{"jnews-multi-image_gallery":[],"jnews_single_post":{"format":"standard"},"jnews_primary_category":[],"jnews_social_meta":[],"jnews_override_counter":[],"footnotes":""},"categories":[167],"tags":[8921,8922,8920],"class_list":["post-28309","post","type-post","status-publish","format-standard","has-post-thumbnail","hentry","category-esportes","tag-bayern-de-munique","tag-champions-league","tag-psg"],"yoast_head":"<!-- This site is optimized with the Yoast SEO plugin v25.1 - https:\/\/yoast.com\/wordpress\/plugins\/seo\/ -->\n<title>Os maiores duelos entre PSG e Bayern na Champions League - Correio Braziliense - Aqui<\/title>\n<meta name=\"description\" content=\"Champions League: relembre os confrontos \u00e9picos que marcaram a rivalidade entre os gigantes da Fran\u00e7a e da Alemanha.\" \/>\n<meta name=\"robots\" content=\"index, follow, max-snippet:-1, max-image-preview:large, max-video-preview:-1\" \/>\n<link rel=\"canonical\" href=\"https:\/\/www.correiobraziliense.com.br\/aqui\/2026\/04\/29\/os-maiores-duelos-entre-psg-e-bayern-na-champions-league\/\" \/>\n<meta property=\"og:locale\" content=\"pt_BR\" \/>\n<meta property=\"og:type\" content=\"article\" \/>\n<meta property=\"og:title\" content=\"Os maiores duelos entre PSG e Bayern na Champions League - Correio Braziliense - Aqui\" \/>\n<meta property=\"og:description\" content=\"Champions League: relembre os confrontos \u00e9picos que marcaram a rivalidade entre os gigantes da Fran\u00e7a e da Alemanha.\" \/>\n<meta property=\"og:url\" content=\"https:\/\/www.correiobraziliense.com.br\/aqui\/2026\/04\/29\/os-maiores-duelos-entre-psg-e-bayern-na-champions-league\/\" \/>\n<meta property=\"og:site_name\" content=\"Correio Braziliense - Aqui\" \/>\n<meta property=\"article:published_time\" content=\"2026-04-29T13:22:00+00:00\" \/>\n<meta property=\"og:image\" content=\"https:\/\/www.correiobraziliense.com.br\/aqui\/wp-content\/uploads\/2026\/04\/bayern-de-munique-jogo_1777466964963.jpg\" \/>\n\t<meta property=\"og:image:width\" content=\"1280\" \/>\n\t<meta property=\"og:image:height\" content=\"720\" \/>\n\t<meta property=\"og:image:type\" content=\"image\/jpeg\" \/>\n<meta name=\"author\" content=\"Larissa\" \/>\n<meta name=\"twitter:card\" content=\"summary_large_image\" \/>\n<meta name=\"twitter:label1\" content=\"Escrito por\" \/>\n\t<meta name=\"twitter:data1\" content=\"Larissa\" \/>\n\t<meta name=\"twitter:label2\" content=\"Est. tempo de leitura\" \/>\n\t<meta name=\"twitter:data2\" content=\"3 minutos\" \/>\n<!-- \/ Yoast SEO plugin. -->","yoast_head_json":{"title":"Os maiores duelos entre PSG e Bayern na Champions League - Correio Braziliense - Aqui","description":"Champions League: relembre os confrontos \u00e9picos que marcaram a rivalidade entre os gigantes da Fran\u00e7a e da Alemanha.","robots":{"index":"index","follow":"follow","max-snippet":"max-snippet:-1","max-image-preview":"max-image-preview:large","max-video-preview":"max-video-preview:-1"},"canonical":"https:\/\/www.correiobraziliense.com.br\/aqui\/2026\/04\/29\/os-maiores-duelos-entre-psg-e-bayern-na-champions-league\/","og_locale":"pt_BR","og_type":"article","og_title":"Os maiores duelos entre PSG e Bayern na Champions League - Correio Braziliense - Aqui","og_description":"Champions League: relembre os confrontos \u00e9picos que marcaram a rivalidade entre os gigantes da Fran\u00e7a e da Alemanha.","og_url":"https:\/\/www.correiobraziliense.com.br\/aqui\/2026\/04\/29\/os-maiores-duelos-entre-psg-e-bayern-na-champions-league\/","og_site_name":"Correio Braziliense - Aqui","article_published_time":"2026-04-29T13:22:00+00:00","og_image":[{"width":1280,"height":720,"url":"https:\/\/www.correiobraziliense.com.br\/aqui\/wp-content\/uploads\/2026\/04\/bayern-de-munique-jogo_1777466964963.jpg","type":"image\/jpeg"}],"author":"Larissa","twitter_card":"summary_large_image","twitter_misc":{"Escrito por":"Larissa","Est. tempo de leitura":"3 minutos"},"schema":{"@context":"https:\/\/schema.org","@graph":[{"@type":"WebPage","@id":"https:\/\/www.correiobraziliense.com.br\/aqui\/2026\/04\/29\/os-maiores-duelos-entre-psg-e-bayern-na-champions-league\/","url":"https:\/\/www.correiobraziliense.com.br\/aqui\/2026\/04\/29\/os-maiores-duelos-entre-psg-e-bayern-na-champions-league\/","name":"Os maiores duelos entre PSG e Bayern na Champions League - Correio Braziliense - Aqui","isPartOf":{"@id":"https:\/\/www.correiobraziliense.com.br\/aqui\/#website"},"primaryImageOfPage":{"@id":"https:\/\/www.correiobraziliense.com.br\/aqui\/2026\/04\/29\/os-maiores-duelos-entre-psg-e-bayern-na-champions-league\/#primaryimage"},"image":{"@id":"https:\/\/www.correiobraziliense.com.br\/aqui\/2026\/04\/29\/os-maiores-duelos-entre-psg-e-bayern-na-champions-league\/#primaryimage"},"thumbnailUrl":"https:\/\/www.correiobraziliense.com.br\/aqui\/wp-content\/uploads\/2026\/04\/bayern-de-munique-jogo_1777466964963.jpg","datePublished":"2026-04-29T13:22:00+00:00","author":{"@id":"https:\/\/www.correiobraziliense.com.br\/aqui\/#\/schema\/person\/775f50a8c1ac31704d56816e99b29041"},"description":"Champions League: relembre os confrontos \u00e9picos que marcaram a rivalidade entre os gigantes da Fran\u00e7a e da Alemanha.","breadcrumb":{"@id":"https:\/\/www.correiobraziliense.com.br\/aqui\/2026\/04\/29\/os-maiores-duelos-entre-psg-e-bayern-na-champions-league\/#breadcrumb"},"inLanguage":"pt-BR","potentialAction":[{"@type":"ReadAction","target":["https:\/\/www.correiobraziliense.com.br\/aqui\/2026\/04\/29\/os-maiores-duelos-entre-psg-e-bayern-na-champions-league\/"]}]},{"@type":"ImageObject","inLanguage":"pt-BR","@id":"https:\/\/www.correiobraziliense.com.br\/aqui\/2026\/04\/29\/os-maiores-duelos-entre-psg-e-bayern-na-champions-league\/#primaryimage","url":"https:\/\/www.correiobraziliense.com.br\/aqui\/wp-content\/uploads\/2026\/04\/bayern-de-munique-jogo_1777466964963.jpg","contentUrl":"https:\/\/www.correiobraziliense.com.br\/aqui\/wp-content\/uploads\/2026\/04\/bayern-de-munique-jogo_1777466964963.jpg","width":1280,"height":720,"caption":"Cr\u00e9ditos: depositphotos.com \/ operations@newsimages.co.uk"},{"@type":"BreadcrumbList","@id":"https:\/\/www.correiobraziliense.com.br\/aqui\/2026\/04\/29\/os-maiores-duelos-entre-psg-e-bayern-na-champions-league\/#breadcrumb","itemListElement":[{"@type":"ListItem","position":1,"name":"In\u00edcio","item":"https:\/\/www.correiobraziliense.com.br\/aqui\/"},{"@type":"ListItem","position":2,"name":"Os maiores duelos entre PSG e Bayern na Champions League"}]},{"@type":"WebSite","@id":"https:\/\/www.correiobraziliense.com.br\/aqui\/#website","url":"https:\/\/www.correiobraziliense.com.br\/aqui\/","name":"Correio Braziliense - Aqui","description":"O Correio Braziliense (CB) \u00e9 o mais importante canal de not\u00edcias de Bras\u00edlia. Aqui voc\u00ea encontra as \u00faltimas not\u00edcias do DF, do Brasil e do mundo.","potentialAction":[{"@type":"SearchAction","target":{"@type":"EntryPoint","urlTemplate":"https:\/\/www.correiobraziliense.com.br\/aqui\/?s={search_term_string}"},"query-input":{"@type":"PropertyValueSpecification","valueRequired":true,"valueName":"search_term_string"}}],"inLanguage":"pt-BR"},{"@type":"Person","@id":"https:\/\/www.correiobraziliense.com.br\/aqui\/#\/schema\/person\/775f50a8c1ac31704d56816e99b29041","name":"Larissa","image":{"@type":"ImageObject","inLanguage":"pt-BR","@id":"https:\/\/www.correiobraziliense.com.br\/aqui\/#\/schema\/person\/image\/","url":"https:\/\/secure.gravatar.com\/avatar\/62f5b2e99de671d075ab98e19f03c3c38c80a93f5d06f51075cf4431a4e76458?s=96&d=mm&r=g","contentUrl":"https:\/\/secure.gravatar.com\/avatar\/62f5b2e99de671d075ab98e19f03c3c38c80a93f5d06f51075cf4431a4e76458?s=96&d=mm&r=g","caption":"Larissa"},"url":"https:\/\/www.correiobraziliense.com.br\/aqui\/author\/larissaaqui\/"}]}},"_links":{"self":[{"href":"https:\/\/www.correiobraziliense.com.br\/aqui\/wp-json\/wp\/v2\/posts\/28309","targetHints":{"allow":["GET"]}}],"collection":[{"href":"https:\/\/www.correiobraziliense.com.br\/aqui\/wp-json\/wp\/v2\/posts"}],"about":[{"href":"https:\/\/www.correiobraziliense.com.br\/aqui\/wp-json\/wp\/v2\/types\/post"}],"author":[{"embeddable":true,"href":"https:\/\/www.correiobraziliense.com.br\/aqui\/wp-json\/wp\/v2\/users\/10"}],"replies":[{"embeddable":true,"href":"https:\/\/www.correiobraziliense.com.br\/aqui\/wp-json\/wp\/v2\/comments?post=28309"}],"version-history":[{"count":3,"href":"https:\/\/www.correiobraziliense.com.br\/aqui\/wp-json\/wp\/v2\/posts\/28309\/revisions"}],"predecessor-version":[{"id":28313,"href":"https:\/\/www.correiobraziliense.com.br\/aqui\/wp-json\/wp\/v2\/posts\/28309\/revisions\/28313"}],"wp:featuredmedia":[{"embeddable":true,"href":"https:\/\/www.correiobraziliense.com.br\/aqui\/wp-json\/wp\/v2\/media\/28310"}],"wp:attachment":[{"href":"https:\/\/www.correiobraziliense.com.br\/aqui\/wp-json\/wp\/v2\/media?parent=28309"}],"wp:term":[{"taxonomy":"category","embeddable":true,"href":"https:\/\/www.correiobraziliense.com.br\/aqui\/wp-json\/wp\/v2\/categories?post=28309"},{"taxonomy":"post_tag","embeddable":true,"href":"https:\/\/www.correiobraziliense.com.br\/aqui\/wp-json\/wp\/v2\/tags?post=28309"}],"curies":[{"name":"wp","href":"https:\/\/api.w.org\/{rel}","templated":true}]}}