{"id":28320,"date":"2026-04-29T11:32:00","date_gmt":"2026-04-29T14:32:00","guid":{"rendered":"https:\/\/www.correiobraziliense.com.br\/aqui\/?p=28320"},"modified":"2026-04-29T10:33:39","modified_gmt":"2026-04-29T13:33:39","slug":"injuria-calunia-e-difamacao-entenda-a-diferenca-entre-os-crimes","status":"publish","type":"post","link":"https:\/\/www.correiobraziliense.com.br\/aqui\/2026\/04\/29\/injuria-calunia-e-difamacao-entenda-a-diferenca-entre-os-crimes\/","title":{"rendered":"Inj\u00faria, cal\u00fania e difama\u00e7\u00e3o: entenda a diferen\u00e7a entre os crimes"},"content":{"rendered":"\n<p>A recente decis\u00e3o do Supremo Tribunal Federal (STF) de tornar o deputado federal Gustavo Gayer r\u00e9u por inj\u00faria contra o presidente Lula acendeu um debate comum: qual a diferen\u00e7a entre inj\u00faria, cal\u00fania e difama\u00e7\u00e3o? Embora todos sejam crimes contra a honra previstos no C\u00f3digo Penal, cada um possui caracter\u00edsticas distintas que definem como a ofensa \u00e9 classificada e punida.<\/p>\n\n\n\n<p>Essas tr\u00eas condutas protegem a honra de uma pessoa, mas de maneiras diferentes. Enquanto a cal\u00fania e a difama\u00e7\u00e3o atacam a reputa\u00e7\u00e3o p\u00fablica de algu\u00e9m, ou seja, a imagem que a sociedade tem daquela pessoa, a inj\u00faria afeta a honra pessoal, o sentimento de dignidade que o indiv\u00edduo tem de si mesmo.<\/p>\n\n\n\n<h2 class=\"wp-block-heading\">O que \u00e9 cal\u00fania?<\/h2>\n\n\n\n<p>A cal\u00fania, descrita no artigo 138 do C\u00f3digo Penal, \u00e9 o ato de acusar falsamente algu\u00e9m de ter cometido um <a target=\"_blank\" rel=\"noreferrer noopener\" href=\"https:\/\/www.correiobraziliense.com.br\/politica\/2025\/04\/7104926-stf-retoma-julgamento-de-queixa-crime-de-gayer-pl-contra-nelto-uniao.html\">crime<\/a>. Para que seja configurada, n\u00e3o basta uma simples ofensa; \u00e9 preciso que a acusa\u00e7\u00e3o falsa seja sobre um fato espec\u00edfico que a lei define como criminoso. Por exemplo, afirmar que uma pessoa roubou um carro, sabendo que a informa\u00e7\u00e3o \u00e9 falsa.<\/p>\n\n\n\n<p>A pena para este crime \u00e9 de deten\u00e7\u00e3o de seis meses a dois anos, al\u00e9m de multa. Quem espalha a acusa\u00e7\u00e3o falsa, mesmo sabendo que n\u00e3o \u00e9 verdadeira, tamb\u00e9m pode responder pelo mesmo crime.<\/p>\n\n\n\n<h2 class=\"wp-block-heading\">O que \u00e9 difama\u00e7\u00e3o?<\/h2>\n\n\n\n<p>A difama\u00e7\u00e3o, prevista no artigo 139, consiste em espalhar um fato ofensivo \u00e0 reputa\u00e7\u00e3o de algu\u00e9m. Diferente da cal\u00fania, o fato imputado n\u00e3o precisa ser um crime; pode ser qualquer informa\u00e7\u00e3o que manche a imagem da pessoa no seu meio social ou profissional, como, por exemplo, afirmar que um colega de trabalho n\u00e3o paga suas d\u00edvidas.<\/p>\n\n\n\n<p>A pena \u00e9 de deten\u00e7\u00e3o de tr\u00eas meses a um ano, e multa. Um ponto crucial na difama\u00e7\u00e3o \u00e9 que, em regra, provar que a afirma\u00e7\u00e3o \u00e9 verdadeira n\u00e3o livra o autor do crime, pois a lei protege a <a target=\"_blank\" rel=\"noreferrer noopener\" href=\"https:\/\/www.correiobraziliense.com.br\/direito-e-justica\/2025\/09\/7244073-visao-do-direito-liberdade-de-expressao-nao-e-salvo-conduto-para-o-odio.html\">reputa\u00e7\u00e3o<\/a>. A exce\u00e7\u00e3o s\u00f3 \u00e9 permitida em casos espec\u00edficos, como quando a ofensa \u00e9 feita a um funcion\u00e1rio p\u00fablico e se refere ao exerc\u00edcio de sua fun\u00e7\u00e3o.<\/p>\n\n\n\n<h2 class=\"wp-block-heading\">O que \u00e9 inj\u00faria?<\/h2>\n\n\n\n<p>A inj\u00faria, crime pelo qual o deputado <a target=\"_blank\" rel=\"noreferrer noopener\" href=\"https:\/\/www.correiobraziliense.com.br\/direito-e-justica\/2025\/06\/7171123-qual-e-o-limite-entre-a-liberdade-de-expressao-a-piada-e-o-crime.html\">Gustavo Gayer<\/a> responder\u00e1, est\u00e1 no artigo 140. Ela ocorre quando uma pessoa ofende a dignidade ou o decoro de outra, atribuindo-lhe qualidades negativas ou xingamentos. \u00c9 um ataque direto \u00e0 honra subjetiva, ao que a pessoa pensa de si mesma.<\/p>\n\n\n\n<p>Chamar algu\u00e9m de &#8220;desonesto&#8221; ou &#8220;incompetente&#8221; diretamente, com a inten\u00e7\u00e3o de ofender, s\u00e3o exemplos comuns de inj\u00faria. A pena \u00e9 de deten\u00e7\u00e3o de um a seis meses ou multa. A puni\u00e7\u00e3o torna-se mais grave (reclus\u00e3o de um a tr\u00eas anos e multa) se a inj\u00faria envolver elementos de ra\u00e7a, cor, etnia, religi\u00e3o, origem ou a condi\u00e7\u00e3o de pessoa idosa ou com defici\u00eancia, configurando a <a target=\"_blank\" rel=\"noreferrer noopener\" href=\"https:\/\/www.correiobraziliense.com.br\/politica\/2025\/11\/7291290-camara-aprova-urgencia-de-pl-que-sobe-pena-por-crime-cometido-na-web.html\">inj\u00faria qualificada<\/a>.<\/p>\n","protected":false},"excerpt":{"rendered":"<p>As tr\u00eas condutas s\u00e3o consideradas crimes contra a honra, mas possuem penas diferentes; veja a diferen\u00e7a entre inj\u00faria, cal\u00fania e difama\u00e7\u00e3o. <\/p>\n","protected":false},"author":10,"featured_media":28323,"comment_status":"open","ping_status":"open","sticky":false,"template":"","format":"standard","meta":{"jnews-multi-image_gallery":[],"jnews_single_post":{"format":"standard"},"jnews_primary_category":[],"jnews_social_meta":[],"jnews_override_counter":[],"footnotes":""},"categories":[154],"tags":[8484,8486,8485],"class_list":["post-28320","post","type-post","status-publish","format-standard","has-post-thumbnail","hentry","category-brasil","tag-calunia","tag-difamacao","tag-injuria"],"yoast_head":"<!-- This site is optimized with the Yoast SEO plugin v25.1 - https:\/\/yoast.com\/wordpress\/plugins\/seo\/ -->\n<title>Inj\u00faria, cal\u00fania e difama\u00e7\u00e3o: entenda a diferen\u00e7a entre os crimes - Correio Braziliense - Aqui<\/title>\n<meta name=\"description\" content=\"As tr\u00eas condutas s\u00e3o consideradas crimes contra a honra, mas possuem penas diferentes; veja a diferen\u00e7a entre inj\u00faria, cal\u00fania e difama\u00e7\u00e3o.\" \/>\n<meta name=\"robots\" content=\"index, follow, max-snippet:-1, max-image-preview:large, max-video-preview:-1\" \/>\n<link rel=\"canonical\" href=\"https:\/\/www.correiobraziliense.com.br\/aqui\/2026\/04\/29\/injuria-calunia-e-difamacao-entenda-a-diferenca-entre-os-crimes\/\" \/>\n<meta property=\"og:locale\" content=\"pt_BR\" \/>\n<meta property=\"og:type\" content=\"article\" \/>\n<meta property=\"og:title\" content=\"Inj\u00faria, cal\u00fania e difama\u00e7\u00e3o: entenda a diferen\u00e7a entre os crimes - Correio Braziliense - Aqui\" \/>\n<meta property=\"og:description\" content=\"As tr\u00eas condutas s\u00e3o consideradas crimes contra a honra, mas possuem penas diferentes; veja a diferen\u00e7a entre inj\u00faria, cal\u00fania e difama\u00e7\u00e3o.\" \/>\n<meta property=\"og:url\" content=\"https:\/\/www.correiobraziliense.com.br\/aqui\/2026\/04\/29\/injuria-calunia-e-difamacao-entenda-a-diferenca-entre-os-crimes\/\" \/>\n<meta property=\"og:site_name\" content=\"Correio Braziliense - Aqui\" \/>\n<meta property=\"article:published_time\" content=\"2026-04-29T14:32:00+00:00\" \/>\n<meta property=\"og:image\" content=\"https:\/\/www.correiobraziliense.com.br\/aqui\/wp-content\/uploads\/2026\/04\/juiz_1777469346893.jpg\" \/>\n\t<meta property=\"og:image:width\" content=\"1280\" \/>\n\t<meta property=\"og:image:height\" content=\"720\" \/>\n\t<meta property=\"og:image:type\" content=\"image\/jpeg\" \/>\n<meta name=\"author\" content=\"Larissa\" \/>\n<meta name=\"twitter:card\" content=\"summary_large_image\" \/>\n<meta name=\"twitter:label1\" content=\"Escrito por\" \/>\n\t<meta name=\"twitter:data1\" content=\"Larissa\" \/>\n\t<meta name=\"twitter:label2\" content=\"Est. tempo de leitura\" \/>\n\t<meta name=\"twitter:data2\" content=\"3 minutos\" \/>\n<!-- \/ Yoast SEO plugin. -->","yoast_head_json":{"title":"Inj\u00faria, cal\u00fania e difama\u00e7\u00e3o: entenda a diferen\u00e7a entre os crimes - Correio Braziliense - Aqui","description":"As tr\u00eas condutas s\u00e3o consideradas crimes contra a honra, mas possuem penas diferentes; veja a diferen\u00e7a entre inj\u00faria, cal\u00fania e difama\u00e7\u00e3o.","robots":{"index":"index","follow":"follow","max-snippet":"max-snippet:-1","max-image-preview":"max-image-preview:large","max-video-preview":"max-video-preview:-1"},"canonical":"https:\/\/www.correiobraziliense.com.br\/aqui\/2026\/04\/29\/injuria-calunia-e-difamacao-entenda-a-diferenca-entre-os-crimes\/","og_locale":"pt_BR","og_type":"article","og_title":"Inj\u00faria, cal\u00fania e difama\u00e7\u00e3o: entenda a diferen\u00e7a entre os crimes - Correio Braziliense - Aqui","og_description":"As tr\u00eas condutas s\u00e3o consideradas crimes contra a honra, mas possuem penas diferentes; veja a diferen\u00e7a entre inj\u00faria, cal\u00fania e difama\u00e7\u00e3o.","og_url":"https:\/\/www.correiobraziliense.com.br\/aqui\/2026\/04\/29\/injuria-calunia-e-difamacao-entenda-a-diferenca-entre-os-crimes\/","og_site_name":"Correio Braziliense - Aqui","article_published_time":"2026-04-29T14:32:00+00:00","og_image":[{"width":1280,"height":720,"url":"https:\/\/www.correiobraziliense.com.br\/aqui\/wp-content\/uploads\/2026\/04\/juiz_1777469346893.jpg","type":"image\/jpeg"}],"author":"Larissa","twitter_card":"summary_large_image","twitter_misc":{"Escrito por":"Larissa","Est. tempo de leitura":"3 minutos"},"schema":{"@context":"https:\/\/schema.org","@graph":[{"@type":"WebPage","@id":"https:\/\/www.correiobraziliense.com.br\/aqui\/2026\/04\/29\/injuria-calunia-e-difamacao-entenda-a-diferenca-entre-os-crimes\/","url":"https:\/\/www.correiobraziliense.com.br\/aqui\/2026\/04\/29\/injuria-calunia-e-difamacao-entenda-a-diferenca-entre-os-crimes\/","name":"Inj\u00faria, cal\u00fania e difama\u00e7\u00e3o: entenda a diferen\u00e7a entre os crimes - Correio Braziliense - Aqui","isPartOf":{"@id":"https:\/\/www.correiobraziliense.com.br\/aqui\/#website"},"primaryImageOfPage":{"@id":"https:\/\/www.correiobraziliense.com.br\/aqui\/2026\/04\/29\/injuria-calunia-e-difamacao-entenda-a-diferenca-entre-os-crimes\/#primaryimage"},"image":{"@id":"https:\/\/www.correiobraziliense.com.br\/aqui\/2026\/04\/29\/injuria-calunia-e-difamacao-entenda-a-diferenca-entre-os-crimes\/#primaryimage"},"thumbnailUrl":"https:\/\/www.correiobraziliense.com.br\/aqui\/wp-content\/uploads\/2026\/04\/juiz_1777469346893.jpg","datePublished":"2026-04-29T14:32:00+00:00","author":{"@id":"https:\/\/www.correiobraziliense.com.br\/aqui\/#\/schema\/person\/775f50a8c1ac31704d56816e99b29041"},"description":"As tr\u00eas condutas s\u00e3o consideradas crimes contra a honra, mas possuem penas diferentes; veja a diferen\u00e7a entre inj\u00faria, cal\u00fania e difama\u00e7\u00e3o.","breadcrumb":{"@id":"https:\/\/www.correiobraziliense.com.br\/aqui\/2026\/04\/29\/injuria-calunia-e-difamacao-entenda-a-diferenca-entre-os-crimes\/#breadcrumb"},"inLanguage":"pt-BR","potentialAction":[{"@type":"ReadAction","target":["https:\/\/www.correiobraziliense.com.br\/aqui\/2026\/04\/29\/injuria-calunia-e-difamacao-entenda-a-diferenca-entre-os-crimes\/"]}]},{"@type":"ImageObject","inLanguage":"pt-BR","@id":"https:\/\/www.correiobraziliense.com.br\/aqui\/2026\/04\/29\/injuria-calunia-e-difamacao-entenda-a-diferenca-entre-os-crimes\/#primaryimage","url":"https:\/\/www.correiobraziliense.com.br\/aqui\/wp-content\/uploads\/2026\/04\/juiz_1777469346893.jpg","contentUrl":"https:\/\/www.correiobraziliense.com.br\/aqui\/wp-content\/uploads\/2026\/04\/juiz_1777469346893.jpg","width":1280,"height":720,"caption":"Cr\u00e9ditos: depositphotos.com \/ Kuzmafoto"},{"@type":"BreadcrumbList","@id":"https:\/\/www.correiobraziliense.com.br\/aqui\/2026\/04\/29\/injuria-calunia-e-difamacao-entenda-a-diferenca-entre-os-crimes\/#breadcrumb","itemListElement":[{"@type":"ListItem","position":1,"name":"In\u00edcio","item":"https:\/\/www.correiobraziliense.com.br\/aqui\/"},{"@type":"ListItem","position":2,"name":"Inj\u00faria, cal\u00fania e difama\u00e7\u00e3o: entenda a diferen\u00e7a entre os crimes"}]},{"@type":"WebSite","@id":"https:\/\/www.correiobraziliense.com.br\/aqui\/#website","url":"https:\/\/www.correiobraziliense.com.br\/aqui\/","name":"Correio Braziliense - Aqui","description":"O Correio Braziliense (CB) \u00e9 o mais importante canal de not\u00edcias de Bras\u00edlia. Aqui voc\u00ea encontra as \u00faltimas not\u00edcias do DF, do Brasil e do mundo.","potentialAction":[{"@type":"SearchAction","target":{"@type":"EntryPoint","urlTemplate":"https:\/\/www.correiobraziliense.com.br\/aqui\/?s={search_term_string}"},"query-input":{"@type":"PropertyValueSpecification","valueRequired":true,"valueName":"search_term_string"}}],"inLanguage":"pt-BR"},{"@type":"Person","@id":"https:\/\/www.correiobraziliense.com.br\/aqui\/#\/schema\/person\/775f50a8c1ac31704d56816e99b29041","name":"Larissa","image":{"@type":"ImageObject","inLanguage":"pt-BR","@id":"https:\/\/www.correiobraziliense.com.br\/aqui\/#\/schema\/person\/image\/","url":"https:\/\/secure.gravatar.com\/avatar\/62f5b2e99de671d075ab98e19f03c3c38c80a93f5d06f51075cf4431a4e76458?s=96&d=mm&r=g","contentUrl":"https:\/\/secure.gravatar.com\/avatar\/62f5b2e99de671d075ab98e19f03c3c38c80a93f5d06f51075cf4431a4e76458?s=96&d=mm&r=g","caption":"Larissa"},"url":"https:\/\/www.correiobraziliense.com.br\/aqui\/author\/larissaaqui\/"}]}},"_links":{"self":[{"href":"https:\/\/www.correiobraziliense.com.br\/aqui\/wp-json\/wp\/v2\/posts\/28320","targetHints":{"allow":["GET"]}}],"collection":[{"href":"https:\/\/www.correiobraziliense.com.br\/aqui\/wp-json\/wp\/v2\/posts"}],"about":[{"href":"https:\/\/www.correiobraziliense.com.br\/aqui\/wp-json\/wp\/v2\/types\/post"}],"author":[{"embeddable":true,"href":"https:\/\/www.correiobraziliense.com.br\/aqui\/wp-json\/wp\/v2\/users\/10"}],"replies":[{"embeddable":true,"href":"https:\/\/www.correiobraziliense.com.br\/aqui\/wp-json\/wp\/v2\/comments?post=28320"}],"version-history":[{"count":2,"href":"https:\/\/www.correiobraziliense.com.br\/aqui\/wp-json\/wp\/v2\/posts\/28320\/revisions"}],"predecessor-version":[{"id":28322,"href":"https:\/\/www.correiobraziliense.com.br\/aqui\/wp-json\/wp\/v2\/posts\/28320\/revisions\/28322"}],"wp:featuredmedia":[{"embeddable":true,"href":"https:\/\/www.correiobraziliense.com.br\/aqui\/wp-json\/wp\/v2\/media\/28323"}],"wp:attachment":[{"href":"https:\/\/www.correiobraziliense.com.br\/aqui\/wp-json\/wp\/v2\/media?parent=28320"}],"wp:term":[{"taxonomy":"category","embeddable":true,"href":"https:\/\/www.correiobraziliense.com.br\/aqui\/wp-json\/wp\/v2\/categories?post=28320"},{"taxonomy":"post_tag","embeddable":true,"href":"https:\/\/www.correiobraziliense.com.br\/aqui\/wp-json\/wp\/v2\/tags?post=28320"}],"curies":[{"name":"wp","href":"https:\/\/api.w.org\/{rel}","templated":true}]}}