{"id":28342,"date":"2026-04-29T15:47:00","date_gmt":"2026-04-29T18:47:00","guid":{"rendered":"https:\/\/www.correiobraziliense.com.br\/aqui\/?p=28342"},"modified":"2026-04-29T15:31:18","modified_gmt":"2026-04-29T18:31:18","slug":"5-caldos-e-sopas-proteicas-de-baixa-caloria-para-os-dias-frios","status":"publish","type":"post","link":"https:\/\/www.correiobraziliense.com.br\/aqui\/2026\/04\/29\/5-caldos-e-sopas-proteicas-de-baixa-caloria-para-os-dias-frios\/","title":{"rendered":"5 caldos e sopas proteicas de baixa caloria para os dias frios"},"content":{"rendered":"\n<p>Com a chegada do frio, aumenta a vontade de comer algo quente e reconfortante. Manter a dieta nesse cen\u00e1rio pode parecer um desafio, mas caldos e sopas proteicas surgem como uma solu\u00e7\u00e3o ideal para aquecer o corpo sem comprometer os resultados. Essas receitas combinam ingredientes nutritivos, promovem saciedade e mant\u00eam as calorias sob controle.<\/p>\n\n\n\n<p>O segredo est\u00e1 na escolha de bases magras e na inclus\u00e3o de legumes e fontes de prote\u00edna, como frango, lentilha ou peixe. Al\u00e9m de fortalecerem os <a target=\"_blank\" rel=\"noreferrer noopener\" href=\"https:\/\/www.correiobraziliense.com.br\/revista-do-correio\/2025\/08\/7218189-5-sopas-ricas-em-proteinas-para-manter-a-massa-muscular-no-inverno.html\">m\u00fasculos<\/a>, as <a target=\"_blank\" rel=\"noreferrer noopener\" href=\"https:\/\/www.correiobraziliense.com.br\/revista-do-correio\/2025\/06\/7164129-8-sopas-ricas-em-proteinas-para-manter-a-dieta-em-dias-frios.html\">prote\u00ednas<\/a> ajudam a controlar o apetite, evitando exageros nas refei\u00e7\u00f5es seguintes. Com preparos simples, \u00e9 poss\u00edvel criar pratos saborosos e funcionais para o jantar ou almo\u00e7o.<\/p>\n\n\n\n<h2 class=\"wp-block-heading\">Confira 5 receitas de caldos e sopas baixa caloria<\/h2>\n\n\n\n<p><strong>1. Sopa cremosa de frango com legumes<\/strong><br>Uma op\u00e7\u00e3o cl\u00e1ssica e que nunca decepciona. A base \u00e9 feita com peito de <a target=\"_blank\" rel=\"noreferrer noopener\" href=\"https:\/\/www.correiobraziliense.com.br\/revista-do-correio\/2025\/09\/7243785-5-receitas-de-sopas-caldos-e-cremes-com-frango-para-o-almoco.html\">frango<\/a> cozido e desfiado, aproveitando o caldo do cozimento para um sabor mais intenso. Adicione legumes picados como cenoura, abobrinha e chuchu. Para um toque de cremosidade sem pesar, um pouco de iogurte natural ou biomassa de banana verde pode ser adicionado ao final. \u00c9 uma fonte de prote\u00edna magra que sacia com poucas calorias.<\/p>\n\n\n\n<p><strong>2. Caldo de lentilha com especiarias<\/strong><br>A lentilha \u00e9 uma leguminosa poderosa, rica em fibras e <a target=\"_blank\" rel=\"noreferrer noopener\" href=\"https:\/\/www.correiobraziliense.com.br\/revista-do-correio\/2025\/06\/7168641-5-sopas-ricas-em-proteina-vegetal-para-o-almoco.html\">prote\u00ednas vegetais<\/a>. Refogue cebola e alho com temperos como cominho e p\u00e1prica defumada antes de adicionar a lentilha cozida. Esse caldo \u00e9 uma \u00f3tima alternativa vegana, al\u00e9m de ser denso em nutrientes e promover uma digest\u00e3o saud\u00e1vel. As especiarias ajudam a aquecer o corpo e podem dar um impulso ao metabolismo.<\/p>\n\n\n\n<p><strong>3. Creme de couve-flor low carb<\/strong><br>Ideal para quem segue uma dieta com restri\u00e7\u00e3o de carboidratos, como a cetog\u00eanica. A couve-flor, quando cozida e batida no liquidificador, cria uma base aveludada que substitui a batata. Tempere com noz-moscada e pimenta-do-reino. Para enriquecer o prato, finalize com peda\u00e7os de frango desfiado ou ovos cozidos picados para aumentar o teor proteico. O bacon em cubos \u00e9 uma op\u00e7\u00e3o, mas eleva significativamente o valor cal\u00f3rico e de gordura do prato.<\/p>\n\n\n\n<p><strong>4. Caldo de peixe com piment\u00e3o<\/strong><br>Leve e de f\u00e1cil digest\u00e3o, este caldo utiliza fil\u00e9s de peixe branco, como til\u00e1pia ou merluza. Cozinhe os peda\u00e7os de peixe em um refogado de tomate, cebola e piment\u00f5es coloridos. O resultado \u00e9 um prato rico em \u00f4mega 3, vitaminas e com pouca gordura. \u00c9 uma forma diferente e deliciosa de consumir pescado durante os dias mais frios do ano.<\/p>\n\n\n\n<p><strong>5. Sopa de m\u00fasculo com mandioquinha<\/strong><br>Um prato que une sabor de comida caseira com nutri\u00e7\u00e3o. O m\u00fasculo bovino, cozido lentamente na press\u00e3o, fica macio e fornece col\u00e1geno e prote\u00edna de alta qualidade. A mandioquinha (ou batata-baroa) entra em pequena quantidade para dar uma leve cremosidade e energia de forma equilibrada, mantendo o prato nutritivo e com o valor cal\u00f3rico controlado.<\/p>\n","protected":false},"excerpt":{"rendered":"<p>Caldos e sopas deliciosos para aquecer no frio sem sair da dieta; veja receitas com frango, lentilha e at\u00e9 uma vers\u00e3o low carb cremosa.<\/p>\n","protected":false},"author":8,"featured_media":28343,"comment_status":"open","ping_status":"open","sticky":false,"template":"","format":"standard","meta":{"jnews-multi-image_gallery":[],"jnews_single_post":{"format":"standard"},"jnews_primary_category":[],"jnews_social_meta":[],"jnews_override_counter":[],"footnotes":""},"categories":[121],"tags":[8933,8931,8927,8928,8932,119,8934,8930,8929],"class_list":["post-28342","post","type-post","status-publish","format-standard","has-post-thumbnail","hentry","category-gastronomia","tag-caldo-de-lentilha-com-especiarias","tag-caldo-de-peixe-com-pimentao","tag-caldos-e-sopas","tag-caldos-proteicos","tag-creme-de-couve-flor-low-carb","tag-gastronomia","tag-sopa-cremosa-de-frango-com-legumes","tag-sopa-de-musculo-com-mandioquinha","tag-sopas-proteicas"],"yoast_head":"<!-- This site is optimized with the Yoast SEO plugin v25.1 - https:\/\/yoast.com\/wordpress\/plugins\/seo\/ -->\n<title>5 caldos e sopas proteicas de baixa caloria para os dias frios - Correio Braziliense - Aqui<\/title>\n<meta name=\"description\" content=\"Caldos e sopas deliciosos para aquecer no frio sem sair da dieta; veja receitas com frango, lentilha e at\u00e9 uma vers\u00e3o low carb cremosa.\" \/>\n<meta name=\"robots\" content=\"index, follow, max-snippet:-1, max-image-preview:large, max-video-preview:-1\" \/>\n<link rel=\"canonical\" href=\"https:\/\/www.correiobraziliense.com.br\/aqui\/2026\/04\/29\/5-caldos-e-sopas-proteicas-de-baixa-caloria-para-os-dias-frios\/\" \/>\n<meta property=\"og:locale\" content=\"pt_BR\" \/>\n<meta property=\"og:type\" content=\"article\" \/>\n<meta property=\"og:title\" content=\"5 caldos e sopas proteicas de baixa caloria para os dias frios - Correio Braziliense - Aqui\" \/>\n<meta property=\"og:description\" content=\"Caldos e sopas deliciosos para aquecer no frio sem sair da dieta; veja receitas com frango, lentilha e at\u00e9 uma vers\u00e3o low carb cremosa.\" \/>\n<meta property=\"og:url\" content=\"https:\/\/www.correiobraziliense.com.br\/aqui\/2026\/04\/29\/5-caldos-e-sopas-proteicas-de-baixa-caloria-para-os-dias-frios\/\" \/>\n<meta property=\"og:site_name\" content=\"Correio Braziliense - Aqui\" \/>\n<meta property=\"article:published_time\" content=\"2026-04-29T18:47:00+00:00\" \/>\n<meta property=\"og:image\" content=\"https:\/\/www.correiobraziliense.com.br\/aqui\/wp-content\/uploads\/2026\/04\/sopa-de-frango_1777487296007.jpg\" \/>\n\t<meta property=\"og:image:width\" content=\"1280\" \/>\n\t<meta property=\"og:image:height\" content=\"720\" \/>\n\t<meta property=\"og:image:type\" content=\"image\/jpeg\" \/>\n<meta name=\"author\" content=\"Lara\" \/>\n<meta name=\"twitter:card\" content=\"summary_large_image\" \/>\n<meta name=\"twitter:label1\" content=\"Escrito por\" \/>\n\t<meta name=\"twitter:data1\" content=\"Lara\" \/>\n\t<meta name=\"twitter:label2\" content=\"Est. tempo de leitura\" \/>\n\t<meta name=\"twitter:data2\" content=\"3 minutos\" \/>\n<!-- \/ Yoast SEO plugin. -->","yoast_head_json":{"title":"5 caldos e sopas proteicas de baixa caloria para os dias frios - Correio Braziliense - Aqui","description":"Caldos e sopas deliciosos para aquecer no frio sem sair da dieta; veja receitas com frango, lentilha e at\u00e9 uma vers\u00e3o low carb cremosa.","robots":{"index":"index","follow":"follow","max-snippet":"max-snippet:-1","max-image-preview":"max-image-preview:large","max-video-preview":"max-video-preview:-1"},"canonical":"https:\/\/www.correiobraziliense.com.br\/aqui\/2026\/04\/29\/5-caldos-e-sopas-proteicas-de-baixa-caloria-para-os-dias-frios\/","og_locale":"pt_BR","og_type":"article","og_title":"5 caldos e sopas proteicas de baixa caloria para os dias frios - Correio Braziliense - Aqui","og_description":"Caldos e sopas deliciosos para aquecer no frio sem sair da dieta; veja receitas com frango, lentilha e at\u00e9 uma vers\u00e3o low carb cremosa.","og_url":"https:\/\/www.correiobraziliense.com.br\/aqui\/2026\/04\/29\/5-caldos-e-sopas-proteicas-de-baixa-caloria-para-os-dias-frios\/","og_site_name":"Correio Braziliense - Aqui","article_published_time":"2026-04-29T18:47:00+00:00","og_image":[{"width":1280,"height":720,"url":"https:\/\/www.correiobraziliense.com.br\/aqui\/wp-content\/uploads\/2026\/04\/sopa-de-frango_1777487296007.jpg","type":"image\/jpeg"}],"author":"Lara","twitter_card":"summary_large_image","twitter_misc":{"Escrito por":"Lara","Est. tempo de leitura":"3 minutos"},"schema":{"@context":"https:\/\/schema.org","@graph":[{"@type":"WebPage","@id":"https:\/\/www.correiobraziliense.com.br\/aqui\/2026\/04\/29\/5-caldos-e-sopas-proteicas-de-baixa-caloria-para-os-dias-frios\/","url":"https:\/\/www.correiobraziliense.com.br\/aqui\/2026\/04\/29\/5-caldos-e-sopas-proteicas-de-baixa-caloria-para-os-dias-frios\/","name":"5 caldos e sopas proteicas de baixa caloria para os dias frios - Correio Braziliense - Aqui","isPartOf":{"@id":"https:\/\/www.correiobraziliense.com.br\/aqui\/#website"},"primaryImageOfPage":{"@id":"https:\/\/www.correiobraziliense.com.br\/aqui\/2026\/04\/29\/5-caldos-e-sopas-proteicas-de-baixa-caloria-para-os-dias-frios\/#primaryimage"},"image":{"@id":"https:\/\/www.correiobraziliense.com.br\/aqui\/2026\/04\/29\/5-caldos-e-sopas-proteicas-de-baixa-caloria-para-os-dias-frios\/#primaryimage"},"thumbnailUrl":"https:\/\/www.correiobraziliense.com.br\/aqui\/wp-content\/uploads\/2026\/04\/sopa-de-frango_1777487296007.jpg","datePublished":"2026-04-29T18:47:00+00:00","author":{"@id":"https:\/\/www.correiobraziliense.com.br\/aqui\/#\/schema\/person\/5d6e4d99fecc86ab1a7ed1a0369afb65"},"description":"Caldos e sopas deliciosos para aquecer no frio sem sair da dieta; veja receitas com frango, lentilha e at\u00e9 uma vers\u00e3o low carb cremosa.","breadcrumb":{"@id":"https:\/\/www.correiobraziliense.com.br\/aqui\/2026\/04\/29\/5-caldos-e-sopas-proteicas-de-baixa-caloria-para-os-dias-frios\/#breadcrumb"},"inLanguage":"pt-BR","potentialAction":[{"@type":"ReadAction","target":["https:\/\/www.correiobraziliense.com.br\/aqui\/2026\/04\/29\/5-caldos-e-sopas-proteicas-de-baixa-caloria-para-os-dias-frios\/"]}]},{"@type":"ImageObject","inLanguage":"pt-BR","@id":"https:\/\/www.correiobraziliense.com.br\/aqui\/2026\/04\/29\/5-caldos-e-sopas-proteicas-de-baixa-caloria-para-os-dias-frios\/#primaryimage","url":"https:\/\/www.correiobraziliense.com.br\/aqui\/wp-content\/uploads\/2026\/04\/sopa-de-frango_1777487296007.jpg","contentUrl":"https:\/\/www.correiobraziliense.com.br\/aqui\/wp-content\/uploads\/2026\/04\/sopa-de-frango_1777487296007.jpg","width":1280,"height":720,"caption":"Cr\u00e9ditos: depositphotos.com \/ Katyjay"},{"@type":"BreadcrumbList","@id":"https:\/\/www.correiobraziliense.com.br\/aqui\/2026\/04\/29\/5-caldos-e-sopas-proteicas-de-baixa-caloria-para-os-dias-frios\/#breadcrumb","itemListElement":[{"@type":"ListItem","position":1,"name":"In\u00edcio","item":"https:\/\/www.correiobraziliense.com.br\/aqui\/"},{"@type":"ListItem","position":2,"name":"5 caldos e sopas proteicas de baixa caloria para os dias frios"}]},{"@type":"WebSite","@id":"https:\/\/www.correiobraziliense.com.br\/aqui\/#website","url":"https:\/\/www.correiobraziliense.com.br\/aqui\/","name":"Correio Braziliense - Aqui","description":"O Correio Braziliense (CB) \u00e9 o mais importante canal de not\u00edcias de Bras\u00edlia. Aqui voc\u00ea encontra as \u00faltimas not\u00edcias do DF, do Brasil e do mundo.","potentialAction":[{"@type":"SearchAction","target":{"@type":"EntryPoint","urlTemplate":"https:\/\/www.correiobraziliense.com.br\/aqui\/?s={search_term_string}"},"query-input":{"@type":"PropertyValueSpecification","valueRequired":true,"valueName":"search_term_string"}}],"inLanguage":"pt-BR"},{"@type":"Person","@id":"https:\/\/www.correiobraziliense.com.br\/aqui\/#\/schema\/person\/5d6e4d99fecc86ab1a7ed1a0369afb65","name":"Lara","image":{"@type":"ImageObject","inLanguage":"pt-BR","@id":"https:\/\/www.correiobraziliense.com.br\/aqui\/#\/schema\/person\/image\/","url":"https:\/\/secure.gravatar.com\/avatar\/57056c5c343a6d8a6669688d3d2c04916d9d280b352b6e50e66a8d39b2517e00?s=96&d=mm&r=g","contentUrl":"https:\/\/secure.gravatar.com\/avatar\/57056c5c343a6d8a6669688d3d2c04916d9d280b352b6e50e66a8d39b2517e00?s=96&d=mm&r=g","caption":"Lara"},"url":"https:\/\/www.correiobraziliense.com.br\/aqui\/author\/laraaqui\/"}]}},"_links":{"self":[{"href":"https:\/\/www.correiobraziliense.com.br\/aqui\/wp-json\/wp\/v2\/posts\/28342","targetHints":{"allow":["GET"]}}],"collection":[{"href":"https:\/\/www.correiobraziliense.com.br\/aqui\/wp-json\/wp\/v2\/posts"}],"about":[{"href":"https:\/\/www.correiobraziliense.com.br\/aqui\/wp-json\/wp\/v2\/types\/post"}],"author":[{"embeddable":true,"href":"https:\/\/www.correiobraziliense.com.br\/aqui\/wp-json\/wp\/v2\/users\/8"}],"replies":[{"embeddable":true,"href":"https:\/\/www.correiobraziliense.com.br\/aqui\/wp-json\/wp\/v2\/comments?post=28342"}],"version-history":[{"count":1,"href":"https:\/\/www.correiobraziliense.com.br\/aqui\/wp-json\/wp\/v2\/posts\/28342\/revisions"}],"predecessor-version":[{"id":28344,"href":"https:\/\/www.correiobraziliense.com.br\/aqui\/wp-json\/wp\/v2\/posts\/28342\/revisions\/28344"}],"wp:featuredmedia":[{"embeddable":true,"href":"https:\/\/www.correiobraziliense.com.br\/aqui\/wp-json\/wp\/v2\/media\/28343"}],"wp:attachment":[{"href":"https:\/\/www.correiobraziliense.com.br\/aqui\/wp-json\/wp\/v2\/media?parent=28342"}],"wp:term":[{"taxonomy":"category","embeddable":true,"href":"https:\/\/www.correiobraziliense.com.br\/aqui\/wp-json\/wp\/v2\/categories?post=28342"},{"taxonomy":"post_tag","embeddable":true,"href":"https:\/\/www.correiobraziliense.com.br\/aqui\/wp-json\/wp\/v2\/tags?post=28342"}],"curies":[{"name":"wp","href":"https:\/\/api.w.org\/{rel}","templated":true}]}}