{"id":28361,"date":"2026-04-29T18:25:00","date_gmt":"2026-04-29T21:25:00","guid":{"rendered":"https:\/\/www.correiobraziliense.com.br\/aqui\/?p=28361"},"modified":"2026-04-29T15:58:51","modified_gmt":"2026-04-29T18:58:51","slug":"nome-sujo-caduca-em-5-anos-entenda-o-que-diz-a-lei-sobre-o-devedor","status":"publish","type":"post","link":"https:\/\/www.correiobraziliense.com.br\/aqui\/2026\/04\/29\/nome-sujo-caduca-em-5-anos-entenda-o-que-diz-a-lei-sobre-o-devedor\/","title":{"rendered":"Nome sujo caduca em 5 anos? Entenda o que diz a lei sobre o devedor"},"content":{"rendered":"\n<p>Uma d\u00favida comum entre os brasileiros endividados \u00e9 sobre o que acontece com o \u201cnome sujo\u201d ap\u00f3s cinco anos. A resposta \u00e9 direta: sim, ap\u00f3s esse per\u00edodo, a restri\u00e7\u00e3o deve ser retirada dos cadastros de prote\u00e7\u00e3o ao cr\u00e9dito, como Serasa e SPC Brasil. Isso significa que seu CPF volta a ficar \u201climpo\u201d para o mercado.<\/p>\n\n\n\n<p>Com o nome limpo, o consumidor recupera o <a target=\"_blank\" rel=\"noreferrer noopener\" href=\"https:\/\/www.correiobraziliense.com.br\/economia\/2025\/07\/7193695-ultimos-days-para-renegociar-dividas-com-ate-97-de-desconto.html\">acesso a cr\u00e9dito, como cart\u00f5es, empr\u00e9stimos e financiamentos<\/a>. Contudo, \u00e9 fundamental entender que a d\u00edvida n\u00e3o deixa de existir. A empresa credora ainda pode realizar a cobran\u00e7a de forma amig\u00e1vel, por meio de telefonemas, e-mails ou cartas.<\/p>\n\n\n\n<p>O que muda \u00e9 a forma como essa cobran\u00e7a pode ser feita. A principal consequ\u00eancia do prazo de cinco anos \u00e9 que o <a target=\"_blank\" rel=\"noreferrer noopener\" href=\"https:\/\/www.correiobraziliense.com.br\/direito-e-justica\/2025\/06\/7177654-cobranca-de-divida-prescrita-nao-e-negociacao-e-violacao-de-direitos.html\">d\u00e9bito prescreve<\/a>, impedindo que a empresa recorra \u00e0 Justi\u00e7a para exigir o pagamento.<\/p>\n\n\n\n<h2 class=\"wp-block-heading\">Qual a diferen\u00e7a entre d\u00edvida caduca e d\u00edvida prescrita?<\/h2>\n\n\n\n<p>Embora os termos sejam usados como sin\u00f4nimos, eles representam conceitos diferentes. Entender essa distin\u00e7\u00e3o \u00e9 essencial para saber quais s\u00e3o seus <a target=\"_blank\" rel=\"noreferrer noopener\" href=\"https:\/\/www.correiobraziliense.com.br\/cidades-df\/2025\/06\/7175943-direito-do-consumidor-cidadaos-podem-contestar-consultas-indevidas-ao-cpf.html\">direitos e deveres<\/a>. Ambos os prazos, na maioria dos casos, s\u00e3o de cinco anos.<\/p>\n\n\n\n<p>A caducidade da d\u00edvida se refere exclusivamente \u00e0 remo\u00e7\u00e3o do nome do devedor dos bir\u00f4s de cr\u00e9dito. O prazo de cinco anos come\u00e7a a contar a partir da data de vencimento da conta n\u00e3o paga, e n\u00e3o da data de inclus\u00e3o no cadastro. Ap\u00f3s esse tempo, o CPF do consumidor n\u00e3o pode mais constar como negativado por aquela pend\u00eancia.<\/p>\n\n\n\n<p>J\u00e1 a prescri\u00e7\u00e3o \u00e9 um conceito jur\u00eddico. Ap\u00f3s cinco anos, o credor perde o direito de cobrar a d\u00edvida na Justi\u00e7a. Ou seja, ele n\u00e3o pode mais abrir um processo judicial para exigir o pagamento. A cobran\u00e7a extrajudicial, no entanto, ainda \u00e9 permitida, desde que n\u00e3o seja abusiva.<\/p>\n\n\n\n<h2 class=\"wp-block-heading\">Nome sujo: quais s\u00e3o os direitos do devedor?<\/h2>\n\n\n\n<p>Saber o que a lei determina ajuda a se proteger de pr\u00e1ticas indevidas. Mesmo com uma pend\u00eancia financeira, o consumidor tem direitos garantidos. Confira os principais pontos relacionados a d\u00edvidas com mais de cinco anos:<\/p>\n\n\n\n<ul class=\"wp-block-list\">\n<li><strong>Retirada do nome:<\/strong> Seu CPF deve ser removido dos cadastros negativos automaticamente ap\u00f3s cinco anos. Se isso n\u00e3o ocorrer, ou em caso de negativa\u00e7\u00e3o indevida, voc\u00ea tem o direito de solicitar a exclus\u00e3o e contestar a cobran\u00e7a.<\/li>\n\n\n\n<li><strong>Fim da cobran\u00e7a judicial:<\/strong> A empresa n\u00e3o pode mais process\u00e1-lo para reaver o valor ap\u00f3s a prescri\u00e7\u00e3o do d\u00e9bito.<\/li>\n\n\n\n<li><strong>Cobran\u00e7a sem constrangimento:<\/strong> Voc\u00ea n\u00e3o pode ser amea\u00e7ado, coagido ou exposto a situa\u00e7\u00f5es vexat\u00f3rias durante as tentativas de cobran\u00e7a extrajudicial.<\/li>\n\n\n\n<li><strong>Hist\u00f3rico interno:<\/strong> Mesmo com o nome limpo, a institui\u00e7\u00e3o financeira onde a d\u00edvida foi originada mant\u00e9m o registro. Isso pode dificultar a obten\u00e7\u00e3o de novos produtos financeiros nessa mesma empresa.<\/li>\n<\/ul>\n","protected":false},"excerpt":{"rendered":"<p>Nome sujo: descubra o que acontece com uma d\u00edvida ap\u00f3s esse per\u00edodo, a diferen\u00e7a entre prescri\u00e7\u00e3o e caducidade e quais s\u00e3o os seus direitos.<\/p>\n","protected":false},"author":8,"featured_media":28362,"comment_status":"open","ping_status":"open","sticky":false,"template":"","format":"standard","meta":{"jnews-multi-image_gallery":[],"jnews_single_post":{"format":"standard"},"jnews_primary_category":[],"jnews_social_meta":[],"jnews_override_counter":[],"footnotes":""},"categories":[154],"tags":[157,7401,8958,8733,8957,8959,8960],"class_list":["post-28361","post","type-post","status-publish","format-standard","has-post-thumbnail","hentry","category-brasil","tag-brasil","tag-cpf","tag-lei-do-devedor","tag-nome-sujo","tag-nome-sujo-caduca","tag-serasa","tag-spc-brasil"],"yoast_head":"<!-- This site is optimized with the Yoast SEO plugin v25.1 - https:\/\/yoast.com\/wordpress\/plugins\/seo\/ -->\n<title>Nome sujo caduca em 5 anos? Entenda o que diz a lei sobre o devedor - Correio Braziliense - Aqui<\/title>\n<meta name=\"description\" content=\"Nome sujo: descubra o que acontece com uma d\u00edvida ap\u00f3s esse per\u00edodo, a diferen\u00e7a entre prescri\u00e7\u00e3o e caducidade e quais s\u00e3o os seus direitos.\" \/>\n<meta name=\"robots\" content=\"index, follow, max-snippet:-1, max-image-preview:large, max-video-preview:-1\" \/>\n<link rel=\"canonical\" href=\"https:\/\/www.correiobraziliense.com.br\/aqui\/2026\/04\/29\/nome-sujo-caduca-em-5-anos-entenda-o-que-diz-a-lei-sobre-o-devedor\/\" \/>\n<meta property=\"og:locale\" content=\"pt_BR\" \/>\n<meta property=\"og:type\" content=\"article\" \/>\n<meta property=\"og:title\" content=\"Nome sujo caduca em 5 anos? Entenda o que diz a lei sobre o devedor - Correio Braziliense - Aqui\" \/>\n<meta property=\"og:description\" content=\"Nome sujo: descubra o que acontece com uma d\u00edvida ap\u00f3s esse per\u00edodo, a diferen\u00e7a entre prescri\u00e7\u00e3o e caducidade e quais s\u00e3o os seus direitos.\" \/>\n<meta property=\"og:url\" content=\"https:\/\/www.correiobraziliense.com.br\/aqui\/2026\/04\/29\/nome-sujo-caduca-em-5-anos-entenda-o-que-diz-a-lei-sobre-o-devedor\/\" \/>\n<meta property=\"og:site_name\" content=\"Correio Braziliense - Aqui\" \/>\n<meta property=\"article:published_time\" content=\"2026-04-29T21:25:00+00:00\" \/>\n<meta property=\"og:image\" content=\"https:\/\/www.correiobraziliense.com.br\/aqui\/wp-content\/uploads\/2026\/04\/nome-sujo_1777488972147.jpg\" \/>\n\t<meta property=\"og:image:width\" content=\"1280\" \/>\n\t<meta property=\"og:image:height\" content=\"720\" \/>\n\t<meta property=\"og:image:type\" content=\"image\/jpeg\" \/>\n<meta name=\"author\" content=\"Lara\" \/>\n<meta name=\"twitter:card\" content=\"summary_large_image\" \/>\n<meta name=\"twitter:label1\" content=\"Escrito por\" \/>\n\t<meta name=\"twitter:data1\" content=\"Lara\" \/>\n\t<meta name=\"twitter:label2\" content=\"Est. tempo de leitura\" \/>\n\t<meta name=\"twitter:data2\" content=\"3 minutos\" \/>\n<!-- \/ Yoast SEO plugin. -->","yoast_head_json":{"title":"Nome sujo caduca em 5 anos? Entenda o que diz a lei sobre o devedor - Correio Braziliense - Aqui","description":"Nome sujo: descubra o que acontece com uma d\u00edvida ap\u00f3s esse per\u00edodo, a diferen\u00e7a entre prescri\u00e7\u00e3o e caducidade e quais s\u00e3o os seus direitos.","robots":{"index":"index","follow":"follow","max-snippet":"max-snippet:-1","max-image-preview":"max-image-preview:large","max-video-preview":"max-video-preview:-1"},"canonical":"https:\/\/www.correiobraziliense.com.br\/aqui\/2026\/04\/29\/nome-sujo-caduca-em-5-anos-entenda-o-que-diz-a-lei-sobre-o-devedor\/","og_locale":"pt_BR","og_type":"article","og_title":"Nome sujo caduca em 5 anos? Entenda o que diz a lei sobre o devedor - Correio Braziliense - Aqui","og_description":"Nome sujo: descubra o que acontece com uma d\u00edvida ap\u00f3s esse per\u00edodo, a diferen\u00e7a entre prescri\u00e7\u00e3o e caducidade e quais s\u00e3o os seus direitos.","og_url":"https:\/\/www.correiobraziliense.com.br\/aqui\/2026\/04\/29\/nome-sujo-caduca-em-5-anos-entenda-o-que-diz-a-lei-sobre-o-devedor\/","og_site_name":"Correio Braziliense - Aqui","article_published_time":"2026-04-29T21:25:00+00:00","og_image":[{"width":1280,"height":720,"url":"https:\/\/www.correiobraziliense.com.br\/aqui\/wp-content\/uploads\/2026\/04\/nome-sujo_1777488972147.jpg","type":"image\/jpeg"}],"author":"Lara","twitter_card":"summary_large_image","twitter_misc":{"Escrito por":"Lara","Est. tempo de leitura":"3 minutos"},"schema":{"@context":"https:\/\/schema.org","@graph":[{"@type":"WebPage","@id":"https:\/\/www.correiobraziliense.com.br\/aqui\/2026\/04\/29\/nome-sujo-caduca-em-5-anos-entenda-o-que-diz-a-lei-sobre-o-devedor\/","url":"https:\/\/www.correiobraziliense.com.br\/aqui\/2026\/04\/29\/nome-sujo-caduca-em-5-anos-entenda-o-que-diz-a-lei-sobre-o-devedor\/","name":"Nome sujo caduca em 5 anos? Entenda o que diz a lei sobre o devedor - Correio Braziliense - Aqui","isPartOf":{"@id":"https:\/\/www.correiobraziliense.com.br\/aqui\/#website"},"primaryImageOfPage":{"@id":"https:\/\/www.correiobraziliense.com.br\/aqui\/2026\/04\/29\/nome-sujo-caduca-em-5-anos-entenda-o-que-diz-a-lei-sobre-o-devedor\/#primaryimage"},"image":{"@id":"https:\/\/www.correiobraziliense.com.br\/aqui\/2026\/04\/29\/nome-sujo-caduca-em-5-anos-entenda-o-que-diz-a-lei-sobre-o-devedor\/#primaryimage"},"thumbnailUrl":"https:\/\/www.correiobraziliense.com.br\/aqui\/wp-content\/uploads\/2026\/04\/nome-sujo_1777488972147.jpg","datePublished":"2026-04-29T21:25:00+00:00","author":{"@id":"https:\/\/www.correiobraziliense.com.br\/aqui\/#\/schema\/person\/5d6e4d99fecc86ab1a7ed1a0369afb65"},"description":"Nome sujo: descubra o que acontece com uma d\u00edvida ap\u00f3s esse per\u00edodo, a diferen\u00e7a entre prescri\u00e7\u00e3o e caducidade e quais s\u00e3o os seus direitos.","breadcrumb":{"@id":"https:\/\/www.correiobraziliense.com.br\/aqui\/2026\/04\/29\/nome-sujo-caduca-em-5-anos-entenda-o-que-diz-a-lei-sobre-o-devedor\/#breadcrumb"},"inLanguage":"pt-BR","potentialAction":[{"@type":"ReadAction","target":["https:\/\/www.correiobraziliense.com.br\/aqui\/2026\/04\/29\/nome-sujo-caduca-em-5-anos-entenda-o-que-diz-a-lei-sobre-o-devedor\/"]}]},{"@type":"ImageObject","inLanguage":"pt-BR","@id":"https:\/\/www.correiobraziliense.com.br\/aqui\/2026\/04\/29\/nome-sujo-caduca-em-5-anos-entenda-o-que-diz-a-lei-sobre-o-devedor\/#primaryimage","url":"https:\/\/www.correiobraziliense.com.br\/aqui\/wp-content\/uploads\/2026\/04\/nome-sujo_1777488972147.jpg","contentUrl":"https:\/\/www.correiobraziliense.com.br\/aqui\/wp-content\/uploads\/2026\/04\/nome-sujo_1777488972147.jpg","width":1280,"height":720,"caption":"Cr\u00e9ditos: depositphotos.com \/ Mehaniq"},{"@type":"BreadcrumbList","@id":"https:\/\/www.correiobraziliense.com.br\/aqui\/2026\/04\/29\/nome-sujo-caduca-em-5-anos-entenda-o-que-diz-a-lei-sobre-o-devedor\/#breadcrumb","itemListElement":[{"@type":"ListItem","position":1,"name":"In\u00edcio","item":"https:\/\/www.correiobraziliense.com.br\/aqui\/"},{"@type":"ListItem","position":2,"name":"Nome sujo caduca em 5 anos? Entenda o que diz a lei sobre o devedor"}]},{"@type":"WebSite","@id":"https:\/\/www.correiobraziliense.com.br\/aqui\/#website","url":"https:\/\/www.correiobraziliense.com.br\/aqui\/","name":"Correio Braziliense - Aqui","description":"O Correio Braziliense (CB) \u00e9 o mais importante canal de not\u00edcias de Bras\u00edlia. Aqui voc\u00ea encontra as \u00faltimas not\u00edcias do DF, do Brasil e do mundo.","potentialAction":[{"@type":"SearchAction","target":{"@type":"EntryPoint","urlTemplate":"https:\/\/www.correiobraziliense.com.br\/aqui\/?s={search_term_string}"},"query-input":{"@type":"PropertyValueSpecification","valueRequired":true,"valueName":"search_term_string"}}],"inLanguage":"pt-BR"},{"@type":"Person","@id":"https:\/\/www.correiobraziliense.com.br\/aqui\/#\/schema\/person\/5d6e4d99fecc86ab1a7ed1a0369afb65","name":"Lara","image":{"@type":"ImageObject","inLanguage":"pt-BR","@id":"https:\/\/www.correiobraziliense.com.br\/aqui\/#\/schema\/person\/image\/","url":"https:\/\/secure.gravatar.com\/avatar\/57056c5c343a6d8a6669688d3d2c04916d9d280b352b6e50e66a8d39b2517e00?s=96&d=mm&r=g","contentUrl":"https:\/\/secure.gravatar.com\/avatar\/57056c5c343a6d8a6669688d3d2c04916d9d280b352b6e50e66a8d39b2517e00?s=96&d=mm&r=g","caption":"Lara"},"url":"https:\/\/www.correiobraziliense.com.br\/aqui\/author\/laraaqui\/"}]}},"_links":{"self":[{"href":"https:\/\/www.correiobraziliense.com.br\/aqui\/wp-json\/wp\/v2\/posts\/28361","targetHints":{"allow":["GET"]}}],"collection":[{"href":"https:\/\/www.correiobraziliense.com.br\/aqui\/wp-json\/wp\/v2\/posts"}],"about":[{"href":"https:\/\/www.correiobraziliense.com.br\/aqui\/wp-json\/wp\/v2\/types\/post"}],"author":[{"embeddable":true,"href":"https:\/\/www.correiobraziliense.com.br\/aqui\/wp-json\/wp\/v2\/users\/8"}],"replies":[{"embeddable":true,"href":"https:\/\/www.correiobraziliense.com.br\/aqui\/wp-json\/wp\/v2\/comments?post=28361"}],"version-history":[{"count":1,"href":"https:\/\/www.correiobraziliense.com.br\/aqui\/wp-json\/wp\/v2\/posts\/28361\/revisions"}],"predecessor-version":[{"id":28363,"href":"https:\/\/www.correiobraziliense.com.br\/aqui\/wp-json\/wp\/v2\/posts\/28361\/revisions\/28363"}],"wp:featuredmedia":[{"embeddable":true,"href":"https:\/\/www.correiobraziliense.com.br\/aqui\/wp-json\/wp\/v2\/media\/28362"}],"wp:attachment":[{"href":"https:\/\/www.correiobraziliense.com.br\/aqui\/wp-json\/wp\/v2\/media?parent=28361"}],"wp:term":[{"taxonomy":"category","embeddable":true,"href":"https:\/\/www.correiobraziliense.com.br\/aqui\/wp-json\/wp\/v2\/categories?post=28361"},{"taxonomy":"post_tag","embeddable":true,"href":"https:\/\/www.correiobraziliense.com.br\/aqui\/wp-json\/wp\/v2\/tags?post=28361"}],"curies":[{"name":"wp","href":"https:\/\/api.w.org\/{rel}","templated":true}]}}